{"id":9944,"date":"2025-02-13T18:29:40","date_gmt":"2025-02-13T18:29:40","guid":{"rendered":"https:\/\/alcaldiaalbertoadriani.com\/?p=9944"},"modified":"2025-02-13T18:29:44","modified_gmt":"2025-02-13T18:29:44","slug":"lisandro-segura-acompano-tradicional-paradura-del-nino-jesus","status":"publish","type":"post","link":"https:\/\/alcaldiaalbertoadriani.com\/?p=9944","title":{"rendered":"Alcalde Lisandro Segura acompa\u00f1\u00f3 tradicional Paradura del Ni\u00f1o Jes\u00fas en La Blanca"},"content":{"rendered":"\n<p><\/p>\n\n\n\n<p>Con alegr\u00eda y devoci\u00f3n, el alcalde <a href=\"https:\/\/www.instagram.com\/lisandrosegura02\/\" target=\"_blank\" rel=\"noreferrer noopener\">Lisandro Segura<\/a> acompa\u00f1\u00f3 la tradicional <a href=\"https:\/\/alcaldiaalbertoadriani.com\/?p=9921\" target=\"_blank\" rel=\"noreferrer noopener\">Paradura del Ni\u00f1o Jes\u00fas<\/a> de la parroquia eclesi\u00e1stica \u201cSan Jos\u00e9\u201d de La Blanca.\u00a0<\/p>\n\n\n\n<!--more-->\n\n\n\n<p>La actividad se efectu\u00f3 el&nbsp; domingo 02 de febrero, y cont\u00f3 tambi\u00e9n con la presencia de Rodolfo Molina, concejal de la parroquia Rafael Pulido M\u00e9ndez.&nbsp;<\/p>\n\n\n\n<p>El presb\u00edtero Ricardo Quevedo ofici\u00f3 una misa de acci\u00f3n de gracias, y en sus palabras destac\u00f3 los hechos que marcaron la historia de la llegada del Ni\u00f1o Jes\u00fas en un pesebre.&nbsp;&nbsp;<\/p>\n\n\n\n<figure class=\"wp-block-image size-large\"><img loading=\"lazy\" decoding=\"async\" width=\"1024\" height=\"576\" src=\"https:\/\/alcaldiaalbertoadriani.com\/wp-content\/uploads\/2025\/02\/5004036327959801108-1024x576.jpg\" alt=\"\" class=\"wp-image-9946\" srcset=\"https:\/\/alcaldiaalbertoadriani.com\/wp-content\/uploads\/2025\/02\/5004036327959801108-1024x576.jpg 1024w, https:\/\/alcaldiaalbertoadriani.com\/wp-content\/uploads\/2025\/02\/5004036327959801108-980x551.jpg 980w, https:\/\/alcaldiaalbertoadriani.com\/wp-content\/uploads\/2025\/02\/5004036327959801108-480x270.jpg 480w\" sizes=\"auto, (min-width: 0px) and (max-width: 480px) 480px, (min-width: 481px) and (max-width: 980px) 980px, (min-width: 981px) 1024px, 100vw\" \/><\/figure>\n\n\n\n<p>Asimismo, el p\u00e1rroco entreg\u00f3 un obsequio al alcalde de la Virgen del Amor Verdadero &#8220;como expresi\u00f3n y reconocimiento de su trabajo por el pueblo&#8221;. Igualmente, miembros de la Sociedad del Divino Ni\u00f1o Jes\u00fas entregaron un reconocimiento a la autoridad civil.&nbsp;&nbsp;<\/p>\n\n\n\n<p>Acto seguido,&nbsp; con c\u00e1nticos y un pesebre viviente se realiz\u00f3 la procesi\u00f3n del Ni\u00f1o Jes\u00fas por las inmediaciones de la iglesia de La Blanca.&nbsp;&nbsp;<\/p>\n\n\n\n<figure class=\"wp-block-image size-large\"><img loading=\"lazy\" decoding=\"async\" width=\"770\" height=\"1024\" src=\"https:\/\/alcaldiaalbertoadriani.com\/wp-content\/uploads\/2025\/02\/5004036327959801109-770x1024.jpg\" alt=\"\" class=\"wp-image-9947\" srcset=\"https:\/\/alcaldiaalbertoadriani.com\/wp-content\/uploads\/2025\/02\/5004036327959801109-770x1024.jpg 770w, https:\/\/alcaldiaalbertoadriani.com\/wp-content\/uploads\/2025\/02\/5004036327959801109-480x638.jpg 480w\" sizes=\"auto, (min-width: 0px) and (max-width: 480px) 480px, (min-width: 481px) 770px, 100vw\" \/><\/figure>\n\n\n\n<p>La tradicional jornada, concluy\u00f3 con el levantamiento del Ni\u00f1o y un compartir con la comunidad, congregaci\u00f3n e invitados especiales. <strong><em>Prensa Alcald\u00eda Alberto Adriani\/Edgar Mendoza CNP 25.736\/Fotos: cortes\u00eda Brenda Hern\u00e1ndez.<\/em><\/strong><\/p>\n\n\n\n<figure class=\"wp-block-gallery has-nested-images columns-default is-cropped wp-block-gallery-1 is-layout-flex wp-block-gallery-is-layout-flex\">\n<figure class=\"wp-block-image size-large\"><img loading=\"lazy\" decoding=\"async\" width=\"1024\" height=\"576\" data-id=\"9948\" src=\"https:\/\/alcaldiaalbertoadriani.com\/wp-content\/uploads\/2025\/02\/5004036327959801110-1024x576.jpg\" alt=\"\" class=\"wp-image-9948\" srcset=\"https:\/\/alcaldiaalbertoadriani.com\/wp-content\/uploads\/2025\/02\/5004036327959801110-1024x576.jpg 1024w, https:\/\/alcaldiaalbertoadriani.com\/wp-content\/uploads\/2025\/02\/5004036327959801110-980x551.jpg 980w, https:\/\/alcaldiaalbertoadriani.com\/wp-content\/uploads\/2025\/02\/5004036327959801110-480x270.jpg 480w\" sizes=\"auto, (min-width: 0px) and (max-width: 480px) 480px, (min-width: 481px) and (max-width: 980px) 980px, (min-width: 981px) 1024px, 100vw\" \/><\/figure>\n<\/figure>\n","protected":false},"excerpt":{"rendered":"<p>Con alegr\u00eda y devoci\u00f3n, el alcalde Lisandro Segura acompa\u00f1\u00f3 la tradicional Paradura del Ni\u00f1o Jes\u00fas de la parroquia eclesi\u00e1stica \u201cSan Jos\u00e9\u201d de La Blanca.\u00a0<\/p>\n","protected":false},"author":2,"featured_media":9945,"comment_status":"open","ping_status":"closed","sticky":false,"template":"","format":"standard","meta":{"_et_pb_use_builder":"off","_et_pb_old_content":"","_et_gb_content_width":"","footnotes":""},"categories":[341,78,25],"tags":[31,12,15,761,30,29,28],"class_list":["post-9944","post","type-post","status-publish","format-standard","has-post-thumbnail","hentry","category-alcaldia-alberto-adriani","category-cultura","category-nuestro-municipio","tag-alcalde","tag-alcaldiaalbertoadriani","tag-elvigia","tag-encrucijadadeprogreso","tag-lisandrosegura","tag-municipioquenosmerecemos","tag-porelrenacer"],"yoast_head":"<!-- This site is optimized with the Yoast SEO plugin v19.13 - https:\/\/yoast.com\/wordpress\/plugins\/seo\/ -->\n<title>Lisandro Segura acompa\u00f1\u00f3 tradicional Paradura del Ni\u00f1o Jes\u00fas<\/title>\n<meta name=\"description\" content=\"Alcalde Lisandro Segura acompa\u00f1\u00f3 tradicional Paradura del Ni\u00f1o Jes\u00fas en La Blanca de la parroquia eclesi\u00e1stica \u201cSan Jos\u00e9\u201d\" \/>\n<meta name=\"robots\" content=\"index, follow, max-snippet:-1, max-image-preview:large, max-video-preview:-1\" \/>\n<link rel=\"canonical\" href=\"https:\/\/alcaldiaalbertoadriani.com\/?p=9944\" \/>\n<meta property=\"og:locale\" content=\"es_ES\" \/>\n<meta property=\"og:type\" content=\"article\" \/>\n<meta property=\"og:title\" content=\"Lisandro Segura acompa\u00f1\u00f3 tradicional Paradura del Ni\u00f1o Jes\u00fas\" \/>\n<meta property=\"og:description\" content=\"Alcalde Lisandro Segura acompa\u00f1\u00f3 tradicional Paradura del Ni\u00f1o Jes\u00fas en La Blanca de la parroquia eclesi\u00e1stica \u201cSan Jos\u00e9\u201d\" \/>\n<meta property=\"og:url\" content=\"https:\/\/alcaldiaalbertoadriani.com\/?p=9944\" \/>\n<meta property=\"og:site_name\" content=\"Alcaldia Alberto Adriani\" \/>\n<meta property=\"article:published_time\" content=\"2025-02-13T18:29:40+00:00\" \/>\n<meta property=\"article:modified_time\" content=\"2025-02-13T18:29:44+00:00\" \/>\n<meta property=\"og:image\" content=\"https:\/\/alcaldiaalbertoadriani.com\/wp-content\/uploads\/2025\/02\/5004036327959801107.jpg\" \/>\n\t<meta property=\"og:image:width\" content=\"1280\" \/>\n\t<meta property=\"og:image:height\" content=\"963\" \/>\n\t<meta property=\"og:image:type\" content=\"image\/jpeg\" \/>\n<meta name=\"author\" content=\"Prensa\" \/>\n<meta name=\"twitter:card\" content=\"summary_large_image\" \/>\n<meta name=\"twitter:label1\" content=\"Escrito por\" \/>\n\t<meta name=\"twitter:data1\" content=\"Prensa\" \/>\n\t<meta name=\"twitter:label2\" content=\"Tiempo de lectura\" \/>\n\t<meta name=\"twitter:data2\" content=\"2 minutos\" \/>\n<script type=\"application\/ld+json\" class=\"yoast-schema-graph\">{\"@context\":\"https:\/\/schema.org\",\"@graph\":[{\"@type\":\"WebPage\",\"@id\":\"https:\/\/alcaldiaalbertoadriani.com\/?p=9944\",\"url\":\"https:\/\/alcaldiaalbertoadriani.com\/?p=9944\",\"name\":\"Lisandro Segura acompa\u00f1\u00f3 tradicional Paradura del Ni\u00f1o Jes\u00fas\",\"isPartOf\":{\"@id\":\"https:\/\/alcaldiaalbertoadriani.com\/#website\"},\"datePublished\":\"2025-02-13T18:29:40+00:00\",\"dateModified\":\"2025-02-13T18:29:44+00:00\",\"author\":{\"@id\":\"https:\/\/alcaldiaalbertoadriani.com\/#\/schema\/person\/549b4483ff8999ac780deeea78795fc9\"},\"description\":\"Alcalde Lisandro Segura acompa\u00f1\u00f3 tradicional Paradura del Ni\u00f1o Jes\u00fas en La Blanca de la parroquia eclesi\u00e1stica \u201cSan Jos\u00e9\u201d\",\"breadcrumb\":{\"@id\":\"https:\/\/alcaldiaalbertoadriani.com\/?p=9944#breadcrumb\"},\"inLanguage\":\"es\",\"potentialAction\":[{\"@type\":\"ReadAction\",\"target\":[\"https:\/\/alcaldiaalbertoadriani.com\/?p=9944\"]}]},{\"@type\":\"BreadcrumbList\",\"@id\":\"https:\/\/alcaldiaalbertoadriani.com\/?p=9944#breadcrumb\",\"itemListElement\":[{\"@type\":\"ListItem\",\"position\":1,\"name\":\"Portada\",\"item\":\"https:\/\/alcaldiaalbertoadriani.com\/\"},{\"@type\":\"ListItem\",\"position\":2,\"name\":\"Alcalde Lisandro Segura acompa\u00f1\u00f3 tradicional Paradura del Ni\u00f1o Jes\u00fas en La Blanca\"}]},{\"@type\":\"WebSite\",\"@id\":\"https:\/\/alcaldiaalbertoadriani.com\/#website\",\"url\":\"https:\/\/alcaldiaalbertoadriani.com\/\",\"name\":\"Alcaldia Alberto Adriani\",\"description\":\"\",\"potentialAction\":[{\"@type\":\"SearchAction\",\"target\":{\"@type\":\"EntryPoint\",\"urlTemplate\":\"https:\/\/alcaldiaalbertoadriani.com\/?s={search_term_string}\"},\"query-input\":\"required name=search_term_string\"}],\"inLanguage\":\"es\"},{\"@type\":\"Person\",\"@id\":\"https:\/\/alcaldiaalbertoadriani.com\/#\/schema\/person\/549b4483ff8999ac780deeea78795fc9\",\"name\":\"Prensa\",\"image\":{\"@type\":\"ImageObject\",\"inLanguage\":\"es\",\"@id\":\"https:\/\/alcaldiaalbertoadriani.com\/#\/schema\/person\/image\/\",\"url\":\"https:\/\/secure.gravatar.com\/avatar\/ea1cb567ea992a29627f4eee1c2eb185ec16decec6342d508fdf18dedb56c9de?s=96&d=mm&r=g\",\"contentUrl\":\"https:\/\/secure.gravatar.com\/avatar\/ea1cb567ea992a29627f4eee1c2eb185ec16decec6342d508fdf18dedb56c9de?s=96&d=mm&r=g\",\"caption\":\"Prensa\"},\"url\":\"https:\/\/alcaldiaalbertoadriani.com\/?author=2\"}]}<\/script>\n<!-- \/ Yoast SEO plugin. -->","yoast_head_json":{"title":"Lisandro Segura acompa\u00f1\u00f3 tradicional Paradura del Ni\u00f1o Jes\u00fas","description":"Alcalde Lisandro Segura acompa\u00f1\u00f3 tradicional Paradura del Ni\u00f1o Jes\u00fas en La Blanca de la parroquia eclesi\u00e1stica \u201cSan Jos\u00e9\u201d","robots":{"index":"index","follow":"follow","max-snippet":"max-snippet:-1","max-image-preview":"max-image-preview:large","max-video-preview":"max-video-preview:-1"},"canonical":"https:\/\/alcaldiaalbertoadriani.com\/?p=9944","og_locale":"es_ES","og_type":"article","og_title":"Lisandro Segura acompa\u00f1\u00f3 tradicional Paradura del Ni\u00f1o Jes\u00fas","og_description":"Alcalde Lisandro Segura acompa\u00f1\u00f3 tradicional Paradura del Ni\u00f1o Jes\u00fas en La Blanca de la parroquia eclesi\u00e1stica \u201cSan Jos\u00e9\u201d","og_url":"https:\/\/alcaldiaalbertoadriani.com\/?p=9944","og_site_name":"Alcaldia Alberto Adriani","article_published_time":"2025-02-13T18:29:40+00:00","article_modified_time":"2025-02-13T18:29:44+00:00","og_image":[{"width":1280,"height":963,"url":"https:\/\/alcaldiaalbertoadriani.com\/wp-content\/uploads\/2025\/02\/5004036327959801107.jpg","type":"image\/jpeg"}],"author":"Prensa","twitter_card":"summary_large_image","twitter_misc":{"Escrito por":"Prensa","Tiempo de lectura":"2 minutos"},"schema":{"@context":"https:\/\/schema.org","@graph":[{"@type":"WebPage","@id":"https:\/\/alcaldiaalbertoadriani.com\/?p=9944","url":"https:\/\/alcaldiaalbertoadriani.com\/?p=9944","name":"Lisandro Segura acompa\u00f1\u00f3 tradicional Paradura del Ni\u00f1o Jes\u00fas","isPartOf":{"@id":"https:\/\/alcaldiaalbertoadriani.com\/#website"},"datePublished":"2025-02-13T18:29:40+00:00","dateModified":"2025-02-13T18:29:44+00:00","author":{"@id":"https:\/\/alcaldiaalbertoadriani.com\/#\/schema\/person\/549b4483ff8999ac780deeea78795fc9"},"description":"Alcalde Lisandro Segura acompa\u00f1\u00f3 tradicional Paradura del Ni\u00f1o Jes\u00fas en La Blanca de la parroquia eclesi\u00e1stica \u201cSan Jos\u00e9\u201d","breadcrumb":{"@id":"https:\/\/alcaldiaalbertoadriani.com\/?p=9944#breadcrumb"},"inLanguage":"es","potentialAction":[{"@type":"ReadAction","target":["https:\/\/alcaldiaalbertoadriani.com\/?p=9944"]}]},{"@type":"BreadcrumbList","@id":"https:\/\/alcaldiaalbertoadriani.com\/?p=9944#breadcrumb","itemListElement":[{"@type":"ListItem","position":1,"name":"Portada","item":"https:\/\/alcaldiaalbertoadriani.com\/"},{"@type":"ListItem","position":2,"name":"Alcalde Lisandro Segura acompa\u00f1\u00f3 tradicional Paradura del Ni\u00f1o Jes\u00fas en La Blanca"}]},{"@type":"WebSite","@id":"https:\/\/alcaldiaalbertoadriani.com\/#website","url":"https:\/\/alcaldiaalbertoadriani.com\/","name":"Alcaldia Alberto Adriani","description":"","potentialAction":[{"@type":"SearchAction","target":{"@type":"EntryPoint","urlTemplate":"https:\/\/alcaldiaalbertoadriani.com\/?s={search_term_string}"},"query-input":"required name=search_term_string"}],"inLanguage":"es"},{"@type":"Person","@id":"https:\/\/alcaldiaalbertoadriani.com\/#\/schema\/person\/549b4483ff8999ac780deeea78795fc9","name":"Prensa","image":{"@type":"ImageObject","inLanguage":"es","@id":"https:\/\/alcaldiaalbertoadriani.com\/#\/schema\/person\/image\/","url":"https:\/\/secure.gravatar.com\/avatar\/ea1cb567ea992a29627f4eee1c2eb185ec16decec6342d508fdf18dedb56c9de?s=96&d=mm&r=g","contentUrl":"https:\/\/secure.gravatar.com\/avatar\/ea1cb567ea992a29627f4eee1c2eb185ec16decec6342d508fdf18dedb56c9de?s=96&d=mm&r=g","caption":"Prensa"},"url":"https:\/\/alcaldiaalbertoadriani.com\/?author=2"}]}},"_links":{"self":[{"href":"https:\/\/alcaldiaalbertoadriani.com\/index.php?rest_route=\/wp\/v2\/posts\/9944","targetHints":{"allow":["GET"]}}],"collection":[{"href":"https:\/\/alcaldiaalbertoadriani.com\/index.php?rest_route=\/wp\/v2\/posts"}],"about":[{"href":"https:\/\/alcaldiaalbertoadriani.com\/index.php?rest_route=\/wp\/v2\/types\/post"}],"author":[{"embeddable":true,"href":"https:\/\/alcaldiaalbertoadriani.com\/index.php?rest_route=\/wp\/v2\/users\/2"}],"replies":[{"embeddable":true,"href":"https:\/\/alcaldiaalbertoadriani.com\/index.php?rest_route=%2Fwp%2Fv2%2Fcomments&post=9944"}],"version-history":[{"count":1,"href":"https:\/\/alcaldiaalbertoadriani.com\/index.php?rest_route=\/wp\/v2\/posts\/9944\/revisions"}],"predecessor-version":[{"id":9949,"href":"https:\/\/alcaldiaalbertoadriani.com\/index.php?rest_route=\/wp\/v2\/posts\/9944\/revisions\/9949"}],"wp:featuredmedia":[{"embeddable":true,"href":"https:\/\/alcaldiaalbertoadriani.com\/index.php?rest_route=\/wp\/v2\/media\/9945"}],"wp:attachment":[{"href":"https:\/\/alcaldiaalbertoadriani.com\/index.php?rest_route=%2Fwp%2Fv2%2Fmedia&parent=9944"}],"wp:term":[{"taxonomy":"category","embeddable":true,"href":"https:\/\/alcaldiaalbertoadriani.com\/index.php?rest_route=%2Fwp%2Fv2%2Fcategories&post=9944"},{"taxonomy":"post_tag","embeddable":true,"href":"https:\/\/alcaldiaalbertoadriani.com\/index.php?rest_route=%2Fwp%2Fv2%2Ftags&post=9944"}],"curies":[{"name":"wp","href":"https:\/\/api.w.org\/{rel}","templated":true}]}}