{"id":9921,"date":"2025-02-03T19:53:50","date_gmt":"2025-02-03T19:53:50","guid":{"rendered":"https:\/\/alcaldiaalbertoadriani.com\/?p=9921"},"modified":"2025-02-03T19:53:54","modified_gmt":"2025-02-03T19:53:54","slug":"trabajadores-de-la-alcaldia-de-alberto-adriani-celebraron","status":"publish","type":"post","link":"https:\/\/alcaldiaalbertoadriani.com\/?p=9921","title":{"rendered":"Trabajadores de la Alcald\u00eda de Alberto Adriani celebraron la tradicional Paradura del Ni\u00f1o Jes\u00fas"},"content":{"rendered":"\n<p><\/p>\n\n\n\n<p>Con gran devoci\u00f3n, trabajadores de la <a href=\"https:\/\/alcaldiaalbertoadriani.com\/?p=9462\" target=\"_blank\" rel=\"noreferrer noopener\">Alcald\u00eda Alberto Adriani <\/a>dirigida por el alcalde <a href=\"https:\/\/www.instagram.com\/lisandrosegura02\/\" target=\"_blank\" rel=\"noreferrer noopener\">Lisandro Segura<\/a>, celebraron la <a href=\"https:\/\/alcaldiaalbertoadriani.com\/?p=5147\" target=\"_blank\" rel=\"noreferrer noopener\">tradicional Paradura del Ni\u00f1o Jes\u00fas<\/a>. La actividad se efectu\u00f3 en su misma sede ubicada en la avenida Bol\u00edvar de El Vig\u00eda.<\/p>\n\n\n\n<!--more-->\n\n\n\n<p>El di\u00e1cono An\u00edbal Chac\u00f3n fue el encargado del evento y en sus palabras destac\u00f3 la importancia de celebrar el nacimiento del Ni\u00f1o Jes\u00fas en el pesebre junto a Mar\u00eda y Jos\u00e9.<\/p>\n\n\n\n<figure class=\"wp-block-gallery has-nested-images columns-default is-cropped wp-block-gallery-1 is-layout-flex wp-block-gallery-is-layout-flex\">\n<figure class=\"wp-block-image size-large\"><img loading=\"lazy\" decoding=\"async\" width=\"1024\" height=\"768\" data-id=\"9923\" src=\"https:\/\/alcaldiaalbertoadriani.com\/wp-content\/uploads\/2025\/02\/photo_4967554665294180010_y-1024x768.jpg\" alt=\"\" class=\"wp-image-9923\" srcset=\"https:\/\/alcaldiaalbertoadriani.com\/wp-content\/uploads\/2025\/02\/photo_4967554665294180010_y-1024x768.jpg 1024w, https:\/\/alcaldiaalbertoadriani.com\/wp-content\/uploads\/2025\/02\/photo_4967554665294180010_y-980x735.jpg 980w, https:\/\/alcaldiaalbertoadriani.com\/wp-content\/uploads\/2025\/02\/photo_4967554665294180010_y-480x360.jpg 480w\" sizes=\"auto, (min-width: 0px) and (max-width: 480px) 480px, (min-width: 481px) and (max-width: 980px) 980px, (min-width: 981px) 1024px, 100vw\" \/><\/figure>\n<\/figure>\n\n\n\n<p>\u201cSin duda, Dios nos acompa\u00f1a en todo momento y nos ayuda a tomar las mejores decisiones, pero cuando comprendamos que la mejor parte la hace \u00c9l, las cosas ser\u00e1n diferentes. Hago hincapi\u00e9 en ello porque la paradura es un acto donde el Ni\u00f1o necesita de nuestra ayuda para continuar su camino\u201d, manifest\u00f3.<\/p>\n\n\n\n<p>Acto seguido, los padrinos del Ni\u00f1o Jes\u00fas y trabajadores en procesi\u00f3n, llevaron la imagen desde el pesebre, acompa\u00f1ado de c\u00e1nticos y rezos, recorriendo las instalaciones y el estacionamiento del Ayuntamiento.<\/p>\n\n\n\n<figure class=\"wp-block-gallery has-nested-images columns-default is-cropped wp-block-gallery-2 is-layout-flex wp-block-gallery-is-layout-flex\">\n<figure class=\"wp-block-image size-large\"><img loading=\"lazy\" decoding=\"async\" width=\"1024\" height=\"768\" data-id=\"9924\" src=\"https:\/\/alcaldiaalbertoadriani.com\/wp-content\/uploads\/2025\/02\/photo_4967554665294180014_y-1024x768.jpg\" alt=\"\" class=\"wp-image-9924\" srcset=\"https:\/\/alcaldiaalbertoadriani.com\/wp-content\/uploads\/2025\/02\/photo_4967554665294180014_y-1024x768.jpg 1024w, https:\/\/alcaldiaalbertoadriani.com\/wp-content\/uploads\/2025\/02\/photo_4967554665294180014_y-980x735.jpg 980w, https:\/\/alcaldiaalbertoadriani.com\/wp-content\/uploads\/2025\/02\/photo_4967554665294180014_y-480x360.jpg 480w\" sizes=\"auto, (min-width: 0px) and (max-width: 480px) 480px, (min-width: 481px) and (max-width: 980px) 980px, (min-width: 981px) 1024px, 100vw\" \/><\/figure>\n<\/figure>\n\n\n\n<p>Asimismo, elevaron peticiones por un mejor porvenir para Venezuela y el municipio, as\u00ed como por el bienestar de todo el personal de la Alcald\u00eda.<\/p>\n\n\n\n<p>Finalmente, se realiz\u00f3 la presentaci\u00f3n y bendici\u00f3n de los alimentos, y se comparti\u00f3 un momento familiar. <strong><em>Prensa Alcald\u00eda Alberto Adriani\/Edgar Mendoza CNP 25.736\/Fotos: Karla M\u00e1rquez.<\/em><\/strong><\/p>\n\n\n\n<figure class=\"wp-block-gallery has-nested-images columns-default is-cropped wp-block-gallery-3 is-layout-flex wp-block-gallery-is-layout-flex\">\n<figure class=\"wp-block-image size-large\"><img loading=\"lazy\" decoding=\"async\" width=\"1024\" height=\"768\" data-id=\"9926\" src=\"https:\/\/alcaldiaalbertoadriani.com\/wp-content\/uploads\/2025\/02\/photo_4967554665294180011_y-1024x768.jpg\" alt=\"\" class=\"wp-image-9926\" srcset=\"https:\/\/alcaldiaalbertoadriani.com\/wp-content\/uploads\/2025\/02\/photo_4967554665294180011_y-1024x768.jpg 1024w, https:\/\/alcaldiaalbertoadriani.com\/wp-content\/uploads\/2025\/02\/photo_4967554665294180011_y-980x735.jpg 980w, https:\/\/alcaldiaalbertoadriani.com\/wp-content\/uploads\/2025\/02\/photo_4967554665294180011_y-480x360.jpg 480w\" sizes=\"auto, (min-width: 0px) and (max-width: 480px) 480px, (min-width: 481px) and (max-width: 980px) 980px, (min-width: 981px) 1024px, 100vw\" \/><\/figure>\n\n\n\n<figure class=\"wp-block-image size-large\"><img loading=\"lazy\" decoding=\"async\" width=\"1024\" height=\"768\" data-id=\"9927\" src=\"https:\/\/alcaldiaalbertoadriani.com\/wp-content\/uploads\/2025\/02\/photo_4967554665294180012_y-1024x768.jpg\" alt=\"\" class=\"wp-image-9927\" srcset=\"https:\/\/alcaldiaalbertoadriani.com\/wp-content\/uploads\/2025\/02\/photo_4967554665294180012_y-1024x768.jpg 1024w, https:\/\/alcaldiaalbertoadriani.com\/wp-content\/uploads\/2025\/02\/photo_4967554665294180012_y-980x735.jpg 980w, https:\/\/alcaldiaalbertoadriani.com\/wp-content\/uploads\/2025\/02\/photo_4967554665294180012_y-480x360.jpg 480w\" sizes=\"auto, (min-width: 0px) and (max-width: 480px) 480px, (min-width: 481px) and (max-width: 980px) 980px, (min-width: 981px) 1024px, 100vw\" \/><\/figure>\n\n\n\n<figure class=\"wp-block-image size-large\"><img loading=\"lazy\" decoding=\"async\" width=\"1024\" height=\"768\" data-id=\"9925\" src=\"https:\/\/alcaldiaalbertoadriani.com\/wp-content\/uploads\/2025\/02\/photo_4967554665294180013_y-1024x768.jpg\" alt=\"\" class=\"wp-image-9925\" srcset=\"https:\/\/alcaldiaalbertoadriani.com\/wp-content\/uploads\/2025\/02\/photo_4967554665294180013_y-1024x768.jpg 1024w, https:\/\/alcaldiaalbertoadriani.com\/wp-content\/uploads\/2025\/02\/photo_4967554665294180013_y-980x735.jpg 980w, https:\/\/alcaldiaalbertoadriani.com\/wp-content\/uploads\/2025\/02\/photo_4967554665294180013_y-480x360.jpg 480w\" sizes=\"auto, (min-width: 0px) and (max-width: 480px) 480px, (min-width: 481px) and (max-width: 980px) 980px, (min-width: 981px) 1024px, 100vw\" \/><\/figure>\n\n\n\n<figure class=\"wp-block-image size-large\"><img loading=\"lazy\" decoding=\"async\" width=\"1024\" height=\"768\" data-id=\"9928\" src=\"https:\/\/alcaldiaalbertoadriani.com\/wp-content\/uploads\/2025\/02\/photo_4967554665294180015_y-1024x768.jpg\" alt=\"\" class=\"wp-image-9928\" srcset=\"https:\/\/alcaldiaalbertoadriani.com\/wp-content\/uploads\/2025\/02\/photo_4967554665294180015_y-1024x768.jpg 1024w, https:\/\/alcaldiaalbertoadriani.com\/wp-content\/uploads\/2025\/02\/photo_4967554665294180015_y-980x735.jpg 980w, https:\/\/alcaldiaalbertoadriani.com\/wp-content\/uploads\/2025\/02\/photo_4967554665294180015_y-480x360.jpg 480w\" sizes=\"auto, (min-width: 0px) and (max-width: 480px) 480px, (min-width: 481px) and (max-width: 980px) 980px, (min-width: 981px) 1024px, 100vw\" \/><\/figure>\n<\/figure>\n","protected":false},"excerpt":{"rendered":"<p>Con gran devoci\u00f3n, trabajadores de la Alcald\u00eda Alberto Adriani dirigida por el alcalde Lisandro Segura, celebraron la tradicional Paradura del Ni\u00f1o Jes\u00fas. La actividad se efectu\u00f3 en su misma sede [&hellip;]<\/p>\n","protected":false},"author":2,"featured_media":9922,"comment_status":"open","ping_status":"closed","sticky":false,"template":"","format":"standard","meta":{"_et_pb_use_builder":"off","_et_pb_old_content":"","_et_gb_content_width":"","footnotes":""},"categories":[341,25],"tags":[31,11,12,15,30,29,28],"class_list":["post-9921","post","type-post","status-publish","format-standard","has-post-thumbnail","hentry","category-alcaldia-alberto-adriani","category-nuestro-municipio","tag-alcalde","tag-alcaldia","tag-alcaldiaalbertoadriani","tag-elvigia","tag-lisandrosegura","tag-municipioquenosmerecemos","tag-porelrenacer"],"yoast_head":"<!-- This site is optimized with the Yoast SEO plugin v19.13 - https:\/\/yoast.com\/wordpress\/plugins\/seo\/ -->\n<title>Trabajadores de la Alcald\u00eda de Alberto Adriani celebraron<\/title>\n<meta name=\"description\" content=\"Trabajadores de la Alcald\u00eda de Alberto Adriani celebraron la tradicional Paradura del Ni\u00f1o Jes\u00fas, ubicada en la avenida Bol\u00edvar de El Vig\u00eda.\" \/>\n<meta name=\"robots\" content=\"index, follow, max-snippet:-1, max-image-preview:large, max-video-preview:-1\" \/>\n<link rel=\"canonical\" href=\"https:\/\/alcaldiaalbertoadriani.com\/?p=9921\" \/>\n<meta property=\"og:locale\" content=\"es_ES\" \/>\n<meta property=\"og:type\" content=\"article\" \/>\n<meta property=\"og:title\" content=\"Trabajadores de la Alcald\u00eda de Alberto Adriani celebraron\" \/>\n<meta property=\"og:description\" content=\"Trabajadores de la Alcald\u00eda de Alberto Adriani celebraron la tradicional Paradura del Ni\u00f1o Jes\u00fas, ubicada en la avenida Bol\u00edvar de El Vig\u00eda.\" \/>\n<meta property=\"og:url\" content=\"https:\/\/alcaldiaalbertoadriani.com\/?p=9921\" \/>\n<meta property=\"og:site_name\" content=\"Alcaldia Alberto Adriani\" \/>\n<meta property=\"article:published_time\" content=\"2025-02-03T19:53:50+00:00\" \/>\n<meta property=\"article:modified_time\" content=\"2025-02-03T19:53:54+00:00\" \/>\n<meta property=\"og:image\" content=\"https:\/\/alcaldiaalbertoadriani.com\/wp-content\/uploads\/2025\/02\/photo_4967554665294180009_y.jpg\" \/>\n\t<meta property=\"og:image:width\" content=\"1280\" \/>\n\t<meta property=\"og:image:height\" content=\"960\" \/>\n\t<meta property=\"og:image:type\" content=\"image\/jpeg\" \/>\n<meta name=\"author\" content=\"Prensa\" \/>\n<meta name=\"twitter:card\" content=\"summary_large_image\" \/>\n<meta name=\"twitter:label1\" content=\"Escrito por\" \/>\n\t<meta name=\"twitter:data1\" content=\"Prensa\" \/>\n\t<meta name=\"twitter:label2\" content=\"Tiempo de lectura\" \/>\n\t<meta name=\"twitter:data2\" content=\"3 minutos\" \/>\n<script type=\"application\/ld+json\" class=\"yoast-schema-graph\">{\"@context\":\"https:\/\/schema.org\",\"@graph\":[{\"@type\":\"WebPage\",\"@id\":\"https:\/\/alcaldiaalbertoadriani.com\/?p=9921\",\"url\":\"https:\/\/alcaldiaalbertoadriani.com\/?p=9921\",\"name\":\"Trabajadores de la Alcald\u00eda de Alberto Adriani celebraron\",\"isPartOf\":{\"@id\":\"https:\/\/alcaldiaalbertoadriani.com\/#website\"},\"datePublished\":\"2025-02-03T19:53:50+00:00\",\"dateModified\":\"2025-02-03T19:53:54+00:00\",\"author\":{\"@id\":\"https:\/\/alcaldiaalbertoadriani.com\/#\/schema\/person\/549b4483ff8999ac780deeea78795fc9\"},\"description\":\"Trabajadores de la Alcald\u00eda de Alberto Adriani celebraron la tradicional Paradura del Ni\u00f1o Jes\u00fas, ubicada en la avenida Bol\u00edvar de El Vig\u00eda.\",\"breadcrumb\":{\"@id\":\"https:\/\/alcaldiaalbertoadriani.com\/?p=9921#breadcrumb\"},\"inLanguage\":\"es\",\"potentialAction\":[{\"@type\":\"ReadAction\",\"target\":[\"https:\/\/alcaldiaalbertoadriani.com\/?p=9921\"]}]},{\"@type\":\"BreadcrumbList\",\"@id\":\"https:\/\/alcaldiaalbertoadriani.com\/?p=9921#breadcrumb\",\"itemListElement\":[{\"@type\":\"ListItem\",\"position\":1,\"name\":\"Portada\",\"item\":\"https:\/\/alcaldiaalbertoadriani.com\/\"},{\"@type\":\"ListItem\",\"position\":2,\"name\":\"Trabajadores de la Alcald\u00eda de Alberto Adriani celebraron la tradicional Paradura del Ni\u00f1o Jes\u00fas\"}]},{\"@type\":\"WebSite\",\"@id\":\"https:\/\/alcaldiaalbertoadriani.com\/#website\",\"url\":\"https:\/\/alcaldiaalbertoadriani.com\/\",\"name\":\"Alcaldia Alberto Adriani\",\"description\":\"\",\"potentialAction\":[{\"@type\":\"SearchAction\",\"target\":{\"@type\":\"EntryPoint\",\"urlTemplate\":\"https:\/\/alcaldiaalbertoadriani.com\/?s={search_term_string}\"},\"query-input\":\"required name=search_term_string\"}],\"inLanguage\":\"es\"},{\"@type\":\"Person\",\"@id\":\"https:\/\/alcaldiaalbertoadriani.com\/#\/schema\/person\/549b4483ff8999ac780deeea78795fc9\",\"name\":\"Prensa\",\"image\":{\"@type\":\"ImageObject\",\"inLanguage\":\"es\",\"@id\":\"https:\/\/alcaldiaalbertoadriani.com\/#\/schema\/person\/image\/\",\"url\":\"https:\/\/secure.gravatar.com\/avatar\/ea1cb567ea992a29627f4eee1c2eb185ec16decec6342d508fdf18dedb56c9de?s=96&d=mm&r=g\",\"contentUrl\":\"https:\/\/secure.gravatar.com\/avatar\/ea1cb567ea992a29627f4eee1c2eb185ec16decec6342d508fdf18dedb56c9de?s=96&d=mm&r=g\",\"caption\":\"Prensa\"},\"url\":\"https:\/\/alcaldiaalbertoadriani.com\/?author=2\"}]}<\/script>\n<!-- \/ Yoast SEO plugin. -->","yoast_head_json":{"title":"Trabajadores de la Alcald\u00eda de Alberto Adriani celebraron","description":"Trabajadores de la Alcald\u00eda de Alberto Adriani celebraron la tradicional Paradura del Ni\u00f1o Jes\u00fas, ubicada en la avenida Bol\u00edvar de El Vig\u00eda.","robots":{"index":"index","follow":"follow","max-snippet":"max-snippet:-1","max-image-preview":"max-image-preview:large","max-video-preview":"max-video-preview:-1"},"canonical":"https:\/\/alcaldiaalbertoadriani.com\/?p=9921","og_locale":"es_ES","og_type":"article","og_title":"Trabajadores de la Alcald\u00eda de Alberto Adriani celebraron","og_description":"Trabajadores de la Alcald\u00eda de Alberto Adriani celebraron la tradicional Paradura del Ni\u00f1o Jes\u00fas, ubicada en la avenida Bol\u00edvar de El Vig\u00eda.","og_url":"https:\/\/alcaldiaalbertoadriani.com\/?p=9921","og_site_name":"Alcaldia Alberto Adriani","article_published_time":"2025-02-03T19:53:50+00:00","article_modified_time":"2025-02-03T19:53:54+00:00","og_image":[{"width":1280,"height":960,"url":"https:\/\/alcaldiaalbertoadriani.com\/wp-content\/uploads\/2025\/02\/photo_4967554665294180009_y.jpg","type":"image\/jpeg"}],"author":"Prensa","twitter_card":"summary_large_image","twitter_misc":{"Escrito por":"Prensa","Tiempo de lectura":"3 minutos"},"schema":{"@context":"https:\/\/schema.org","@graph":[{"@type":"WebPage","@id":"https:\/\/alcaldiaalbertoadriani.com\/?p=9921","url":"https:\/\/alcaldiaalbertoadriani.com\/?p=9921","name":"Trabajadores de la Alcald\u00eda de Alberto Adriani celebraron","isPartOf":{"@id":"https:\/\/alcaldiaalbertoadriani.com\/#website"},"datePublished":"2025-02-03T19:53:50+00:00","dateModified":"2025-02-03T19:53:54+00:00","author":{"@id":"https:\/\/alcaldiaalbertoadriani.com\/#\/schema\/person\/549b4483ff8999ac780deeea78795fc9"},"description":"Trabajadores de la Alcald\u00eda de Alberto Adriani celebraron la tradicional Paradura del Ni\u00f1o Jes\u00fas, ubicada en la avenida Bol\u00edvar de El Vig\u00eda.","breadcrumb":{"@id":"https:\/\/alcaldiaalbertoadriani.com\/?p=9921#breadcrumb"},"inLanguage":"es","potentialAction":[{"@type":"ReadAction","target":["https:\/\/alcaldiaalbertoadriani.com\/?p=9921"]}]},{"@type":"BreadcrumbList","@id":"https:\/\/alcaldiaalbertoadriani.com\/?p=9921#breadcrumb","itemListElement":[{"@type":"ListItem","position":1,"name":"Portada","item":"https:\/\/alcaldiaalbertoadriani.com\/"},{"@type":"ListItem","position":2,"name":"Trabajadores de la Alcald\u00eda de Alberto Adriani celebraron la tradicional Paradura del Ni\u00f1o Jes\u00fas"}]},{"@type":"WebSite","@id":"https:\/\/alcaldiaalbertoadriani.com\/#website","url":"https:\/\/alcaldiaalbertoadriani.com\/","name":"Alcaldia Alberto Adriani","description":"","potentialAction":[{"@type":"SearchAction","target":{"@type":"EntryPoint","urlTemplate":"https:\/\/alcaldiaalbertoadriani.com\/?s={search_term_string}"},"query-input":"required name=search_term_string"}],"inLanguage":"es"},{"@type":"Person","@id":"https:\/\/alcaldiaalbertoadriani.com\/#\/schema\/person\/549b4483ff8999ac780deeea78795fc9","name":"Prensa","image":{"@type":"ImageObject","inLanguage":"es","@id":"https:\/\/alcaldiaalbertoadriani.com\/#\/schema\/person\/image\/","url":"https:\/\/secure.gravatar.com\/avatar\/ea1cb567ea992a29627f4eee1c2eb185ec16decec6342d508fdf18dedb56c9de?s=96&d=mm&r=g","contentUrl":"https:\/\/secure.gravatar.com\/avatar\/ea1cb567ea992a29627f4eee1c2eb185ec16decec6342d508fdf18dedb56c9de?s=96&d=mm&r=g","caption":"Prensa"},"url":"https:\/\/alcaldiaalbertoadriani.com\/?author=2"}]}},"_links":{"self":[{"href":"https:\/\/alcaldiaalbertoadriani.com\/index.php?rest_route=\/wp\/v2\/posts\/9921","targetHints":{"allow":["GET"]}}],"collection":[{"href":"https:\/\/alcaldiaalbertoadriani.com\/index.php?rest_route=\/wp\/v2\/posts"}],"about":[{"href":"https:\/\/alcaldiaalbertoadriani.com\/index.php?rest_route=\/wp\/v2\/types\/post"}],"author":[{"embeddable":true,"href":"https:\/\/alcaldiaalbertoadriani.com\/index.php?rest_route=\/wp\/v2\/users\/2"}],"replies":[{"embeddable":true,"href":"https:\/\/alcaldiaalbertoadriani.com\/index.php?rest_route=%2Fwp%2Fv2%2Fcomments&post=9921"}],"version-history":[{"count":1,"href":"https:\/\/alcaldiaalbertoadriani.com\/index.php?rest_route=\/wp\/v2\/posts\/9921\/revisions"}],"predecessor-version":[{"id":9929,"href":"https:\/\/alcaldiaalbertoadriani.com\/index.php?rest_route=\/wp\/v2\/posts\/9921\/revisions\/9929"}],"wp:featuredmedia":[{"embeddable":true,"href":"https:\/\/alcaldiaalbertoadriani.com\/index.php?rest_route=\/wp\/v2\/media\/9922"}],"wp:attachment":[{"href":"https:\/\/alcaldiaalbertoadriani.com\/index.php?rest_route=%2Fwp%2Fv2%2Fmedia&parent=9921"}],"wp:term":[{"taxonomy":"category","embeddable":true,"href":"https:\/\/alcaldiaalbertoadriani.com\/index.php?rest_route=%2Fwp%2Fv2%2Fcategories&post=9921"},{"taxonomy":"post_tag","embeddable":true,"href":"https:\/\/alcaldiaalbertoadriani.com\/index.php?rest_route=%2Fwp%2Fv2%2Ftags&post=9921"}],"curies":[{"name":"wp","href":"https:\/\/api.w.org\/{rel}","templated":true}]}}