{"id":9563,"date":"2025-01-08T20:21:10","date_gmt":"2025-01-08T20:21:10","guid":{"rendered":"https:\/\/alcaldiaalbertoadriani.com\/?p=9563"},"modified":"2025-01-08T20:21:37","modified_gmt":"2025-01-08T20:21:37","slug":"imdraa-celebro-tradicional-misa-del-deporte-en-alberto-adriani","status":"publish","type":"post","link":"https:\/\/alcaldiaalbertoadriani.com\/?p=9563","title":{"rendered":"Imdraa celebr\u00f3 tradicional Misa del Deporte en Alberto Adriani\u00a0\u00a0"},"content":{"rendered":"\n<h2 class=\"wp-block-heading\"><strong><em>La jornada de este 6 de enero tambi\u00e9n estuvo enmarcada en el D\u00eda de Reyes<\/em><\/strong>\u00a0\u00a0<\/h2>\n\n\n\n<p><\/p>\n\n\n\n<p>Como es costumbre, funcionarios del Instituto Municipal del Deporte y Recreaci\u00f3n \u2013<a href=\"https:\/\/alcaldiaalbertoadriani.com\/?p=8808\" target=\"_blank\" rel=\"noreferrer noopener\">Imdraa<\/a>&#8211; y atletas que hacen vida en el municipio Alberto Adriani, participaron en la tradicional misa del Deporte, en la Catedral Nuestra Se\u00f1ora del Perpetuo Socorro y una ofrenda floral en la plaza Bol\u00edvar de El Vig\u00eda.\u00a0\u00a0<\/p>\n\n\n\n<figure class=\"wp-block-gallery has-nested-images columns-default is-cropped wp-block-gallery-1 is-layout-flex wp-block-gallery-is-layout-flex\">\n<figure class=\"wp-block-image size-large\"><img loading=\"lazy\" decoding=\"async\" width=\"1024\" height=\"768\" data-id=\"9565\" src=\"https:\/\/alcaldiaalbertoadriani.com\/wp-content\/uploads\/2025\/01\/photo_5181770853581434529_y-1024x768.jpg\" alt=\"\" class=\"wp-image-9565\" srcset=\"https:\/\/alcaldiaalbertoadriani.com\/wp-content\/uploads\/2025\/01\/photo_5181770853581434529_y-1024x768.jpg 1024w, https:\/\/alcaldiaalbertoadriani.com\/wp-content\/uploads\/2025\/01\/photo_5181770853581434529_y-980x735.jpg 980w, https:\/\/alcaldiaalbertoadriani.com\/wp-content\/uploads\/2025\/01\/photo_5181770853581434529_y-480x360.jpg 480w\" sizes=\"auto, (min-width: 0px) and (max-width: 480px) 480px, (min-width: 481px) and (max-width: 980px) 980px, (min-width: 981px) 1024px, 100vw\" \/><\/figure>\n<\/figure>\n\n\n\n<p>La eucarist\u00eda estuvo a cargo del presb\u00edtero Germ\u00e1n Mar\u00edn y cont\u00f3 con la presencia del alcalde<a href=\"https:\/\/www.instagram.com\/lisandrosegura02\/?hl=es-es\" target=\"_blank\" rel=\"noreferrer noopener\"> Lisandro Segura<\/a>, Ricardo Romero, presidente del Imdraa, algunos ediles del Concejo Municipal y parte del Tren ejecutivo.\u00a0<\/p>\n\n\n\n<figure class=\"wp-block-gallery has-nested-images columns-default is-cropped wp-block-gallery-2 is-layout-flex wp-block-gallery-is-layout-flex\">\n<figure class=\"wp-block-image size-large\"><img loading=\"lazy\" decoding=\"async\" width=\"1024\" height=\"768\" data-id=\"9566\" src=\"https:\/\/alcaldiaalbertoadriani.com\/wp-content\/uploads\/2025\/01\/photo_5181770853581434527_y-1024x768.jpg\" alt=\"\" class=\"wp-image-9566\" srcset=\"https:\/\/alcaldiaalbertoadriani.com\/wp-content\/uploads\/2025\/01\/photo_5181770853581434527_y-1024x768.jpg 1024w, https:\/\/alcaldiaalbertoadriani.com\/wp-content\/uploads\/2025\/01\/photo_5181770853581434527_y-980x735.jpg 980w, https:\/\/alcaldiaalbertoadriani.com\/wp-content\/uploads\/2025\/01\/photo_5181770853581434527_y-480x360.jpg 480w\" sizes=\"auto, (min-width: 0px) and (max-width: 480px) 480px, (min-width: 481px) and (max-width: 980px) 980px, (min-width: 981px) 1024px, 100vw\" \/><\/figure>\n<\/figure>\n\n\n\n<p>\u201cCelebramos el D\u00eda del Deporte y el D\u00eda de Reyes, es un d\u00eda de fiesta en nuestra iglesia. Aprovecho para invitar a los j\u00f3venes a hacer las cosas con amor, entrega y pasi\u00f3n, pero con Dios primero en todo, porque \u00c9l es nuestro centro de vida\u201d, expres\u00f3.<\/p>\n\n\n\n<h2 class=\"wp-block-heading\"><strong>Ofrenda floral&nbsp;&nbsp;<\/strong><\/h2>\n\n\n\n<p>Una vez concluida la misa de acci\u00f3n de gracias, las autoridades municipales se trasladaron hasta la plaza Bol\u00edvar para entregar una ofrenda floral ante El Libertador, donde hubo un minuto de silencio tras el fallecimiento del entrenador vig\u00edense de voleibol, Jos\u00e9 Evelio Pantale\u00f3n.&nbsp;&nbsp;<\/p>\n\n\n\n<figure class=\"wp-block-gallery has-nested-images columns-default is-cropped wp-block-gallery-3 is-layout-flex wp-block-gallery-is-layout-flex\">\n<figure class=\"wp-block-image size-large\"><img loading=\"lazy\" decoding=\"async\" width=\"1024\" height=\"768\" data-id=\"9567\" src=\"https:\/\/alcaldiaalbertoadriani.com\/wp-content\/uploads\/2025\/01\/photo_5179529512013115395_y-1024x768.jpg\" alt=\"\" class=\"wp-image-9567\" srcset=\"https:\/\/alcaldiaalbertoadriani.com\/wp-content\/uploads\/2025\/01\/photo_5179529512013115395_y-1024x768.jpg 1024w, https:\/\/alcaldiaalbertoadriani.com\/wp-content\/uploads\/2025\/01\/photo_5179529512013115395_y-980x735.jpg 980w, https:\/\/alcaldiaalbertoadriani.com\/wp-content\/uploads\/2025\/01\/photo_5179529512013115395_y-480x360.jpg 480w\" sizes=\"auto, (min-width: 0px) and (max-width: 480px) 480px, (min-width: 481px) and (max-width: 980px) 980px, (min-width: 981px) 1024px, 100vw\" \/><\/figure>\n<\/figure>\n\n\n\n<p>En sus palabras, <a href=\"https:\/\/www.instagram.com\/lisandrosegura02\/?hl=es-es\" target=\"_blank\" rel=\"noreferrer noopener\">Lisandro Segura<\/a>, se\u00a0 mostr\u00f3 contento y expres\u00f3 gratitud. \u201cEn este primer acto solemne, quiero darle las gracias a Dios por el a\u00f1o que acaba de concluir, a cada uno de los gerentes, coordinadores, jefes de oficina, personal administrativo y obreros de la alcald\u00eda. Asimismo, la satisfacci\u00f3n porque el 80 por ciento de los atletas que obtuvieron preseas en los \u00faltimos juegos nacionales en representaci\u00f3n del estado M\u00e9rida, estuvieron hoy presentes en el evento de celebraci\u00f3n de la misa del deporte&#8221;.<\/p>\n\n\n\n<figure class=\"wp-block-gallery has-nested-images columns-default is-cropped wp-block-gallery-4 is-layout-flex wp-block-gallery-is-layout-flex\">\n<figure class=\"wp-block-image size-large\"><img loading=\"lazy\" decoding=\"async\" width=\"1024\" height=\"768\" data-id=\"9569\" src=\"https:\/\/alcaldiaalbertoadriani.com\/wp-content\/uploads\/2025\/01\/photo_5179529512013115399_y-1024x768.jpg\" alt=\"\" class=\"wp-image-9569\" srcset=\"https:\/\/alcaldiaalbertoadriani.com\/wp-content\/uploads\/2025\/01\/photo_5179529512013115399_y-1024x768.jpg 1024w, https:\/\/alcaldiaalbertoadriani.com\/wp-content\/uploads\/2025\/01\/photo_5179529512013115399_y-980x735.jpg 980w, https:\/\/alcaldiaalbertoadriani.com\/wp-content\/uploads\/2025\/01\/photo_5179529512013115399_y-480x360.jpg 480w\" sizes=\"auto, (min-width: 0px) and (max-width: 480px) 480px, (min-width: 481px) and (max-width: 980px) 980px, (min-width: 981px) 1024px, 100vw\" \/><\/figure>\n<\/figure>\n\n\n\n<p>Destac\u00f3 el apoyo de los padres y representantes en el crecimiento de sus hijos, as\u00ed como el compromiso de su gesti\u00f3n con el deporte municipal, &#8220;seguimos el compromiso de nuestra gesti\u00f3n con el deporte, mediante el transporte, la dotaci\u00f3n de material deportivo, as\u00ed como la recuperaci\u00f3n de canchas deportivas&#8221;, dijo.&nbsp;&nbsp;&nbsp;<\/p>\n\n\n\n<p>Entretanto, Jos\u00e9 Beltr\u00e1n Pe\u00f1a Fern\u00e1ndez, fungi\u00f3 como Orador de Orden agradeci\u00f3 al Imdraa por su escogencia para dicha actividad, posterior a ello, resalt\u00f3 varios hechos hist\u00f3ricos que han marcado la pauta en el deporte venezolano.&nbsp;&nbsp;<\/p>\n\n\n\n<figure class=\"wp-block-gallery has-nested-images columns-default is-cropped wp-block-gallery-5 is-layout-flex wp-block-gallery-is-layout-flex\">\n<figure class=\"wp-block-image size-large\"><img loading=\"lazy\" decoding=\"async\" width=\"1024\" height=\"768\" data-id=\"9568\" src=\"https:\/\/alcaldiaalbertoadriani.com\/wp-content\/uploads\/2025\/01\/photo_5179529512013115398_y-1024x768.jpg\" alt=\"\" class=\"wp-image-9568\" srcset=\"https:\/\/alcaldiaalbertoadriani.com\/wp-content\/uploads\/2025\/01\/photo_5179529512013115398_y-1024x768.jpg 1024w, https:\/\/alcaldiaalbertoadriani.com\/wp-content\/uploads\/2025\/01\/photo_5179529512013115398_y-980x735.jpg 980w, https:\/\/alcaldiaalbertoadriani.com\/wp-content\/uploads\/2025\/01\/photo_5179529512013115398_y-480x360.jpg 480w\" sizes=\"auto, (min-width: 0px) and (max-width: 480px) 480px, (min-width: 481px) and (max-width: 980px) 980px, (min-width: 981px) 1024px, 100vw\" \/><\/figure>\n<\/figure>\n\n\n\n<p>Finalmente, las autoridades, homenajearon a 87 personas, entre ellas atletas participantes en la diferentes competencias deportivas nacionales paranacionales e internacionales; entrenadores, \u00e1rbitros de f\u00fatbol, \u00e1rbitros comunitarios, periodistas deportivos, dirigentes, asociaciones y ligas deportivas de la jurisdicci\u00f3n. <strong><em>Prensa Alcald\u00eda Alberto Adriani\/Edgar Mendoza CNP 25.736\/Fotos: Karla M\u00e1rquez.<\/em><\/strong><\/p>\n\n\n\n<figure class=\"wp-block-gallery has-nested-images columns-default is-cropped wp-block-gallery-6 is-layout-flex wp-block-gallery-is-layout-flex\">\n<figure class=\"wp-block-image\"><img decoding=\"async\" src=\"blob:https:\/\/alcaldiaalbertoadriani.com\/88dc7840-8ad8-4896-b54d-c7121a8a7113\" alt=\"\"\/><\/figure>\n\n\n\n<figure class=\"wp-block-image\"><img decoding=\"async\" src=\"blob:https:\/\/alcaldiaalbertoadriani.com\/e2380956-6ff4-41a0-9f9a-d28d52f00749\" alt=\"\"\/><\/figure>\n\n\n\n<figure class=\"wp-block-image\"><img decoding=\"async\" src=\"blob:https:\/\/alcaldiaalbertoadriani.com\/f9376cb8-f018-47db-9313-d646532c14f2\" alt=\"\"\/><\/figure>\n\n\n\n<figure class=\"wp-block-image\"><img decoding=\"async\" src=\"blob:https:\/\/alcaldiaalbertoadriani.com\/1774bbab-2966-4c86-a344-2d721969c1c6\" alt=\"\"\/><\/figure>\n\n\n\n<figure class=\"wp-block-image\"><img decoding=\"async\" src=\"blob:https:\/\/alcaldiaalbertoadriani.com\/bdd38a79-ae5e-4c98-9a20-202308b08657\" alt=\"\"\/><\/figure>\n\n\n\n<figure class=\"wp-block-image\"><img decoding=\"async\" src=\"blob:https:\/\/alcaldiaalbertoadriani.com\/7c0a675b-df8b-4e11-9086-590a4c152966\" alt=\"\"\/><\/figure>\n\n\n\n<figure class=\"wp-block-image\"><img decoding=\"async\" src=\"blob:https:\/\/alcaldiaalbertoadriani.com\/8c038ed9-7134-4bc2-ab63-c4249166f307\" alt=\"\"\/><\/figure>\n\n\n\n<figure class=\"wp-block-image\"><img decoding=\"async\" src=\"blob:https:\/\/alcaldiaalbertoadriani.com\/c0e807c9-431b-49ae-8761-91f678c14894\" alt=\"\"\/><\/figure>\n\n\n\n<figure class=\"wp-block-image\"><img decoding=\"async\" src=\"blob:https:\/\/alcaldiaalbertoadriani.com\/fc64b891-5658-4a8b-823c-464c5d5661ed\" alt=\"\"\/><\/figure>\n\n\n\n<figure class=\"wp-block-image\"><img decoding=\"async\" src=\"blob:https:\/\/alcaldiaalbertoadriani.com\/054a5a3b-7cd7-41a5-9b5c-b756aa9e7205\" alt=\"\"\/><\/figure>\n\n\n\n<figure class=\"wp-block-image\"><img decoding=\"async\" src=\"blob:https:\/\/alcaldiaalbertoadriani.com\/1ce844eb-457f-4507-b62a-ed3df2c24fec\" alt=\"\"\/><\/figure>\n\n\n\n<figure class=\"wp-block-image\"><img decoding=\"async\" src=\"blob:https:\/\/alcaldiaalbertoadriani.com\/bb85fb15-0009-4249-9701-4f32ca280206\" alt=\"\"\/><\/figure>\n\n\n\n<figure class=\"wp-block-image\"><img decoding=\"async\" src=\"blob:https:\/\/alcaldiaalbertoadriani.com\/e3f4a10b-8edf-4f0b-8b4f-c110fdbef95c\" alt=\"\"\/><\/figure>\n<\/figure>\n","protected":false},"excerpt":{"rendered":"<p>La jornada de este 6 de enero tambi\u00e9n estuvo enmarcada en el D\u00eda de Reyes\u00a0\u00a0 Como es costumbre, funcionarios del Instituto Municipal del Deporte y Recreaci\u00f3n \u2013Imdraa&#8211; y atletas que [&hellip;]<\/p>\n","protected":false},"author":2,"featured_media":9564,"comment_status":"open","ping_status":"closed","sticky":false,"template":"","format":"standard","meta":{"_et_pb_use_builder":"off","_et_pb_old_content":"","_et_gb_content_width":"","footnotes":""},"categories":[341,61,50,25],"tags":[31,11,12,15,761,30,29,28,958],"class_list":["post-9563","post","type-post","status-publish","format-standard","has-post-thumbnail","hentry","category-alcaldia-alberto-adriani","category-deportes","category-imdraa","category-nuestro-municipio","tag-alcalde","tag-alcaldia","tag-alcaldiaalbertoadriani","tag-elvigia","tag-encrucijadadeprogreso","tag-lisandrosegura","tag-municipioquenosmerecemos","tag-porelrenacer","tag-imdraa-celebro-tradicional-misa-del-deporte-en-alberto-adriani"],"yoast_head":"<!-- This site is optimized with the Yoast SEO plugin v19.13 - https:\/\/yoast.com\/wordpress\/plugins\/seo\/ -->\n<title>Imdraa celebr\u00f3 tradicional Misa del Deporte en Alberto Adriani<\/title>\n<meta name=\"description\" content=\"Imdraa celebr\u00f3 tradicional Misa del Deporte en Alberto Adriani en la Catedral Nuestra Se\u00f1ora del Perpetuo Socorro y una ofrenda floral.\" \/>\n<meta name=\"robots\" content=\"index, follow, max-snippet:-1, max-image-preview:large, max-video-preview:-1\" \/>\n<link rel=\"canonical\" href=\"https:\/\/alcaldiaalbertoadriani.com\/?p=9563\" \/>\n<meta property=\"og:locale\" content=\"es_ES\" \/>\n<meta property=\"og:type\" content=\"article\" \/>\n<meta property=\"og:title\" content=\"Imdraa celebr\u00f3 tradicional Misa del Deporte en Alberto Adriani\" \/>\n<meta property=\"og:description\" content=\"Imdraa celebr\u00f3 tradicional Misa del Deporte en Alberto Adriani en la Catedral Nuestra Se\u00f1ora del Perpetuo Socorro y una ofrenda floral.\" \/>\n<meta property=\"og:url\" content=\"https:\/\/alcaldiaalbertoadriani.com\/?p=9563\" \/>\n<meta property=\"og:site_name\" content=\"Alcaldia Alberto Adriani\" \/>\n<meta property=\"article:published_time\" content=\"2025-01-08T20:21:10+00:00\" \/>\n<meta property=\"article:modified_time\" content=\"2025-01-08T20:21:37+00:00\" \/>\n<meta property=\"og:image\" content=\"https:\/\/alcaldiaalbertoadriani.com\/wp-content\/uploads\/2025\/01\/photo_5181770853581434525_y.jpg\" \/>\n\t<meta property=\"og:image:width\" content=\"1280\" \/>\n\t<meta property=\"og:image:height\" content=\"960\" \/>\n\t<meta property=\"og:image:type\" content=\"image\/jpeg\" \/>\n<meta name=\"author\" content=\"Prensa\" \/>\n<meta name=\"twitter:card\" content=\"summary_large_image\" \/>\n<meta name=\"twitter:label1\" content=\"Escrito por\" \/>\n\t<meta name=\"twitter:data1\" content=\"Prensa\" \/>\n\t<meta name=\"twitter:label2\" content=\"Tiempo de lectura\" \/>\n\t<meta name=\"twitter:data2\" content=\"6 minutos\" \/>\n<script type=\"application\/ld+json\" class=\"yoast-schema-graph\">{\"@context\":\"https:\/\/schema.org\",\"@graph\":[{\"@type\":\"WebPage\",\"@id\":\"https:\/\/alcaldiaalbertoadriani.com\/?p=9563\",\"url\":\"https:\/\/alcaldiaalbertoadriani.com\/?p=9563\",\"name\":\"Imdraa celebr\u00f3 tradicional Misa del Deporte en Alberto Adriani\",\"isPartOf\":{\"@id\":\"https:\/\/alcaldiaalbertoadriani.com\/#website\"},\"datePublished\":\"2025-01-08T20:21:10+00:00\",\"dateModified\":\"2025-01-08T20:21:37+00:00\",\"author\":{\"@id\":\"https:\/\/alcaldiaalbertoadriani.com\/#\/schema\/person\/549b4483ff8999ac780deeea78795fc9\"},\"description\":\"Imdraa celebr\u00f3 tradicional Misa del Deporte en Alberto Adriani en la Catedral Nuestra Se\u00f1ora del Perpetuo Socorro y una ofrenda floral.\",\"breadcrumb\":{\"@id\":\"https:\/\/alcaldiaalbertoadriani.com\/?p=9563#breadcrumb\"},\"inLanguage\":\"es\",\"potentialAction\":[{\"@type\":\"ReadAction\",\"target\":[\"https:\/\/alcaldiaalbertoadriani.com\/?p=9563\"]}]},{\"@type\":\"BreadcrumbList\",\"@id\":\"https:\/\/alcaldiaalbertoadriani.com\/?p=9563#breadcrumb\",\"itemListElement\":[{\"@type\":\"ListItem\",\"position\":1,\"name\":\"Portada\",\"item\":\"https:\/\/alcaldiaalbertoadriani.com\/\"},{\"@type\":\"ListItem\",\"position\":2,\"name\":\"Imdraa celebr\u00f3 tradicional Misa del Deporte en Alberto Adriani\u00a0\u00a0\"}]},{\"@type\":\"WebSite\",\"@id\":\"https:\/\/alcaldiaalbertoadriani.com\/#website\",\"url\":\"https:\/\/alcaldiaalbertoadriani.com\/\",\"name\":\"Alcaldia Alberto Adriani\",\"description\":\"\",\"potentialAction\":[{\"@type\":\"SearchAction\",\"target\":{\"@type\":\"EntryPoint\",\"urlTemplate\":\"https:\/\/alcaldiaalbertoadriani.com\/?s={search_term_string}\"},\"query-input\":\"required name=search_term_string\"}],\"inLanguage\":\"es\"},{\"@type\":\"Person\",\"@id\":\"https:\/\/alcaldiaalbertoadriani.com\/#\/schema\/person\/549b4483ff8999ac780deeea78795fc9\",\"name\":\"Prensa\",\"image\":{\"@type\":\"ImageObject\",\"inLanguage\":\"es\",\"@id\":\"https:\/\/alcaldiaalbertoadriani.com\/#\/schema\/person\/image\/\",\"url\":\"https:\/\/secure.gravatar.com\/avatar\/ea1cb567ea992a29627f4eee1c2eb185ec16decec6342d508fdf18dedb56c9de?s=96&d=mm&r=g\",\"contentUrl\":\"https:\/\/secure.gravatar.com\/avatar\/ea1cb567ea992a29627f4eee1c2eb185ec16decec6342d508fdf18dedb56c9de?s=96&d=mm&r=g\",\"caption\":\"Prensa\"},\"url\":\"https:\/\/alcaldiaalbertoadriani.com\/?author=2\"}]}<\/script>\n<!-- \/ Yoast SEO plugin. -->","yoast_head_json":{"title":"Imdraa celebr\u00f3 tradicional Misa del Deporte en Alberto Adriani","description":"Imdraa celebr\u00f3 tradicional Misa del Deporte en Alberto Adriani en la Catedral Nuestra Se\u00f1ora del Perpetuo Socorro y una ofrenda floral.","robots":{"index":"index","follow":"follow","max-snippet":"max-snippet:-1","max-image-preview":"max-image-preview:large","max-video-preview":"max-video-preview:-1"},"canonical":"https:\/\/alcaldiaalbertoadriani.com\/?p=9563","og_locale":"es_ES","og_type":"article","og_title":"Imdraa celebr\u00f3 tradicional Misa del Deporte en Alberto Adriani","og_description":"Imdraa celebr\u00f3 tradicional Misa del Deporte en Alberto Adriani en la Catedral Nuestra Se\u00f1ora del Perpetuo Socorro y una ofrenda floral.","og_url":"https:\/\/alcaldiaalbertoadriani.com\/?p=9563","og_site_name":"Alcaldia Alberto Adriani","article_published_time":"2025-01-08T20:21:10+00:00","article_modified_time":"2025-01-08T20:21:37+00:00","og_image":[{"width":1280,"height":960,"url":"https:\/\/alcaldiaalbertoadriani.com\/wp-content\/uploads\/2025\/01\/photo_5181770853581434525_y.jpg","type":"image\/jpeg"}],"author":"Prensa","twitter_card":"summary_large_image","twitter_misc":{"Escrito por":"Prensa","Tiempo de lectura":"6 minutos"},"schema":{"@context":"https:\/\/schema.org","@graph":[{"@type":"WebPage","@id":"https:\/\/alcaldiaalbertoadriani.com\/?p=9563","url":"https:\/\/alcaldiaalbertoadriani.com\/?p=9563","name":"Imdraa celebr\u00f3 tradicional Misa del Deporte en Alberto Adriani","isPartOf":{"@id":"https:\/\/alcaldiaalbertoadriani.com\/#website"},"datePublished":"2025-01-08T20:21:10+00:00","dateModified":"2025-01-08T20:21:37+00:00","author":{"@id":"https:\/\/alcaldiaalbertoadriani.com\/#\/schema\/person\/549b4483ff8999ac780deeea78795fc9"},"description":"Imdraa celebr\u00f3 tradicional Misa del Deporte en Alberto Adriani en la Catedral Nuestra Se\u00f1ora del Perpetuo Socorro y una ofrenda floral.","breadcrumb":{"@id":"https:\/\/alcaldiaalbertoadriani.com\/?p=9563#breadcrumb"},"inLanguage":"es","potentialAction":[{"@type":"ReadAction","target":["https:\/\/alcaldiaalbertoadriani.com\/?p=9563"]}]},{"@type":"BreadcrumbList","@id":"https:\/\/alcaldiaalbertoadriani.com\/?p=9563#breadcrumb","itemListElement":[{"@type":"ListItem","position":1,"name":"Portada","item":"https:\/\/alcaldiaalbertoadriani.com\/"},{"@type":"ListItem","position":2,"name":"Imdraa celebr\u00f3 tradicional Misa del Deporte en Alberto Adriani\u00a0\u00a0"}]},{"@type":"WebSite","@id":"https:\/\/alcaldiaalbertoadriani.com\/#website","url":"https:\/\/alcaldiaalbertoadriani.com\/","name":"Alcaldia Alberto Adriani","description":"","potentialAction":[{"@type":"SearchAction","target":{"@type":"EntryPoint","urlTemplate":"https:\/\/alcaldiaalbertoadriani.com\/?s={search_term_string}"},"query-input":"required name=search_term_string"}],"inLanguage":"es"},{"@type":"Person","@id":"https:\/\/alcaldiaalbertoadriani.com\/#\/schema\/person\/549b4483ff8999ac780deeea78795fc9","name":"Prensa","image":{"@type":"ImageObject","inLanguage":"es","@id":"https:\/\/alcaldiaalbertoadriani.com\/#\/schema\/person\/image\/","url":"https:\/\/secure.gravatar.com\/avatar\/ea1cb567ea992a29627f4eee1c2eb185ec16decec6342d508fdf18dedb56c9de?s=96&d=mm&r=g","contentUrl":"https:\/\/secure.gravatar.com\/avatar\/ea1cb567ea992a29627f4eee1c2eb185ec16decec6342d508fdf18dedb56c9de?s=96&d=mm&r=g","caption":"Prensa"},"url":"https:\/\/alcaldiaalbertoadriani.com\/?author=2"}]}},"_links":{"self":[{"href":"https:\/\/alcaldiaalbertoadriani.com\/index.php?rest_route=\/wp\/v2\/posts\/9563","targetHints":{"allow":["GET"]}}],"collection":[{"href":"https:\/\/alcaldiaalbertoadriani.com\/index.php?rest_route=\/wp\/v2\/posts"}],"about":[{"href":"https:\/\/alcaldiaalbertoadriani.com\/index.php?rest_route=\/wp\/v2\/types\/post"}],"author":[{"embeddable":true,"href":"https:\/\/alcaldiaalbertoadriani.com\/index.php?rest_route=\/wp\/v2\/users\/2"}],"replies":[{"embeddable":true,"href":"https:\/\/alcaldiaalbertoadriani.com\/index.php?rest_route=%2Fwp%2Fv2%2Fcomments&post=9563"}],"version-history":[{"count":2,"href":"https:\/\/alcaldiaalbertoadriani.com\/index.php?rest_route=\/wp\/v2\/posts\/9563\/revisions"}],"predecessor-version":[{"id":9585,"href":"https:\/\/alcaldiaalbertoadriani.com\/index.php?rest_route=\/wp\/v2\/posts\/9563\/revisions\/9585"}],"wp:featuredmedia":[{"embeddable":true,"href":"https:\/\/alcaldiaalbertoadriani.com\/index.php?rest_route=\/wp\/v2\/media\/9564"}],"wp:attachment":[{"href":"https:\/\/alcaldiaalbertoadriani.com\/index.php?rest_route=%2Fwp%2Fv2%2Fmedia&parent=9563"}],"wp:term":[{"taxonomy":"category","embeddable":true,"href":"https:\/\/alcaldiaalbertoadriani.com\/index.php?rest_route=%2Fwp%2Fv2%2Fcategories&post=9563"},{"taxonomy":"post_tag","embeddable":true,"href":"https:\/\/alcaldiaalbertoadriani.com\/index.php?rest_route=%2Fwp%2Fv2%2Ftags&post=9563"}],"curies":[{"name":"wp","href":"https:\/\/api.w.org\/{rel}","templated":true}]}}