{"id":9419,"date":"2024-12-27T19:19:28","date_gmt":"2024-12-27T19:19:28","guid":{"rendered":"https:\/\/alcaldiaalbertoadriani.com\/?p=9419"},"modified":"2024-12-27T19:19:33","modified_gmt":"2024-12-27T19:19:33","slug":"buenos-aires-vivio-una-fiesta-de-color-y-tradicion","status":"publish","type":"post","link":"https:\/\/alcaldiaalbertoadriani.com\/?p=9419","title":{"rendered":"Buenos Aires vivi\u00f3 una fiesta de color y tradici\u00f3n\u00a0"},"content":{"rendered":"\n<h2 class=\"wp-block-heading\"><strong><em>Gobierno del alcalde Lisandro Segura efectu\u00f3 un total de nueve parrandones navide\u00f1os en las siete parroquias del municipio\u00a0<\/em><\/strong><\/h2>\n\n\n\n<p><\/p>\n\n\n\n<p>Este viernes, en un ambiente de emoci\u00f3n y gran colorido, culmin\u00f3 con\u00a0 \u00e9xito el noveno parrand\u00f3n navide\u00f1o en la urbanizaci\u00f3n Buenos Aires, ubicada en la <a href=\"https:\/\/alcaldiaalbertoadriani.com\/?p=6442\" target=\"_blank\" rel=\"noreferrer noopener\">parroquia R\u00f3mulo Gallegos<\/a> del municipio Alberto Adriani.<\/p>\n\n\n\n<figure class=\"wp-block-gallery has-nested-images columns-default is-cropped wp-block-gallery-1 is-layout-flex wp-block-gallery-is-layout-flex\">\n<figure class=\"wp-block-image size-large\"><img loading=\"lazy\" decoding=\"async\" width=\"1024\" height=\"576\" data-id=\"9421\" src=\"https:\/\/alcaldiaalbertoadriani.com\/wp-content\/uploads\/2024\/12\/photo_5131879796211559797_y-1024x576.jpg\" alt=\"\" class=\"wp-image-9421\" srcset=\"https:\/\/alcaldiaalbertoadriani.com\/wp-content\/uploads\/2024\/12\/photo_5131879796211559797_y-1024x576.jpg 1024w, https:\/\/alcaldiaalbertoadriani.com\/wp-content\/uploads\/2024\/12\/photo_5131879796211559797_y-980x551.jpg 980w, https:\/\/alcaldiaalbertoadriani.com\/wp-content\/uploads\/2024\/12\/photo_5131879796211559797_y-480x270.jpg 480w\" sizes=\"auto, (min-width: 0px) and (max-width: 480px) 480px, (min-width: 481px) and (max-width: 980px) 980px, (min-width: 981px) 1024px, 100vw\" \/><\/figure>\n<\/figure>\n\n\n\n<p>El evento cont\u00f3 con el acompa\u00f1amiento de Alfredo Mendoza, en representaci\u00f3n del alcalde <a href=\"https:\/\/www.instagram.com\/lisandrosegura02\/?hl=es-es\" target=\"_blank\" rel=\"noreferrer noopener\">Lisandro Segura<\/a>, reinas de FeriVig\u00eda 2024 y algunos ediles del Concejo Municipal.\u00a0\u00a0<\/p>\n\n\n\n<p>El p\u00fablico disfrut\u00f3 de bailes culturales, navide\u00f1os y popurr\u00ed. Adem\u00e1s, la participaci\u00f3n de academias y agrupaciones musicales que amenizaron el ambiente con m\u00fasica bailable, vallenata, campesina y mexicana.&nbsp;&nbsp;<\/p>\n\n\n\n<figure class=\"wp-block-gallery has-nested-images columns-default is-cropped wp-block-gallery-2 is-layout-flex wp-block-gallery-is-layout-flex\">\n<figure class=\"wp-block-image size-large\"><img loading=\"lazy\" decoding=\"async\" width=\"1024\" height=\"576\" data-id=\"9422\" src=\"https:\/\/alcaldiaalbertoadriani.com\/wp-content\/uploads\/2024\/12\/photo_5131879796211559798_y-1024x576.jpg\" alt=\"\" class=\"wp-image-9422\" srcset=\"https:\/\/alcaldiaalbertoadriani.com\/wp-content\/uploads\/2024\/12\/photo_5131879796211559798_y-1024x576.jpg 1024w, https:\/\/alcaldiaalbertoadriani.com\/wp-content\/uploads\/2024\/12\/photo_5131879796211559798_y-980x551.jpg 980w, https:\/\/alcaldiaalbertoadriani.com\/wp-content\/uploads\/2024\/12\/photo_5131879796211559798_y-480x270.jpg 480w\" sizes=\"auto, (min-width: 0px) and (max-width: 480px) 480px, (min-width: 481px) and (max-width: 980px) 980px, (min-width: 981px) 1024px, 100vw\" \/><\/figure>\n<\/figure>\n\n\n\n<p>Un jurado calificador evalu\u00f3 las distintas participaciones, mientras que miembros de la Alianza Radial Adrianista, brindaron cobertura al evento.&nbsp;&nbsp;&nbsp;&nbsp;&nbsp;<\/p>\n\n\n\n<p>Por \u00faltimo, las autoridades municipales, entregaron merecidos certificados de reconocimientos a los participantes del parrand\u00f3n en Buenos Aires. <strong><em>Prensa Alcald\u00eda Alberto Adriani\/Edgar Mendoza CNP 25.736\/Fotos: Keith Coronado.<\/em><\/strong><\/p>\n\n\n\n<figure class=\"wp-block-gallery has-nested-images columns-default is-cropped wp-block-gallery-3 is-layout-flex wp-block-gallery-is-layout-flex\">\n<figure class=\"wp-block-image size-large\"><img loading=\"lazy\" decoding=\"async\" width=\"1024\" height=\"576\" data-id=\"9432\" src=\"https:\/\/alcaldiaalbertoadriani.com\/wp-content\/uploads\/2024\/12\/photo_5131879796211559799_y-1024x576.jpg\" alt=\"\" class=\"wp-image-9432\" srcset=\"https:\/\/alcaldiaalbertoadriani.com\/wp-content\/uploads\/2024\/12\/photo_5131879796211559799_y-1024x576.jpg 1024w, https:\/\/alcaldiaalbertoadriani.com\/wp-content\/uploads\/2024\/12\/photo_5131879796211559799_y-980x551.jpg 980w, https:\/\/alcaldiaalbertoadriani.com\/wp-content\/uploads\/2024\/12\/photo_5131879796211559799_y-480x270.jpg 480w\" sizes=\"auto, (min-width: 0px) and (max-width: 480px) 480px, (min-width: 481px) and (max-width: 980px) 980px, (min-width: 981px) 1024px, 100vw\" \/><\/figure>\n\n\n\n<figure class=\"wp-block-image size-large\"><img loading=\"lazy\" decoding=\"async\" width=\"1024\" height=\"576\" data-id=\"9428\" src=\"https:\/\/alcaldiaalbertoadriani.com\/wp-content\/uploads\/2024\/12\/photo_5132170015741685070_y-1024x576.jpg\" alt=\"\" class=\"wp-image-9428\" srcset=\"https:\/\/alcaldiaalbertoadriani.com\/wp-content\/uploads\/2024\/12\/photo_5132170015741685070_y-1024x576.jpg 1024w, https:\/\/alcaldiaalbertoadriani.com\/wp-content\/uploads\/2024\/12\/photo_5132170015741685070_y-980x551.jpg 980w, https:\/\/alcaldiaalbertoadriani.com\/wp-content\/uploads\/2024\/12\/photo_5132170015741685070_y-480x270.jpg 480w\" sizes=\"auto, (min-width: 0px) and (max-width: 480px) 480px, (min-width: 481px) and (max-width: 980px) 980px, (min-width: 981px) 1024px, 100vw\" \/><\/figure>\n\n\n\n<figure class=\"wp-block-image size-large\"><img loading=\"lazy\" decoding=\"async\" width=\"1024\" height=\"576\" data-id=\"9431\" src=\"https:\/\/alcaldiaalbertoadriani.com\/wp-content\/uploads\/2024\/12\/photo_5132170015741685071_y-1024x576.jpg\" alt=\"\" class=\"wp-image-9431\" srcset=\"https:\/\/alcaldiaalbertoadriani.com\/wp-content\/uploads\/2024\/12\/photo_5132170015741685071_y-1024x576.jpg 1024w, https:\/\/alcaldiaalbertoadriani.com\/wp-content\/uploads\/2024\/12\/photo_5132170015741685071_y-980x551.jpg 980w, https:\/\/alcaldiaalbertoadriani.com\/wp-content\/uploads\/2024\/12\/photo_5132170015741685071_y-480x270.jpg 480w\" sizes=\"auto, (min-width: 0px) and (max-width: 480px) 480px, (min-width: 481px) and (max-width: 980px) 980px, (min-width: 981px) 1024px, 100vw\" \/><\/figure>\n\n\n\n<figure class=\"wp-block-image size-large\"><img loading=\"lazy\" decoding=\"async\" width=\"1024\" height=\"768\" data-id=\"9425\" src=\"https:\/\/alcaldiaalbertoadriani.com\/wp-content\/uploads\/2024\/12\/photo_5132170015741685072_y-1024x768.jpg\" alt=\"\" class=\"wp-image-9425\" srcset=\"https:\/\/alcaldiaalbertoadriani.com\/wp-content\/uploads\/2024\/12\/photo_5132170015741685072_y-1024x768.jpg 1024w, https:\/\/alcaldiaalbertoadriani.com\/wp-content\/uploads\/2024\/12\/photo_5132170015741685072_y-980x735.jpg 980w, https:\/\/alcaldiaalbertoadriani.com\/wp-content\/uploads\/2024\/12\/photo_5132170015741685072_y-480x360.jpg 480w\" sizes=\"auto, (min-width: 0px) and (max-width: 480px) 480px, (min-width: 481px) and (max-width: 980px) 980px, (min-width: 981px) 1024px, 100vw\" \/><\/figure>\n\n\n\n<figure class=\"wp-block-image size-large\"><img loading=\"lazy\" decoding=\"async\" width=\"1024\" height=\"576\" data-id=\"9424\" src=\"https:\/\/alcaldiaalbertoadriani.com\/wp-content\/uploads\/2024\/12\/photo_5132170015741685073_y-1024x576.jpg\" alt=\"\" class=\"wp-image-9424\" srcset=\"https:\/\/alcaldiaalbertoadriani.com\/wp-content\/uploads\/2024\/12\/photo_5132170015741685073_y-1024x576.jpg 1024w, https:\/\/alcaldiaalbertoadriani.com\/wp-content\/uploads\/2024\/12\/photo_5132170015741685073_y-980x551.jpg 980w, https:\/\/alcaldiaalbertoadriani.com\/wp-content\/uploads\/2024\/12\/photo_5132170015741685073_y-480x270.jpg 480w\" sizes=\"auto, (min-width: 0px) and (max-width: 480px) 480px, (min-width: 481px) and (max-width: 980px) 980px, (min-width: 981px) 1024px, 100vw\" \/><\/figure>\n\n\n\n<figure class=\"wp-block-image size-large\"><img loading=\"lazy\" decoding=\"async\" width=\"1024\" height=\"576\" data-id=\"9427\" src=\"https:\/\/alcaldiaalbertoadriani.com\/wp-content\/uploads\/2024\/12\/photo_5132170015741685074_y-1024x576.jpg\" alt=\"\" class=\"wp-image-9427\" srcset=\"https:\/\/alcaldiaalbertoadriani.com\/wp-content\/uploads\/2024\/12\/photo_5132170015741685074_y-1024x576.jpg 1024w, https:\/\/alcaldiaalbertoadriani.com\/wp-content\/uploads\/2024\/12\/photo_5132170015741685074_y-980x551.jpg 980w, https:\/\/alcaldiaalbertoadriani.com\/wp-content\/uploads\/2024\/12\/photo_5132170015741685074_y-480x270.jpg 480w\" sizes=\"auto, (min-width: 0px) and (max-width: 480px) 480px, (min-width: 481px) and (max-width: 980px) 980px, (min-width: 981px) 1024px, 100vw\" \/><\/figure>\n\n\n\n<figure class=\"wp-block-image size-large\"><img loading=\"lazy\" decoding=\"async\" width=\"1024\" height=\"576\" data-id=\"9429\" src=\"https:\/\/alcaldiaalbertoadriani.com\/wp-content\/uploads\/2024\/12\/photo_5132316405407002251_y-1024x576.jpg\" alt=\"\" class=\"wp-image-9429\" srcset=\"https:\/\/alcaldiaalbertoadriani.com\/wp-content\/uploads\/2024\/12\/photo_5132316405407002251_y-1024x576.jpg 1024w, https:\/\/alcaldiaalbertoadriani.com\/wp-content\/uploads\/2024\/12\/photo_5132316405407002251_y-980x551.jpg 980w, https:\/\/alcaldiaalbertoadriani.com\/wp-content\/uploads\/2024\/12\/photo_5132316405407002251_y-480x270.jpg 480w\" sizes=\"auto, (min-width: 0px) and (max-width: 480px) 480px, (min-width: 481px) and (max-width: 980px) 980px, (min-width: 981px) 1024px, 100vw\" \/><\/figure>\n\n\n\n<figure class=\"wp-block-image size-large\"><img loading=\"lazy\" decoding=\"async\" width=\"1024\" height=\"576\" data-id=\"9426\" src=\"https:\/\/alcaldiaalbertoadriani.com\/wp-content\/uploads\/2024\/12\/photo_5132316405407002252_y-1024x576.jpg\" alt=\"\" class=\"wp-image-9426\" srcset=\"https:\/\/alcaldiaalbertoadriani.com\/wp-content\/uploads\/2024\/12\/photo_5132316405407002252_y-1024x576.jpg 1024w, https:\/\/alcaldiaalbertoadriani.com\/wp-content\/uploads\/2024\/12\/photo_5132316405407002252_y-980x551.jpg 980w, https:\/\/alcaldiaalbertoadriani.com\/wp-content\/uploads\/2024\/12\/photo_5132316405407002252_y-480x270.jpg 480w\" sizes=\"auto, (min-width: 0px) and (max-width: 480px) 480px, (min-width: 481px) and (max-width: 980px) 980px, (min-width: 981px) 1024px, 100vw\" \/><\/figure>\n\n\n\n<figure class=\"wp-block-image size-large\"><img loading=\"lazy\" decoding=\"async\" width=\"1024\" height=\"576\" data-id=\"9423\" src=\"https:\/\/alcaldiaalbertoadriani.com\/wp-content\/uploads\/2024\/12\/photo_5132316405407002253_y-1024x576.jpg\" alt=\"\" class=\"wp-image-9423\" srcset=\"https:\/\/alcaldiaalbertoadriani.com\/wp-content\/uploads\/2024\/12\/photo_5132316405407002253_y-1024x576.jpg 1024w, https:\/\/alcaldiaalbertoadriani.com\/wp-content\/uploads\/2024\/12\/photo_5132316405407002253_y-980x551.jpg 980w, https:\/\/alcaldiaalbertoadriani.com\/wp-content\/uploads\/2024\/12\/photo_5132316405407002253_y-480x270.jpg 480w\" sizes=\"auto, (min-width: 0px) and (max-width: 480px) 480px, (min-width: 481px) and (max-width: 980px) 980px, (min-width: 981px) 1024px, 100vw\" \/><\/figure>\n\n\n\n<figure class=\"wp-block-image size-large\"><img loading=\"lazy\" decoding=\"async\" width=\"1024\" height=\"768\" data-id=\"9433\" src=\"https:\/\/alcaldiaalbertoadriani.com\/wp-content\/uploads\/2024\/12\/photo_5132316405407002254_y-1024x768.jpg\" alt=\"\" class=\"wp-image-9433\" srcset=\"https:\/\/alcaldiaalbertoadriani.com\/wp-content\/uploads\/2024\/12\/photo_5132316405407002254_y-1024x768.jpg 1024w, https:\/\/alcaldiaalbertoadriani.com\/wp-content\/uploads\/2024\/12\/photo_5132316405407002254_y-980x735.jpg 980w, https:\/\/alcaldiaalbertoadriani.com\/wp-content\/uploads\/2024\/12\/photo_5132316405407002254_y-480x360.jpg 480w\" sizes=\"auto, (min-width: 0px) and (max-width: 480px) 480px, (min-width: 481px) and (max-width: 980px) 980px, (min-width: 981px) 1024px, 100vw\" \/><\/figure>\n\n\n\n<figure class=\"wp-block-image size-large\"><img loading=\"lazy\" decoding=\"async\" width=\"1024\" height=\"576\" data-id=\"9434\" src=\"https:\/\/alcaldiaalbertoadriani.com\/wp-content\/uploads\/2024\/12\/photo_5132316405407002255_y-1024x576.jpg\" alt=\"\" class=\"wp-image-9434\" srcset=\"https:\/\/alcaldiaalbertoadriani.com\/wp-content\/uploads\/2024\/12\/photo_5132316405407002255_y-1024x576.jpg 1024w, https:\/\/alcaldiaalbertoadriani.com\/wp-content\/uploads\/2024\/12\/photo_5132316405407002255_y-980x551.jpg 980w, https:\/\/alcaldiaalbertoadriani.com\/wp-content\/uploads\/2024\/12\/photo_5132316405407002255_y-480x270.jpg 480w\" sizes=\"auto, (min-width: 0px) and (max-width: 480px) 480px, (min-width: 481px) and (max-width: 980px) 980px, (min-width: 981px) 1024px, 100vw\" \/><\/figure>\n\n\n\n<figure class=\"wp-block-image size-large\"><img loading=\"lazy\" decoding=\"async\" width=\"1024\" height=\"768\" data-id=\"9430\" src=\"https:\/\/alcaldiaalbertoadriani.com\/wp-content\/uploads\/2024\/12\/photo_5132316405407002256_y-1024x768.jpg\" alt=\"\" class=\"wp-image-9430\" srcset=\"https:\/\/alcaldiaalbertoadriani.com\/wp-content\/uploads\/2024\/12\/photo_5132316405407002256_y-1024x768.jpg 1024w, https:\/\/alcaldiaalbertoadriani.com\/wp-content\/uploads\/2024\/12\/photo_5132316405407002256_y-980x735.jpg 980w, https:\/\/alcaldiaalbertoadriani.com\/wp-content\/uploads\/2024\/12\/photo_5132316405407002256_y-480x360.jpg 480w\" sizes=\"auto, (min-width: 0px) and (max-width: 480px) 480px, (min-width: 481px) and (max-width: 980px) 980px, (min-width: 981px) 1024px, 100vw\" \/><\/figure>\n<\/figure>\n","protected":false},"excerpt":{"rendered":"<p>Gobierno del alcalde Lisandro Segura efectu\u00f3 un total de nueve parrandones navide\u00f1os en las siete parroquias del municipio\u00a0 Este viernes, en un ambiente de emoci\u00f3n y gran colorido, culmin\u00f3 con\u00a0 [&hellip;]<\/p>\n","protected":false},"author":2,"featured_media":9420,"comment_status":"open","ping_status":"closed","sticky":false,"template":"","format":"standard","meta":{"_et_pb_use_builder":"off","_et_pb_old_content":"","_et_gb_content_width":"","footnotes":""},"categories":[341,77,25,930],"tags":[31,11,12,15,761,30,29,28,951],"class_list":["post-9419","post","type-post","status-publish","format-standard","has-post-thumbnail","hentry","category-alcaldia-alberto-adriani","category-iamcaa","category-nuestro-municipio","category-parrandon","tag-alcalde","tag-alcaldia","tag-alcaldiaalbertoadriani","tag-elvigia","tag-encrucijadadeprogreso","tag-lisandrosegura","tag-municipioquenosmerecemos","tag-porelrenacer","tag-buenos-aires-vivio-una-fiesta-de-color-y-tradicion"],"yoast_head":"<!-- This site is optimized with the Yoast SEO plugin v19.13 - https:\/\/yoast.com\/wordpress\/plugins\/seo\/ -->\n<title>Buenos Aires vivi\u00f3 una fiesta de color y tradici\u00f3n<\/title>\n<meta name=\"description\" content=\"Buenos Aires vivi\u00f3 una fiesta de color y tradici\u00f3n este viernes, en un ambiente de emoci\u00f3n y gran colorido, culmin\u00f3 con\u00a0 \u00e9xito\" \/>\n<meta name=\"robots\" content=\"index, follow, max-snippet:-1, max-image-preview:large, max-video-preview:-1\" \/>\n<link rel=\"canonical\" href=\"https:\/\/alcaldiaalbertoadriani.com\/?p=9419\" \/>\n<meta property=\"og:locale\" content=\"es_ES\" \/>\n<meta property=\"og:type\" content=\"article\" \/>\n<meta property=\"og:title\" content=\"Buenos Aires vivi\u00f3 una fiesta de color y tradici\u00f3n\" \/>\n<meta property=\"og:description\" content=\"Buenos Aires vivi\u00f3 una fiesta de color y tradici\u00f3n este viernes, en un ambiente de emoci\u00f3n y gran colorido, culmin\u00f3 con\u00a0 \u00e9xito\" \/>\n<meta property=\"og:url\" content=\"https:\/\/alcaldiaalbertoadriani.com\/?p=9419\" \/>\n<meta property=\"og:site_name\" content=\"Alcaldia Alberto Adriani\" \/>\n<meta property=\"article:published_time\" content=\"2024-12-27T19:19:28+00:00\" \/>\n<meta property=\"article:modified_time\" content=\"2024-12-27T19:19:33+00:00\" \/>\n<meta property=\"og:image\" content=\"https:\/\/alcaldiaalbertoadriani.com\/wp-content\/uploads\/2024\/12\/photo_5132294380814708241_y.jpg\" \/>\n\t<meta property=\"og:image:width\" content=\"1280\" \/>\n\t<meta property=\"og:image:height\" content=\"960\" \/>\n\t<meta property=\"og:image:type\" content=\"image\/jpeg\" \/>\n<meta name=\"author\" content=\"Prensa\" \/>\n<meta name=\"twitter:card\" content=\"summary_large_image\" \/>\n<meta name=\"twitter:label1\" content=\"Escrito por\" \/>\n\t<meta name=\"twitter:data1\" content=\"Prensa\" \/>\n\t<meta name=\"twitter:label2\" content=\"Tiempo de lectura\" \/>\n\t<meta name=\"twitter:data2\" content=\"4 minutos\" \/>\n<script type=\"application\/ld+json\" class=\"yoast-schema-graph\">{\"@context\":\"https:\/\/schema.org\",\"@graph\":[{\"@type\":\"WebPage\",\"@id\":\"https:\/\/alcaldiaalbertoadriani.com\/?p=9419\",\"url\":\"https:\/\/alcaldiaalbertoadriani.com\/?p=9419\",\"name\":\"Buenos Aires vivi\u00f3 una fiesta de color y tradici\u00f3n\",\"isPartOf\":{\"@id\":\"https:\/\/alcaldiaalbertoadriani.com\/#website\"},\"datePublished\":\"2024-12-27T19:19:28+00:00\",\"dateModified\":\"2024-12-27T19:19:33+00:00\",\"author\":{\"@id\":\"https:\/\/alcaldiaalbertoadriani.com\/#\/schema\/person\/549b4483ff8999ac780deeea78795fc9\"},\"description\":\"Buenos Aires vivi\u00f3 una fiesta de color y tradici\u00f3n este viernes, en un ambiente de emoci\u00f3n y gran colorido, culmin\u00f3 con\u00a0 \u00e9xito\",\"breadcrumb\":{\"@id\":\"https:\/\/alcaldiaalbertoadriani.com\/?p=9419#breadcrumb\"},\"inLanguage\":\"es\",\"potentialAction\":[{\"@type\":\"ReadAction\",\"target\":[\"https:\/\/alcaldiaalbertoadriani.com\/?p=9419\"]}]},{\"@type\":\"BreadcrumbList\",\"@id\":\"https:\/\/alcaldiaalbertoadriani.com\/?p=9419#breadcrumb\",\"itemListElement\":[{\"@type\":\"ListItem\",\"position\":1,\"name\":\"Portada\",\"item\":\"https:\/\/alcaldiaalbertoadriani.com\/\"},{\"@type\":\"ListItem\",\"position\":2,\"name\":\"Buenos Aires vivi\u00f3 una fiesta de color y tradici\u00f3n\u00a0\"}]},{\"@type\":\"WebSite\",\"@id\":\"https:\/\/alcaldiaalbertoadriani.com\/#website\",\"url\":\"https:\/\/alcaldiaalbertoadriani.com\/\",\"name\":\"Alcaldia Alberto Adriani\",\"description\":\"\",\"potentialAction\":[{\"@type\":\"SearchAction\",\"target\":{\"@type\":\"EntryPoint\",\"urlTemplate\":\"https:\/\/alcaldiaalbertoadriani.com\/?s={search_term_string}\"},\"query-input\":\"required name=search_term_string\"}],\"inLanguage\":\"es\"},{\"@type\":\"Person\",\"@id\":\"https:\/\/alcaldiaalbertoadriani.com\/#\/schema\/person\/549b4483ff8999ac780deeea78795fc9\",\"name\":\"Prensa\",\"image\":{\"@type\":\"ImageObject\",\"inLanguage\":\"es\",\"@id\":\"https:\/\/alcaldiaalbertoadriani.com\/#\/schema\/person\/image\/\",\"url\":\"https:\/\/secure.gravatar.com\/avatar\/ea1cb567ea992a29627f4eee1c2eb185ec16decec6342d508fdf18dedb56c9de?s=96&d=mm&r=g\",\"contentUrl\":\"https:\/\/secure.gravatar.com\/avatar\/ea1cb567ea992a29627f4eee1c2eb185ec16decec6342d508fdf18dedb56c9de?s=96&d=mm&r=g\",\"caption\":\"Prensa\"},\"url\":\"https:\/\/alcaldiaalbertoadriani.com\/?author=2\"}]}<\/script>\n<!-- \/ Yoast SEO plugin. -->","yoast_head_json":{"title":"Buenos Aires vivi\u00f3 una fiesta de color y tradici\u00f3n","description":"Buenos Aires vivi\u00f3 una fiesta de color y tradici\u00f3n este viernes, en un ambiente de emoci\u00f3n y gran colorido, culmin\u00f3 con\u00a0 \u00e9xito","robots":{"index":"index","follow":"follow","max-snippet":"max-snippet:-1","max-image-preview":"max-image-preview:large","max-video-preview":"max-video-preview:-1"},"canonical":"https:\/\/alcaldiaalbertoadriani.com\/?p=9419","og_locale":"es_ES","og_type":"article","og_title":"Buenos Aires vivi\u00f3 una fiesta de color y tradici\u00f3n","og_description":"Buenos Aires vivi\u00f3 una fiesta de color y tradici\u00f3n este viernes, en un ambiente de emoci\u00f3n y gran colorido, culmin\u00f3 con\u00a0 \u00e9xito","og_url":"https:\/\/alcaldiaalbertoadriani.com\/?p=9419","og_site_name":"Alcaldia Alberto Adriani","article_published_time":"2024-12-27T19:19:28+00:00","article_modified_time":"2024-12-27T19:19:33+00:00","og_image":[{"width":1280,"height":960,"url":"https:\/\/alcaldiaalbertoadriani.com\/wp-content\/uploads\/2024\/12\/photo_5132294380814708241_y.jpg","type":"image\/jpeg"}],"author":"Prensa","twitter_card":"summary_large_image","twitter_misc":{"Escrito por":"Prensa","Tiempo de lectura":"4 minutos"},"schema":{"@context":"https:\/\/schema.org","@graph":[{"@type":"WebPage","@id":"https:\/\/alcaldiaalbertoadriani.com\/?p=9419","url":"https:\/\/alcaldiaalbertoadriani.com\/?p=9419","name":"Buenos Aires vivi\u00f3 una fiesta de color y tradici\u00f3n","isPartOf":{"@id":"https:\/\/alcaldiaalbertoadriani.com\/#website"},"datePublished":"2024-12-27T19:19:28+00:00","dateModified":"2024-12-27T19:19:33+00:00","author":{"@id":"https:\/\/alcaldiaalbertoadriani.com\/#\/schema\/person\/549b4483ff8999ac780deeea78795fc9"},"description":"Buenos Aires vivi\u00f3 una fiesta de color y tradici\u00f3n este viernes, en un ambiente de emoci\u00f3n y gran colorido, culmin\u00f3 con\u00a0 \u00e9xito","breadcrumb":{"@id":"https:\/\/alcaldiaalbertoadriani.com\/?p=9419#breadcrumb"},"inLanguage":"es","potentialAction":[{"@type":"ReadAction","target":["https:\/\/alcaldiaalbertoadriani.com\/?p=9419"]}]},{"@type":"BreadcrumbList","@id":"https:\/\/alcaldiaalbertoadriani.com\/?p=9419#breadcrumb","itemListElement":[{"@type":"ListItem","position":1,"name":"Portada","item":"https:\/\/alcaldiaalbertoadriani.com\/"},{"@type":"ListItem","position":2,"name":"Buenos Aires vivi\u00f3 una fiesta de color y tradici\u00f3n\u00a0"}]},{"@type":"WebSite","@id":"https:\/\/alcaldiaalbertoadriani.com\/#website","url":"https:\/\/alcaldiaalbertoadriani.com\/","name":"Alcaldia Alberto Adriani","description":"","potentialAction":[{"@type":"SearchAction","target":{"@type":"EntryPoint","urlTemplate":"https:\/\/alcaldiaalbertoadriani.com\/?s={search_term_string}"},"query-input":"required name=search_term_string"}],"inLanguage":"es"},{"@type":"Person","@id":"https:\/\/alcaldiaalbertoadriani.com\/#\/schema\/person\/549b4483ff8999ac780deeea78795fc9","name":"Prensa","image":{"@type":"ImageObject","inLanguage":"es","@id":"https:\/\/alcaldiaalbertoadriani.com\/#\/schema\/person\/image\/","url":"https:\/\/secure.gravatar.com\/avatar\/ea1cb567ea992a29627f4eee1c2eb185ec16decec6342d508fdf18dedb56c9de?s=96&d=mm&r=g","contentUrl":"https:\/\/secure.gravatar.com\/avatar\/ea1cb567ea992a29627f4eee1c2eb185ec16decec6342d508fdf18dedb56c9de?s=96&d=mm&r=g","caption":"Prensa"},"url":"https:\/\/alcaldiaalbertoadriani.com\/?author=2"}]}},"_links":{"self":[{"href":"https:\/\/alcaldiaalbertoadriani.com\/index.php?rest_route=\/wp\/v2\/posts\/9419","targetHints":{"allow":["GET"]}}],"collection":[{"href":"https:\/\/alcaldiaalbertoadriani.com\/index.php?rest_route=\/wp\/v2\/posts"}],"about":[{"href":"https:\/\/alcaldiaalbertoadriani.com\/index.php?rest_route=\/wp\/v2\/types\/post"}],"author":[{"embeddable":true,"href":"https:\/\/alcaldiaalbertoadriani.com\/index.php?rest_route=\/wp\/v2\/users\/2"}],"replies":[{"embeddable":true,"href":"https:\/\/alcaldiaalbertoadriani.com\/index.php?rest_route=%2Fwp%2Fv2%2Fcomments&post=9419"}],"version-history":[{"count":1,"href":"https:\/\/alcaldiaalbertoadriani.com\/index.php?rest_route=\/wp\/v2\/posts\/9419\/revisions"}],"predecessor-version":[{"id":9435,"href":"https:\/\/alcaldiaalbertoadriani.com\/index.php?rest_route=\/wp\/v2\/posts\/9419\/revisions\/9435"}],"wp:featuredmedia":[{"embeddable":true,"href":"https:\/\/alcaldiaalbertoadriani.com\/index.php?rest_route=\/wp\/v2\/media\/9420"}],"wp:attachment":[{"href":"https:\/\/alcaldiaalbertoadriani.com\/index.php?rest_route=%2Fwp%2Fv2%2Fmedia&parent=9419"}],"wp:term":[{"taxonomy":"category","embeddable":true,"href":"https:\/\/alcaldiaalbertoadriani.com\/index.php?rest_route=%2Fwp%2Fv2%2Fcategories&post=9419"},{"taxonomy":"post_tag","embeddable":true,"href":"https:\/\/alcaldiaalbertoadriani.com\/index.php?rest_route=%2Fwp%2Fv2%2Ftags&post=9419"}],"curies":[{"name":"wp","href":"https:\/\/api.w.org\/{rel}","templated":true}]}}