{"id":9249,"date":"2024-12-19T16:20:39","date_gmt":"2024-12-19T16:20:39","guid":{"rendered":"https:\/\/alcaldiaalbertoadriani.com\/?p=9249"},"modified":"2024-12-19T16:20:45","modified_gmt":"2024-12-19T16:20:45","slug":"san-isidro-revivio-las-tradiciones-decembrinas-con-el-parrandon","status":"publish","type":"post","link":"https:\/\/alcaldiaalbertoadriani.com\/?p=9249","title":{"rendered":"San Isidro revivi\u00f3 las tradiciones decembrinas con el Parrand\u00f3n navide\u00f1o"},"content":{"rendered":"\n<p><\/p>\n\n\n\n<p>Las emociones y el esp\u00edritu navide\u00f1o se hicieron sentir en el sector San Isidro de la <a href=\"https:\/\/alcaldiaalbertoadriani.com\/?p=4349\" target=\"_blank\" rel=\"noreferrer noopener\">parroquia R\u00f3mulo Betancourt<\/a>, con la celebraci\u00f3n del cuarto parrand\u00f3n navide\u00f1o este viernes. La comunidad se uni\u00f3 en una velada llena de alegr\u00eda, m\u00fasica y tradiciones.<\/p>\n\n\n\n<!--more-->\n\n\n\n<p>El alcalde<a href=\"https:\/\/www.instagram.com\/lisandrosegura02\/?hl=es-es\" target=\"_blank\" rel=\"noreferrer noopener\"> Lisandro Segura<\/a>, expres\u00f3 su satisfacci\u00f3n por la actividad, destacando el compromiso de los vecinos en la organizaci\u00f3n. Asimismo, dio un mensaje a los presentes a mantener la fe y los valores de la familia. \u201cLa esperanza es el motor que nos impulsa a seguir trabajando, a accionar con determinaci\u00f3n en la b\u00fasqueda de lo que anhelamos en el futuro para un mejor municipio y un mejor pa\u00eds\u201d, dijo.<\/p>\n\n\n\n<figure class=\"wp-block-gallery has-nested-images columns-default is-cropped wp-block-gallery-1 is-layout-flex wp-block-gallery-is-layout-flex\">\n<figure class=\"wp-block-image size-large\"><img loading=\"lazy\" decoding=\"async\" width=\"1024\" height=\"768\" data-id=\"9251\" src=\"https:\/\/alcaldiaalbertoadriani.com\/wp-content\/uploads\/2024\/12\/WhatsApp-Image-2024-12-18-at-3.40.39-PM-1-1024x768.jpeg\" alt=\"\" class=\"wp-image-9251\" srcset=\"https:\/\/alcaldiaalbertoadriani.com\/wp-content\/uploads\/2024\/12\/WhatsApp-Image-2024-12-18-at-3.40.39-PM-1-1024x768.jpeg 1024w, https:\/\/alcaldiaalbertoadriani.com\/wp-content\/uploads\/2024\/12\/WhatsApp-Image-2024-12-18-at-3.40.39-PM-1-980x735.jpeg 980w, https:\/\/alcaldiaalbertoadriani.com\/wp-content\/uploads\/2024\/12\/WhatsApp-Image-2024-12-18-at-3.40.39-PM-1-480x360.jpeg 480w\" sizes=\"auto, (min-width: 0px) and (max-width: 480px) 480px, (min-width: 481px) and (max-width: 980px) 980px, (min-width: 981px) 1024px, 100vw\" \/><\/figure>\n<\/figure>\n\n\n\n<p>Estuvieron presentes en el evento, la reina FeriVigia 2024, Mar\u00eda de Jes\u00fas Rivas, y la reina 2023, Oriangy Mercado.<\/p>\n\n\n\n<p>La noche estuvo llena de talentos. La<a href=\"https:\/\/alcaldiaalbertoadriani.com\/?p=1297\" target=\"_blank\" rel=\"noreferrer noopener\"> Banda Municipal Inocente Carre\u00f1o<\/a> deleit\u00f3 al p\u00fablico con sus melod\u00edas; de igual modo, danzas tradicionales ambientaron la celebraci\u00f3n. La declamaci\u00f3n de poemas y el sabor gaitero, t\u00edpico en estas fechas, impregnaron de alegr\u00eda a los presentes.<\/p>\n\n\n\n<figure class=\"wp-block-gallery has-nested-images columns-default is-cropped wp-block-gallery-2 is-layout-flex wp-block-gallery-is-layout-flex\">\n<figure class=\"wp-block-image size-large\"><img loading=\"lazy\" decoding=\"async\" width=\"1024\" height=\"768\" data-id=\"9252\" src=\"https:\/\/alcaldiaalbertoadriani.com\/wp-content\/uploads\/2024\/12\/WhatsApp-Image-2024-12-18-at-3.40.38-PM-4-1024x768.jpeg\" alt=\"\" class=\"wp-image-9252\" srcset=\"https:\/\/alcaldiaalbertoadriani.com\/wp-content\/uploads\/2024\/12\/WhatsApp-Image-2024-12-18-at-3.40.38-PM-4-1024x768.jpeg 1024w, https:\/\/alcaldiaalbertoadriani.com\/wp-content\/uploads\/2024\/12\/WhatsApp-Image-2024-12-18-at-3.40.38-PM-4-980x735.jpeg 980w, https:\/\/alcaldiaalbertoadriani.com\/wp-content\/uploads\/2024\/12\/WhatsApp-Image-2024-12-18-at-3.40.38-PM-4-480x360.jpeg 480w\" sizes=\"auto, (min-width: 0px) and (max-width: 480px) 480px, (min-width: 481px) and (max-width: 980px) 980px, (min-width: 981px) 1024px, 100vw\" \/><\/figure>\n<\/figure>\n\n\n\n<p>Lucy Fern\u00e1ndez, miembro del comit\u00e9 organizador, expres\u00f3 su emoci\u00f3n por el desarrollo del evento en su comunidad y agradeci\u00f3 el apoyo de la alcald\u00eda de Alberto Adriani. \u201cEstamos muy felices de poder compartir estas tradiciones con nuestra comunidad y de contar con el respaldo de nuestras autoridades\u201d, indic\u00f3.<\/p>\n\n\n\n<figure class=\"wp-block-gallery has-nested-images columns-default is-cropped wp-block-gallery-3 is-layout-flex wp-block-gallery-is-layout-flex\">\n<figure class=\"wp-block-image size-large\"><img loading=\"lazy\" decoding=\"async\" width=\"1024\" height=\"768\" data-id=\"9253\" src=\"https:\/\/alcaldiaalbertoadriani.com\/wp-content\/uploads\/2024\/12\/WhatsApp-Image-2024-12-18-at-3.40.38-PM-3-1024x768.jpeg\" alt=\"\" class=\"wp-image-9253\" srcset=\"https:\/\/alcaldiaalbertoadriani.com\/wp-content\/uploads\/2024\/12\/WhatsApp-Image-2024-12-18-at-3.40.38-PM-3-1024x768.jpeg 1024w, https:\/\/alcaldiaalbertoadriani.com\/wp-content\/uploads\/2024\/12\/WhatsApp-Image-2024-12-18-at-3.40.38-PM-3-980x735.jpeg 980w, https:\/\/alcaldiaalbertoadriani.com\/wp-content\/uploads\/2024\/12\/WhatsApp-Image-2024-12-18-at-3.40.38-PM-3-480x360.jpeg 480w\" sizes=\"auto, (min-width: 0px) and (max-width: 480px) 480px, (min-width: 481px) and (max-width: 980px) 980px, (min-width: 981px) 1024px, 100vw\" \/><\/figure>\n<\/figure>\n\n\n\n<p>El parrand\u00f3n destac\u00f3 por la decoraci\u00f3n elaborada con materiales reciclados y la participaci\u00f3n de talentos locales que interpretaron diversos g\u00e9neros musicales, desde la m\u00fasica llanera, parranda, villancicos, bailable hasta las gaitas. Adem\u00e1s, obras de teatro evocaron el nacimiento del Ni\u00f1o Jes\u00fas, llenando de emoci\u00f3n a los asistentes.<\/p>\n\n\n\n<figure class=\"wp-block-gallery has-nested-images columns-default is-cropped wp-block-gallery-4 is-layout-flex wp-block-gallery-is-layout-flex\">\n<figure class=\"wp-block-image size-large\"><img loading=\"lazy\" decoding=\"async\" width=\"1024\" height=\"768\" data-id=\"9254\" src=\"https:\/\/alcaldiaalbertoadriani.com\/wp-content\/uploads\/2024\/12\/WhatsApp-Image-2024-12-18-at-3.40.37-PM-5-1024x768.jpeg\" alt=\"\" class=\"wp-image-9254\" srcset=\"https:\/\/alcaldiaalbertoadriani.com\/wp-content\/uploads\/2024\/12\/WhatsApp-Image-2024-12-18-at-3.40.37-PM-5-1024x768.jpeg 1024w, https:\/\/alcaldiaalbertoadriani.com\/wp-content\/uploads\/2024\/12\/WhatsApp-Image-2024-12-18-at-3.40.37-PM-5-980x735.jpeg 980w, https:\/\/alcaldiaalbertoadriani.com\/wp-content\/uploads\/2024\/12\/WhatsApp-Image-2024-12-18-at-3.40.37-PM-5-480x360.jpeg 480w\" sizes=\"auto, (min-width: 0px) and (max-width: 480px) 480px, (min-width: 481px) and (max-width: 980px) 980px, (min-width: 981px) 1024px, 100vw\" \/><\/figure>\n<\/figure>\n\n\n\n<p>Con este tipo de actividades, la alcald\u00eda de Alberto Adriani reafirma su compromiso de promover las tradiciones decembrinas y fomentar la uni\u00f3n entre los vecinos. <strong><em>Prensa Alcald\u00eda Alberto Adriani\/ Claribel Zambrano CNP: 11.843\/ Fotos: Yerasabrith Manrique.<\/em><\/strong><\/p>\n\n\n\n<figure class=\"wp-block-gallery has-nested-images columns-default is-cropped wp-block-gallery-5 is-layout-flex wp-block-gallery-is-layout-flex\">\n<figure class=\"wp-block-image size-large\"><img loading=\"lazy\" decoding=\"async\" width=\"1024\" height=\"768\" data-id=\"9262\" src=\"https:\/\/alcaldiaalbertoadriani.com\/wp-content\/uploads\/2024\/12\/WhatsApp-Image-2024-12-18-at-3.40.38-PM-1-1024x768.jpeg\" alt=\"\" class=\"wp-image-9262\" srcset=\"https:\/\/alcaldiaalbertoadriani.com\/wp-content\/uploads\/2024\/12\/WhatsApp-Image-2024-12-18-at-3.40.38-PM-1-1024x768.jpeg 1024w, https:\/\/alcaldiaalbertoadriani.com\/wp-content\/uploads\/2024\/12\/WhatsApp-Image-2024-12-18-at-3.40.38-PM-1-980x735.jpeg 980w, https:\/\/alcaldiaalbertoadriani.com\/wp-content\/uploads\/2024\/12\/WhatsApp-Image-2024-12-18-at-3.40.38-PM-1-480x360.jpeg 480w\" sizes=\"auto, (min-width: 0px) and (max-width: 480px) 480px, (min-width: 481px) and (max-width: 980px) 980px, (min-width: 981px) 1024px, 100vw\" \/><\/figure>\n\n\n\n<figure class=\"wp-block-image size-large\"><img loading=\"lazy\" decoding=\"async\" width=\"1024\" height=\"768\" data-id=\"9258\" src=\"https:\/\/alcaldiaalbertoadriani.com\/wp-content\/uploads\/2024\/12\/WhatsApp-Image-2024-12-18-at-3.40.38-PM-2-1024x768.jpeg\" alt=\"\" class=\"wp-image-9258\" srcset=\"https:\/\/alcaldiaalbertoadriani.com\/wp-content\/uploads\/2024\/12\/WhatsApp-Image-2024-12-18-at-3.40.38-PM-2-1024x768.jpeg 1024w, https:\/\/alcaldiaalbertoadriani.com\/wp-content\/uploads\/2024\/12\/WhatsApp-Image-2024-12-18-at-3.40.38-PM-2-980x735.jpeg 980w, https:\/\/alcaldiaalbertoadriani.com\/wp-content\/uploads\/2024\/12\/WhatsApp-Image-2024-12-18-at-3.40.38-PM-2-480x360.jpeg 480w\" sizes=\"auto, (min-width: 0px) and (max-width: 480px) 480px, (min-width: 481px) and (max-width: 980px) 980px, (min-width: 981px) 1024px, 100vw\" \/><\/figure>\n\n\n\n<figure class=\"wp-block-image size-large\"><img loading=\"lazy\" decoding=\"async\" width=\"1024\" height=\"768\" data-id=\"9256\" src=\"https:\/\/alcaldiaalbertoadriani.com\/wp-content\/uploads\/2024\/12\/WhatsApp-Image-2024-12-18-at-3.40.38-PM-1024x768.jpeg\" alt=\"\" class=\"wp-image-9256\" srcset=\"https:\/\/alcaldiaalbertoadriani.com\/wp-content\/uploads\/2024\/12\/WhatsApp-Image-2024-12-18-at-3.40.38-PM-1024x768.jpeg 1024w, https:\/\/alcaldiaalbertoadriani.com\/wp-content\/uploads\/2024\/12\/WhatsApp-Image-2024-12-18-at-3.40.38-PM-980x735.jpeg 980w, https:\/\/alcaldiaalbertoadriani.com\/wp-content\/uploads\/2024\/12\/WhatsApp-Image-2024-12-18-at-3.40.38-PM-480x360.jpeg 480w\" sizes=\"auto, (min-width: 0px) and (max-width: 480px) 480px, (min-width: 481px) and (max-width: 980px) 980px, (min-width: 981px) 1024px, 100vw\" \/><\/figure>\n\n\n\n<figure class=\"wp-block-image size-large\"><img loading=\"lazy\" decoding=\"async\" width=\"1024\" height=\"576\" data-id=\"9257\" src=\"https:\/\/alcaldiaalbertoadriani.com\/wp-content\/uploads\/2024\/12\/WhatsApp-Image-2024-12-18-at-3.40.39-PM-2-1024x576.jpeg\" alt=\"\" class=\"wp-image-9257\" srcset=\"https:\/\/alcaldiaalbertoadriani.com\/wp-content\/uploads\/2024\/12\/WhatsApp-Image-2024-12-18-at-3.40.39-PM-2-1024x576.jpeg 1024w, https:\/\/alcaldiaalbertoadriani.com\/wp-content\/uploads\/2024\/12\/WhatsApp-Image-2024-12-18-at-3.40.39-PM-2-980x551.jpeg 980w, https:\/\/alcaldiaalbertoadriani.com\/wp-content\/uploads\/2024\/12\/WhatsApp-Image-2024-12-18-at-3.40.39-PM-2-480x270.jpeg 480w\" sizes=\"auto, (min-width: 0px) and (max-width: 480px) 480px, (min-width: 481px) and (max-width: 980px) 980px, (min-width: 981px) 1024px, 100vw\" \/><\/figure>\n\n\n\n<figure class=\"wp-block-image size-large\"><img loading=\"lazy\" decoding=\"async\" width=\"1024\" height=\"768\" data-id=\"9264\" src=\"https:\/\/alcaldiaalbertoadriani.com\/wp-content\/uploads\/2024\/12\/WhatsApp-Image-2024-12-18-at-3.40.39-PM-1024x768.jpeg\" alt=\"\" class=\"wp-image-9264\" srcset=\"https:\/\/alcaldiaalbertoadriani.com\/wp-content\/uploads\/2024\/12\/WhatsApp-Image-2024-12-18-at-3.40.39-PM-1024x768.jpeg 1024w, https:\/\/alcaldiaalbertoadriani.com\/wp-content\/uploads\/2024\/12\/WhatsApp-Image-2024-12-18-at-3.40.39-PM-980x735.jpeg 980w, https:\/\/alcaldiaalbertoadriani.com\/wp-content\/uploads\/2024\/12\/WhatsApp-Image-2024-12-18-at-3.40.39-PM-480x360.jpeg 480w\" sizes=\"auto, (min-width: 0px) and (max-width: 480px) 480px, (min-width: 481px) and (max-width: 980px) 980px, (min-width: 981px) 1024px, 100vw\" \/><\/figure>\n\n\n\n<figure class=\"wp-block-image size-large\"><img loading=\"lazy\" decoding=\"async\" width=\"1024\" height=\"768\" data-id=\"9261\" src=\"https:\/\/alcaldiaalbertoadriani.com\/wp-content\/uploads\/2024\/12\/WhatsApp-Image-2024-12-18-at-3.40.37-PM-1-1024x768.jpeg\" alt=\"\" class=\"wp-image-9261\" srcset=\"https:\/\/alcaldiaalbertoadriani.com\/wp-content\/uploads\/2024\/12\/WhatsApp-Image-2024-12-18-at-3.40.37-PM-1-1024x768.jpeg 1024w, https:\/\/alcaldiaalbertoadriani.com\/wp-content\/uploads\/2024\/12\/WhatsApp-Image-2024-12-18-at-3.40.37-PM-1-980x735.jpeg 980w, https:\/\/alcaldiaalbertoadriani.com\/wp-content\/uploads\/2024\/12\/WhatsApp-Image-2024-12-18-at-3.40.37-PM-1-480x360.jpeg 480w\" sizes=\"auto, (min-width: 0px) and (max-width: 480px) 480px, (min-width: 481px) and (max-width: 980px) 980px, (min-width: 981px) 1024px, 100vw\" \/><\/figure>\n\n\n\n<figure class=\"wp-block-image size-large\"><img loading=\"lazy\" decoding=\"async\" width=\"1024\" height=\"768\" data-id=\"9255\" src=\"https:\/\/alcaldiaalbertoadriani.com\/wp-content\/uploads\/2024\/12\/WhatsApp-Image-2024-12-18-at-3.40.37-PM-2-1024x768.jpeg\" alt=\"\" class=\"wp-image-9255\" srcset=\"https:\/\/alcaldiaalbertoadriani.com\/wp-content\/uploads\/2024\/12\/WhatsApp-Image-2024-12-18-at-3.40.37-PM-2-1024x768.jpeg 1024w, https:\/\/alcaldiaalbertoadriani.com\/wp-content\/uploads\/2024\/12\/WhatsApp-Image-2024-12-18-at-3.40.37-PM-2-980x735.jpeg 980w, https:\/\/alcaldiaalbertoadriani.com\/wp-content\/uploads\/2024\/12\/WhatsApp-Image-2024-12-18-at-3.40.37-PM-2-480x360.jpeg 480w\" sizes=\"auto, (min-width: 0px) and (max-width: 480px) 480px, (min-width: 481px) and (max-width: 980px) 980px, (min-width: 981px) 1024px, 100vw\" \/><\/figure>\n\n\n\n<figure class=\"wp-block-image size-large\"><img loading=\"lazy\" decoding=\"async\" width=\"1024\" height=\"768\" data-id=\"9263\" src=\"https:\/\/alcaldiaalbertoadriani.com\/wp-content\/uploads\/2024\/12\/WhatsApp-Image-2024-12-18-at-3.40.37-PM-3-1024x768.jpeg\" alt=\"\" class=\"wp-image-9263\" srcset=\"https:\/\/alcaldiaalbertoadriani.com\/wp-content\/uploads\/2024\/12\/WhatsApp-Image-2024-12-18-at-3.40.37-PM-3-1024x768.jpeg 1024w, https:\/\/alcaldiaalbertoadriani.com\/wp-content\/uploads\/2024\/12\/WhatsApp-Image-2024-12-18-at-3.40.37-PM-3-980x735.jpeg 980w, https:\/\/alcaldiaalbertoadriani.com\/wp-content\/uploads\/2024\/12\/WhatsApp-Image-2024-12-18-at-3.40.37-PM-3-480x360.jpeg 480w\" sizes=\"auto, (min-width: 0px) and (max-width: 480px) 480px, (min-width: 481px) and (max-width: 980px) 980px, (min-width: 981px) 1024px, 100vw\" \/><\/figure>\n\n\n\n<figure class=\"wp-block-image size-large\"><img loading=\"lazy\" decoding=\"async\" width=\"1024\" height=\"768\" data-id=\"9259\" src=\"https:\/\/alcaldiaalbertoadriani.com\/wp-content\/uploads\/2024\/12\/WhatsApp-Image-2024-12-18-at-3.40.37-PM-6-1024x768.jpeg\" alt=\"\" class=\"wp-image-9259\" srcset=\"https:\/\/alcaldiaalbertoadriani.com\/wp-content\/uploads\/2024\/12\/WhatsApp-Image-2024-12-18-at-3.40.37-PM-6-1024x768.jpeg 1024w, https:\/\/alcaldiaalbertoadriani.com\/wp-content\/uploads\/2024\/12\/WhatsApp-Image-2024-12-18-at-3.40.37-PM-6-980x735.jpeg 980w, https:\/\/alcaldiaalbertoadriani.com\/wp-content\/uploads\/2024\/12\/WhatsApp-Image-2024-12-18-at-3.40.37-PM-6-480x360.jpeg 480w\" sizes=\"auto, (min-width: 0px) and (max-width: 480px) 480px, (min-width: 481px) and (max-width: 980px) 980px, (min-width: 981px) 1024px, 100vw\" \/><\/figure>\n\n\n\n<figure class=\"wp-block-image size-large\"><img loading=\"lazy\" decoding=\"async\" width=\"1024\" height=\"768\" data-id=\"9260\" src=\"https:\/\/alcaldiaalbertoadriani.com\/wp-content\/uploads\/2024\/12\/WhatsApp-Image-2024-12-18-at-3.40.37-PM-1024x768.jpeg\" alt=\"\" class=\"wp-image-9260\" srcset=\"https:\/\/alcaldiaalbertoadriani.com\/wp-content\/uploads\/2024\/12\/WhatsApp-Image-2024-12-18-at-3.40.37-PM-1024x768.jpeg 1024w, https:\/\/alcaldiaalbertoadriani.com\/wp-content\/uploads\/2024\/12\/WhatsApp-Image-2024-12-18-at-3.40.37-PM-980x735.jpeg 980w, https:\/\/alcaldiaalbertoadriani.com\/wp-content\/uploads\/2024\/12\/WhatsApp-Image-2024-12-18-at-3.40.37-PM-480x360.jpeg 480w\" sizes=\"auto, (min-width: 0px) and (max-width: 480px) 480px, (min-width: 481px) and (max-width: 980px) 980px, (min-width: 981px) 1024px, 100vw\" \/><\/figure>\n<\/figure>\n","protected":false},"excerpt":{"rendered":"<p>Las emociones y el esp\u00edritu navide\u00f1o se hicieron sentir en el sector San Isidro de la parroquia R\u00f3mulo Betancourt, con la celebraci\u00f3n del cuarto parrand\u00f3n navide\u00f1o este viernes. La comunidad [&hellip;]<\/p>\n","protected":false},"author":2,"featured_media":9250,"comment_status":"open","ping_status":"closed","sticky":false,"template":"","format":"standard","meta":{"_et_pb_use_builder":"off","_et_pb_old_content":"","_et_gb_content_width":"","footnotes":""},"categories":[341,78,77,25,930],"tags":[31,11,12,15,761,30,29,28,942],"class_list":["post-9249","post","type-post","status-publish","format-standard","has-post-thumbnail","hentry","category-alcaldia-alberto-adriani","category-cultura","category-iamcaa","category-nuestro-municipio","category-parrandon","tag-alcalde","tag-alcaldia","tag-alcaldiaalbertoadriani","tag-elvigia","tag-encrucijadadeprogreso","tag-lisandrosegura","tag-municipioquenosmerecemos","tag-porelrenacer","tag-san-isidro-revivio-las-tradiciones-decembrinas-con-el-parrandon"],"yoast_head":"<!-- This site is optimized with the Yoast SEO plugin v19.13 - https:\/\/yoast.com\/wordpress\/plugins\/seo\/ -->\n<title>San Isidro revivi\u00f3 las tradiciones decembrinas con el Parrand\u00f3n<\/title>\n<meta name=\"description\" content=\"San Isidro revivi\u00f3 las tradiciones decembrinas con el Parrand\u00f3n navide\u00f1o, las emociones y el esp\u00edritu navide\u00f1o se hicieron sentir\" \/>\n<meta name=\"robots\" content=\"index, follow, max-snippet:-1, max-image-preview:large, max-video-preview:-1\" \/>\n<link rel=\"canonical\" href=\"https:\/\/alcaldiaalbertoadriani.com\/?p=9249\" \/>\n<meta property=\"og:locale\" content=\"es_ES\" \/>\n<meta property=\"og:type\" content=\"article\" \/>\n<meta property=\"og:title\" content=\"San Isidro revivi\u00f3 las tradiciones decembrinas con el Parrand\u00f3n\" \/>\n<meta property=\"og:description\" content=\"San Isidro revivi\u00f3 las tradiciones decembrinas con el Parrand\u00f3n navide\u00f1o, las emociones y el esp\u00edritu navide\u00f1o se hicieron sentir\" \/>\n<meta property=\"og:url\" content=\"https:\/\/alcaldiaalbertoadriani.com\/?p=9249\" \/>\n<meta property=\"og:site_name\" content=\"Alcaldia Alberto Adriani\" \/>\n<meta property=\"article:published_time\" content=\"2024-12-19T16:20:39+00:00\" \/>\n<meta property=\"article:modified_time\" content=\"2024-12-19T16:20:45+00:00\" \/>\n<meta property=\"og:image\" content=\"https:\/\/alcaldiaalbertoadriani.com\/wp-content\/uploads\/2024\/12\/WhatsApp-Image-2024-12-18-at-3.40.37-PM-4.jpeg\" \/>\n\t<meta property=\"og:image:width\" content=\"1280\" \/>\n\t<meta property=\"og:image:height\" content=\"960\" \/>\n\t<meta property=\"og:image:type\" content=\"image\/jpeg\" \/>\n<meta name=\"author\" content=\"Prensa\" \/>\n<meta name=\"twitter:card\" content=\"summary_large_image\" \/>\n<meta name=\"twitter:label1\" content=\"Escrito por\" \/>\n\t<meta name=\"twitter:data1\" content=\"Prensa\" \/>\n\t<meta name=\"twitter:label2\" content=\"Tiempo de lectura\" \/>\n\t<meta name=\"twitter:data2\" content=\"5 minutos\" \/>\n<script type=\"application\/ld+json\" class=\"yoast-schema-graph\">{\"@context\":\"https:\/\/schema.org\",\"@graph\":[{\"@type\":\"WebPage\",\"@id\":\"https:\/\/alcaldiaalbertoadriani.com\/?p=9249\",\"url\":\"https:\/\/alcaldiaalbertoadriani.com\/?p=9249\",\"name\":\"San Isidro revivi\u00f3 las tradiciones decembrinas con el Parrand\u00f3n\",\"isPartOf\":{\"@id\":\"https:\/\/alcaldiaalbertoadriani.com\/#website\"},\"datePublished\":\"2024-12-19T16:20:39+00:00\",\"dateModified\":\"2024-12-19T16:20:45+00:00\",\"author\":{\"@id\":\"https:\/\/alcaldiaalbertoadriani.com\/#\/schema\/person\/549b4483ff8999ac780deeea78795fc9\"},\"description\":\"San Isidro revivi\u00f3 las tradiciones decembrinas con el Parrand\u00f3n navide\u00f1o, las emociones y el esp\u00edritu navide\u00f1o se hicieron sentir\",\"breadcrumb\":{\"@id\":\"https:\/\/alcaldiaalbertoadriani.com\/?p=9249#breadcrumb\"},\"inLanguage\":\"es\",\"potentialAction\":[{\"@type\":\"ReadAction\",\"target\":[\"https:\/\/alcaldiaalbertoadriani.com\/?p=9249\"]}]},{\"@type\":\"BreadcrumbList\",\"@id\":\"https:\/\/alcaldiaalbertoadriani.com\/?p=9249#breadcrumb\",\"itemListElement\":[{\"@type\":\"ListItem\",\"position\":1,\"name\":\"Portada\",\"item\":\"https:\/\/alcaldiaalbertoadriani.com\/\"},{\"@type\":\"ListItem\",\"position\":2,\"name\":\"San Isidro revivi\u00f3 las tradiciones decembrinas con el Parrand\u00f3n navide\u00f1o\"}]},{\"@type\":\"WebSite\",\"@id\":\"https:\/\/alcaldiaalbertoadriani.com\/#website\",\"url\":\"https:\/\/alcaldiaalbertoadriani.com\/\",\"name\":\"Alcaldia Alberto Adriani\",\"description\":\"\",\"potentialAction\":[{\"@type\":\"SearchAction\",\"target\":{\"@type\":\"EntryPoint\",\"urlTemplate\":\"https:\/\/alcaldiaalbertoadriani.com\/?s={search_term_string}\"},\"query-input\":\"required name=search_term_string\"}],\"inLanguage\":\"es\"},{\"@type\":\"Person\",\"@id\":\"https:\/\/alcaldiaalbertoadriani.com\/#\/schema\/person\/549b4483ff8999ac780deeea78795fc9\",\"name\":\"Prensa\",\"image\":{\"@type\":\"ImageObject\",\"inLanguage\":\"es\",\"@id\":\"https:\/\/alcaldiaalbertoadriani.com\/#\/schema\/person\/image\/\",\"url\":\"https:\/\/secure.gravatar.com\/avatar\/ea1cb567ea992a29627f4eee1c2eb185ec16decec6342d508fdf18dedb56c9de?s=96&d=mm&r=g\",\"contentUrl\":\"https:\/\/secure.gravatar.com\/avatar\/ea1cb567ea992a29627f4eee1c2eb185ec16decec6342d508fdf18dedb56c9de?s=96&d=mm&r=g\",\"caption\":\"Prensa\"},\"url\":\"https:\/\/alcaldiaalbertoadriani.com\/?author=2\"}]}<\/script>\n<!-- \/ Yoast SEO plugin. -->","yoast_head_json":{"title":"San Isidro revivi\u00f3 las tradiciones decembrinas con el Parrand\u00f3n","description":"San Isidro revivi\u00f3 las tradiciones decembrinas con el Parrand\u00f3n navide\u00f1o, las emociones y el esp\u00edritu navide\u00f1o se hicieron sentir","robots":{"index":"index","follow":"follow","max-snippet":"max-snippet:-1","max-image-preview":"max-image-preview:large","max-video-preview":"max-video-preview:-1"},"canonical":"https:\/\/alcaldiaalbertoadriani.com\/?p=9249","og_locale":"es_ES","og_type":"article","og_title":"San Isidro revivi\u00f3 las tradiciones decembrinas con el Parrand\u00f3n","og_description":"San Isidro revivi\u00f3 las tradiciones decembrinas con el Parrand\u00f3n navide\u00f1o, las emociones y el esp\u00edritu navide\u00f1o se hicieron sentir","og_url":"https:\/\/alcaldiaalbertoadriani.com\/?p=9249","og_site_name":"Alcaldia Alberto Adriani","article_published_time":"2024-12-19T16:20:39+00:00","article_modified_time":"2024-12-19T16:20:45+00:00","og_image":[{"width":1280,"height":960,"url":"https:\/\/alcaldiaalbertoadriani.com\/wp-content\/uploads\/2024\/12\/WhatsApp-Image-2024-12-18-at-3.40.37-PM-4.jpeg","type":"image\/jpeg"}],"author":"Prensa","twitter_card":"summary_large_image","twitter_misc":{"Escrito por":"Prensa","Tiempo de lectura":"5 minutos"},"schema":{"@context":"https:\/\/schema.org","@graph":[{"@type":"WebPage","@id":"https:\/\/alcaldiaalbertoadriani.com\/?p=9249","url":"https:\/\/alcaldiaalbertoadriani.com\/?p=9249","name":"San Isidro revivi\u00f3 las tradiciones decembrinas con el Parrand\u00f3n","isPartOf":{"@id":"https:\/\/alcaldiaalbertoadriani.com\/#website"},"datePublished":"2024-12-19T16:20:39+00:00","dateModified":"2024-12-19T16:20:45+00:00","author":{"@id":"https:\/\/alcaldiaalbertoadriani.com\/#\/schema\/person\/549b4483ff8999ac780deeea78795fc9"},"description":"San Isidro revivi\u00f3 las tradiciones decembrinas con el Parrand\u00f3n navide\u00f1o, las emociones y el esp\u00edritu navide\u00f1o se hicieron sentir","breadcrumb":{"@id":"https:\/\/alcaldiaalbertoadriani.com\/?p=9249#breadcrumb"},"inLanguage":"es","potentialAction":[{"@type":"ReadAction","target":["https:\/\/alcaldiaalbertoadriani.com\/?p=9249"]}]},{"@type":"BreadcrumbList","@id":"https:\/\/alcaldiaalbertoadriani.com\/?p=9249#breadcrumb","itemListElement":[{"@type":"ListItem","position":1,"name":"Portada","item":"https:\/\/alcaldiaalbertoadriani.com\/"},{"@type":"ListItem","position":2,"name":"San Isidro revivi\u00f3 las tradiciones decembrinas con el Parrand\u00f3n navide\u00f1o"}]},{"@type":"WebSite","@id":"https:\/\/alcaldiaalbertoadriani.com\/#website","url":"https:\/\/alcaldiaalbertoadriani.com\/","name":"Alcaldia Alberto Adriani","description":"","potentialAction":[{"@type":"SearchAction","target":{"@type":"EntryPoint","urlTemplate":"https:\/\/alcaldiaalbertoadriani.com\/?s={search_term_string}"},"query-input":"required name=search_term_string"}],"inLanguage":"es"},{"@type":"Person","@id":"https:\/\/alcaldiaalbertoadriani.com\/#\/schema\/person\/549b4483ff8999ac780deeea78795fc9","name":"Prensa","image":{"@type":"ImageObject","inLanguage":"es","@id":"https:\/\/alcaldiaalbertoadriani.com\/#\/schema\/person\/image\/","url":"https:\/\/secure.gravatar.com\/avatar\/ea1cb567ea992a29627f4eee1c2eb185ec16decec6342d508fdf18dedb56c9de?s=96&d=mm&r=g","contentUrl":"https:\/\/secure.gravatar.com\/avatar\/ea1cb567ea992a29627f4eee1c2eb185ec16decec6342d508fdf18dedb56c9de?s=96&d=mm&r=g","caption":"Prensa"},"url":"https:\/\/alcaldiaalbertoadriani.com\/?author=2"}]}},"_links":{"self":[{"href":"https:\/\/alcaldiaalbertoadriani.com\/index.php?rest_route=\/wp\/v2\/posts\/9249","targetHints":{"allow":["GET"]}}],"collection":[{"href":"https:\/\/alcaldiaalbertoadriani.com\/index.php?rest_route=\/wp\/v2\/posts"}],"about":[{"href":"https:\/\/alcaldiaalbertoadriani.com\/index.php?rest_route=\/wp\/v2\/types\/post"}],"author":[{"embeddable":true,"href":"https:\/\/alcaldiaalbertoadriani.com\/index.php?rest_route=\/wp\/v2\/users\/2"}],"replies":[{"embeddable":true,"href":"https:\/\/alcaldiaalbertoadriani.com\/index.php?rest_route=%2Fwp%2Fv2%2Fcomments&post=9249"}],"version-history":[{"count":1,"href":"https:\/\/alcaldiaalbertoadriani.com\/index.php?rest_route=\/wp\/v2\/posts\/9249\/revisions"}],"predecessor-version":[{"id":9265,"href":"https:\/\/alcaldiaalbertoadriani.com\/index.php?rest_route=\/wp\/v2\/posts\/9249\/revisions\/9265"}],"wp:featuredmedia":[{"embeddable":true,"href":"https:\/\/alcaldiaalbertoadriani.com\/index.php?rest_route=\/wp\/v2\/media\/9250"}],"wp:attachment":[{"href":"https:\/\/alcaldiaalbertoadriani.com\/index.php?rest_route=%2Fwp%2Fv2%2Fmedia&parent=9249"}],"wp:term":[{"taxonomy":"category","embeddable":true,"href":"https:\/\/alcaldiaalbertoadriani.com\/index.php?rest_route=%2Fwp%2Fv2%2Fcategories&post=9249"},{"taxonomy":"post_tag","embeddable":true,"href":"https:\/\/alcaldiaalbertoadriani.com\/index.php?rest_route=%2Fwp%2Fv2%2Ftags&post=9249"}],"curies":[{"name":"wp","href":"https:\/\/api.w.org\/{rel}","templated":true}]}}