{"id":9201,"date":"2024-12-19T14:09:21","date_gmt":"2024-12-19T14:09:21","guid":{"rendered":"https:\/\/alcaldiaalbertoadriani.com\/?p=9201"},"modified":"2024-12-19T14:09:24","modified_gmt":"2024-12-19T14:09:24","slug":"el-vigia-se-vistio-de-navidad-con-exitoso-desfile-de-bandas-shows","status":"publish","type":"post","link":"https:\/\/alcaldiaalbertoadriani.com\/?p=9201","title":{"rendered":"El Vig\u00eda se visti\u00f3 de navidad con exitoso Desfile de Bandas Shows\u00a0\u00a0"},"content":{"rendered":"\n<h2 class=\"wp-block-heading\"><strong><em>El evento lo acompa\u00f1\u00f3 el alcalde vig\u00edense Lisandro Segura y participaron m\u00e1s de 600 artistas en escena<\/em><\/strong>\u00a0\u00a0<\/h2>\n\n\n\n<p><\/p>\n\n\n\n<p>Este viernes, la alcald\u00eda de Alberto Adriani a trav\u00e9s del Instituto Aut\u00f3nomo Municipal de la Cultura \u2013<a href=\"https:\/\/alcaldiaalbertoadriani.com\/?p=6008\" target=\"_blank\" rel=\"noreferrer noopener\">Iamcaa<\/a>-, realiz\u00f3 un exitoso desfile navide\u00f1o de Bandas Shows de diversas partes de la jurisdicci\u00f3n.\u00a0\u00a0<\/p>\n\n\n\n<!--more-->\n\n\n\n<p>La actividad estuvo encabezada por el alcalde <a href=\"https:\/\/www.instagram.com\/lisandrosegura02\/?hl=es-es\" target=\"_blank\" rel=\"noreferrer noopener\">Lisandro Segura<\/a> acompa\u00f1ado por Keibert Rojas, presidente del Iamcaa, as\u00ed como parte del tren ejecutivo.<\/p>\n\n\n\n<figure class=\"wp-block-gallery has-nested-images columns-default is-cropped wp-block-gallery-1 is-layout-flex wp-block-gallery-is-layout-flex\">\n<figure class=\"wp-block-image size-large\"><img loading=\"lazy\" decoding=\"async\" width=\"1024\" height=\"682\" data-id=\"9204\" src=\"https:\/\/alcaldiaalbertoadriani.com\/wp-content\/uploads\/2024\/12\/photo_5114290496385166899_w-1024x682.jpg\" alt=\"\" class=\"wp-image-9204\" srcset=\"https:\/\/alcaldiaalbertoadriani.com\/wp-content\/uploads\/2024\/12\/photo_5114290496385166899_w-980x653.jpg 980w, https:\/\/alcaldiaalbertoadriani.com\/wp-content\/uploads\/2024\/12\/photo_5114290496385166899_w-480x320.jpg 480w\" sizes=\"auto, (min-width: 0px) and (max-width: 480px) 480px, (min-width: 481px) and (max-width: 980px) 980px, (min-width: 981px) 1024px, 100vw\" \/><\/figure>\n<\/figure>\n\n\n\n<p>\u201cMe siento contento con cada una de las presentaciones por parte de cada banda show, pues, estos son espacios para el realce de lo nuestro y sobre todo, en la \u00e9poca m\u00e1s esperada del a\u00f1o, como lo es la navidad\u201d, expres\u00f3 <a href=\"https:\/\/www.instagram.com\/lisandrosegura02\/?hl=es-es\" target=\"_blank\" rel=\"noreferrer noopener\">Lisandro Segura<\/a>.\u00a0\u00a0<\/p>\n\n\n\n<p>El recorrido, que parti\u00f3 desde el enlace vial Omaira Candela de Quintero,&nbsp; pas\u00f3 frente al ayuntamiento, la avenida Bol\u00edvar y culmin\u00f3 en el boulevard de la plaza Bol\u00edvar de la ciudad, cont\u00f3 con la participaci\u00f3n de m\u00e1s de 600 artistas pertenecientes a seis destacadas bandas show del municipio, entre ellas: Pulido M\u00e9ndez, Insprocari, Cecilio Labrador, Colegio Santa Teresita, H\u00e9ctor Amable Mora, Fundesca y la agrupaci\u00f3n de Banderas del municipio.<\/p>\n\n\n\n<figure class=\"wp-block-gallery has-nested-images columns-default is-cropped wp-block-gallery-2 is-layout-flex wp-block-gallery-is-layout-flex\">\n<figure class=\"wp-block-image size-large\"><img loading=\"lazy\" decoding=\"async\" width=\"1024\" height=\"682\" data-id=\"9205\" src=\"https:\/\/alcaldiaalbertoadriani.com\/wp-content\/uploads\/2024\/12\/photo_5114290496385166785_w-1024x682.jpg\" alt=\"\" class=\"wp-image-9205\" srcset=\"https:\/\/alcaldiaalbertoadriani.com\/wp-content\/uploads\/2024\/12\/photo_5114290496385166785_w-980x653.jpg 980w, https:\/\/alcaldiaalbertoadriani.com\/wp-content\/uploads\/2024\/12\/photo_5114290496385166785_w-480x320.jpg 480w\" sizes=\"auto, (min-width: 0px) and (max-width: 480px) 480px, (min-width: 481px) and (max-width: 980px) 980px, (min-width: 981px) 1024px, 100vw\" \/><\/figure>\n<\/figure>\n\n\n\n<h2 class=\"wp-block-heading\"><strong>Presentaci\u00f3n frente a tarima&nbsp;&nbsp;<\/strong><\/h2>\n\n\n\n<p>Keibert Rojas, presidente del Iamcaa, destac\u00f3 la importancia de este desfile como un hito en la historia cultural del municipio. &#8220;Cada banda tuvo un tiempo de presentaci\u00f3n entre cinco y seis minutos, ofreciendo un espect\u00e1culo que quedar\u00e1 grabado en el coraz\u00f3n de los vigienses, marcando un hito en nuestra historia cultural&#8221;, acentu\u00f3.<\/p>\n\n\n\n<figure class=\"wp-block-gallery has-nested-images columns-default is-cropped wp-block-gallery-3 is-layout-flex wp-block-gallery-is-layout-flex\">\n<figure class=\"wp-block-image size-large\"><img loading=\"lazy\" decoding=\"async\" width=\"1024\" height=\"682\" data-id=\"9206\" src=\"https:\/\/alcaldiaalbertoadriani.com\/wp-content\/uploads\/2024\/12\/photo_5114290496385166978_w-1024x682.jpg\" alt=\"\" class=\"wp-image-9206\" srcset=\"https:\/\/alcaldiaalbertoadriani.com\/wp-content\/uploads\/2024\/12\/photo_5114290496385166978_w-980x653.jpg 980w, https:\/\/alcaldiaalbertoadriani.com\/wp-content\/uploads\/2024\/12\/photo_5114290496385166978_w-480x320.jpg 480w\" sizes=\"auto, (min-width: 0px) and (max-width: 480px) 480px, (min-width: 481px) and (max-width: 980px) 980px, (min-width: 981px) 1024px, 100vw\" \/><\/figure>\n<\/figure>\n\n\n\n<p>Importante destacar el apoyo de la Polic\u00eda Estadal y Unidad Municipal de Riesgo y Administraci\u00f3n de Desastre \u2013<a href=\"https:\/\/alcaldiaalbertoadriani.com\/?p=7832\" target=\"_blank\" rel=\"noreferrer noopener\">Ugradmaa<\/a>&#8211; de la Alcald\u00eda, quienes resguardaron la integridad f\u00edsica de los presentes en el evento. <strong><em>Prensa Alcald\u00eda Alberto Adriani\/Edgar Mendoza CNP 25.736\/Fotos: Luis Dufflart.<\/em><\/strong><\/p>\n\n\n\n<figure class=\"wp-block-gallery has-nested-images columns-default is-cropped wp-block-gallery-4 is-layout-flex wp-block-gallery-is-layout-flex\">\n<figure class=\"wp-block-image size-large\"><img loading=\"lazy\" decoding=\"async\" width=\"1024\" height=\"682\" data-id=\"9207\" src=\"https:\/\/alcaldiaalbertoadriani.com\/wp-content\/uploads\/2024\/12\/photo_5114290496385167022_w-1024x682.jpg\" alt=\"\" class=\"wp-image-9207\" srcset=\"https:\/\/alcaldiaalbertoadriani.com\/wp-content\/uploads\/2024\/12\/photo_5114290496385167022_w-980x653.jpg 980w, https:\/\/alcaldiaalbertoadriani.com\/wp-content\/uploads\/2024\/12\/photo_5114290496385167022_w-480x320.jpg 480w\" sizes=\"auto, (min-width: 0px) and (max-width: 480px) 480px, (min-width: 481px) and (max-width: 980px) 980px, (min-width: 981px) 1024px, 100vw\" \/><\/figure>\n\n\n\n<figure class=\"wp-block-image size-large\"><img loading=\"lazy\" decoding=\"async\" width=\"1024\" height=\"682\" data-id=\"9208\" src=\"https:\/\/alcaldiaalbertoadriani.com\/wp-content\/uploads\/2024\/12\/photo_5114290496385167023_w-1024x682.jpg\" alt=\"\" class=\"wp-image-9208\" srcset=\"https:\/\/alcaldiaalbertoadriani.com\/wp-content\/uploads\/2024\/12\/photo_5114290496385167023_w-980x653.jpg 980w, https:\/\/alcaldiaalbertoadriani.com\/wp-content\/uploads\/2024\/12\/photo_5114290496385167023_w-480x320.jpg 480w\" sizes=\"auto, (min-width: 0px) and (max-width: 480px) 480px, (min-width: 481px) and (max-width: 980px) 980px, (min-width: 981px) 1024px, 100vw\" \/><\/figure>\n\n\n\n<figure class=\"wp-block-image size-large\"><img loading=\"lazy\" decoding=\"async\" width=\"1024\" height=\"682\" data-id=\"9209\" src=\"https:\/\/alcaldiaalbertoadriani.com\/wp-content\/uploads\/2024\/12\/photo_5114290496385167024_w-1024x682.jpg\" alt=\"\" class=\"wp-image-9209\" srcset=\"https:\/\/alcaldiaalbertoadriani.com\/wp-content\/uploads\/2024\/12\/photo_5114290496385167024_w-980x653.jpg 980w, https:\/\/alcaldiaalbertoadriani.com\/wp-content\/uploads\/2024\/12\/photo_5114290496385167024_w-480x320.jpg 480w\" sizes=\"auto, (min-width: 0px) and (max-width: 480px) 480px, (min-width: 481px) and (max-width: 980px) 980px, (min-width: 981px) 1024px, 100vw\" \/><\/figure>\n\n\n\n<figure class=\"wp-block-image size-large\"><img loading=\"lazy\" decoding=\"async\" width=\"1024\" height=\"682\" data-id=\"9210\" src=\"https:\/\/alcaldiaalbertoadriani.com\/wp-content\/uploads\/2024\/12\/photo_5114290496385167026_w-1024x682.jpg\" alt=\"\" class=\"wp-image-9210\" srcset=\"https:\/\/alcaldiaalbertoadriani.com\/wp-content\/uploads\/2024\/12\/photo_5114290496385167026_w-980x653.jpg 980w, https:\/\/alcaldiaalbertoadriani.com\/wp-content\/uploads\/2024\/12\/photo_5114290496385167026_w-480x320.jpg 480w\" sizes=\"auto, (min-width: 0px) and (max-width: 480px) 480px, (min-width: 481px) and (max-width: 980px) 980px, (min-width: 981px) 1024px, 100vw\" \/><\/figure>\n<\/figure>\n","protected":false},"excerpt":{"rendered":"<p>El evento lo acompa\u00f1\u00f3 el alcalde vig\u00edense Lisandro Segura y participaron m\u00e1s de 600 artistas en escena\u00a0\u00a0 Este viernes, la alcald\u00eda de Alberto Adriani a trav\u00e9s del Instituto Aut\u00f3nomo Municipal [&hellip;]<\/p>\n","protected":false},"author":2,"featured_media":9203,"comment_status":"open","ping_status":"closed","sticky":false,"template":"","format":"standard","meta":{"_et_pb_use_builder":"off","_et_pb_old_content":"","_et_gb_content_width":"","footnotes":""},"categories":[341,78,25,311],"tags":[31,11,12,15,761,30,29,28,940],"class_list":["post-9201","post","type-post","status-publish","format-standard","has-post-thumbnail","hentry","category-alcaldia-alberto-adriani","category-cultura","category-nuestro-municipio","category-ugradmaa","tag-alcalde","tag-alcaldia","tag-alcaldiaalbertoadriani","tag-elvigia","tag-encrucijadadeprogreso","tag-lisandrosegura","tag-municipioquenosmerecemos","tag-porelrenacer","tag-el-vigia-se-vistio-de-navidad-con-exitoso-desfile-de-bandas-shows"],"yoast_head":"<!-- This site is optimized with the Yoast SEO plugin v19.13 - https:\/\/yoast.com\/wordpress\/plugins\/seo\/ -->\n<title>El Vig\u00eda se visti\u00f3 de navidad con exitoso Desfile de Bandas Shows\u00a0\u00a0<\/title>\n<meta name=\"description\" content=\"El Vig\u00eda se visti\u00f3 de navidad con exitoso Desfile de Bandas Shows\u00a0la actividad estuvo encabezada por el alcalde Lisandro Segura\" \/>\n<meta name=\"robots\" content=\"index, follow, max-snippet:-1, max-image-preview:large, max-video-preview:-1\" \/>\n<link rel=\"canonical\" href=\"https:\/\/alcaldiaalbertoadriani.com\/?p=9201\" \/>\n<meta property=\"og:locale\" content=\"es_ES\" \/>\n<meta property=\"og:type\" content=\"article\" \/>\n<meta property=\"og:title\" content=\"El Vig\u00eda se visti\u00f3 de navidad con exitoso Desfile de Bandas Shows\u00a0\u00a0\" \/>\n<meta property=\"og:description\" content=\"El Vig\u00eda se visti\u00f3 de navidad con exitoso Desfile de Bandas Shows\u00a0la actividad estuvo encabezada por el alcalde Lisandro Segura\" \/>\n<meta property=\"og:url\" content=\"https:\/\/alcaldiaalbertoadriani.com\/?p=9201\" \/>\n<meta property=\"og:site_name\" content=\"Alcaldia Alberto Adriani\" \/>\n<meta property=\"article:published_time\" content=\"2024-12-19T14:09:21+00:00\" \/>\n<meta property=\"article:modified_time\" content=\"2024-12-19T14:09:24+00:00\" \/>\n<meta property=\"og:image\" content=\"https:\/\/alcaldiaalbertoadriani.com\/wp-content\/uploads\/2024\/12\/photo_5114290496385167020_w.jpg\" \/>\n\t<meta property=\"og:image:width\" content=\"2560\" \/>\n\t<meta property=\"og:image:height\" content=\"1706\" \/>\n\t<meta property=\"og:image:type\" content=\"image\/jpeg\" \/>\n<meta name=\"author\" content=\"Prensa\" \/>\n<meta name=\"twitter:card\" content=\"summary_large_image\" \/>\n<meta name=\"twitter:label1\" content=\"Escrito por\" \/>\n\t<meta name=\"twitter:data1\" content=\"Prensa\" \/>\n\t<meta name=\"twitter:label2\" content=\"Tiempo de lectura\" \/>\n\t<meta name=\"twitter:data2\" content=\"3 minutos\" \/>\n<script type=\"application\/ld+json\" class=\"yoast-schema-graph\">{\"@context\":\"https:\/\/schema.org\",\"@graph\":[{\"@type\":\"WebPage\",\"@id\":\"https:\/\/alcaldiaalbertoadriani.com\/?p=9201\",\"url\":\"https:\/\/alcaldiaalbertoadriani.com\/?p=9201\",\"name\":\"El Vig\u00eda se visti\u00f3 de navidad con exitoso Desfile de Bandas Shows\u00a0\u00a0\",\"isPartOf\":{\"@id\":\"https:\/\/alcaldiaalbertoadriani.com\/#website\"},\"datePublished\":\"2024-12-19T14:09:21+00:00\",\"dateModified\":\"2024-12-19T14:09:24+00:00\",\"author\":{\"@id\":\"https:\/\/alcaldiaalbertoadriani.com\/#\/schema\/person\/549b4483ff8999ac780deeea78795fc9\"},\"description\":\"El Vig\u00eda se visti\u00f3 de navidad con exitoso Desfile de Bandas Shows\u00a0la actividad estuvo encabezada por el alcalde Lisandro Segura\",\"breadcrumb\":{\"@id\":\"https:\/\/alcaldiaalbertoadriani.com\/?p=9201#breadcrumb\"},\"inLanguage\":\"es\",\"potentialAction\":[{\"@type\":\"ReadAction\",\"target\":[\"https:\/\/alcaldiaalbertoadriani.com\/?p=9201\"]}]},{\"@type\":\"BreadcrumbList\",\"@id\":\"https:\/\/alcaldiaalbertoadriani.com\/?p=9201#breadcrumb\",\"itemListElement\":[{\"@type\":\"ListItem\",\"position\":1,\"name\":\"Portada\",\"item\":\"https:\/\/alcaldiaalbertoadriani.com\/\"},{\"@type\":\"ListItem\",\"position\":2,\"name\":\"El Vig\u00eda se visti\u00f3 de navidad con exitoso Desfile de Bandas Shows\u00a0\u00a0\"}]},{\"@type\":\"WebSite\",\"@id\":\"https:\/\/alcaldiaalbertoadriani.com\/#website\",\"url\":\"https:\/\/alcaldiaalbertoadriani.com\/\",\"name\":\"Alcaldia Alberto Adriani\",\"description\":\"\",\"potentialAction\":[{\"@type\":\"SearchAction\",\"target\":{\"@type\":\"EntryPoint\",\"urlTemplate\":\"https:\/\/alcaldiaalbertoadriani.com\/?s={search_term_string}\"},\"query-input\":\"required name=search_term_string\"}],\"inLanguage\":\"es\"},{\"@type\":\"Person\",\"@id\":\"https:\/\/alcaldiaalbertoadriani.com\/#\/schema\/person\/549b4483ff8999ac780deeea78795fc9\",\"name\":\"Prensa\",\"image\":{\"@type\":\"ImageObject\",\"inLanguage\":\"es\",\"@id\":\"https:\/\/alcaldiaalbertoadriani.com\/#\/schema\/person\/image\/\",\"url\":\"https:\/\/secure.gravatar.com\/avatar\/ea1cb567ea992a29627f4eee1c2eb185ec16decec6342d508fdf18dedb56c9de?s=96&d=mm&r=g\",\"contentUrl\":\"https:\/\/secure.gravatar.com\/avatar\/ea1cb567ea992a29627f4eee1c2eb185ec16decec6342d508fdf18dedb56c9de?s=96&d=mm&r=g\",\"caption\":\"Prensa\"},\"url\":\"https:\/\/alcaldiaalbertoadriani.com\/?author=2\"}]}<\/script>\n<!-- \/ Yoast SEO plugin. -->","yoast_head_json":{"title":"El Vig\u00eda se visti\u00f3 de navidad con exitoso Desfile de Bandas Shows\u00a0\u00a0","description":"El Vig\u00eda se visti\u00f3 de navidad con exitoso Desfile de Bandas Shows\u00a0la actividad estuvo encabezada por el alcalde Lisandro Segura","robots":{"index":"index","follow":"follow","max-snippet":"max-snippet:-1","max-image-preview":"max-image-preview:large","max-video-preview":"max-video-preview:-1"},"canonical":"https:\/\/alcaldiaalbertoadriani.com\/?p=9201","og_locale":"es_ES","og_type":"article","og_title":"El Vig\u00eda se visti\u00f3 de navidad con exitoso Desfile de Bandas Shows\u00a0\u00a0","og_description":"El Vig\u00eda se visti\u00f3 de navidad con exitoso Desfile de Bandas Shows\u00a0la actividad estuvo encabezada por el alcalde Lisandro Segura","og_url":"https:\/\/alcaldiaalbertoadriani.com\/?p=9201","og_site_name":"Alcaldia Alberto Adriani","article_published_time":"2024-12-19T14:09:21+00:00","article_modified_time":"2024-12-19T14:09:24+00:00","og_image":[{"width":2560,"height":1706,"url":"https:\/\/alcaldiaalbertoadriani.com\/wp-content\/uploads\/2024\/12\/photo_5114290496385167020_w.jpg","type":"image\/jpeg"}],"author":"Prensa","twitter_card":"summary_large_image","twitter_misc":{"Escrito por":"Prensa","Tiempo de lectura":"3 minutos"},"schema":{"@context":"https:\/\/schema.org","@graph":[{"@type":"WebPage","@id":"https:\/\/alcaldiaalbertoadriani.com\/?p=9201","url":"https:\/\/alcaldiaalbertoadriani.com\/?p=9201","name":"El Vig\u00eda se visti\u00f3 de navidad con exitoso Desfile de Bandas Shows\u00a0\u00a0","isPartOf":{"@id":"https:\/\/alcaldiaalbertoadriani.com\/#website"},"datePublished":"2024-12-19T14:09:21+00:00","dateModified":"2024-12-19T14:09:24+00:00","author":{"@id":"https:\/\/alcaldiaalbertoadriani.com\/#\/schema\/person\/549b4483ff8999ac780deeea78795fc9"},"description":"El Vig\u00eda se visti\u00f3 de navidad con exitoso Desfile de Bandas Shows\u00a0la actividad estuvo encabezada por el alcalde Lisandro Segura","breadcrumb":{"@id":"https:\/\/alcaldiaalbertoadriani.com\/?p=9201#breadcrumb"},"inLanguage":"es","potentialAction":[{"@type":"ReadAction","target":["https:\/\/alcaldiaalbertoadriani.com\/?p=9201"]}]},{"@type":"BreadcrumbList","@id":"https:\/\/alcaldiaalbertoadriani.com\/?p=9201#breadcrumb","itemListElement":[{"@type":"ListItem","position":1,"name":"Portada","item":"https:\/\/alcaldiaalbertoadriani.com\/"},{"@type":"ListItem","position":2,"name":"El Vig\u00eda se visti\u00f3 de navidad con exitoso Desfile de Bandas Shows\u00a0\u00a0"}]},{"@type":"WebSite","@id":"https:\/\/alcaldiaalbertoadriani.com\/#website","url":"https:\/\/alcaldiaalbertoadriani.com\/","name":"Alcaldia Alberto Adriani","description":"","potentialAction":[{"@type":"SearchAction","target":{"@type":"EntryPoint","urlTemplate":"https:\/\/alcaldiaalbertoadriani.com\/?s={search_term_string}"},"query-input":"required name=search_term_string"}],"inLanguage":"es"},{"@type":"Person","@id":"https:\/\/alcaldiaalbertoadriani.com\/#\/schema\/person\/549b4483ff8999ac780deeea78795fc9","name":"Prensa","image":{"@type":"ImageObject","inLanguage":"es","@id":"https:\/\/alcaldiaalbertoadriani.com\/#\/schema\/person\/image\/","url":"https:\/\/secure.gravatar.com\/avatar\/ea1cb567ea992a29627f4eee1c2eb185ec16decec6342d508fdf18dedb56c9de?s=96&d=mm&r=g","contentUrl":"https:\/\/secure.gravatar.com\/avatar\/ea1cb567ea992a29627f4eee1c2eb185ec16decec6342d508fdf18dedb56c9de?s=96&d=mm&r=g","caption":"Prensa"},"url":"https:\/\/alcaldiaalbertoadriani.com\/?author=2"}]}},"_links":{"self":[{"href":"https:\/\/alcaldiaalbertoadriani.com\/index.php?rest_route=\/wp\/v2\/posts\/9201","targetHints":{"allow":["GET"]}}],"collection":[{"href":"https:\/\/alcaldiaalbertoadriani.com\/index.php?rest_route=\/wp\/v2\/posts"}],"about":[{"href":"https:\/\/alcaldiaalbertoadriani.com\/index.php?rest_route=\/wp\/v2\/types\/post"}],"author":[{"embeddable":true,"href":"https:\/\/alcaldiaalbertoadriani.com\/index.php?rest_route=\/wp\/v2\/users\/2"}],"replies":[{"embeddable":true,"href":"https:\/\/alcaldiaalbertoadriani.com\/index.php?rest_route=%2Fwp%2Fv2%2Fcomments&post=9201"}],"version-history":[{"count":1,"href":"https:\/\/alcaldiaalbertoadriani.com\/index.php?rest_route=\/wp\/v2\/posts\/9201\/revisions"}],"predecessor-version":[{"id":9211,"href":"https:\/\/alcaldiaalbertoadriani.com\/index.php?rest_route=\/wp\/v2\/posts\/9201\/revisions\/9211"}],"wp:featuredmedia":[{"embeddable":true,"href":"https:\/\/alcaldiaalbertoadriani.com\/index.php?rest_route=\/wp\/v2\/media\/9203"}],"wp:attachment":[{"href":"https:\/\/alcaldiaalbertoadriani.com\/index.php?rest_route=%2Fwp%2Fv2%2Fmedia&parent=9201"}],"wp:term":[{"taxonomy":"category","embeddable":true,"href":"https:\/\/alcaldiaalbertoadriani.com\/index.php?rest_route=%2Fwp%2Fv2%2Fcategories&post=9201"},{"taxonomy":"post_tag","embeddable":true,"href":"https:\/\/alcaldiaalbertoadriani.com\/index.php?rest_route=%2Fwp%2Fv2%2Ftags&post=9201"}],"curies":[{"name":"wp","href":"https:\/\/api.w.org\/{rel}","templated":true}]}}