{"id":9161,"date":"2024-12-13T16:46:05","date_gmt":"2024-12-13T16:46:05","guid":{"rendered":"https:\/\/alcaldiaalbertoadriani.com\/?p=9161"},"modified":"2024-12-13T16:46:11","modified_gmt":"2024-12-13T16:46:11","slug":"inicio-concurso-de-pesebres-2024-con-la-alianza-radial-adrianista","status":"publish","type":"post","link":"https:\/\/alcaldiaalbertoadriani.com\/?p=9161","title":{"rendered":"Inici\u00f3 concurso de pesebres 2024 con la Alianza Radial Adrianista\u00a0\u00a0"},"content":{"rendered":"\n<h2 class=\"wp-block-heading\"><strong><em>La gesti\u00f3n del alcalde Lisandro Segura realza la cultura y las tradiciones de los vigienses durante la temporada navide\u00f1a<\/em><\/strong>\u00a0\u00a0<\/h2>\n\n\n\n<p><\/p>\n\n\n\n<p>Este mi\u00e9rcoles, funcionarios de la Alcald\u00eda Alberto Adriani, junto con la <a href=\"https:\/\/alcaldiaalbertoadriani.com\/?p=9041\" target=\"_blank\" rel=\"noreferrer noopener\">Alianza Radial Adrianista<\/a>, dieron inicio al Concurso de Pesebres 2024, promovido por el alcalde <a href=\"https:\/\/www.instagram.com\/lisandrosegura02\/?hl=es-es\" target=\"_blank\" rel=\"noreferrer noopener\">Lisandro Segura<\/a>. El punto de arranque tuvo lugar en la plaza Bol\u00edvar de la ciudad.\u00a0\u00a0\u00a0<\/p>\n\n\n\n<!--more-->\n\n\n\n<p>El Jurado Calificador, conformado por la periodista Mariana Blanco, Pedro Parra, director de Archivo Hist\u00f3rico y An\u00edbal Chac\u00f3n, gerente de Educaci\u00f3n de la alcald\u00eda, se trasladaron&nbsp; junto con los miembros de la alianza radial hacia la parroquia presidente Jos\u00e9 Antonio P\u00e1ez, para efectuar las respectivas visitas.<\/p>\n\n\n\n<figure class=\"wp-block-gallery has-nested-images columns-default is-cropped wp-block-gallery-1 is-layout-flex wp-block-gallery-is-layout-flex\">\n<figure class=\"wp-block-image size-large\"><img loading=\"lazy\" decoding=\"async\" width=\"1024\" height=\"768\" data-id=\"9163\" src=\"https:\/\/alcaldiaalbertoadriani.com\/wp-content\/uploads\/2024\/12\/photo_5105221866213191472_y-1024x768.jpg\" alt=\"\" class=\"wp-image-9163\" srcset=\"https:\/\/alcaldiaalbertoadriani.com\/wp-content\/uploads\/2024\/12\/photo_5105221866213191472_y-1024x768.jpg 1024w, https:\/\/alcaldiaalbertoadriani.com\/wp-content\/uploads\/2024\/12\/photo_5105221866213191472_y-980x735.jpg 980w, https:\/\/alcaldiaalbertoadriani.com\/wp-content\/uploads\/2024\/12\/photo_5105221866213191472_y-480x360.jpg 480w\" sizes=\"auto, (min-width: 0px) and (max-width: 480px) 480px, (min-width: 481px) and (max-width: 980px) 980px, (min-width: 981px) 1024px, 100vw\" \/><\/figure>\n<\/figure>\n\n\n\n<p>La primera visita correspondi\u00f3 al sector La Inmaculada, calle #08, frente al Club Sintralac, donde Mar\u00eda Pascalina de M\u00e1rquez, present\u00f3 su pesebre el cual posee m\u00e1s de 150 a\u00f1os de tradici\u00f3n, destacando el r\u00edo Jordan y \u00e1ngeles.&nbsp;&nbsp;&nbsp;<\/p>\n\n\n\n<figure class=\"wp-block-gallery has-nested-images columns-default is-cropped wp-block-gallery-2 is-layout-flex wp-block-gallery-is-layout-flex\">\n<figure class=\"wp-block-image size-large\"><img loading=\"lazy\" decoding=\"async\" width=\"800\" height=\"600\" data-id=\"9164\" src=\"https:\/\/alcaldiaalbertoadriani.com\/wp-content\/uploads\/2024\/12\/photo_5105221866213191470_x-1.jpg\" alt=\"\" class=\"wp-image-9164\" srcset=\"https:\/\/alcaldiaalbertoadriani.com\/wp-content\/uploads\/2024\/12\/photo_5105221866213191470_x-1.jpg 800w, https:\/\/alcaldiaalbertoadriani.com\/wp-content\/uploads\/2024\/12\/photo_5105221866213191470_x-1-480x360.jpg 480w\" sizes=\"auto, (min-width: 0px) and (max-width: 480px) 480px, (min-width: 481px) 800px, 100vw\" \/><\/figure>\n<\/figure>\n\n\n\n<p>La segunda visita, fue en el hogar de Edwin Ech\u00e1vez, ubicado en la vereda #02 del barrio La Victoria, quien present\u00f3 un pesebre b\u00edblico con 2 a\u00f1os de tradici\u00f3n, creado en su mayor\u00eda con barro, enfocado en el nacimiento del ni\u00f1o Jes\u00fas.&nbsp;&nbsp;&nbsp;&nbsp;<\/p>\n\n\n\n<figure class=\"wp-block-gallery has-nested-images columns-default is-cropped wp-block-gallery-3 is-layout-flex wp-block-gallery-is-layout-flex\">\n<figure class=\"wp-block-image size-large\"><img loading=\"lazy\" decoding=\"async\" width=\"1024\" height=\"768\" data-id=\"9165\" src=\"https:\/\/alcaldiaalbertoadriani.com\/wp-content\/uploads\/2024\/12\/photo_5105221866213191475_y-1024x768.jpg\" alt=\"\" class=\"wp-image-9165\" srcset=\"https:\/\/alcaldiaalbertoadriani.com\/wp-content\/uploads\/2024\/12\/photo_5105221866213191475_y-1024x768.jpg 1024w, https:\/\/alcaldiaalbertoadriani.com\/wp-content\/uploads\/2024\/12\/photo_5105221866213191475_y-980x735.jpg 980w, https:\/\/alcaldiaalbertoadriani.com\/wp-content\/uploads\/2024\/12\/photo_5105221866213191475_y-480x360.jpg 480w\" sizes=\"auto, (min-width: 0px) and (max-width: 480px) 480px, (min-width: 481px) and (max-width: 980px) 980px, (min-width: 981px) 1024px, 100vw\" \/><\/figure>\n<\/figure>\n\n\n\n<p>La tercera y \u00faltima visita, transcurri\u00f3 en la vereda #4 del sector I de La P\u00e1ez, en la casa N\u00ba 04 de Gladys Contreras, quien mostr\u00f3 su pesebre andino con m\u00e1s de 40 a\u00f1os de tradici\u00f3n.&nbsp;&nbsp;&nbsp;<\/p>\n\n\n\n<figure class=\"wp-block-gallery has-nested-images columns-default is-cropped wp-block-gallery-4 is-layout-flex wp-block-gallery-is-layout-flex\">\n<figure class=\"wp-block-image size-large\"><img loading=\"lazy\" decoding=\"async\" width=\"1024\" height=\"576\" data-id=\"9166\" src=\"https:\/\/alcaldiaalbertoadriani.com\/wp-content\/uploads\/2024\/12\/photo_5105221866213191480_y-1024x576.jpg\" alt=\"\" class=\"wp-image-9166\" srcset=\"https:\/\/alcaldiaalbertoadriani.com\/wp-content\/uploads\/2024\/12\/photo_5105221866213191480_y-1024x576.jpg 1024w, https:\/\/alcaldiaalbertoadriani.com\/wp-content\/uploads\/2024\/12\/photo_5105221866213191480_y-980x551.jpg 980w, https:\/\/alcaldiaalbertoadriani.com\/wp-content\/uploads\/2024\/12\/photo_5105221866213191480_y-480x270.jpg 480w\" sizes=\"auto, (min-width: 0px) and (max-width: 480px) 480px, (min-width: 481px) and (max-width: 980px) 980px, (min-width: 981px) 1024px, 100vw\" \/><\/figure>\n<\/figure>\n\n\n\n<p>Dichas visitas fueron acompa\u00f1adas por Santa Claus, quien regal\u00f3 sonrisas y cautiv\u00f3 a las familias vigienses.&nbsp;&nbsp;&nbsp;<\/p>\n\n\n\n<p>Vale recordar que la alianza radial est\u00e1 compuesta por Acci\u00f3n 104.5 FM (emisora matriz); Aut\u00e9ntica 103.1 FM; \u00c9xitos 96.5 FM; Enlace 94.5; Calor 93.5 FM; Gal\u00e1ctica 92.7 FM; Giga 91.3 FM; Interactiva 105.9 FM; Panamericana Est\u00e9reo 99.3 FM; M\u00e1s Network 104.1 FM y Sport Vig 97.7 FM. <strong><em>Prensa Alcald\u00eda Alberto Adriani\/Edgar Mendoza CNP 25.736\/Fotos: Yerasabrith Manrique.<\/em><\/strong><\/p>\n\n\n\n<figure class=\"wp-block-gallery has-nested-images columns-default is-cropped wp-block-gallery-5 is-layout-flex wp-block-gallery-is-layout-flex\">\n<figure class=\"wp-block-image size-large\"><img loading=\"lazy\" decoding=\"async\" width=\"1024\" height=\"768\" data-id=\"9168\" src=\"https:\/\/alcaldiaalbertoadriani.com\/wp-content\/uploads\/2024\/12\/photo_5105221866213191473_y-1024x768.jpg\" alt=\"\" class=\"wp-image-9168\" srcset=\"https:\/\/alcaldiaalbertoadriani.com\/wp-content\/uploads\/2024\/12\/photo_5105221866213191473_y-1024x768.jpg 1024w, https:\/\/alcaldiaalbertoadriani.com\/wp-content\/uploads\/2024\/12\/photo_5105221866213191473_y-980x735.jpg 980w, https:\/\/alcaldiaalbertoadriani.com\/wp-content\/uploads\/2024\/12\/photo_5105221866213191473_y-480x360.jpg 480w\" sizes=\"auto, (min-width: 0px) and (max-width: 480px) 480px, (min-width: 481px) and (max-width: 980px) 980px, (min-width: 981px) 1024px, 100vw\" \/><\/figure>\n\n\n\n<figure class=\"wp-block-image size-large\"><img loading=\"lazy\" decoding=\"async\" width=\"1024\" height=\"768\" data-id=\"9172\" src=\"https:\/\/alcaldiaalbertoadriani.com\/wp-content\/uploads\/2024\/12\/photo_5105221866213191474_y-1024x768.jpg\" alt=\"\" class=\"wp-image-9172\" srcset=\"https:\/\/alcaldiaalbertoadriani.com\/wp-content\/uploads\/2024\/12\/photo_5105221866213191474_y-1024x768.jpg 1024w, https:\/\/alcaldiaalbertoadriani.com\/wp-content\/uploads\/2024\/12\/photo_5105221866213191474_y-980x735.jpg 980w, https:\/\/alcaldiaalbertoadriani.com\/wp-content\/uploads\/2024\/12\/photo_5105221866213191474_y-480x360.jpg 480w\" sizes=\"auto, (min-width: 0px) and (max-width: 480px) 480px, (min-width: 481px) and (max-width: 980px) 980px, (min-width: 981px) 1024px, 100vw\" \/><\/figure>\n\n\n\n<figure class=\"wp-block-image size-large\"><img loading=\"lazy\" decoding=\"async\" width=\"1024\" height=\"768\" data-id=\"9175\" src=\"https:\/\/alcaldiaalbertoadriani.com\/wp-content\/uploads\/2024\/12\/photo_5105221866213191476_y-1024x768.jpg\" alt=\"\" class=\"wp-image-9175\" srcset=\"https:\/\/alcaldiaalbertoadriani.com\/wp-content\/uploads\/2024\/12\/photo_5105221866213191476_y-1024x768.jpg 1024w, https:\/\/alcaldiaalbertoadriani.com\/wp-content\/uploads\/2024\/12\/photo_5105221866213191476_y-980x735.jpg 980w, https:\/\/alcaldiaalbertoadriani.com\/wp-content\/uploads\/2024\/12\/photo_5105221866213191476_y-480x360.jpg 480w\" sizes=\"auto, (min-width: 0px) and (max-width: 480px) 480px, (min-width: 481px) and (max-width: 980px) 980px, (min-width: 981px) 1024px, 100vw\" \/><\/figure>\n\n\n\n<figure class=\"wp-block-image size-large\"><img loading=\"lazy\" decoding=\"async\" width=\"1024\" height=\"768\" data-id=\"9176\" src=\"https:\/\/alcaldiaalbertoadriani.com\/wp-content\/uploads\/2024\/12\/photo_5105221866213191477_y-1024x768.jpg\" alt=\"\" class=\"wp-image-9176\" srcset=\"https:\/\/alcaldiaalbertoadriani.com\/wp-content\/uploads\/2024\/12\/photo_5105221866213191477_y-1024x768.jpg 1024w, https:\/\/alcaldiaalbertoadriani.com\/wp-content\/uploads\/2024\/12\/photo_5105221866213191477_y-980x735.jpg 980w, https:\/\/alcaldiaalbertoadriani.com\/wp-content\/uploads\/2024\/12\/photo_5105221866213191477_y-480x360.jpg 480w\" sizes=\"auto, (min-width: 0px) and (max-width: 480px) 480px, (min-width: 481px) and (max-width: 980px) 980px, (min-width: 981px) 1024px, 100vw\" \/><\/figure>\n\n\n\n<figure class=\"wp-block-image size-large\"><img loading=\"lazy\" decoding=\"async\" width=\"1024\" height=\"768\" data-id=\"9170\" src=\"https:\/\/alcaldiaalbertoadriani.com\/wp-content\/uploads\/2024\/12\/photo_5105221866213191478_y-1024x768.jpg\" alt=\"\" class=\"wp-image-9170\" srcset=\"https:\/\/alcaldiaalbertoadriani.com\/wp-content\/uploads\/2024\/12\/photo_5105221866213191478_y-1024x768.jpg 1024w, https:\/\/alcaldiaalbertoadriani.com\/wp-content\/uploads\/2024\/12\/photo_5105221866213191478_y-980x735.jpg 980w, https:\/\/alcaldiaalbertoadriani.com\/wp-content\/uploads\/2024\/12\/photo_5105221866213191478_y-480x360.jpg 480w\" sizes=\"auto, (min-width: 0px) and (max-width: 480px) 480px, (min-width: 481px) and (max-width: 980px) 980px, (min-width: 981px) 1024px, 100vw\" \/><\/figure>\n\n\n\n<figure class=\"wp-block-image size-large\"><img loading=\"lazy\" decoding=\"async\" width=\"1024\" height=\"768\" data-id=\"9171\" src=\"https:\/\/alcaldiaalbertoadriani.com\/wp-content\/uploads\/2024\/12\/photo_5105221866213191479_y-1024x768.jpg\" alt=\"\" class=\"wp-image-9171\" srcset=\"https:\/\/alcaldiaalbertoadriani.com\/wp-content\/uploads\/2024\/12\/photo_5105221866213191479_y-1024x768.jpg 1024w, https:\/\/alcaldiaalbertoadriani.com\/wp-content\/uploads\/2024\/12\/photo_5105221866213191479_y-980x735.jpg 980w, https:\/\/alcaldiaalbertoadriani.com\/wp-content\/uploads\/2024\/12\/photo_5105221866213191479_y-480x360.jpg 480w\" sizes=\"auto, (min-width: 0px) and (max-width: 480px) 480px, (min-width: 481px) and (max-width: 980px) 980px, (min-width: 981px) 1024px, 100vw\" \/><\/figure>\n\n\n\n<figure class=\"wp-block-image size-large\"><img loading=\"lazy\" decoding=\"async\" width=\"1024\" height=\"768\" data-id=\"9173\" src=\"https:\/\/alcaldiaalbertoadriani.com\/wp-content\/uploads\/2024\/12\/photo_5105221866213191481_y-1024x768.jpg\" alt=\"\" class=\"wp-image-9173\" srcset=\"https:\/\/alcaldiaalbertoadriani.com\/wp-content\/uploads\/2024\/12\/photo_5105221866213191481_y-1024x768.jpg 1024w, https:\/\/alcaldiaalbertoadriani.com\/wp-content\/uploads\/2024\/12\/photo_5105221866213191481_y-980x735.jpg 980w, https:\/\/alcaldiaalbertoadriani.com\/wp-content\/uploads\/2024\/12\/photo_5105221866213191481_y-480x360.jpg 480w\" sizes=\"auto, (min-width: 0px) and (max-width: 480px) 480px, (min-width: 481px) and (max-width: 980px) 980px, (min-width: 981px) 1024px, 100vw\" \/><\/figure>\n\n\n\n<figure class=\"wp-block-image size-large\"><img loading=\"lazy\" decoding=\"async\" width=\"1024\" height=\"768\" data-id=\"9169\" src=\"https:\/\/alcaldiaalbertoadriani.com\/wp-content\/uploads\/2024\/12\/photo_5105221866213191482_y-1024x768.jpg\" alt=\"\" class=\"wp-image-9169\" srcset=\"https:\/\/alcaldiaalbertoadriani.com\/wp-content\/uploads\/2024\/12\/photo_5105221866213191482_y-1024x768.jpg 1024w, https:\/\/alcaldiaalbertoadriani.com\/wp-content\/uploads\/2024\/12\/photo_5105221866213191482_y-980x735.jpg 980w, https:\/\/alcaldiaalbertoadriani.com\/wp-content\/uploads\/2024\/12\/photo_5105221866213191482_y-480x360.jpg 480w\" sizes=\"auto, (min-width: 0px) and (max-width: 480px) 480px, (min-width: 481px) and (max-width: 980px) 980px, (min-width: 981px) 1024px, 100vw\" \/><\/figure>\n\n\n\n<figure class=\"wp-block-image size-large\"><img loading=\"lazy\" decoding=\"async\" width=\"1024\" height=\"768\" data-id=\"9174\" src=\"https:\/\/alcaldiaalbertoadriani.com\/wp-content\/uploads\/2024\/12\/photo_5105221866213191483_y-1024x768.jpg\" alt=\"\" class=\"wp-image-9174\" srcset=\"https:\/\/alcaldiaalbertoadriani.com\/wp-content\/uploads\/2024\/12\/photo_5105221866213191483_y-1024x768.jpg 1024w, https:\/\/alcaldiaalbertoadriani.com\/wp-content\/uploads\/2024\/12\/photo_5105221866213191483_y-980x735.jpg 980w, https:\/\/alcaldiaalbertoadriani.com\/wp-content\/uploads\/2024\/12\/photo_5105221866213191483_y-480x360.jpg 480w\" sizes=\"auto, (min-width: 0px) and (max-width: 480px) 480px, (min-width: 481px) and (max-width: 980px) 980px, (min-width: 981px) 1024px, 100vw\" \/><\/figure>\n\n\n\n<figure class=\"wp-block-image size-large\"><img loading=\"lazy\" decoding=\"async\" width=\"800\" height=\"600\" data-id=\"9167\" src=\"https:\/\/alcaldiaalbertoadriani.com\/wp-content\/uploads\/2024\/12\/photo_5105248477830557069_x.jpg\" alt=\"\" class=\"wp-image-9167\" srcset=\"https:\/\/alcaldiaalbertoadriani.com\/wp-content\/uploads\/2024\/12\/photo_5105248477830557069_x.jpg 800w, https:\/\/alcaldiaalbertoadriani.com\/wp-content\/uploads\/2024\/12\/photo_5105248477830557069_x-480x360.jpg 480w\" sizes=\"auto, (min-width: 0px) and (max-width: 480px) 480px, (min-width: 481px) 800px, 100vw\" \/><\/figure>\n<\/figure>\n","protected":false},"excerpt":{"rendered":"<p>La gesti\u00f3n del alcalde Lisandro Segura realza la cultura y las tradiciones de los vigienses durante la temporada navide\u00f1a\u00a0\u00a0 Este mi\u00e9rcoles, funcionarios de la Alcald\u00eda Alberto Adriani, junto con la [&hellip;]<\/p>\n","protected":false},"author":2,"featured_media":9160,"comment_status":"open","ping_status":"closed","sticky":false,"template":"","format":"standard","meta":{"_et_pb_use_builder":"off","_et_pb_old_content":"","_et_gb_content_width":"","footnotes":""},"categories":[341,25],"tags":[31,11,12,15,761,30,29,28,936],"class_list":["post-9161","post","type-post","status-publish","format-standard","has-post-thumbnail","hentry","category-alcaldia-alberto-adriani","category-nuestro-municipio","tag-alcalde","tag-alcaldia","tag-alcaldiaalbertoadriani","tag-elvigia","tag-encrucijadadeprogreso","tag-lisandrosegura","tag-municipioquenosmerecemos","tag-porelrenacer","tag-inicio-concurso-de-pesebres-2024-con-la-alianza-radial-adrianista"],"yoast_head":"<!-- This site is optimized with the Yoast SEO plugin v19.13 - https:\/\/yoast.com\/wordpress\/plugins\/seo\/ -->\n<title>Inici\u00f3 concurso de pesebres 2024 con la Alianza Radial Adrianista\u00a0\u00a0<\/title>\n<meta name=\"description\" content=\"Inici\u00f3 concurso de pesebres 2024 con la Alianza Radial Adrianista. El punto de arranque tuvo lugar en la plaza Bol\u00edvar de la ciudad\" \/>\n<meta name=\"robots\" content=\"index, follow, max-snippet:-1, max-image-preview:large, max-video-preview:-1\" \/>\n<link rel=\"canonical\" href=\"https:\/\/alcaldiaalbertoadriani.com\/?p=9161\" \/>\n<meta property=\"og:locale\" content=\"es_ES\" \/>\n<meta property=\"og:type\" content=\"article\" \/>\n<meta property=\"og:title\" content=\"Inici\u00f3 concurso de pesebres 2024 con la Alianza Radial Adrianista\u00a0\u00a0\" \/>\n<meta property=\"og:description\" content=\"Inici\u00f3 concurso de pesebres 2024 con la Alianza Radial Adrianista. El punto de arranque tuvo lugar en la plaza Bol\u00edvar de la ciudad\" \/>\n<meta property=\"og:url\" content=\"https:\/\/alcaldiaalbertoadriani.com\/?p=9161\" \/>\n<meta property=\"og:site_name\" content=\"Alcaldia Alberto Adriani\" \/>\n<meta property=\"article:published_time\" content=\"2024-12-13T16:46:05+00:00\" \/>\n<meta property=\"article:modified_time\" content=\"2024-12-13T16:46:11+00:00\" \/>\n<meta property=\"og:image\" content=\"https:\/\/alcaldiaalbertoadriani.com\/wp-content\/uploads\/2024\/12\/photo_5105248477830557068_y.jpg\" \/>\n\t<meta property=\"og:image:width\" content=\"1280\" \/>\n\t<meta property=\"og:image:height\" content=\"960\" \/>\n\t<meta property=\"og:image:type\" content=\"image\/jpeg\" \/>\n<meta name=\"author\" content=\"Prensa\" \/>\n<meta name=\"twitter:card\" content=\"summary_large_image\" \/>\n<meta name=\"twitter:label1\" content=\"Escrito por\" \/>\n\t<meta name=\"twitter:data1\" content=\"Prensa\" \/>\n\t<meta name=\"twitter:label2\" content=\"Tiempo de lectura\" \/>\n\t<meta name=\"twitter:data2\" content=\"5 minutos\" \/>\n<script type=\"application\/ld+json\" class=\"yoast-schema-graph\">{\"@context\":\"https:\/\/schema.org\",\"@graph\":[{\"@type\":\"WebPage\",\"@id\":\"https:\/\/alcaldiaalbertoadriani.com\/?p=9161\",\"url\":\"https:\/\/alcaldiaalbertoadriani.com\/?p=9161\",\"name\":\"Inici\u00f3 concurso de pesebres 2024 con la Alianza Radial Adrianista\u00a0\u00a0\",\"isPartOf\":{\"@id\":\"https:\/\/alcaldiaalbertoadriani.com\/#website\"},\"datePublished\":\"2024-12-13T16:46:05+00:00\",\"dateModified\":\"2024-12-13T16:46:11+00:00\",\"author\":{\"@id\":\"https:\/\/alcaldiaalbertoadriani.com\/#\/schema\/person\/549b4483ff8999ac780deeea78795fc9\"},\"description\":\"Inici\u00f3 concurso de pesebres 2024 con la Alianza Radial Adrianista. El punto de arranque tuvo lugar en la plaza Bol\u00edvar de la ciudad\",\"breadcrumb\":{\"@id\":\"https:\/\/alcaldiaalbertoadriani.com\/?p=9161#breadcrumb\"},\"inLanguage\":\"es\",\"potentialAction\":[{\"@type\":\"ReadAction\",\"target\":[\"https:\/\/alcaldiaalbertoadriani.com\/?p=9161\"]}]},{\"@type\":\"BreadcrumbList\",\"@id\":\"https:\/\/alcaldiaalbertoadriani.com\/?p=9161#breadcrumb\",\"itemListElement\":[{\"@type\":\"ListItem\",\"position\":1,\"name\":\"Portada\",\"item\":\"https:\/\/alcaldiaalbertoadriani.com\/\"},{\"@type\":\"ListItem\",\"position\":2,\"name\":\"Inici\u00f3 concurso de pesebres 2024 con la Alianza Radial Adrianista\u00a0\u00a0\"}]},{\"@type\":\"WebSite\",\"@id\":\"https:\/\/alcaldiaalbertoadriani.com\/#website\",\"url\":\"https:\/\/alcaldiaalbertoadriani.com\/\",\"name\":\"Alcaldia Alberto Adriani\",\"description\":\"\",\"potentialAction\":[{\"@type\":\"SearchAction\",\"target\":{\"@type\":\"EntryPoint\",\"urlTemplate\":\"https:\/\/alcaldiaalbertoadriani.com\/?s={search_term_string}\"},\"query-input\":\"required name=search_term_string\"}],\"inLanguage\":\"es\"},{\"@type\":\"Person\",\"@id\":\"https:\/\/alcaldiaalbertoadriani.com\/#\/schema\/person\/549b4483ff8999ac780deeea78795fc9\",\"name\":\"Prensa\",\"image\":{\"@type\":\"ImageObject\",\"inLanguage\":\"es\",\"@id\":\"https:\/\/alcaldiaalbertoadriani.com\/#\/schema\/person\/image\/\",\"url\":\"https:\/\/secure.gravatar.com\/avatar\/ea1cb567ea992a29627f4eee1c2eb185ec16decec6342d508fdf18dedb56c9de?s=96&d=mm&r=g\",\"contentUrl\":\"https:\/\/secure.gravatar.com\/avatar\/ea1cb567ea992a29627f4eee1c2eb185ec16decec6342d508fdf18dedb56c9de?s=96&d=mm&r=g\",\"caption\":\"Prensa\"},\"url\":\"https:\/\/alcaldiaalbertoadriani.com\/?author=2\"}]}<\/script>\n<!-- \/ Yoast SEO plugin. -->","yoast_head_json":{"title":"Inici\u00f3 concurso de pesebres 2024 con la Alianza Radial Adrianista\u00a0\u00a0","description":"Inici\u00f3 concurso de pesebres 2024 con la Alianza Radial Adrianista. El punto de arranque tuvo lugar en la plaza Bol\u00edvar de la ciudad","robots":{"index":"index","follow":"follow","max-snippet":"max-snippet:-1","max-image-preview":"max-image-preview:large","max-video-preview":"max-video-preview:-1"},"canonical":"https:\/\/alcaldiaalbertoadriani.com\/?p=9161","og_locale":"es_ES","og_type":"article","og_title":"Inici\u00f3 concurso de pesebres 2024 con la Alianza Radial Adrianista\u00a0\u00a0","og_description":"Inici\u00f3 concurso de pesebres 2024 con la Alianza Radial Adrianista. El punto de arranque tuvo lugar en la plaza Bol\u00edvar de la ciudad","og_url":"https:\/\/alcaldiaalbertoadriani.com\/?p=9161","og_site_name":"Alcaldia Alberto Adriani","article_published_time":"2024-12-13T16:46:05+00:00","article_modified_time":"2024-12-13T16:46:11+00:00","og_image":[{"width":1280,"height":960,"url":"https:\/\/alcaldiaalbertoadriani.com\/wp-content\/uploads\/2024\/12\/photo_5105248477830557068_y.jpg","type":"image\/jpeg"}],"author":"Prensa","twitter_card":"summary_large_image","twitter_misc":{"Escrito por":"Prensa","Tiempo de lectura":"5 minutos"},"schema":{"@context":"https:\/\/schema.org","@graph":[{"@type":"WebPage","@id":"https:\/\/alcaldiaalbertoadriani.com\/?p=9161","url":"https:\/\/alcaldiaalbertoadriani.com\/?p=9161","name":"Inici\u00f3 concurso de pesebres 2024 con la Alianza Radial Adrianista\u00a0\u00a0","isPartOf":{"@id":"https:\/\/alcaldiaalbertoadriani.com\/#website"},"datePublished":"2024-12-13T16:46:05+00:00","dateModified":"2024-12-13T16:46:11+00:00","author":{"@id":"https:\/\/alcaldiaalbertoadriani.com\/#\/schema\/person\/549b4483ff8999ac780deeea78795fc9"},"description":"Inici\u00f3 concurso de pesebres 2024 con la Alianza Radial Adrianista. El punto de arranque tuvo lugar en la plaza Bol\u00edvar de la ciudad","breadcrumb":{"@id":"https:\/\/alcaldiaalbertoadriani.com\/?p=9161#breadcrumb"},"inLanguage":"es","potentialAction":[{"@type":"ReadAction","target":["https:\/\/alcaldiaalbertoadriani.com\/?p=9161"]}]},{"@type":"BreadcrumbList","@id":"https:\/\/alcaldiaalbertoadriani.com\/?p=9161#breadcrumb","itemListElement":[{"@type":"ListItem","position":1,"name":"Portada","item":"https:\/\/alcaldiaalbertoadriani.com\/"},{"@type":"ListItem","position":2,"name":"Inici\u00f3 concurso de pesebres 2024 con la Alianza Radial Adrianista\u00a0\u00a0"}]},{"@type":"WebSite","@id":"https:\/\/alcaldiaalbertoadriani.com\/#website","url":"https:\/\/alcaldiaalbertoadriani.com\/","name":"Alcaldia Alberto Adriani","description":"","potentialAction":[{"@type":"SearchAction","target":{"@type":"EntryPoint","urlTemplate":"https:\/\/alcaldiaalbertoadriani.com\/?s={search_term_string}"},"query-input":"required name=search_term_string"}],"inLanguage":"es"},{"@type":"Person","@id":"https:\/\/alcaldiaalbertoadriani.com\/#\/schema\/person\/549b4483ff8999ac780deeea78795fc9","name":"Prensa","image":{"@type":"ImageObject","inLanguage":"es","@id":"https:\/\/alcaldiaalbertoadriani.com\/#\/schema\/person\/image\/","url":"https:\/\/secure.gravatar.com\/avatar\/ea1cb567ea992a29627f4eee1c2eb185ec16decec6342d508fdf18dedb56c9de?s=96&d=mm&r=g","contentUrl":"https:\/\/secure.gravatar.com\/avatar\/ea1cb567ea992a29627f4eee1c2eb185ec16decec6342d508fdf18dedb56c9de?s=96&d=mm&r=g","caption":"Prensa"},"url":"https:\/\/alcaldiaalbertoadriani.com\/?author=2"}]}},"_links":{"self":[{"href":"https:\/\/alcaldiaalbertoadriani.com\/index.php?rest_route=\/wp\/v2\/posts\/9161","targetHints":{"allow":["GET"]}}],"collection":[{"href":"https:\/\/alcaldiaalbertoadriani.com\/index.php?rest_route=\/wp\/v2\/posts"}],"about":[{"href":"https:\/\/alcaldiaalbertoadriani.com\/index.php?rest_route=\/wp\/v2\/types\/post"}],"author":[{"embeddable":true,"href":"https:\/\/alcaldiaalbertoadriani.com\/index.php?rest_route=\/wp\/v2\/users\/2"}],"replies":[{"embeddable":true,"href":"https:\/\/alcaldiaalbertoadriani.com\/index.php?rest_route=%2Fwp%2Fv2%2Fcomments&post=9161"}],"version-history":[{"count":1,"href":"https:\/\/alcaldiaalbertoadriani.com\/index.php?rest_route=\/wp\/v2\/posts\/9161\/revisions"}],"predecessor-version":[{"id":9177,"href":"https:\/\/alcaldiaalbertoadriani.com\/index.php?rest_route=\/wp\/v2\/posts\/9161\/revisions\/9177"}],"wp:featuredmedia":[{"embeddable":true,"href":"https:\/\/alcaldiaalbertoadriani.com\/index.php?rest_route=\/wp\/v2\/media\/9160"}],"wp:attachment":[{"href":"https:\/\/alcaldiaalbertoadriani.com\/index.php?rest_route=%2Fwp%2Fv2%2Fmedia&parent=9161"}],"wp:term":[{"taxonomy":"category","embeddable":true,"href":"https:\/\/alcaldiaalbertoadriani.com\/index.php?rest_route=%2Fwp%2Fv2%2Fcategories&post=9161"},{"taxonomy":"post_tag","embeddable":true,"href":"https:\/\/alcaldiaalbertoadriani.com\/index.php?rest_route=%2Fwp%2Fv2%2Ftags&post=9161"}],"curies":[{"name":"wp","href":"https:\/\/api.w.org\/{rel}","templated":true}]}}