{"id":9112,"date":"2024-12-09T20:29:53","date_gmt":"2024-12-09T20:29:53","guid":{"rendered":"https:\/\/alcaldiaalbertoadriani.com\/?p=9112"},"modified":"2024-12-09T20:29:57","modified_gmt":"2024-12-09T20:29:57","slug":"alberto-adriani-promociona-su-potencial-turistico","status":"publish","type":"post","link":"https:\/\/alcaldiaalbertoadriani.com\/?p=9112","title":{"rendered":"Alberto Adriani promociona su potencial tur\u00edstico en la FITVEN 2024"},"content":{"rendered":"\n<p><\/p>\n\n\n\n<p>El <a href=\"https:\/\/alcaldiaalbertoadriani.com\/?p=8350\">Municipio Alberto Adriani<\/a> se hizo presente en la XVII edici\u00f3n de la Feria Internacional de Turismo de Venezuela (Fitven) 2024, realizada en San Crist\u00f3bal, estado T\u00e1chira. En representaci\u00f3n del alcalde <a href=\"https:\/\/www.instagram.com\/lisandrosegura02\/?hl=es-es\" target=\"_blank\" rel=\"noreferrer noopener\">Lisandro Segura<\/a>, asisti\u00f3 \u00c1ngel Contreras, gerente General de la alcald\u00eda, quien destac\u00f3 la importancia de este evento para promover los atractivos tur\u00edsticos de El Vig\u00eda y sus alrededores.<\/p>\n\n\n\n<figure class=\"wp-block-gallery has-nested-images columns-default is-cropped wp-block-gallery-1 is-layout-flex wp-block-gallery-is-layout-flex\">\n<figure class=\"wp-block-image size-large\"><img loading=\"lazy\" decoding=\"async\" width=\"450\" height=\"1000\" data-id=\"9114\" src=\"https:\/\/alcaldiaalbertoadriani.com\/wp-content\/uploads\/2024\/12\/WhatsApp-Image-2024-12-09-at-2.10.32-PM-5.jpeg\" alt=\"\" class=\"wp-image-9114\" srcset=\"https:\/\/alcaldiaalbertoadriani.com\/wp-content\/uploads\/2024\/12\/WhatsApp-Image-2024-12-09-at-2.10.32-PM-5.jpeg 450w, https:\/\/alcaldiaalbertoadriani.com\/wp-content\/uploads\/2024\/12\/WhatsApp-Image-2024-12-09-at-2.10.32-PM-5-135x300.jpeg 135w\" sizes=\"auto, (max-width: 450px) 100vw, 450px\" \/><\/figure>\n<\/figure>\n\n\n\n<p>Con la participaci\u00f3n de m\u00e1s de 200 operadores tur\u00edsticos y 42 delegaciones internacionales, la Fitven 2024 se convirti\u00f3 en un punto de encuentro en el cual asistieron m\u00e1s de 15 mil personas. &#8220;Este evento nos permiti\u00f3 mostrar al mundo el potencial tur\u00edstico y econ\u00f3mico de nuestro municipio&#8221;, afirm\u00f3 Contreras.<\/p>\n\n\n\n<p>La Fitven, represent\u00f3 una plataforma excepcional para que el municipio Alberto Adriani diera a conocer su capacidad de innovaci\u00f3n y de apertura al di\u00e1logo con el sector privado. \u201cEste contacto directo es fundamental para fomentar el crecimiento y desarrollo que todos anhelamos ver en nuestra ciudad, encrucijada de progreso\u201d, expres\u00f3 el gerente general.<\/p>\n\n\n\n<p>Durante la feria se desarrollaron m\u00faltiples ruedas de negocios que permitieron a Alberto Adriani intercambiar ideas y visibilizar sus fortalezas ante un auditorio internacional.<\/p>\n\n\n\n<figure class=\"wp-block-gallery has-nested-images columns-default is-cropped wp-block-gallery-2 is-layout-flex wp-block-gallery-is-layout-flex\">\n<figure class=\"wp-block-image size-large\"><img loading=\"lazy\" decoding=\"async\" width=\"450\" height=\"1000\" data-id=\"9115\" src=\"https:\/\/alcaldiaalbertoadriani.com\/wp-content\/uploads\/2024\/12\/WhatsApp-Image-2024-12-09-at-2.10.32-PM-4.jpeg\" alt=\"\" class=\"wp-image-9115\" srcset=\"https:\/\/alcaldiaalbertoadriani.com\/wp-content\/uploads\/2024\/12\/WhatsApp-Image-2024-12-09-at-2.10.32-PM-4.jpeg 450w, https:\/\/alcaldiaalbertoadriani.com\/wp-content\/uploads\/2024\/12\/WhatsApp-Image-2024-12-09-at-2.10.32-PM-4-135x300.jpeg 135w\" sizes=\"auto, (max-width: 450px) 100vw, 450px\" \/><\/figure>\n<\/figure>\n\n\n\n<p>&#8220;Estos encuentros no solo permitieron presentar los recursos tur\u00edsticos de nuestra ciudad, sino que tambi\u00e9n facilitaron intercambios de informaci\u00f3n esenciales para mejorar nuestras ofertas&#8221;, explic\u00f3.<\/p>\n\n\n\n<p>Agreg\u00f3 Contreras que las conversaciones fueron fruct\u00edferas y que \u201cabrir\u00e1n caminos para impulsar la competitividad de nuestro municipio en el panorama tur\u00edstico nacional e internacional&#8221;.<\/p>\n\n\n\n<p>Adem\u00e1s, el representante de Alberto Adriani particip\u00f3 en el II Congreso 360 de Turismo, lo cual represent\u00f3 una oportunidad invaluable para adquirir conocimientos sobre las \u00faltimas tendencias y estrategias en el sector a trav\u00e9s de ponencias de alto nivel.<\/p>\n\n\n\n<figure class=\"wp-block-gallery has-nested-images columns-default is-cropped wp-block-gallery-3 is-layout-flex wp-block-gallery-is-layout-flex\">\n<figure class=\"wp-block-image size-large\"><img loading=\"lazy\" decoding=\"async\" width=\"450\" height=\"1000\" data-id=\"9116\" src=\"https:\/\/alcaldiaalbertoadriani.com\/wp-content\/uploads\/2024\/12\/WhatsApp-Image-2024-12-09-at-2.10.32-PM-3.jpeg\" alt=\"\" class=\"wp-image-9116\" srcset=\"https:\/\/alcaldiaalbertoadriani.com\/wp-content\/uploads\/2024\/12\/WhatsApp-Image-2024-12-09-at-2.10.32-PM-3.jpeg 450w, https:\/\/alcaldiaalbertoadriani.com\/wp-content\/uploads\/2024\/12\/WhatsApp-Image-2024-12-09-at-2.10.32-PM-3-135x300.jpeg 135w\" sizes=\"auto, (max-width: 450px) 100vw, 450px\" \/><\/figure>\n<\/figure>\n\n\n\n<p>\u201cEste congreso no solo fue de aprendizaje, sino tambi\u00e9n de inspiraci\u00f3n e ideas que despertaron la motivaci\u00f3n de transformar el paisaje tur\u00edstico de Alberto Adriani desde una visi\u00f3n compartida entre su gente, sus l\u00edderes y emprendedores\u201d, subray\u00f3.<\/p>\n\n\n\n<p>Con la participaci\u00f3n en la Fitven 2024, la gesti\u00f3n municipal de <a href=\"https:\/\/www.instagram.com\/lisandrosegura02\/?hl=es-es\" target=\"_blank\" rel=\"noreferrer noopener\">Lisandro Segura<\/a> reafirma su compromiso con el desarrollo tur\u00edstico de la regi\u00f3n y, por ende, buscar posicionar al municipio Alberto Adriani como un destino atractivo para visitantes nacionales e internacionales. <strong><em>Prensa Alcald\u00eda Alberto Adriani\/ Claribel Zambrano CNP: 11843\/ Fotos: \u00c1ngel Contreras.<\/em><\/strong><\/p>\n\n\n\n<figure class=\"wp-block-gallery has-nested-images columns-default is-cropped wp-block-gallery-4 is-layout-flex wp-block-gallery-is-layout-flex\">\n<figure class=\"wp-block-image size-large\"><img loading=\"lazy\" decoding=\"async\" width=\"450\" height=\"1000\" data-id=\"9118\" src=\"https:\/\/alcaldiaalbertoadriani.com\/wp-content\/uploads\/2024\/12\/WhatsApp-Image-2024-12-09-at-2.10.32-PM-1.jpeg\" alt=\"\" class=\"wp-image-9118\" srcset=\"https:\/\/alcaldiaalbertoadriani.com\/wp-content\/uploads\/2024\/12\/WhatsApp-Image-2024-12-09-at-2.10.32-PM-1.jpeg 450w, https:\/\/alcaldiaalbertoadriani.com\/wp-content\/uploads\/2024\/12\/WhatsApp-Image-2024-12-09-at-2.10.32-PM-1-135x300.jpeg 135w\" sizes=\"auto, (max-width: 450px) 100vw, 450px\" \/><\/figure>\n\n\n\n<figure class=\"wp-block-image size-large\"><img loading=\"lazy\" decoding=\"async\" width=\"472\" height=\"1024\" data-id=\"9119\" src=\"https:\/\/alcaldiaalbertoadriani.com\/wp-content\/uploads\/2024\/12\/WhatsApp-Image-2024-12-09-at-2.10.32-PM-2-472x1024.jpeg\" alt=\"\" class=\"wp-image-9119\"\/><\/figure>\n<\/figure>\n","protected":false},"excerpt":{"rendered":"<p>El Municipio Alberto Adriani se hizo presente en la XVII edici\u00f3n de la Feria Internacional de Turismo de Venezuela (Fitven) 2024, realizada en San Crist\u00f3bal, estado T\u00e1chira. En representaci\u00f3n del [&hellip;]<\/p>\n","protected":false},"author":2,"featured_media":9113,"comment_status":"open","ping_status":"closed","sticky":false,"template":"","format":"standard","meta":{"_et_pb_use_builder":"off","_et_pb_old_content":"","_et_gb_content_width":"","footnotes":""},"categories":[341,25,201],"tags":[31,11,12,15,761,30,29,28,932],"class_list":["post-9112","post","type-post","status-publish","format-standard","has-post-thumbnail","hentry","category-alcaldia-alberto-adriani","category-nuestro-municipio","category-turismo","tag-alcalde","tag-alcaldia","tag-alcaldiaalbertoadriani","tag-elvigia","tag-encrucijadadeprogreso","tag-lisandrosegura","tag-municipioquenosmerecemos","tag-porelrenacer","tag-alberto-adriani-promociona-su-potencial-turistico"],"yoast_head":"<!-- This site is optimized with the Yoast SEO plugin v19.13 - https:\/\/yoast.com\/wordpress\/plugins\/seo\/ -->\n<title>Alberto Adriani promociona su potencial tur\u00edstico<\/title>\n<meta name=\"description\" content=\"Alberto Adriani promociona su potencial tur\u00edstico en la FITVEN 2024 realizada en San Crist\u00f3bal, estado T\u00e1chira\" \/>\n<meta name=\"robots\" content=\"index, follow, max-snippet:-1, max-image-preview:large, max-video-preview:-1\" \/>\n<link rel=\"canonical\" href=\"https:\/\/alcaldiaalbertoadriani.com\/?p=9112\" \/>\n<meta property=\"og:locale\" content=\"es_ES\" \/>\n<meta property=\"og:type\" content=\"article\" \/>\n<meta property=\"og:title\" content=\"Alberto Adriani promociona su potencial tur\u00edstico\" \/>\n<meta property=\"og:description\" content=\"Alberto Adriani promociona su potencial tur\u00edstico en la FITVEN 2024 realizada en San Crist\u00f3bal, estado T\u00e1chira\" \/>\n<meta property=\"og:url\" content=\"https:\/\/alcaldiaalbertoadriani.com\/?p=9112\" \/>\n<meta property=\"og:site_name\" content=\"Alcaldia Alberto Adriani\" \/>\n<meta property=\"article:published_time\" content=\"2024-12-09T20:29:53+00:00\" \/>\n<meta property=\"article:modified_time\" content=\"2024-12-09T20:29:57+00:00\" \/>\n<meta property=\"og:image\" content=\"https:\/\/alcaldiaalbertoadriani.com\/wp-content\/uploads\/2024\/12\/WhatsApp-Image-2024-12-09-at-2.10.32-PM.jpeg\" \/>\n\t<meta property=\"og:image:width\" content=\"1000\" \/>\n\t<meta property=\"og:image:height\" content=\"450\" \/>\n\t<meta property=\"og:image:type\" content=\"image\/jpeg\" \/>\n<meta name=\"author\" content=\"Prensa\" \/>\n<meta name=\"twitter:card\" content=\"summary_large_image\" \/>\n<meta name=\"twitter:label1\" content=\"Escrito por\" \/>\n\t<meta name=\"twitter:data1\" content=\"Prensa\" \/>\n\t<meta name=\"twitter:label2\" content=\"Tiempo de lectura\" \/>\n\t<meta name=\"twitter:data2\" content=\"3 minutos\" \/>\n<script type=\"application\/ld+json\" class=\"yoast-schema-graph\">{\"@context\":\"https:\/\/schema.org\",\"@graph\":[{\"@type\":\"WebPage\",\"@id\":\"https:\/\/alcaldiaalbertoadriani.com\/?p=9112\",\"url\":\"https:\/\/alcaldiaalbertoadriani.com\/?p=9112\",\"name\":\"Alberto Adriani promociona su potencial tur\u00edstico\",\"isPartOf\":{\"@id\":\"https:\/\/alcaldiaalbertoadriani.com\/#website\"},\"datePublished\":\"2024-12-09T20:29:53+00:00\",\"dateModified\":\"2024-12-09T20:29:57+00:00\",\"author\":{\"@id\":\"https:\/\/alcaldiaalbertoadriani.com\/#\/schema\/person\/549b4483ff8999ac780deeea78795fc9\"},\"description\":\"Alberto Adriani promociona su potencial tur\u00edstico en la FITVEN 2024 realizada en San Crist\u00f3bal, estado T\u00e1chira\",\"breadcrumb\":{\"@id\":\"https:\/\/alcaldiaalbertoadriani.com\/?p=9112#breadcrumb\"},\"inLanguage\":\"es\",\"potentialAction\":[{\"@type\":\"ReadAction\",\"target\":[\"https:\/\/alcaldiaalbertoadriani.com\/?p=9112\"]}]},{\"@type\":\"BreadcrumbList\",\"@id\":\"https:\/\/alcaldiaalbertoadriani.com\/?p=9112#breadcrumb\",\"itemListElement\":[{\"@type\":\"ListItem\",\"position\":1,\"name\":\"Portada\",\"item\":\"https:\/\/alcaldiaalbertoadriani.com\/\"},{\"@type\":\"ListItem\",\"position\":2,\"name\":\"Alberto Adriani promociona su potencial tur\u00edstico en la FITVEN 2024\"}]},{\"@type\":\"WebSite\",\"@id\":\"https:\/\/alcaldiaalbertoadriani.com\/#website\",\"url\":\"https:\/\/alcaldiaalbertoadriani.com\/\",\"name\":\"Alcaldia Alberto Adriani\",\"description\":\"\",\"potentialAction\":[{\"@type\":\"SearchAction\",\"target\":{\"@type\":\"EntryPoint\",\"urlTemplate\":\"https:\/\/alcaldiaalbertoadriani.com\/?s={search_term_string}\"},\"query-input\":\"required name=search_term_string\"}],\"inLanguage\":\"es\"},{\"@type\":\"Person\",\"@id\":\"https:\/\/alcaldiaalbertoadriani.com\/#\/schema\/person\/549b4483ff8999ac780deeea78795fc9\",\"name\":\"Prensa\",\"image\":{\"@type\":\"ImageObject\",\"inLanguage\":\"es\",\"@id\":\"https:\/\/alcaldiaalbertoadriani.com\/#\/schema\/person\/image\/\",\"url\":\"https:\/\/secure.gravatar.com\/avatar\/ea1cb567ea992a29627f4eee1c2eb185ec16decec6342d508fdf18dedb56c9de?s=96&d=mm&r=g\",\"contentUrl\":\"https:\/\/secure.gravatar.com\/avatar\/ea1cb567ea992a29627f4eee1c2eb185ec16decec6342d508fdf18dedb56c9de?s=96&d=mm&r=g\",\"caption\":\"Prensa\"},\"url\":\"https:\/\/alcaldiaalbertoadriani.com\/?author=2\"}]}<\/script>\n<!-- \/ Yoast SEO plugin. -->","yoast_head_json":{"title":"Alberto Adriani promociona su potencial tur\u00edstico","description":"Alberto Adriani promociona su potencial tur\u00edstico en la FITVEN 2024 realizada en San Crist\u00f3bal, estado T\u00e1chira","robots":{"index":"index","follow":"follow","max-snippet":"max-snippet:-1","max-image-preview":"max-image-preview:large","max-video-preview":"max-video-preview:-1"},"canonical":"https:\/\/alcaldiaalbertoadriani.com\/?p=9112","og_locale":"es_ES","og_type":"article","og_title":"Alberto Adriani promociona su potencial tur\u00edstico","og_description":"Alberto Adriani promociona su potencial tur\u00edstico en la FITVEN 2024 realizada en San Crist\u00f3bal, estado T\u00e1chira","og_url":"https:\/\/alcaldiaalbertoadriani.com\/?p=9112","og_site_name":"Alcaldia Alberto Adriani","article_published_time":"2024-12-09T20:29:53+00:00","article_modified_time":"2024-12-09T20:29:57+00:00","og_image":[{"width":1000,"height":450,"url":"https:\/\/alcaldiaalbertoadriani.com\/wp-content\/uploads\/2024\/12\/WhatsApp-Image-2024-12-09-at-2.10.32-PM.jpeg","type":"image\/jpeg"}],"author":"Prensa","twitter_card":"summary_large_image","twitter_misc":{"Escrito por":"Prensa","Tiempo de lectura":"3 minutos"},"schema":{"@context":"https:\/\/schema.org","@graph":[{"@type":"WebPage","@id":"https:\/\/alcaldiaalbertoadriani.com\/?p=9112","url":"https:\/\/alcaldiaalbertoadriani.com\/?p=9112","name":"Alberto Adriani promociona su potencial tur\u00edstico","isPartOf":{"@id":"https:\/\/alcaldiaalbertoadriani.com\/#website"},"datePublished":"2024-12-09T20:29:53+00:00","dateModified":"2024-12-09T20:29:57+00:00","author":{"@id":"https:\/\/alcaldiaalbertoadriani.com\/#\/schema\/person\/549b4483ff8999ac780deeea78795fc9"},"description":"Alberto Adriani promociona su potencial tur\u00edstico en la FITVEN 2024 realizada en San Crist\u00f3bal, estado T\u00e1chira","breadcrumb":{"@id":"https:\/\/alcaldiaalbertoadriani.com\/?p=9112#breadcrumb"},"inLanguage":"es","potentialAction":[{"@type":"ReadAction","target":["https:\/\/alcaldiaalbertoadriani.com\/?p=9112"]}]},{"@type":"BreadcrumbList","@id":"https:\/\/alcaldiaalbertoadriani.com\/?p=9112#breadcrumb","itemListElement":[{"@type":"ListItem","position":1,"name":"Portada","item":"https:\/\/alcaldiaalbertoadriani.com\/"},{"@type":"ListItem","position":2,"name":"Alberto Adriani promociona su potencial tur\u00edstico en la FITVEN 2024"}]},{"@type":"WebSite","@id":"https:\/\/alcaldiaalbertoadriani.com\/#website","url":"https:\/\/alcaldiaalbertoadriani.com\/","name":"Alcaldia Alberto Adriani","description":"","potentialAction":[{"@type":"SearchAction","target":{"@type":"EntryPoint","urlTemplate":"https:\/\/alcaldiaalbertoadriani.com\/?s={search_term_string}"},"query-input":"required name=search_term_string"}],"inLanguage":"es"},{"@type":"Person","@id":"https:\/\/alcaldiaalbertoadriani.com\/#\/schema\/person\/549b4483ff8999ac780deeea78795fc9","name":"Prensa","image":{"@type":"ImageObject","inLanguage":"es","@id":"https:\/\/alcaldiaalbertoadriani.com\/#\/schema\/person\/image\/","url":"https:\/\/secure.gravatar.com\/avatar\/ea1cb567ea992a29627f4eee1c2eb185ec16decec6342d508fdf18dedb56c9de?s=96&d=mm&r=g","contentUrl":"https:\/\/secure.gravatar.com\/avatar\/ea1cb567ea992a29627f4eee1c2eb185ec16decec6342d508fdf18dedb56c9de?s=96&d=mm&r=g","caption":"Prensa"},"url":"https:\/\/alcaldiaalbertoadriani.com\/?author=2"}]}},"_links":{"self":[{"href":"https:\/\/alcaldiaalbertoadriani.com\/index.php?rest_route=\/wp\/v2\/posts\/9112","targetHints":{"allow":["GET"]}}],"collection":[{"href":"https:\/\/alcaldiaalbertoadriani.com\/index.php?rest_route=\/wp\/v2\/posts"}],"about":[{"href":"https:\/\/alcaldiaalbertoadriani.com\/index.php?rest_route=\/wp\/v2\/types\/post"}],"author":[{"embeddable":true,"href":"https:\/\/alcaldiaalbertoadriani.com\/index.php?rest_route=\/wp\/v2\/users\/2"}],"replies":[{"embeddable":true,"href":"https:\/\/alcaldiaalbertoadriani.com\/index.php?rest_route=%2Fwp%2Fv2%2Fcomments&post=9112"}],"version-history":[{"count":1,"href":"https:\/\/alcaldiaalbertoadriani.com\/index.php?rest_route=\/wp\/v2\/posts\/9112\/revisions"}],"predecessor-version":[{"id":9120,"href":"https:\/\/alcaldiaalbertoadriani.com\/index.php?rest_route=\/wp\/v2\/posts\/9112\/revisions\/9120"}],"wp:featuredmedia":[{"embeddable":true,"href":"https:\/\/alcaldiaalbertoadriani.com\/index.php?rest_route=\/wp\/v2\/media\/9113"}],"wp:attachment":[{"href":"https:\/\/alcaldiaalbertoadriani.com\/index.php?rest_route=%2Fwp%2Fv2%2Fmedia&parent=9112"}],"wp:term":[{"taxonomy":"category","embeddable":true,"href":"https:\/\/alcaldiaalbertoadriani.com\/index.php?rest_route=%2Fwp%2Fv2%2Fcategories&post=9112"},{"taxonomy":"post_tag","embeddable":true,"href":"https:\/\/alcaldiaalbertoadriani.com\/index.php?rest_route=%2Fwp%2Fv2%2Ftags&post=9112"}],"curies":[{"name":"wp","href":"https:\/\/api.w.org\/{rel}","templated":true}]}}