{"id":8921,"date":"2024-11-26T15:28:05","date_gmt":"2024-11-26T15:28:05","guid":{"rendered":"https:\/\/alcaldiaalbertoadriani.com\/?p=8921"},"modified":"2024-11-26T15:28:14","modified_gmt":"2024-11-26T15:28:14","slug":"gobierno-de-lisandro-segura-inicio-construccion-de-aceras","status":"publish","type":"post","link":"https:\/\/alcaldiaalbertoadriani.com\/?p=8921","title":{"rendered":"Gobierno de Lisandro Segura inici\u00f3 construcci\u00f3n de aceras en la comunidad Rosa Virginia"},"content":{"rendered":"\n<p><\/p>\n\n\n\n<p>Con el prop\u00f3sito de consolidar las comunidades del municipio Alberto Adriani, el gobierno del alcalde <a href=\"https:\/\/www.instagram.com\/lisandrosegura02\/?hl=es-es\" target=\"_blank\" rel=\"noreferrer noopener\">Lisandro Segura<\/a> inici\u00f3 la construcci\u00f3n de aceras y rampas en la comunidad de Rosa Virginia, espec\u00edficamente en la calle Los Girasoles, ubicada en la <a href=\"https:\/\/alcaldiaalbertoadriani.com\/?p=6442\" target=\"_blank\" rel=\"noreferrer noopener\">parroquia R\u00f3mulo Gallegos<\/a>. Dicho proyecto forma parte del <a href=\"https:\/\/alcaldiaalbertoadriani.com\/?p=4261\">plan de inversi\u00f3n 2024<\/a>.<\/p>\n\n\n\n<!--more-->\n\n\n\n<p>El alcalde estuvo supervisando la obra e inform\u00f3 que \u201cvamos a construir un tramo de aproximadamente 200 metros de acera con obreros de la municipalidad, bajo la direcci\u00f3n de la gerencia de Ingenier\u00eda y Planeamiento Urbano Local (<a href=\"https:\/\/alcaldiaalbertoadriani.com\/?p=6135\" target=\"_blank\" rel=\"noreferrer noopener\">Gipul<\/a>), en coordinaci\u00f3n con la comuna, los consejos comunales y la comunidad de este populoso sector\u201d, indic\u00f3.<\/p>\n\n\n\n<figure class=\"wp-block-gallery has-nested-images columns-default is-cropped wp-block-gallery-1 is-layout-flex wp-block-gallery-is-layout-flex\">\n<figure class=\"wp-block-image size-large\"><img loading=\"lazy\" decoding=\"async\" width=\"1024\" height=\"768\" data-id=\"8923\" src=\"https:\/\/alcaldiaalbertoadriani.com\/wp-content\/uploads\/2024\/11\/5044399910916566714-1024x768.jpg\" alt=\"\" class=\"wp-image-8923\" srcset=\"https:\/\/alcaldiaalbertoadriani.com\/wp-content\/uploads\/2024\/11\/5044399910916566714-1024x768.jpg 1024w, https:\/\/alcaldiaalbertoadriani.com\/wp-content\/uploads\/2024\/11\/5044399910916566714-980x735.jpg 980w, https:\/\/alcaldiaalbertoadriani.com\/wp-content\/uploads\/2024\/11\/5044399910916566714-480x360.jpg 480w\" sizes=\"auto, (min-width: 0px) and (max-width: 480px) 480px, (min-width: 481px) and (max-width: 980px) 980px, (min-width: 981px) 1024px, 100vw\" \/><\/figure>\n<\/figure>\n\n\n\n<p>Resalt\u00f3 que el proyecto fue hecho por la gerencia de Proyecto de la alcald\u00eda y la Comuna accedi\u00f3 a unos recursos del Consejo Federal de Gobierno a trav\u00e9s de los proyectos comunales, \u201clo que les permiti\u00f3 ejecutar un tramo importante de brocales. Luego venimos nosotros desde la alcald\u00eda de Alberto Adriani a construir las aceras\u201d, detall\u00f3.<\/p>\n\n\n\n<figure class=\"wp-block-gallery has-nested-images columns-default is-cropped wp-block-gallery-2 is-layout-flex wp-block-gallery-is-layout-flex\">\n<figure class=\"wp-block-image size-large\"><img loading=\"lazy\" decoding=\"async\" width=\"1024\" height=\"768\" data-id=\"8924\" src=\"https:\/\/alcaldiaalbertoadriani.com\/wp-content\/uploads\/2024\/11\/5044399910916566713-1024x768.jpg\" alt=\"\" class=\"wp-image-8924\" srcset=\"https:\/\/alcaldiaalbertoadriani.com\/wp-content\/uploads\/2024\/11\/5044399910916566713-1024x768.jpg 1024w, https:\/\/alcaldiaalbertoadriani.com\/wp-content\/uploads\/2024\/11\/5044399910916566713-980x735.jpg 980w, https:\/\/alcaldiaalbertoadriani.com\/wp-content\/uploads\/2024\/11\/5044399910916566713-480x360.jpg 480w\" sizes=\"auto, (min-width: 0px) and (max-width: 480px) 480px, (min-width: 481px) and (max-width: 980px) 980px, (min-width: 981px) 1024px, 100vw\" \/><\/figure>\n<\/figure>\n\n\n\n<p>Por su parte, Laura Montes, ingeniero de la Gipul, brind\u00f3 detalles sobre el proceso de la obra, &#8220;estamos realizando la conformaci\u00f3n de unas aceras peatonales, primero se est\u00e1 haciendo el trabajo de replanteo con rana, para lo cual contamos con una m\u00e1quina retroexcavadora y los obreros de la alcald\u00eda; de igual manera, estamos conformando todos los accesos vehiculares con su respectiva rampa\u201d. En este d\u00eda (jueves), se est\u00e1n vaciando 6 metros c\u00fabicos de concreto, de un total de 27 metros c\u00fabicos que requiere la obra, precis\u00f3.<\/p>\n\n\n\n<figure class=\"wp-block-gallery has-nested-images columns-default is-cropped wp-block-gallery-3 is-layout-flex wp-block-gallery-is-layout-flex\">\n<figure class=\"wp-block-image size-large\"><img loading=\"lazy\" decoding=\"async\" width=\"1024\" height=\"768\" data-id=\"8925\" src=\"https:\/\/alcaldiaalbertoadriani.com\/wp-content\/uploads\/2024\/11\/5044399910916566712-1024x768.jpg\" alt=\"\" class=\"wp-image-8925\" srcset=\"https:\/\/alcaldiaalbertoadriani.com\/wp-content\/uploads\/2024\/11\/5044399910916566712-1024x768.jpg 1024w, https:\/\/alcaldiaalbertoadriani.com\/wp-content\/uploads\/2024\/11\/5044399910916566712-980x735.jpg 980w, https:\/\/alcaldiaalbertoadriani.com\/wp-content\/uploads\/2024\/11\/5044399910916566712-480x360.jpg 480w\" sizes=\"auto, (min-width: 0px) and (max-width: 480px) 480px, (min-width: 481px) and (max-width: 980px) 980px, (min-width: 981px) 1024px, 100vw\" \/><\/figure>\n<\/figure>\n\n\n\n<p>Este esfuerzo conjunto entre la municipalidad y la comunidad, adem\u00e1s de mejorar la seguridad y movilidad en la comunidad, reafirma el compromiso de la gesti\u00f3n municipal con el desarrollo urbano y el bienestar de los habitantes de esta importante zona. <strong><em>Prensa Alcald\u00eda Alberto Adriani\/ Claribel Zambrano CNP: 11.843\/ Fotos: Karla M\u00e1rquez.<\/em><\/strong><\/p>\n\n\n\n<figure class=\"wp-block-gallery has-nested-images columns-default is-cropped wp-block-gallery-4 is-layout-flex wp-block-gallery-is-layout-flex\">\n<figure class=\"wp-block-image size-large\"><img loading=\"lazy\" decoding=\"async\" width=\"1024\" height=\"768\" data-id=\"8929\" src=\"https:\/\/alcaldiaalbertoadriani.com\/wp-content\/uploads\/2024\/11\/5044399910916566711-1024x768.jpg\" alt=\"\" class=\"wp-image-8929\" srcset=\"https:\/\/alcaldiaalbertoadriani.com\/wp-content\/uploads\/2024\/11\/5044399910916566711-1024x768.jpg 1024w, https:\/\/alcaldiaalbertoadriani.com\/wp-content\/uploads\/2024\/11\/5044399910916566711-980x735.jpg 980w, https:\/\/alcaldiaalbertoadriani.com\/wp-content\/uploads\/2024\/11\/5044399910916566711-480x360.jpg 480w\" sizes=\"auto, (min-width: 0px) and (max-width: 480px) 480px, (min-width: 481px) and (max-width: 980px) 980px, (min-width: 981px) 1024px, 100vw\" \/><\/figure>\n\n\n\n<figure class=\"wp-block-image size-large\"><img loading=\"lazy\" decoding=\"async\" width=\"1024\" height=\"768\" data-id=\"8928\" src=\"https:\/\/alcaldiaalbertoadriani.com\/wp-content\/uploads\/2024\/11\/5044399910916566705-1024x768.jpg\" alt=\"\" class=\"wp-image-8928\" srcset=\"https:\/\/alcaldiaalbertoadriani.com\/wp-content\/uploads\/2024\/11\/5044399910916566705-1024x768.jpg 1024w, https:\/\/alcaldiaalbertoadriani.com\/wp-content\/uploads\/2024\/11\/5044399910916566705-980x735.jpg 980w, https:\/\/alcaldiaalbertoadriani.com\/wp-content\/uploads\/2024\/11\/5044399910916566705-480x360.jpg 480w\" sizes=\"auto, (min-width: 0px) and (max-width: 480px) 480px, (min-width: 481px) and (max-width: 980px) 980px, (min-width: 981px) 1024px, 100vw\" \/><\/figure>\n\n\n\n<figure class=\"wp-block-image size-large\"><img loading=\"lazy\" decoding=\"async\" width=\"1024\" height=\"768\" data-id=\"8926\" src=\"https:\/\/alcaldiaalbertoadriani.com\/wp-content\/uploads\/2024\/11\/5044399910916566706-1024x768.jpg\" alt=\"\" class=\"wp-image-8926\" srcset=\"https:\/\/alcaldiaalbertoadriani.com\/wp-content\/uploads\/2024\/11\/5044399910916566706-1024x768.jpg 1024w, https:\/\/alcaldiaalbertoadriani.com\/wp-content\/uploads\/2024\/11\/5044399910916566706-980x735.jpg 980w, https:\/\/alcaldiaalbertoadriani.com\/wp-content\/uploads\/2024\/11\/5044399910916566706-480x360.jpg 480w\" sizes=\"auto, (min-width: 0px) and (max-width: 480px) 480px, (min-width: 481px) and (max-width: 980px) 980px, (min-width: 981px) 1024px, 100vw\" \/><\/figure>\n\n\n\n<figure class=\"wp-block-image size-large\"><img loading=\"lazy\" decoding=\"async\" width=\"1024\" height=\"768\" data-id=\"8931\" src=\"https:\/\/alcaldiaalbertoadriani.com\/wp-content\/uploads\/2024\/11\/5044399910916566707-1024x768.jpg\" alt=\"\" class=\"wp-image-8931\" srcset=\"https:\/\/alcaldiaalbertoadriani.com\/wp-content\/uploads\/2024\/11\/5044399910916566707-1024x768.jpg 1024w, https:\/\/alcaldiaalbertoadriani.com\/wp-content\/uploads\/2024\/11\/5044399910916566707-980x735.jpg 980w, https:\/\/alcaldiaalbertoadriani.com\/wp-content\/uploads\/2024\/11\/5044399910916566707-480x360.jpg 480w\" sizes=\"auto, (min-width: 0px) and (max-width: 480px) 480px, (min-width: 481px) and (max-width: 980px) 980px, (min-width: 981px) 1024px, 100vw\" \/><\/figure>\n\n\n\n<figure class=\"wp-block-image size-large\"><img loading=\"lazy\" decoding=\"async\" width=\"1024\" height=\"576\" data-id=\"8927\" src=\"https:\/\/alcaldiaalbertoadriani.com\/wp-content\/uploads\/2024\/11\/5044399910916566708-1024x576.jpg\" alt=\"\" class=\"wp-image-8927\" srcset=\"https:\/\/alcaldiaalbertoadriani.com\/wp-content\/uploads\/2024\/11\/5044399910916566708-1024x576.jpg 1024w, https:\/\/alcaldiaalbertoadriani.com\/wp-content\/uploads\/2024\/11\/5044399910916566708-980x551.jpg 980w, https:\/\/alcaldiaalbertoadriani.com\/wp-content\/uploads\/2024\/11\/5044399910916566708-480x270.jpg 480w\" sizes=\"auto, (min-width: 0px) and (max-width: 480px) 480px, (min-width: 481px) and (max-width: 980px) 980px, (min-width: 981px) 1024px, 100vw\" \/><\/figure>\n\n\n\n<figure class=\"wp-block-image size-large\"><img loading=\"lazy\" decoding=\"async\" width=\"1024\" height=\"768\" data-id=\"8930\" src=\"https:\/\/alcaldiaalbertoadriani.com\/wp-content\/uploads\/2024\/11\/5044399910916566709-1024x768.jpg\" alt=\"\" class=\"wp-image-8930\" srcset=\"https:\/\/alcaldiaalbertoadriani.com\/wp-content\/uploads\/2024\/11\/5044399910916566709-1024x768.jpg 1024w, https:\/\/alcaldiaalbertoadriani.com\/wp-content\/uploads\/2024\/11\/5044399910916566709-980x735.jpg 980w, https:\/\/alcaldiaalbertoadriani.com\/wp-content\/uploads\/2024\/11\/5044399910916566709-480x360.jpg 480w\" sizes=\"auto, (min-width: 0px) and (max-width: 480px) 480px, (min-width: 481px) and (max-width: 980px) 980px, (min-width: 981px) 1024px, 100vw\" \/><\/figure>\n\n\n\n<figure class=\"wp-block-image size-large\"><img loading=\"lazy\" decoding=\"async\" width=\"1024\" height=\"768\" data-id=\"8932\" src=\"https:\/\/alcaldiaalbertoadriani.com\/wp-content\/uploads\/2024\/11\/5044399910916566710-1024x768.jpg\" alt=\"\" class=\"wp-image-8932\" srcset=\"https:\/\/alcaldiaalbertoadriani.com\/wp-content\/uploads\/2024\/11\/5044399910916566710-1024x768.jpg 1024w, https:\/\/alcaldiaalbertoadriani.com\/wp-content\/uploads\/2024\/11\/5044399910916566710-980x735.jpg 980w, https:\/\/alcaldiaalbertoadriani.com\/wp-content\/uploads\/2024\/11\/5044399910916566710-480x360.jpg 480w\" sizes=\"auto, (min-width: 0px) and (max-width: 480px) 480px, (min-width: 481px) and (max-width: 980px) 980px, (min-width: 981px) 1024px, 100vw\" \/><\/figure>\n<\/figure>\n","protected":false},"excerpt":{"rendered":"<p>Con el prop\u00f3sito de consolidar las comunidades del municipio Alberto Adriani, el gobierno del alcalde Lisandro Segura inici\u00f3 la construcci\u00f3n de aceras y rampas en la comunidad de Rosa Virginia, [&hellip;]<\/p>\n","protected":false},"author":2,"featured_media":8922,"comment_status":"open","ping_status":"closed","sticky":false,"template":"","format":"standard","meta":{"_et_pb_use_builder":"off","_et_pb_old_content":"","_et_gb_content_width":"","footnotes":""},"categories":[341,197,25,24],"tags":[31,11,12,15,761,30,29,28],"class_list":["post-8921","post","type-post","status-publish","format-standard","has-post-thumbnail","hentry","category-alcaldia-alberto-adriani","category-gipul","category-nuestro-municipio","category-recuperacion-de-espacios","tag-alcalde","tag-alcaldia","tag-alcaldiaalbertoadriani","tag-elvigia","tag-encrucijadadeprogreso","tag-lisandrosegura","tag-municipioquenosmerecemos","tag-porelrenacer"],"yoast_head":"<!-- This site is optimized with the Yoast SEO plugin v19.13 - https:\/\/yoast.com\/wordpress\/plugins\/seo\/ -->\n<title>Gobierno de Lisandro Segura inici\u00f3 construcci\u00f3n de aceras<\/title>\n<meta name=\"description\" content=\"Gobierno de Lisandro Segura inici\u00f3 construcci\u00f3n de aceras en la comunidad Rosa Virginia espec\u00edficamente en la calle Los Girasoles\" \/>\n<meta name=\"robots\" content=\"index, follow, max-snippet:-1, max-image-preview:large, max-video-preview:-1\" \/>\n<link rel=\"canonical\" href=\"https:\/\/alcaldiaalbertoadriani.com\/?p=8921\" \/>\n<meta property=\"og:locale\" content=\"es_ES\" \/>\n<meta property=\"og:type\" content=\"article\" \/>\n<meta property=\"og:title\" content=\"Gobierno de Lisandro Segura inici\u00f3 construcci\u00f3n de aceras\" \/>\n<meta property=\"og:description\" content=\"Gobierno de Lisandro Segura inici\u00f3 construcci\u00f3n de aceras en la comunidad Rosa Virginia espec\u00edficamente en la calle Los Girasoles\" \/>\n<meta property=\"og:url\" content=\"https:\/\/alcaldiaalbertoadriani.com\/?p=8921\" \/>\n<meta property=\"og:site_name\" content=\"Alcaldia Alberto Adriani\" \/>\n<meta property=\"article:published_time\" content=\"2024-11-26T15:28:05+00:00\" \/>\n<meta property=\"article:modified_time\" content=\"2024-11-26T15:28:14+00:00\" \/>\n<meta property=\"og:image\" content=\"https:\/\/alcaldiaalbertoadriani.com\/wp-content\/uploads\/2024\/11\/5044399910916566716.jpg\" \/>\n\t<meta property=\"og:image:width\" content=\"1280\" \/>\n\t<meta property=\"og:image:height\" content=\"720\" \/>\n\t<meta property=\"og:image:type\" content=\"image\/jpeg\" \/>\n<meta name=\"author\" content=\"Prensa\" \/>\n<meta name=\"twitter:card\" content=\"summary_large_image\" \/>\n<meta name=\"twitter:label1\" content=\"Escrito por\" \/>\n\t<meta name=\"twitter:data1\" content=\"Prensa\" \/>\n\t<meta name=\"twitter:label2\" content=\"Tiempo de lectura\" \/>\n\t<meta name=\"twitter:data2\" content=\"4 minutos\" \/>\n<script type=\"application\/ld+json\" class=\"yoast-schema-graph\">{\"@context\":\"https:\/\/schema.org\",\"@graph\":[{\"@type\":\"WebPage\",\"@id\":\"https:\/\/alcaldiaalbertoadriani.com\/?p=8921\",\"url\":\"https:\/\/alcaldiaalbertoadriani.com\/?p=8921\",\"name\":\"Gobierno de Lisandro Segura inici\u00f3 construcci\u00f3n de aceras\",\"isPartOf\":{\"@id\":\"https:\/\/alcaldiaalbertoadriani.com\/#website\"},\"datePublished\":\"2024-11-26T15:28:05+00:00\",\"dateModified\":\"2024-11-26T15:28:14+00:00\",\"author\":{\"@id\":\"https:\/\/alcaldiaalbertoadriani.com\/#\/schema\/person\/549b4483ff8999ac780deeea78795fc9\"},\"description\":\"Gobierno de Lisandro Segura inici\u00f3 construcci\u00f3n de aceras en la comunidad Rosa Virginia espec\u00edficamente en la calle Los Girasoles\",\"breadcrumb\":{\"@id\":\"https:\/\/alcaldiaalbertoadriani.com\/?p=8921#breadcrumb\"},\"inLanguage\":\"es\",\"potentialAction\":[{\"@type\":\"ReadAction\",\"target\":[\"https:\/\/alcaldiaalbertoadriani.com\/?p=8921\"]}]},{\"@type\":\"BreadcrumbList\",\"@id\":\"https:\/\/alcaldiaalbertoadriani.com\/?p=8921#breadcrumb\",\"itemListElement\":[{\"@type\":\"ListItem\",\"position\":1,\"name\":\"Portada\",\"item\":\"https:\/\/alcaldiaalbertoadriani.com\/\"},{\"@type\":\"ListItem\",\"position\":2,\"name\":\"Gobierno de Lisandro Segura inici\u00f3 construcci\u00f3n de aceras en la comunidad Rosa Virginia\"}]},{\"@type\":\"WebSite\",\"@id\":\"https:\/\/alcaldiaalbertoadriani.com\/#website\",\"url\":\"https:\/\/alcaldiaalbertoadriani.com\/\",\"name\":\"Alcaldia Alberto Adriani\",\"description\":\"\",\"potentialAction\":[{\"@type\":\"SearchAction\",\"target\":{\"@type\":\"EntryPoint\",\"urlTemplate\":\"https:\/\/alcaldiaalbertoadriani.com\/?s={search_term_string}\"},\"query-input\":\"required name=search_term_string\"}],\"inLanguage\":\"es\"},{\"@type\":\"Person\",\"@id\":\"https:\/\/alcaldiaalbertoadriani.com\/#\/schema\/person\/549b4483ff8999ac780deeea78795fc9\",\"name\":\"Prensa\",\"image\":{\"@type\":\"ImageObject\",\"inLanguage\":\"es\",\"@id\":\"https:\/\/alcaldiaalbertoadriani.com\/#\/schema\/person\/image\/\",\"url\":\"https:\/\/secure.gravatar.com\/avatar\/ea1cb567ea992a29627f4eee1c2eb185ec16decec6342d508fdf18dedb56c9de?s=96&d=mm&r=g\",\"contentUrl\":\"https:\/\/secure.gravatar.com\/avatar\/ea1cb567ea992a29627f4eee1c2eb185ec16decec6342d508fdf18dedb56c9de?s=96&d=mm&r=g\",\"caption\":\"Prensa\"},\"url\":\"https:\/\/alcaldiaalbertoadriani.com\/?author=2\"}]}<\/script>\n<!-- \/ Yoast SEO plugin. -->","yoast_head_json":{"title":"Gobierno de Lisandro Segura inici\u00f3 construcci\u00f3n de aceras","description":"Gobierno de Lisandro Segura inici\u00f3 construcci\u00f3n de aceras en la comunidad Rosa Virginia espec\u00edficamente en la calle Los Girasoles","robots":{"index":"index","follow":"follow","max-snippet":"max-snippet:-1","max-image-preview":"max-image-preview:large","max-video-preview":"max-video-preview:-1"},"canonical":"https:\/\/alcaldiaalbertoadriani.com\/?p=8921","og_locale":"es_ES","og_type":"article","og_title":"Gobierno de Lisandro Segura inici\u00f3 construcci\u00f3n de aceras","og_description":"Gobierno de Lisandro Segura inici\u00f3 construcci\u00f3n de aceras en la comunidad Rosa Virginia espec\u00edficamente en la calle Los Girasoles","og_url":"https:\/\/alcaldiaalbertoadriani.com\/?p=8921","og_site_name":"Alcaldia Alberto Adriani","article_published_time":"2024-11-26T15:28:05+00:00","article_modified_time":"2024-11-26T15:28:14+00:00","og_image":[{"width":1280,"height":720,"url":"https:\/\/alcaldiaalbertoadriani.com\/wp-content\/uploads\/2024\/11\/5044399910916566716.jpg","type":"image\/jpeg"}],"author":"Prensa","twitter_card":"summary_large_image","twitter_misc":{"Escrito por":"Prensa","Tiempo de lectura":"4 minutos"},"schema":{"@context":"https:\/\/schema.org","@graph":[{"@type":"WebPage","@id":"https:\/\/alcaldiaalbertoadriani.com\/?p=8921","url":"https:\/\/alcaldiaalbertoadriani.com\/?p=8921","name":"Gobierno de Lisandro Segura inici\u00f3 construcci\u00f3n de aceras","isPartOf":{"@id":"https:\/\/alcaldiaalbertoadriani.com\/#website"},"datePublished":"2024-11-26T15:28:05+00:00","dateModified":"2024-11-26T15:28:14+00:00","author":{"@id":"https:\/\/alcaldiaalbertoadriani.com\/#\/schema\/person\/549b4483ff8999ac780deeea78795fc9"},"description":"Gobierno de Lisandro Segura inici\u00f3 construcci\u00f3n de aceras en la comunidad Rosa Virginia espec\u00edficamente en la calle Los Girasoles","breadcrumb":{"@id":"https:\/\/alcaldiaalbertoadriani.com\/?p=8921#breadcrumb"},"inLanguage":"es","potentialAction":[{"@type":"ReadAction","target":["https:\/\/alcaldiaalbertoadriani.com\/?p=8921"]}]},{"@type":"BreadcrumbList","@id":"https:\/\/alcaldiaalbertoadriani.com\/?p=8921#breadcrumb","itemListElement":[{"@type":"ListItem","position":1,"name":"Portada","item":"https:\/\/alcaldiaalbertoadriani.com\/"},{"@type":"ListItem","position":2,"name":"Gobierno de Lisandro Segura inici\u00f3 construcci\u00f3n de aceras en la comunidad Rosa Virginia"}]},{"@type":"WebSite","@id":"https:\/\/alcaldiaalbertoadriani.com\/#website","url":"https:\/\/alcaldiaalbertoadriani.com\/","name":"Alcaldia Alberto Adriani","description":"","potentialAction":[{"@type":"SearchAction","target":{"@type":"EntryPoint","urlTemplate":"https:\/\/alcaldiaalbertoadriani.com\/?s={search_term_string}"},"query-input":"required name=search_term_string"}],"inLanguage":"es"},{"@type":"Person","@id":"https:\/\/alcaldiaalbertoadriani.com\/#\/schema\/person\/549b4483ff8999ac780deeea78795fc9","name":"Prensa","image":{"@type":"ImageObject","inLanguage":"es","@id":"https:\/\/alcaldiaalbertoadriani.com\/#\/schema\/person\/image\/","url":"https:\/\/secure.gravatar.com\/avatar\/ea1cb567ea992a29627f4eee1c2eb185ec16decec6342d508fdf18dedb56c9de?s=96&d=mm&r=g","contentUrl":"https:\/\/secure.gravatar.com\/avatar\/ea1cb567ea992a29627f4eee1c2eb185ec16decec6342d508fdf18dedb56c9de?s=96&d=mm&r=g","caption":"Prensa"},"url":"https:\/\/alcaldiaalbertoadriani.com\/?author=2"}]}},"_links":{"self":[{"href":"https:\/\/alcaldiaalbertoadriani.com\/index.php?rest_route=\/wp\/v2\/posts\/8921","targetHints":{"allow":["GET"]}}],"collection":[{"href":"https:\/\/alcaldiaalbertoadriani.com\/index.php?rest_route=\/wp\/v2\/posts"}],"about":[{"href":"https:\/\/alcaldiaalbertoadriani.com\/index.php?rest_route=\/wp\/v2\/types\/post"}],"author":[{"embeddable":true,"href":"https:\/\/alcaldiaalbertoadriani.com\/index.php?rest_route=\/wp\/v2\/users\/2"}],"replies":[{"embeddable":true,"href":"https:\/\/alcaldiaalbertoadriani.com\/index.php?rest_route=%2Fwp%2Fv2%2Fcomments&post=8921"}],"version-history":[{"count":1,"href":"https:\/\/alcaldiaalbertoadriani.com\/index.php?rest_route=\/wp\/v2\/posts\/8921\/revisions"}],"predecessor-version":[{"id":8933,"href":"https:\/\/alcaldiaalbertoadriani.com\/index.php?rest_route=\/wp\/v2\/posts\/8921\/revisions\/8933"}],"wp:featuredmedia":[{"embeddable":true,"href":"https:\/\/alcaldiaalbertoadriani.com\/index.php?rest_route=\/wp\/v2\/media\/8922"}],"wp:attachment":[{"href":"https:\/\/alcaldiaalbertoadriani.com\/index.php?rest_route=%2Fwp%2Fv2%2Fmedia&parent=8921"}],"wp:term":[{"taxonomy":"category","embeddable":true,"href":"https:\/\/alcaldiaalbertoadriani.com\/index.php?rest_route=%2Fwp%2Fv2%2Fcategories&post=8921"},{"taxonomy":"post_tag","embeddable":true,"href":"https:\/\/alcaldiaalbertoadriani.com\/index.php?rest_route=%2Fwp%2Fv2%2Ftags&post=8921"}],"curies":[{"name":"wp","href":"https:\/\/api.w.org\/{rel}","templated":true}]}}