{"id":8808,"date":"2024-11-08T13:54:46","date_gmt":"2024-11-08T13:54:46","guid":{"rendered":"https:\/\/alcaldiaalbertoadriani.com\/?p=8808"},"modified":"2024-11-08T13:54:51","modified_gmt":"2024-11-08T13:54:51","slug":"presidente-del-imdraa-acompano-inicio-de-jornada-de-tenis","status":"publish","type":"post","link":"https:\/\/alcaldiaalbertoadriani.com\/?p=8808","title":{"rendered":"Presidente del Imdraa acompa\u00f1\u00f3 inicio de jornada de tenis en Juegos Estadales de Educadores"},"content":{"rendered":"\n<p><\/p>\n\n\n\n<p>Este mi\u00e9rcoles, Ricardo Romero, presidente del Instituto Municipal del Deporte y Recreaci\u00f3n \u2013<a href=\"https:\/\/alcaldiaalbertoadriani.com\/?p=7734\" target=\"_blank\" rel=\"noreferrer noopener\">Imdraa<\/a>-, asisti\u00f3 en representaci\u00f3n del alcalde <a href=\"https:\/\/www.instagram.com\/lisandrosegura02\/?hl=es-es\" target=\"_blank\" rel=\"noreferrer noopener\">Lisandro Segura<\/a> a la previa de los Juegos Deportivos Estadales de Educadores (JDEE), en su edici\u00f3n n\u00famero XXIV 2024. La actividad se efectu\u00f3 en las instalaciones del Club \u00cdtalo Venezolano, ubicado en Ejido, municipio Campo El\u00edas.\u00a0\u00a0<\/p>\n\n\n\n<!--more-->\n\n\n\n<p>Al respecto, Romero inform\u00f3 que el alcalde<a href=\"https:\/\/www.instagram.com\/lisandrosegura02\/?hl=es-es\" target=\"_blank\" rel=\"noreferrer noopener\"> Lisandro Segura<\/a> ser\u00e1 el padrino de estos juegos, que se disputar\u00e1n del 22 al 24 de noviembre con la participaci\u00f3n de varios municipios del estado M\u00e9rida.\u00a0\u00a0<\/p>\n\n\n\n<p>\u201cEstamos hablando de un gran reencuentro entre los educadores meride\u00f1os, adem\u00e1s el alcalde &#8211; sin dudarlo &#8211; asumi\u00f3 como padrino de estos juegos, reafirmando su compromiso con el deporte\u201d, acentu\u00f3.&nbsp;&nbsp;<\/p>\n\n\n\n<figure class=\"wp-block-gallery has-nested-images columns-default is-cropped wp-block-gallery-1 is-layout-flex wp-block-gallery-is-layout-flex\">\n<figure class=\"wp-block-image size-large\"><img loading=\"lazy\" decoding=\"async\" width=\"1024\" height=\"768\" data-id=\"8810\" src=\"https:\/\/alcaldiaalbertoadriani.com\/wp-content\/uploads\/2024\/11\/photo_4999268098217455226_y-1024x768.jpg\" alt=\"\" class=\"wp-image-8810\" srcset=\"https:\/\/alcaldiaalbertoadriani.com\/wp-content\/uploads\/2024\/11\/photo_4999268098217455226_y-1024x768.jpg 1024w, https:\/\/alcaldiaalbertoadriani.com\/wp-content\/uploads\/2024\/11\/photo_4999268098217455226_y-980x735.jpg 980w, https:\/\/alcaldiaalbertoadriani.com\/wp-content\/uploads\/2024\/11\/photo_4999268098217455226_y-480x360.jpg 480w\" sizes=\"auto, (min-width: 0px) and (max-width: 480px) 480px, (min-width: 481px) and (max-width: 980px) 980px, (min-width: 981px) 1024px, 100vw\" \/><\/figure>\n<\/figure>\n\n\n\n<h2 class=\"wp-block-heading\"><strong>Torneo de tenis como novedad&nbsp;&nbsp;<\/strong><\/h2>\n\n\n\n<p>Explic\u00f3 el titular del Imdraa, que los miembros del comit\u00e9 organizador, Julio Ram\u00edrez y Alirio Uzc\u00e1tegui, resaltaron que previo al acto central, y aprovechando los espacios acordes del club, se realiza por primera vez el torneo de tenis en campo. &#8220;Despu\u00e9s de 35 a\u00f1os de fundados los juegos, se dio comienzo a esta jornada en la modalidad libre&#8221;, precis\u00f3.&nbsp;<\/p>\n\n\n\n<figure class=\"wp-block-gallery has-nested-images columns-default is-cropped wp-block-gallery-2 is-layout-flex wp-block-gallery-is-layout-flex\">\n<figure class=\"wp-block-image size-large\"><img loading=\"lazy\" decoding=\"async\" width=\"1024\" height=\"768\" data-id=\"8811\" src=\"https:\/\/alcaldiaalbertoadriani.com\/wp-content\/uploads\/2024\/11\/photo_4999268098217455231_y-1024x768.jpg\" alt=\"\" class=\"wp-image-8811\" srcset=\"https:\/\/alcaldiaalbertoadriani.com\/wp-content\/uploads\/2024\/11\/photo_4999268098217455231_y-1024x768.jpg 1024w, https:\/\/alcaldiaalbertoadriani.com\/wp-content\/uploads\/2024\/11\/photo_4999268098217455231_y-980x735.jpg 980w, https:\/\/alcaldiaalbertoadriani.com\/wp-content\/uploads\/2024\/11\/photo_4999268098217455231_y-480x360.jpg 480w\" sizes=\"auto, (min-width: 0px) and (max-width: 480px) 480px, (min-width: 481px) and (max-width: 980px) 980px, (min-width: 981px) 1024px, 100vw\" \/><\/figure>\n<\/figure>\n\n\n\n<p>Vale destacar que, el torneo de tenis arranc\u00f3 con 10 equipos masculinos y 04 femeninos, provenientes de los municipios Libertador; Pueblo Llano; Sucre; Tovar; Andr\u00e9s Bello; Miranda (Timotes); Obispo Ramos de Lora; eje Panamericano; Zea y Alberto Adriani.&nbsp;<\/p>\n\n\n\n<p>Adem\u00e1s del tenis, los JDEE 2024 incluyen competencias en ajedrez, marat\u00f3n, f\u00fatbol sala, baloncesto 3&#215;3, domin\u00f3, bolas criollas, voleibol mixto, tenis de mesa y campo.<\/p>\n\n\n\n<figure class=\"wp-block-gallery has-nested-images columns-default is-cropped wp-block-gallery-3 is-layout-flex wp-block-gallery-is-layout-flex\">\n<figure class=\"wp-block-image size-large\"><img loading=\"lazy\" decoding=\"async\" width=\"1024\" height=\"768\" data-id=\"8812\" src=\"https:\/\/alcaldiaalbertoadriani.com\/wp-content\/uploads\/2024\/11\/photo_4999268098217455229_y-1024x768.jpg\" alt=\"\" class=\"wp-image-8812\" srcset=\"https:\/\/alcaldiaalbertoadriani.com\/wp-content\/uploads\/2024\/11\/photo_4999268098217455229_y-1024x768.jpg 1024w, https:\/\/alcaldiaalbertoadriani.com\/wp-content\/uploads\/2024\/11\/photo_4999268098217455229_y-980x735.jpg 980w, https:\/\/alcaldiaalbertoadriani.com\/wp-content\/uploads\/2024\/11\/photo_4999268098217455229_y-480x360.jpg 480w\" sizes=\"auto, (min-width: 0px) and (max-width: 480px) 480px, (min-width: 481px) and (max-width: 980px) 980px, (min-width: 981px) 1024px, 100vw\" \/><\/figure>\n<\/figure>\n\n\n\n<p>Finalmente, Romero aprovech\u00f3 para agradecer a Edgar Chac\u00f3n, vicepresidente del Club y uno de los fundadores de estos juegos por facilitar los espacios y por su excelente atenci\u00f3n\u201d, puntualiz\u00f3. <strong><em>Prensa Alcald\u00eda Alberto Adriani\/Edgar Mendoza CNP 25.736\/Fotos: E\/M.<\/em><\/strong><\/p>\n\n\n\n<figure class=\"wp-block-gallery has-nested-images columns-default is-cropped wp-block-gallery-4 is-layout-flex wp-block-gallery-is-layout-flex\">\n<figure class=\"wp-block-image size-large\"><img loading=\"lazy\" decoding=\"async\" width=\"1024\" height=\"768\" data-id=\"8814\" src=\"https:\/\/alcaldiaalbertoadriani.com\/wp-content\/uploads\/2024\/11\/photo_4999268098217455237_y-1024x768.jpg\" alt=\"\" class=\"wp-image-8814\" srcset=\"https:\/\/alcaldiaalbertoadriani.com\/wp-content\/uploads\/2024\/11\/photo_4999268098217455237_y-1024x768.jpg 1024w, https:\/\/alcaldiaalbertoadriani.com\/wp-content\/uploads\/2024\/11\/photo_4999268098217455237_y-980x735.jpg 980w, https:\/\/alcaldiaalbertoadriani.com\/wp-content\/uploads\/2024\/11\/photo_4999268098217455237_y-480x360.jpg 480w\" sizes=\"auto, (min-width: 0px) and (max-width: 480px) 480px, (min-width: 481px) and (max-width: 980px) 980px, (min-width: 981px) 1024px, 100vw\" \/><\/figure>\n\n\n\n<figure class=\"wp-block-image size-large\"><img loading=\"lazy\" decoding=\"async\" width=\"1024\" height=\"768\" data-id=\"8813\" src=\"https:\/\/alcaldiaalbertoadriani.com\/wp-content\/uploads\/2024\/11\/photo_4999268098217455228_y-1024x768.jpg\" alt=\"\" class=\"wp-image-8813\" srcset=\"https:\/\/alcaldiaalbertoadriani.com\/wp-content\/uploads\/2024\/11\/photo_4999268098217455228_y-1024x768.jpg 1024w, https:\/\/alcaldiaalbertoadriani.com\/wp-content\/uploads\/2024\/11\/photo_4999268098217455228_y-980x735.jpg 980w, https:\/\/alcaldiaalbertoadriani.com\/wp-content\/uploads\/2024\/11\/photo_4999268098217455228_y-480x360.jpg 480w\" sizes=\"auto, (min-width: 0px) and (max-width: 480px) 480px, (min-width: 481px) and (max-width: 980px) 980px, (min-width: 981px) 1024px, 100vw\" \/><\/figure>\n<\/figure>\n","protected":false},"excerpt":{"rendered":"<p>Este mi\u00e9rcoles, Ricardo Romero, presidente del Instituto Municipal del Deporte y Recreaci\u00f3n \u2013Imdraa-, asisti\u00f3 en representaci\u00f3n del alcalde Lisandro Segura a la previa de los Juegos Deportivos Estadales de Educadores [&hellip;]<\/p>\n","protected":false},"author":2,"featured_media":8809,"comment_status":"open","ping_status":"closed","sticky":false,"template":"","format":"standard","meta":{"_et_pb_use_builder":"off","_et_pb_old_content":"","_et_gb_content_width":"","footnotes":""},"categories":[341,61,50,25],"tags":[31,11,12,15,761,30,29,28,906],"class_list":["post-8808","post","type-post","status-publish","format-standard","has-post-thumbnail","hentry","category-alcaldia-alberto-adriani","category-deportes","category-imdraa","category-nuestro-municipio","tag-alcalde","tag-alcaldia","tag-alcaldiaalbertoadriani","tag-elvigia","tag-encrucijadadeprogreso","tag-lisandrosegura","tag-municipioquenosmerecemos","tag-porelrenacer","tag-presidente-del-imdraa-acompano-inicio-de-jornada-de-tenis"],"yoast_head":"<!-- This site is optimized with the Yoast SEO plugin v19.13 - https:\/\/yoast.com\/wordpress\/plugins\/seo\/ -->\n<title>Presidente del Imdraa acompa\u00f1\u00f3 inicio de jornada de tenis<\/title>\n<meta name=\"description\" content=\"Presidente del Imdraa acompa\u00f1\u00f3 inicio de jornada de tenis en Juegos Estadales de Educadores en las instalaciones del Club \u00cdtalo Venezolano\" \/>\n<meta name=\"robots\" content=\"index, follow, max-snippet:-1, max-image-preview:large, max-video-preview:-1\" \/>\n<link rel=\"canonical\" href=\"https:\/\/alcaldiaalbertoadriani.com\/?p=8808\" \/>\n<meta property=\"og:locale\" content=\"es_ES\" \/>\n<meta property=\"og:type\" content=\"article\" \/>\n<meta property=\"og:title\" content=\"Presidente del Imdraa acompa\u00f1\u00f3 inicio de jornada de tenis\" \/>\n<meta property=\"og:description\" content=\"Presidente del Imdraa acompa\u00f1\u00f3 inicio de jornada de tenis en Juegos Estadales de Educadores en las instalaciones del Club \u00cdtalo Venezolano\" \/>\n<meta property=\"og:url\" content=\"https:\/\/alcaldiaalbertoadriani.com\/?p=8808\" \/>\n<meta property=\"og:site_name\" content=\"Alcaldia Alberto Adriani\" \/>\n<meta property=\"article:published_time\" content=\"2024-11-08T13:54:46+00:00\" \/>\n<meta property=\"article:modified_time\" content=\"2024-11-08T13:54:51+00:00\" \/>\n<meta property=\"og:image\" content=\"https:\/\/alcaldiaalbertoadriani.com\/wp-content\/uploads\/2024\/11\/photo_4999268098217455227_y.jpg\" \/>\n\t<meta property=\"og:image:width\" content=\"1280\" \/>\n\t<meta property=\"og:image:height\" content=\"960\" \/>\n\t<meta property=\"og:image:type\" content=\"image\/jpeg\" \/>\n<meta name=\"author\" content=\"Prensa\" \/>\n<meta name=\"twitter:card\" content=\"summary_large_image\" \/>\n<meta name=\"twitter:label1\" content=\"Escrito por\" \/>\n\t<meta name=\"twitter:data1\" content=\"Prensa\" \/>\n\t<meta name=\"twitter:label2\" content=\"Tiempo de lectura\" \/>\n\t<meta name=\"twitter:data2\" content=\"3 minutos\" \/>\n<script type=\"application\/ld+json\" class=\"yoast-schema-graph\">{\"@context\":\"https:\/\/schema.org\",\"@graph\":[{\"@type\":\"WebPage\",\"@id\":\"https:\/\/alcaldiaalbertoadriani.com\/?p=8808\",\"url\":\"https:\/\/alcaldiaalbertoadriani.com\/?p=8808\",\"name\":\"Presidente del Imdraa acompa\u00f1\u00f3 inicio de jornada de tenis\",\"isPartOf\":{\"@id\":\"https:\/\/alcaldiaalbertoadriani.com\/#website\"},\"datePublished\":\"2024-11-08T13:54:46+00:00\",\"dateModified\":\"2024-11-08T13:54:51+00:00\",\"author\":{\"@id\":\"https:\/\/alcaldiaalbertoadriani.com\/#\/schema\/person\/549b4483ff8999ac780deeea78795fc9\"},\"description\":\"Presidente del Imdraa acompa\u00f1\u00f3 inicio de jornada de tenis en Juegos Estadales de Educadores en las instalaciones del Club \u00cdtalo Venezolano\",\"breadcrumb\":{\"@id\":\"https:\/\/alcaldiaalbertoadriani.com\/?p=8808#breadcrumb\"},\"inLanguage\":\"es\",\"potentialAction\":[{\"@type\":\"ReadAction\",\"target\":[\"https:\/\/alcaldiaalbertoadriani.com\/?p=8808\"]}]},{\"@type\":\"BreadcrumbList\",\"@id\":\"https:\/\/alcaldiaalbertoadriani.com\/?p=8808#breadcrumb\",\"itemListElement\":[{\"@type\":\"ListItem\",\"position\":1,\"name\":\"Portada\",\"item\":\"https:\/\/alcaldiaalbertoadriani.com\/\"},{\"@type\":\"ListItem\",\"position\":2,\"name\":\"Presidente del Imdraa acompa\u00f1\u00f3 inicio de jornada de tenis en Juegos Estadales de Educadores\"}]},{\"@type\":\"WebSite\",\"@id\":\"https:\/\/alcaldiaalbertoadriani.com\/#website\",\"url\":\"https:\/\/alcaldiaalbertoadriani.com\/\",\"name\":\"Alcaldia Alberto Adriani\",\"description\":\"\",\"potentialAction\":[{\"@type\":\"SearchAction\",\"target\":{\"@type\":\"EntryPoint\",\"urlTemplate\":\"https:\/\/alcaldiaalbertoadriani.com\/?s={search_term_string}\"},\"query-input\":\"required name=search_term_string\"}],\"inLanguage\":\"es\"},{\"@type\":\"Person\",\"@id\":\"https:\/\/alcaldiaalbertoadriani.com\/#\/schema\/person\/549b4483ff8999ac780deeea78795fc9\",\"name\":\"Prensa\",\"image\":{\"@type\":\"ImageObject\",\"inLanguage\":\"es\",\"@id\":\"https:\/\/alcaldiaalbertoadriani.com\/#\/schema\/person\/image\/\",\"url\":\"https:\/\/secure.gravatar.com\/avatar\/ea1cb567ea992a29627f4eee1c2eb185ec16decec6342d508fdf18dedb56c9de?s=96&d=mm&r=g\",\"contentUrl\":\"https:\/\/secure.gravatar.com\/avatar\/ea1cb567ea992a29627f4eee1c2eb185ec16decec6342d508fdf18dedb56c9de?s=96&d=mm&r=g\",\"caption\":\"Prensa\"},\"url\":\"https:\/\/alcaldiaalbertoadriani.com\/?author=2\"}]}<\/script>\n<!-- \/ Yoast SEO plugin. -->","yoast_head_json":{"title":"Presidente del Imdraa acompa\u00f1\u00f3 inicio de jornada de tenis","description":"Presidente del Imdraa acompa\u00f1\u00f3 inicio de jornada de tenis en Juegos Estadales de Educadores en las instalaciones del Club \u00cdtalo Venezolano","robots":{"index":"index","follow":"follow","max-snippet":"max-snippet:-1","max-image-preview":"max-image-preview:large","max-video-preview":"max-video-preview:-1"},"canonical":"https:\/\/alcaldiaalbertoadriani.com\/?p=8808","og_locale":"es_ES","og_type":"article","og_title":"Presidente del Imdraa acompa\u00f1\u00f3 inicio de jornada de tenis","og_description":"Presidente del Imdraa acompa\u00f1\u00f3 inicio de jornada de tenis en Juegos Estadales de Educadores en las instalaciones del Club \u00cdtalo Venezolano","og_url":"https:\/\/alcaldiaalbertoadriani.com\/?p=8808","og_site_name":"Alcaldia Alberto Adriani","article_published_time":"2024-11-08T13:54:46+00:00","article_modified_time":"2024-11-08T13:54:51+00:00","og_image":[{"width":1280,"height":960,"url":"https:\/\/alcaldiaalbertoadriani.com\/wp-content\/uploads\/2024\/11\/photo_4999268098217455227_y.jpg","type":"image\/jpeg"}],"author":"Prensa","twitter_card":"summary_large_image","twitter_misc":{"Escrito por":"Prensa","Tiempo de lectura":"3 minutos"},"schema":{"@context":"https:\/\/schema.org","@graph":[{"@type":"WebPage","@id":"https:\/\/alcaldiaalbertoadriani.com\/?p=8808","url":"https:\/\/alcaldiaalbertoadriani.com\/?p=8808","name":"Presidente del Imdraa acompa\u00f1\u00f3 inicio de jornada de tenis","isPartOf":{"@id":"https:\/\/alcaldiaalbertoadriani.com\/#website"},"datePublished":"2024-11-08T13:54:46+00:00","dateModified":"2024-11-08T13:54:51+00:00","author":{"@id":"https:\/\/alcaldiaalbertoadriani.com\/#\/schema\/person\/549b4483ff8999ac780deeea78795fc9"},"description":"Presidente del Imdraa acompa\u00f1\u00f3 inicio de jornada de tenis en Juegos Estadales de Educadores en las instalaciones del Club \u00cdtalo Venezolano","breadcrumb":{"@id":"https:\/\/alcaldiaalbertoadriani.com\/?p=8808#breadcrumb"},"inLanguage":"es","potentialAction":[{"@type":"ReadAction","target":["https:\/\/alcaldiaalbertoadriani.com\/?p=8808"]}]},{"@type":"BreadcrumbList","@id":"https:\/\/alcaldiaalbertoadriani.com\/?p=8808#breadcrumb","itemListElement":[{"@type":"ListItem","position":1,"name":"Portada","item":"https:\/\/alcaldiaalbertoadriani.com\/"},{"@type":"ListItem","position":2,"name":"Presidente del Imdraa acompa\u00f1\u00f3 inicio de jornada de tenis en Juegos Estadales de Educadores"}]},{"@type":"WebSite","@id":"https:\/\/alcaldiaalbertoadriani.com\/#website","url":"https:\/\/alcaldiaalbertoadriani.com\/","name":"Alcaldia Alberto Adriani","description":"","potentialAction":[{"@type":"SearchAction","target":{"@type":"EntryPoint","urlTemplate":"https:\/\/alcaldiaalbertoadriani.com\/?s={search_term_string}"},"query-input":"required name=search_term_string"}],"inLanguage":"es"},{"@type":"Person","@id":"https:\/\/alcaldiaalbertoadriani.com\/#\/schema\/person\/549b4483ff8999ac780deeea78795fc9","name":"Prensa","image":{"@type":"ImageObject","inLanguage":"es","@id":"https:\/\/alcaldiaalbertoadriani.com\/#\/schema\/person\/image\/","url":"https:\/\/secure.gravatar.com\/avatar\/ea1cb567ea992a29627f4eee1c2eb185ec16decec6342d508fdf18dedb56c9de?s=96&d=mm&r=g","contentUrl":"https:\/\/secure.gravatar.com\/avatar\/ea1cb567ea992a29627f4eee1c2eb185ec16decec6342d508fdf18dedb56c9de?s=96&d=mm&r=g","caption":"Prensa"},"url":"https:\/\/alcaldiaalbertoadriani.com\/?author=2"}]}},"_links":{"self":[{"href":"https:\/\/alcaldiaalbertoadriani.com\/index.php?rest_route=\/wp\/v2\/posts\/8808","targetHints":{"allow":["GET"]}}],"collection":[{"href":"https:\/\/alcaldiaalbertoadriani.com\/index.php?rest_route=\/wp\/v2\/posts"}],"about":[{"href":"https:\/\/alcaldiaalbertoadriani.com\/index.php?rest_route=\/wp\/v2\/types\/post"}],"author":[{"embeddable":true,"href":"https:\/\/alcaldiaalbertoadriani.com\/index.php?rest_route=\/wp\/v2\/users\/2"}],"replies":[{"embeddable":true,"href":"https:\/\/alcaldiaalbertoadriani.com\/index.php?rest_route=%2Fwp%2Fv2%2Fcomments&post=8808"}],"version-history":[{"count":1,"href":"https:\/\/alcaldiaalbertoadriani.com\/index.php?rest_route=\/wp\/v2\/posts\/8808\/revisions"}],"predecessor-version":[{"id":8815,"href":"https:\/\/alcaldiaalbertoadriani.com\/index.php?rest_route=\/wp\/v2\/posts\/8808\/revisions\/8815"}],"wp:featuredmedia":[{"embeddable":true,"href":"https:\/\/alcaldiaalbertoadriani.com\/index.php?rest_route=\/wp\/v2\/media\/8809"}],"wp:attachment":[{"href":"https:\/\/alcaldiaalbertoadriani.com\/index.php?rest_route=%2Fwp%2Fv2%2Fmedia&parent=8808"}],"wp:term":[{"taxonomy":"category","embeddable":true,"href":"https:\/\/alcaldiaalbertoadriani.com\/index.php?rest_route=%2Fwp%2Fv2%2Fcategories&post=8808"},{"taxonomy":"post_tag","embeddable":true,"href":"https:\/\/alcaldiaalbertoadriani.com\/index.php?rest_route=%2Fwp%2Fv2%2Ftags&post=8808"}],"curies":[{"name":"wp","href":"https:\/\/api.w.org\/{rel}","templated":true}]}}