{"id":8495,"date":"2024-10-16T16:21:00","date_gmt":"2024-10-16T16:21:00","guid":{"rendered":"https:\/\/alcaldiaalbertoadriani.com\/?p=8495"},"modified":"2024-10-16T16:21:03","modified_gmt":"2024-10-16T16:21:03","slug":"inmuvi-invita-a-la-poblacion-a-liberar-creditos-hipotecarios-2","status":"publish","type":"post","link":"https:\/\/alcaldiaalbertoadriani.com\/?p=8495","title":{"rendered":"Inmuvi invita a la poblaci\u00f3n a liberar cr\u00e9ditos hipotecarios y certificar adjudicaci\u00f3n de viviendas"},"content":{"rendered":"\n<h2 class=\"wp-block-heading\"><strong><em>Lo pueden hacer en horarios de 8:00 de la ma\u00f1ana a 12:00 del mediod\u00eda y de 1:00 a 3:00 de la tarde<\/em><\/strong><\/h2>\n\n\n\n<p><\/p>\n\n\n\n<p>El Instituto Municipal de la Vivienda &#8211;<a href=\"https:\/\/alcaldiaalbertoadriani.com\/?p=7958\" target=\"_blank\" rel=\"noreferrer noopener\">Inmuvi<\/a>&#8211; contin\u00faa ejecutando trabajos concernientes a la entrega de notificaciones con la finalidad de otorgar la liberaci\u00f3n de cr\u00e9ditos hipotecarios y la certificaci\u00f3n de adjudicaci\u00f3n, acciones competentes desde el \u00e1rea de asesor\u00eda jur\u00eddica.\u00a0<\/p>\n\n\n\n<p>Al respecto, Imelda Mora, presidente del <a href=\"https:\/\/alcaldiaalbertoadriani.com\/?p=5766\">Inmuvi<\/a>, inform\u00f3 que avanzan en el orden de diferentes expedientes, brindan asesor\u00eda jur\u00eddica y atenci\u00f3n al ciudadano.\u00a0<\/p>\n\n\n\n<figure class=\"wp-block-gallery has-nested-images columns-default is-cropped wp-block-gallery-1 is-layout-flex wp-block-gallery-is-layout-flex\">\n<figure class=\"wp-block-image size-large\"><img loading=\"lazy\" decoding=\"async\" width=\"1024\" height=\"768\" data-id=\"8497\" src=\"https:\/\/alcaldiaalbertoadriani.com\/wp-content\/uploads\/2024\/10\/photo_4933897987302730922_y-1024x768.jpg\" alt=\"\" class=\"wp-image-8497\" srcset=\"https:\/\/alcaldiaalbertoadriani.com\/wp-content\/uploads\/2024\/10\/photo_4933897987302730922_y-1024x768.jpg 1024w, https:\/\/alcaldiaalbertoadriani.com\/wp-content\/uploads\/2024\/10\/photo_4933897987302730922_y-980x735.jpg 980w, https:\/\/alcaldiaalbertoadriani.com\/wp-content\/uploads\/2024\/10\/photo_4933897987302730922_y-480x360.jpg 480w\" sizes=\"auto, (min-width: 0px) and (max-width: 480px) 480px, (min-width: 481px) and (max-width: 980px) 980px, (min-width: 981px) 1024px, 100vw\" \/><\/figure>\n<\/figure>\n\n\n\n<p>\u201cHacemos el llamado a esos beneficiarios del municipio Alberto Adriani que se les fue otorgado un cr\u00e9dito hipotecario en los a\u00f1os 1996 al 2012, para que se acerquen al Inmuvi, con la finalidad de revisar su expediente y as\u00ed orientarles a seguir para que reciban la respectiva liberaci\u00f3n de cr\u00e9dito hipotecario\u201d, acentu\u00f3.<\/p>\n\n\n\n<p>Acot\u00f3 la funcionaria que las personas que recibieron viviendas en gestiones anteriores y ameriten su certificaci\u00f3n de adjudicaci\u00f3n, deben acercarse al Inmuvi en horarios comprendidos de 8:00 de la ma\u00f1ana a 12:00 del mediod\u00eda y de 1:00 a 3:00 de la tarde.<\/p>\n\n\n\n<p>\u201cImportante destacar que con esa certificaci\u00f3n de adjudicaci\u00f3n de vivienda, los beneficiarios pueden acudir al Banavih en M\u00e9rida para solicitar la protocolizaci\u00f3n\u201d, apunt\u00f3.<\/p>\n\n\n\n<p>Record\u00f3 que la sede del Inmuvi est\u00e1 ubicada en la avenida Bol\u00edvar con calle 8, enlace vial Omaira Rosa Candela de Quintero, para quienes deseen acercarse y aclarar sus dudas.<\/p>\n\n\n\n<p>Por \u00faltimo, Imelda Mora, destac\u00f3 que desde la administraci\u00f3n que dirige el alcalde <a href=\"https:\/\/www.instagram.com\/lisandrosegura02\/?hl=es-es\" target=\"_blank\" rel=\"noreferrer noopener\">Lisandro Segura<\/a>, trabajan constantemente en pol\u00edticas p\u00fablicas que garanticen el bienestar social de los vigienses. <strong><em>Prensa Alcald\u00eda Alberto Adriani\/Edgar Mendoza CNP.25.736\/Fotos cortes\u00eda: Inmuvi.<\/em><\/strong><\/p>\n\n\n\n<figure class=\"wp-block-gallery has-nested-images columns-default is-cropped wp-block-gallery-2 is-layout-flex wp-block-gallery-is-layout-flex\">\n<figure class=\"wp-block-image size-large\"><img loading=\"lazy\" decoding=\"async\" width=\"1024\" height=\"768\" data-id=\"8498\" src=\"https:\/\/alcaldiaalbertoadriani.com\/wp-content\/uploads\/2024\/10\/photo_4933897987302730923_y-1024x768.jpg\" alt=\"\" class=\"wp-image-8498\" srcset=\"https:\/\/alcaldiaalbertoadriani.com\/wp-content\/uploads\/2024\/10\/photo_4933897987302730923_y-1024x768.jpg 1024w, https:\/\/alcaldiaalbertoadriani.com\/wp-content\/uploads\/2024\/10\/photo_4933897987302730923_y-980x735.jpg 980w, https:\/\/alcaldiaalbertoadriani.com\/wp-content\/uploads\/2024\/10\/photo_4933897987302730923_y-480x360.jpg 480w\" sizes=\"auto, (min-width: 0px) and (max-width: 480px) 480px, (min-width: 481px) and (max-width: 980px) 980px, (min-width: 981px) 1024px, 100vw\" \/><\/figure>\n<\/figure>\n","protected":false},"excerpt":{"rendered":"<p>Lo pueden hacer en horarios de 8:00 de la ma\u00f1ana a 12:00 del mediod\u00eda y de 1:00 a 3:00 de la tarde El Instituto Municipal de la Vivienda &#8211;Inmuvi&#8211; contin\u00faa [&hellip;]<\/p>\n","protected":false},"author":2,"featured_media":8496,"comment_status":"open","ping_status":"closed","sticky":false,"template":"","format":"standard","meta":{"_et_pb_use_builder":"off","_et_pb_old_content":"","_et_gb_content_width":"","footnotes":""},"categories":[341,469,25],"tags":[31,11,12,15,761,30,29,28,657],"class_list":["post-8495","post","type-post","status-publish","format-standard","has-post-thumbnail","hentry","category-alcaldia-alberto-adriani","category-inmuvi","category-nuestro-municipio","tag-alcalde","tag-alcaldia","tag-alcaldiaalbertoadriani","tag-elvigia","tag-encrucijadadeprogreso","tag-lisandrosegura","tag-municipioquenosmerecemos","tag-porelrenacer","tag-inmuvi-invita-a-la-poblacion-a-liberar-creditos-hipotecarios"],"yoast_head":"<!-- This site is optimized with the Yoast SEO plugin v19.13 - https:\/\/yoast.com\/wordpress\/plugins\/seo\/ -->\n<title>Inmuvi invita a la poblaci\u00f3n a liberar cr\u00e9ditos hipotecarios<\/title>\n<meta name=\"description\" content=\"Inmuvi invita a la poblaci\u00f3n a liberar cr\u00e9ditos hipotecarios y certificar adjudicaci\u00f3n de viviendas desde el \u00e1rea de asesor\u00eda jur\u00eddica\" \/>\n<meta name=\"robots\" content=\"index, follow, max-snippet:-1, max-image-preview:large, max-video-preview:-1\" \/>\n<link rel=\"canonical\" href=\"https:\/\/alcaldiaalbertoadriani.com\/?p=8495\" \/>\n<meta property=\"og:locale\" content=\"es_ES\" \/>\n<meta property=\"og:type\" content=\"article\" \/>\n<meta property=\"og:title\" content=\"Inmuvi invita a la poblaci\u00f3n a liberar cr\u00e9ditos hipotecarios\" \/>\n<meta property=\"og:description\" content=\"Inmuvi invita a la poblaci\u00f3n a liberar cr\u00e9ditos hipotecarios y certificar adjudicaci\u00f3n de viviendas desde el \u00e1rea de asesor\u00eda jur\u00eddica\" \/>\n<meta property=\"og:url\" content=\"https:\/\/alcaldiaalbertoadriani.com\/?p=8495\" \/>\n<meta property=\"og:site_name\" content=\"Alcaldia Alberto Adriani\" \/>\n<meta property=\"article:published_time\" content=\"2024-10-16T16:21:00+00:00\" \/>\n<meta property=\"article:modified_time\" content=\"2024-10-16T16:21:03+00:00\" \/>\n<meta property=\"og:image\" content=\"https:\/\/alcaldiaalbertoadriani.com\/wp-content\/uploads\/2024\/10\/photo_4933897987302730921_y.jpg\" \/>\n\t<meta property=\"og:image:width\" content=\"1280\" \/>\n\t<meta property=\"og:image:height\" content=\"960\" \/>\n\t<meta property=\"og:image:type\" content=\"image\/jpeg\" \/>\n<meta name=\"author\" content=\"Prensa\" \/>\n<meta name=\"twitter:card\" content=\"summary_large_image\" \/>\n<meta name=\"twitter:label1\" content=\"Escrito por\" \/>\n\t<meta name=\"twitter:data1\" content=\"Prensa\" \/>\n\t<meta name=\"twitter:label2\" content=\"Tiempo de lectura\" \/>\n\t<meta name=\"twitter:data2\" content=\"2 minutos\" \/>\n<script type=\"application\/ld+json\" class=\"yoast-schema-graph\">{\"@context\":\"https:\/\/schema.org\",\"@graph\":[{\"@type\":\"WebPage\",\"@id\":\"https:\/\/alcaldiaalbertoadriani.com\/?p=8495\",\"url\":\"https:\/\/alcaldiaalbertoadriani.com\/?p=8495\",\"name\":\"Inmuvi invita a la poblaci\u00f3n a liberar cr\u00e9ditos hipotecarios\",\"isPartOf\":{\"@id\":\"https:\/\/alcaldiaalbertoadriani.com\/#website\"},\"datePublished\":\"2024-10-16T16:21:00+00:00\",\"dateModified\":\"2024-10-16T16:21:03+00:00\",\"author\":{\"@id\":\"https:\/\/alcaldiaalbertoadriani.com\/#\/schema\/person\/549b4483ff8999ac780deeea78795fc9\"},\"description\":\"Inmuvi invita a la poblaci\u00f3n a liberar cr\u00e9ditos hipotecarios y certificar adjudicaci\u00f3n de viviendas desde el \u00e1rea de asesor\u00eda jur\u00eddica\",\"breadcrumb\":{\"@id\":\"https:\/\/alcaldiaalbertoadriani.com\/?p=8495#breadcrumb\"},\"inLanguage\":\"es\",\"potentialAction\":[{\"@type\":\"ReadAction\",\"target\":[\"https:\/\/alcaldiaalbertoadriani.com\/?p=8495\"]}]},{\"@type\":\"BreadcrumbList\",\"@id\":\"https:\/\/alcaldiaalbertoadriani.com\/?p=8495#breadcrumb\",\"itemListElement\":[{\"@type\":\"ListItem\",\"position\":1,\"name\":\"Portada\",\"item\":\"https:\/\/alcaldiaalbertoadriani.com\/\"},{\"@type\":\"ListItem\",\"position\":2,\"name\":\"Inmuvi invita a la poblaci\u00f3n a liberar cr\u00e9ditos hipotecarios y certificar adjudicaci\u00f3n de viviendas\"}]},{\"@type\":\"WebSite\",\"@id\":\"https:\/\/alcaldiaalbertoadriani.com\/#website\",\"url\":\"https:\/\/alcaldiaalbertoadriani.com\/\",\"name\":\"Alcaldia Alberto Adriani\",\"description\":\"\",\"potentialAction\":[{\"@type\":\"SearchAction\",\"target\":{\"@type\":\"EntryPoint\",\"urlTemplate\":\"https:\/\/alcaldiaalbertoadriani.com\/?s={search_term_string}\"},\"query-input\":\"required name=search_term_string\"}],\"inLanguage\":\"es\"},{\"@type\":\"Person\",\"@id\":\"https:\/\/alcaldiaalbertoadriani.com\/#\/schema\/person\/549b4483ff8999ac780deeea78795fc9\",\"name\":\"Prensa\",\"image\":{\"@type\":\"ImageObject\",\"inLanguage\":\"es\",\"@id\":\"https:\/\/alcaldiaalbertoadriani.com\/#\/schema\/person\/image\/\",\"url\":\"https:\/\/secure.gravatar.com\/avatar\/ea1cb567ea992a29627f4eee1c2eb185ec16decec6342d508fdf18dedb56c9de?s=96&d=mm&r=g\",\"contentUrl\":\"https:\/\/secure.gravatar.com\/avatar\/ea1cb567ea992a29627f4eee1c2eb185ec16decec6342d508fdf18dedb56c9de?s=96&d=mm&r=g\",\"caption\":\"Prensa\"},\"url\":\"https:\/\/alcaldiaalbertoadriani.com\/?author=2\"}]}<\/script>\n<!-- \/ Yoast SEO plugin. -->","yoast_head_json":{"title":"Inmuvi invita a la poblaci\u00f3n a liberar cr\u00e9ditos hipotecarios","description":"Inmuvi invita a la poblaci\u00f3n a liberar cr\u00e9ditos hipotecarios y certificar adjudicaci\u00f3n de viviendas desde el \u00e1rea de asesor\u00eda jur\u00eddica","robots":{"index":"index","follow":"follow","max-snippet":"max-snippet:-1","max-image-preview":"max-image-preview:large","max-video-preview":"max-video-preview:-1"},"canonical":"https:\/\/alcaldiaalbertoadriani.com\/?p=8495","og_locale":"es_ES","og_type":"article","og_title":"Inmuvi invita a la poblaci\u00f3n a liberar cr\u00e9ditos hipotecarios","og_description":"Inmuvi invita a la poblaci\u00f3n a liberar cr\u00e9ditos hipotecarios y certificar adjudicaci\u00f3n de viviendas desde el \u00e1rea de asesor\u00eda jur\u00eddica","og_url":"https:\/\/alcaldiaalbertoadriani.com\/?p=8495","og_site_name":"Alcaldia Alberto Adriani","article_published_time":"2024-10-16T16:21:00+00:00","article_modified_time":"2024-10-16T16:21:03+00:00","og_image":[{"width":1280,"height":960,"url":"https:\/\/alcaldiaalbertoadriani.com\/wp-content\/uploads\/2024\/10\/photo_4933897987302730921_y.jpg","type":"image\/jpeg"}],"author":"Prensa","twitter_card":"summary_large_image","twitter_misc":{"Escrito por":"Prensa","Tiempo de lectura":"2 minutos"},"schema":{"@context":"https:\/\/schema.org","@graph":[{"@type":"WebPage","@id":"https:\/\/alcaldiaalbertoadriani.com\/?p=8495","url":"https:\/\/alcaldiaalbertoadriani.com\/?p=8495","name":"Inmuvi invita a la poblaci\u00f3n a liberar cr\u00e9ditos hipotecarios","isPartOf":{"@id":"https:\/\/alcaldiaalbertoadriani.com\/#website"},"datePublished":"2024-10-16T16:21:00+00:00","dateModified":"2024-10-16T16:21:03+00:00","author":{"@id":"https:\/\/alcaldiaalbertoadriani.com\/#\/schema\/person\/549b4483ff8999ac780deeea78795fc9"},"description":"Inmuvi invita a la poblaci\u00f3n a liberar cr\u00e9ditos hipotecarios y certificar adjudicaci\u00f3n de viviendas desde el \u00e1rea de asesor\u00eda jur\u00eddica","breadcrumb":{"@id":"https:\/\/alcaldiaalbertoadriani.com\/?p=8495#breadcrumb"},"inLanguage":"es","potentialAction":[{"@type":"ReadAction","target":["https:\/\/alcaldiaalbertoadriani.com\/?p=8495"]}]},{"@type":"BreadcrumbList","@id":"https:\/\/alcaldiaalbertoadriani.com\/?p=8495#breadcrumb","itemListElement":[{"@type":"ListItem","position":1,"name":"Portada","item":"https:\/\/alcaldiaalbertoadriani.com\/"},{"@type":"ListItem","position":2,"name":"Inmuvi invita a la poblaci\u00f3n a liberar cr\u00e9ditos hipotecarios y certificar adjudicaci\u00f3n de viviendas"}]},{"@type":"WebSite","@id":"https:\/\/alcaldiaalbertoadriani.com\/#website","url":"https:\/\/alcaldiaalbertoadriani.com\/","name":"Alcaldia Alberto Adriani","description":"","potentialAction":[{"@type":"SearchAction","target":{"@type":"EntryPoint","urlTemplate":"https:\/\/alcaldiaalbertoadriani.com\/?s={search_term_string}"},"query-input":"required name=search_term_string"}],"inLanguage":"es"},{"@type":"Person","@id":"https:\/\/alcaldiaalbertoadriani.com\/#\/schema\/person\/549b4483ff8999ac780deeea78795fc9","name":"Prensa","image":{"@type":"ImageObject","inLanguage":"es","@id":"https:\/\/alcaldiaalbertoadriani.com\/#\/schema\/person\/image\/","url":"https:\/\/secure.gravatar.com\/avatar\/ea1cb567ea992a29627f4eee1c2eb185ec16decec6342d508fdf18dedb56c9de?s=96&d=mm&r=g","contentUrl":"https:\/\/secure.gravatar.com\/avatar\/ea1cb567ea992a29627f4eee1c2eb185ec16decec6342d508fdf18dedb56c9de?s=96&d=mm&r=g","caption":"Prensa"},"url":"https:\/\/alcaldiaalbertoadriani.com\/?author=2"}]}},"_links":{"self":[{"href":"https:\/\/alcaldiaalbertoadriani.com\/index.php?rest_route=\/wp\/v2\/posts\/8495","targetHints":{"allow":["GET"]}}],"collection":[{"href":"https:\/\/alcaldiaalbertoadriani.com\/index.php?rest_route=\/wp\/v2\/posts"}],"about":[{"href":"https:\/\/alcaldiaalbertoadriani.com\/index.php?rest_route=\/wp\/v2\/types\/post"}],"author":[{"embeddable":true,"href":"https:\/\/alcaldiaalbertoadriani.com\/index.php?rest_route=\/wp\/v2\/users\/2"}],"replies":[{"embeddable":true,"href":"https:\/\/alcaldiaalbertoadriani.com\/index.php?rest_route=%2Fwp%2Fv2%2Fcomments&post=8495"}],"version-history":[{"count":1,"href":"https:\/\/alcaldiaalbertoadriani.com\/index.php?rest_route=\/wp\/v2\/posts\/8495\/revisions"}],"predecessor-version":[{"id":8499,"href":"https:\/\/alcaldiaalbertoadriani.com\/index.php?rest_route=\/wp\/v2\/posts\/8495\/revisions\/8499"}],"wp:featuredmedia":[{"embeddable":true,"href":"https:\/\/alcaldiaalbertoadriani.com\/index.php?rest_route=\/wp\/v2\/media\/8496"}],"wp:attachment":[{"href":"https:\/\/alcaldiaalbertoadriani.com\/index.php?rest_route=%2Fwp%2Fv2%2Fmedia&parent=8495"}],"wp:term":[{"taxonomy":"category","embeddable":true,"href":"https:\/\/alcaldiaalbertoadriani.com\/index.php?rest_route=%2Fwp%2Fv2%2Fcategories&post=8495"},{"taxonomy":"post_tag","embeddable":true,"href":"https:\/\/alcaldiaalbertoadriani.com\/index.php?rest_route=%2Fwp%2Fv2%2Ftags&post=8495"}],"curies":[{"name":"wp","href":"https:\/\/api.w.org\/{rel}","templated":true}]}}