{"id":809,"date":"2022-09-26T22:04:24","date_gmt":"2022-09-26T22:04:24","guid":{"rendered":"https:\/\/alcaldiaalbertoadriani.com\/?p=809"},"modified":"2022-09-26T22:04:27","modified_gmt":"2022-09-26T22:04:27","slug":"optimizaran-servicio-de-agua-potable-en-alberto-adriani","status":"publish","type":"post","link":"https:\/\/alcaldiaalbertoadriani.com\/?p=809","title":{"rendered":"Optimizar\u00e1n servicio de agua potable en Alberto Adriani"},"content":{"rendered":"\n<p>***Marielys Sacipa, secretaria para el Desarrollo y Calidad de los Servicios P\u00fablicos, de la Gobernaci\u00f3n de M\u00e9rida, se reuni\u00f3 con el alcalde vig\u00edense Lisandro Segura, con quien abord\u00f3 aspectos relacionados al servicio de agua potable y la funcionalidad del relleno sanitario<\/p>\n\n\n\n<p>El gobierno de Alberto Adriani, junto con la Gobernaci\u00f3n del estado M\u00e9rida, elaboran un plan operativo de factibilidad en los distintos pozos profundos que se encuentran en los sectores de esta jurisdicci\u00f3n, a fin de optimizar el servicio de agua potable.<\/p>\n\n\n\n<p>Los detalles fueron ofrecidos por Marielys Sacipa, secretaria para el Desarrollo y Calidad de los Servicios P\u00fablicos del Ejecutivo regional, quien sostuvo una reuni\u00f3n con el alcalde Lisandro Segura en su despacho, para establecer la agenda de trabajo de cara a mejorar el agua potable que consumen los vigienses.<\/p>\n\n\n\n<p>En ese sentido, explic\u00f3 la funcionaria sobre los trabajos que vienen ejecutando en la planta potabilizadora de Mucujepe, de la parroquia H\u00e9ctor Amable Mora, a trav\u00e9s de los recursos econ\u00f3micos invertidos por el Ejecutivo regional.<\/p>\n\n\n\n<!--more-->\n\n\n\n<p>Sacipa resalt\u00f3 que la inversi\u00f3n econ\u00f3mica en materia de acueductos, se\u00f1alando que han instalado un plan de trabajo con los mismos recursos que ha suministrado la alcald\u00eda Alberto Adriani, para el mejoramiento del vital l\u00edquido.<\/p>\n\n\n\n<p>Vertedero de Onia<\/p>\n\n\n\n<p>Asimismo, Marielys Sacipa, acot\u00f3 que otro de los puntos tratados en la reuni\u00f3n tuvo que ver con el relleno sanitario de Onia Culegr\u00eda, sobre su funcionabilidad y el cual recibe el 67% de los desechos s\u00f3lidos, ocupando el segundo lugar de la regi\u00f3n meride\u00f1a.<\/p>\n\n\n\n<p>Para finalizar, la funcionaria se\u00f1al\u00f3 que recibi\u00f3 varios proyectos por parte del ente local, \u201clos estaremos revisando para posibles ejecuciones en un futuro. En estos momentos estamos tratando de unificar esfuerzos para que el agua potable sea un servicio de calidad y eficiente para los vigienses\u201d, apunt\u00f3 Sacipa. Prensa Alcald\u00eda Alberto Adriani\/Edgar Mendoza\/Fotos: Emmanuel M\u00e9ndez.<\/p>\n","protected":false},"excerpt":{"rendered":"<p>***Marielys Sacipa, secretaria para el Desarrollo y Calidad de los Servicios P\u00fablicos, de la Gobernaci\u00f3n de M\u00e9rida, se reuni\u00f3 con el alcalde vig\u00edense Lisandro Segura, con quien abord\u00f3 aspectos relacionados [&hellip;]<\/p>\n","protected":false},"author":2,"featured_media":810,"comment_status":"closed","ping_status":"closed","sticky":false,"template":"","format":"standard","meta":{"_et_pb_use_builder":"off","_et_pb_old_content":"","_et_gb_content_width":"","footnotes":""},"categories":[51,25,24],"tags":[31,11,12,15,30,29],"class_list":["post-809","post","type-post","status-publish","format-standard","has-post-thumbnail","hentry","category-ayuda-social","category-nuestro-municipio","category-recuperacion-de-espacios","tag-alcalde","tag-alcaldia","tag-alcaldiaalbertoadriani","tag-elvigia","tag-lisandrosegura","tag-municipioquenosmerecemos"],"yoast_head":"<!-- This site is optimized with the Yoast SEO plugin v19.13 - https:\/\/yoast.com\/wordpress\/plugins\/seo\/ -->\n<title>Optimizar\u00e1n servicio de agua potable en Alberto Adriani - Alcaldia Alberto Adriani<\/title>\n<meta name=\"robots\" content=\"index, follow, max-snippet:-1, max-image-preview:large, max-video-preview:-1\" \/>\n<link rel=\"canonical\" href=\"https:\/\/alcaldiaalbertoadriani.com\/?p=809\" \/>\n<meta property=\"og:locale\" content=\"es_ES\" \/>\n<meta property=\"og:type\" content=\"article\" \/>\n<meta property=\"og:title\" content=\"Optimizar\u00e1n servicio de agua potable en Alberto Adriani - Alcaldia Alberto Adriani\" \/>\n<meta property=\"og:description\" content=\"***Marielys Sacipa, secretaria para el Desarrollo y Calidad de los Servicios P\u00fablicos, de la Gobernaci\u00f3n de M\u00e9rida, se reuni\u00f3 con el alcalde vig\u00edense Lisandro Segura, con quien abord\u00f3 aspectos relacionados [&hellip;]\" \/>\n<meta property=\"og:url\" content=\"https:\/\/alcaldiaalbertoadriani.com\/?p=809\" \/>\n<meta property=\"og:site_name\" content=\"Alcaldia Alberto Adriani\" \/>\n<meta property=\"article:published_time\" content=\"2022-09-26T22:04:24+00:00\" \/>\n<meta property=\"article:modified_time\" content=\"2022-09-26T22:04:27+00:00\" \/>\n<meta property=\"og:image\" content=\"https:\/\/alcaldiaalbertoadriani.com\/wp-content\/uploads\/2022\/09\/IMG-20220926-WA0018.jpg\" \/>\n\t<meta property=\"og:image:width\" content=\"1000\" \/>\n\t<meta property=\"og:image:height\" content=\"564\" \/>\n\t<meta property=\"og:image:type\" content=\"image\/jpeg\" \/>\n<meta name=\"author\" content=\"Prensa\" \/>\n<meta name=\"twitter:card\" content=\"summary_large_image\" \/>\n<meta name=\"twitter:label1\" content=\"Escrito por\" \/>\n\t<meta name=\"twitter:data1\" content=\"Prensa\" \/>\n\t<meta name=\"twitter:label2\" content=\"Tiempo de lectura\" \/>\n\t<meta name=\"twitter:data2\" content=\"2 minutos\" \/>\n<script type=\"application\/ld+json\" class=\"yoast-schema-graph\">{\"@context\":\"https:\/\/schema.org\",\"@graph\":[{\"@type\":\"WebPage\",\"@id\":\"https:\/\/alcaldiaalbertoadriani.com\/?p=809\",\"url\":\"https:\/\/alcaldiaalbertoadriani.com\/?p=809\",\"name\":\"Optimizar\u00e1n servicio de agua potable en Alberto Adriani - Alcaldia Alberto Adriani\",\"isPartOf\":{\"@id\":\"https:\/\/alcaldiaalbertoadriani.com\/#website\"},\"datePublished\":\"2022-09-26T22:04:24+00:00\",\"dateModified\":\"2022-09-26T22:04:27+00:00\",\"author\":{\"@id\":\"https:\/\/alcaldiaalbertoadriani.com\/#\/schema\/person\/549b4483ff8999ac780deeea78795fc9\"},\"breadcrumb\":{\"@id\":\"https:\/\/alcaldiaalbertoadriani.com\/?p=809#breadcrumb\"},\"inLanguage\":\"es\",\"potentialAction\":[{\"@type\":\"ReadAction\",\"target\":[\"https:\/\/alcaldiaalbertoadriani.com\/?p=809\"]}]},{\"@type\":\"BreadcrumbList\",\"@id\":\"https:\/\/alcaldiaalbertoadriani.com\/?p=809#breadcrumb\",\"itemListElement\":[{\"@type\":\"ListItem\",\"position\":1,\"name\":\"Portada\",\"item\":\"https:\/\/alcaldiaalbertoadriani.com\/\"},{\"@type\":\"ListItem\",\"position\":2,\"name\":\"Optimizar\u00e1n servicio de agua potable en Alberto Adriani\"}]},{\"@type\":\"WebSite\",\"@id\":\"https:\/\/alcaldiaalbertoadriani.com\/#website\",\"url\":\"https:\/\/alcaldiaalbertoadriani.com\/\",\"name\":\"Alcaldia Alberto Adriani\",\"description\":\"\",\"potentialAction\":[{\"@type\":\"SearchAction\",\"target\":{\"@type\":\"EntryPoint\",\"urlTemplate\":\"https:\/\/alcaldiaalbertoadriani.com\/?s={search_term_string}\"},\"query-input\":\"required name=search_term_string\"}],\"inLanguage\":\"es\"},{\"@type\":\"Person\",\"@id\":\"https:\/\/alcaldiaalbertoadriani.com\/#\/schema\/person\/549b4483ff8999ac780deeea78795fc9\",\"name\":\"Prensa\",\"image\":{\"@type\":\"ImageObject\",\"inLanguage\":\"es\",\"@id\":\"https:\/\/alcaldiaalbertoadriani.com\/#\/schema\/person\/image\/\",\"url\":\"https:\/\/secure.gravatar.com\/avatar\/ea1cb567ea992a29627f4eee1c2eb185ec16decec6342d508fdf18dedb56c9de?s=96&d=mm&r=g\",\"contentUrl\":\"https:\/\/secure.gravatar.com\/avatar\/ea1cb567ea992a29627f4eee1c2eb185ec16decec6342d508fdf18dedb56c9de?s=96&d=mm&r=g\",\"caption\":\"Prensa\"},\"url\":\"https:\/\/alcaldiaalbertoadriani.com\/?author=2\"}]}<\/script>\n<!-- \/ Yoast SEO plugin. -->","yoast_head_json":{"title":"Optimizar\u00e1n servicio de agua potable en Alberto Adriani - Alcaldia Alberto Adriani","robots":{"index":"index","follow":"follow","max-snippet":"max-snippet:-1","max-image-preview":"max-image-preview:large","max-video-preview":"max-video-preview:-1"},"canonical":"https:\/\/alcaldiaalbertoadriani.com\/?p=809","og_locale":"es_ES","og_type":"article","og_title":"Optimizar\u00e1n servicio de agua potable en Alberto Adriani - Alcaldia Alberto Adriani","og_description":"***Marielys Sacipa, secretaria para el Desarrollo y Calidad de los Servicios P\u00fablicos, de la Gobernaci\u00f3n de M\u00e9rida, se reuni\u00f3 con el alcalde vig\u00edense Lisandro Segura, con quien abord\u00f3 aspectos relacionados [&hellip;]","og_url":"https:\/\/alcaldiaalbertoadriani.com\/?p=809","og_site_name":"Alcaldia Alberto Adriani","article_published_time":"2022-09-26T22:04:24+00:00","article_modified_time":"2022-09-26T22:04:27+00:00","og_image":[{"width":1000,"height":564,"url":"https:\/\/alcaldiaalbertoadriani.com\/wp-content\/uploads\/2022\/09\/IMG-20220926-WA0018.jpg","type":"image\/jpeg"}],"author":"Prensa","twitter_card":"summary_large_image","twitter_misc":{"Escrito por":"Prensa","Tiempo de lectura":"2 minutos"},"schema":{"@context":"https:\/\/schema.org","@graph":[{"@type":"WebPage","@id":"https:\/\/alcaldiaalbertoadriani.com\/?p=809","url":"https:\/\/alcaldiaalbertoadriani.com\/?p=809","name":"Optimizar\u00e1n servicio de agua potable en Alberto Adriani - Alcaldia Alberto Adriani","isPartOf":{"@id":"https:\/\/alcaldiaalbertoadriani.com\/#website"},"datePublished":"2022-09-26T22:04:24+00:00","dateModified":"2022-09-26T22:04:27+00:00","author":{"@id":"https:\/\/alcaldiaalbertoadriani.com\/#\/schema\/person\/549b4483ff8999ac780deeea78795fc9"},"breadcrumb":{"@id":"https:\/\/alcaldiaalbertoadriani.com\/?p=809#breadcrumb"},"inLanguage":"es","potentialAction":[{"@type":"ReadAction","target":["https:\/\/alcaldiaalbertoadriani.com\/?p=809"]}]},{"@type":"BreadcrumbList","@id":"https:\/\/alcaldiaalbertoadriani.com\/?p=809#breadcrumb","itemListElement":[{"@type":"ListItem","position":1,"name":"Portada","item":"https:\/\/alcaldiaalbertoadriani.com\/"},{"@type":"ListItem","position":2,"name":"Optimizar\u00e1n servicio de agua potable en Alberto Adriani"}]},{"@type":"WebSite","@id":"https:\/\/alcaldiaalbertoadriani.com\/#website","url":"https:\/\/alcaldiaalbertoadriani.com\/","name":"Alcaldia Alberto Adriani","description":"","potentialAction":[{"@type":"SearchAction","target":{"@type":"EntryPoint","urlTemplate":"https:\/\/alcaldiaalbertoadriani.com\/?s={search_term_string}"},"query-input":"required name=search_term_string"}],"inLanguage":"es"},{"@type":"Person","@id":"https:\/\/alcaldiaalbertoadriani.com\/#\/schema\/person\/549b4483ff8999ac780deeea78795fc9","name":"Prensa","image":{"@type":"ImageObject","inLanguage":"es","@id":"https:\/\/alcaldiaalbertoadriani.com\/#\/schema\/person\/image\/","url":"https:\/\/secure.gravatar.com\/avatar\/ea1cb567ea992a29627f4eee1c2eb185ec16decec6342d508fdf18dedb56c9de?s=96&d=mm&r=g","contentUrl":"https:\/\/secure.gravatar.com\/avatar\/ea1cb567ea992a29627f4eee1c2eb185ec16decec6342d508fdf18dedb56c9de?s=96&d=mm&r=g","caption":"Prensa"},"url":"https:\/\/alcaldiaalbertoadriani.com\/?author=2"}]}},"_links":{"self":[{"href":"https:\/\/alcaldiaalbertoadriani.com\/index.php?rest_route=\/wp\/v2\/posts\/809","targetHints":{"allow":["GET"]}}],"collection":[{"href":"https:\/\/alcaldiaalbertoadriani.com\/index.php?rest_route=\/wp\/v2\/posts"}],"about":[{"href":"https:\/\/alcaldiaalbertoadriani.com\/index.php?rest_route=\/wp\/v2\/types\/post"}],"author":[{"embeddable":true,"href":"https:\/\/alcaldiaalbertoadriani.com\/index.php?rest_route=\/wp\/v2\/users\/2"}],"replies":[{"embeddable":true,"href":"https:\/\/alcaldiaalbertoadriani.com\/index.php?rest_route=%2Fwp%2Fv2%2Fcomments&post=809"}],"version-history":[{"count":1,"href":"https:\/\/alcaldiaalbertoadriani.com\/index.php?rest_route=\/wp\/v2\/posts\/809\/revisions"}],"predecessor-version":[{"id":811,"href":"https:\/\/alcaldiaalbertoadriani.com\/index.php?rest_route=\/wp\/v2\/posts\/809\/revisions\/811"}],"wp:featuredmedia":[{"embeddable":true,"href":"https:\/\/alcaldiaalbertoadriani.com\/index.php?rest_route=\/wp\/v2\/media\/810"}],"wp:attachment":[{"href":"https:\/\/alcaldiaalbertoadriani.com\/index.php?rest_route=%2Fwp%2Fv2%2Fmedia&parent=809"}],"wp:term":[{"taxonomy":"category","embeddable":true,"href":"https:\/\/alcaldiaalbertoadriani.com\/index.php?rest_route=%2Fwp%2Fv2%2Fcategories&post=809"},{"taxonomy":"post_tag","embeddable":true,"href":"https:\/\/alcaldiaalbertoadriani.com\/index.php?rest_route=%2Fwp%2Fv2%2Ftags&post=809"}],"curies":[{"name":"wp","href":"https:\/\/api.w.org\/{rel}","templated":true}]}}