{"id":7734,"date":"2024-08-29T13:42:33","date_gmt":"2024-08-29T13:42:33","guid":{"rendered":"https:\/\/alcaldiaalbertoadriani.com\/?p=7734"},"modified":"2024-08-29T13:42:39","modified_gmt":"2024-08-29T13:42:39","slug":"imdraa-realizo-taller-de-fisiologia-del-ejercicio","status":"publish","type":"post","link":"https:\/\/alcaldiaalbertoadriani.com\/?p=7734","title":{"rendered":"Imdraa realiz\u00f3 taller de Fisiolog\u00eda del Ejercicio para fortalecer el sector deportivo municipal"},"content":{"rendered":"\n<p><\/p>\n\n\n\n<p>El Instituto Municipal de Deportes y Recreaci\u00f3n (<a href=\"https:\/\/alcaldiaalbertoadriani.com\/?p=7227\" target=\"_blank\" rel=\"noreferrer noopener\">Imdraa<\/a>), adscrito a la alcald\u00eda Alberto Adriani, realiz\u00f3 este viernes un taller de capacitaci\u00f3n deportiva, dirigido a entrenadores y estudiantes de diversas disciplinas deportivas del municipio Alberto Adriani y zonas aleda\u00f1as.<\/p>\n\n\n\n<figure class=\"wp-block-gallery has-nested-images columns-default is-cropped wp-block-gallery-1 is-layout-flex wp-block-gallery-is-layout-flex\">\n<figure class=\"wp-block-image size-large\"><img loading=\"lazy\" decoding=\"async\" width=\"1024\" height=\"768\" data-id=\"7736\" src=\"https:\/\/alcaldiaalbertoadriani.com\/wp-content\/uploads\/2024\/08\/WhatsApp-Image-2024-08-27-at-2.19.05-PM-3-1024x768.jpeg\" alt=\"\" class=\"wp-image-7736\" srcset=\"https:\/\/alcaldiaalbertoadriani.com\/wp-content\/uploads\/2024\/08\/WhatsApp-Image-2024-08-27-at-2.19.05-PM-3-1024x768.jpeg 1024w, https:\/\/alcaldiaalbertoadriani.com\/wp-content\/uploads\/2024\/08\/WhatsApp-Image-2024-08-27-at-2.19.05-PM-3-980x735.jpeg 980w, https:\/\/alcaldiaalbertoadriani.com\/wp-content\/uploads\/2024\/08\/WhatsApp-Image-2024-08-27-at-2.19.05-PM-3-480x360.jpeg 480w\" sizes=\"auto, (min-width: 0px) and (max-width: 480px) 480px, (min-width: 481px) and (max-width: 980px) 980px, (min-width: 981px) 1024px, 100vw\" \/><\/figure>\n<\/figure>\n\n\n\n<p>La actividad que se desarroll\u00f3 en el auditorio de la sede municipal, cont\u00f3 con la participaci\u00f3n de 80 personas y tuvo como objetivo actualizar los conocimientos de los asistentes en el \u00e1rea de fisiolog\u00eda del ejercicio f\u00edsico en ni\u00f1os y adolescentes.&nbsp;<\/p>\n\n\n\n<p>Ricardo Romero, presidente del Imdraa, destac\u00f3 el apoyo del alcalde <a href=\"https:\/\/www.instagram.com\/lisandrosegura02\/?hl=es-es\" target=\"_blank\" rel=\"noreferrer noopener\">Lisandro Segura<\/a> para lograr este importante taller, adem\u00e1s la importancia de la iniciativa. \u201cCon este taller buscamos que los entrenadores est\u00e9n actualizados, adaptarse a los nuevos tiempos y puedan aplicar los conocimientos adquiridos para mejorar el rendimiento de nuestros atletas\u201d.<\/p>\n\n\n\n<figure class=\"wp-block-gallery has-nested-images columns-default is-cropped wp-block-gallery-2 is-layout-flex wp-block-gallery-is-layout-flex\">\n<figure class=\"wp-block-image size-large\"><img loading=\"lazy\" decoding=\"async\" width=\"1024\" height=\"768\" data-id=\"7737\" src=\"https:\/\/alcaldiaalbertoadriani.com\/wp-content\/uploads\/2024\/08\/WhatsApp-Image-2024-08-27-at-2.19.05-PM-4-1024x768.jpeg\" alt=\"\" class=\"wp-image-7737\" srcset=\"https:\/\/alcaldiaalbertoadriani.com\/wp-content\/uploads\/2024\/08\/WhatsApp-Image-2024-08-27-at-2.19.05-PM-4-1024x768.jpeg 1024w, https:\/\/alcaldiaalbertoadriani.com\/wp-content\/uploads\/2024\/08\/WhatsApp-Image-2024-08-27-at-2.19.05-PM-4-980x735.jpeg 980w, https:\/\/alcaldiaalbertoadriani.com\/wp-content\/uploads\/2024\/08\/WhatsApp-Image-2024-08-27-at-2.19.05-PM-4-480x360.jpeg 480w\" sizes=\"auto, (min-width: 0px) and (max-width: 480px) 480px, (min-width: 481px) and (max-width: 980px) 980px, (min-width: 981px) 1024px, 100vw\" \/><\/figure>\n<\/figure>\n\n\n\n<p>Los instructores fueron Benito Hern\u00e1ndez, Fisioterapeuta y Kinesi\u00f3logo del instituto y el profesor Mateo Ram\u00edrez, especialista en Entrenamiento Deportivo y Fisiolog\u00eda del Ejercicio.<\/p>\n\n\n\n<p>Benito Hern\u00e1ndez y Mateo Ram\u00edrez, compartieron sus conocimientos sobre las mejores pr\u00e1cticas para la recuperaci\u00f3n y el entrenamiento deportivo. &#8220;Es fundamental que los entrenadores cuenten con las herramientas necesarias para optimizar el rendimiento de los atletas y evitar lesiones&#8221;, se\u00f1al\u00f3 Hern\u00e1ndez.<\/p>\n\n\n\n<figure class=\"wp-block-gallery has-nested-images columns-default is-cropped wp-block-gallery-3 is-layout-flex wp-block-gallery-is-layout-flex\">\n<figure class=\"wp-block-image size-large\"><img loading=\"lazy\" decoding=\"async\" width=\"1024\" height=\"768\" data-id=\"7738\" src=\"https:\/\/alcaldiaalbertoadriani.com\/wp-content\/uploads\/2024\/08\/WhatsApp-Image-2024-08-27-at-2.19.03-PM-1024x768.jpeg\" alt=\"\" class=\"wp-image-7738\" srcset=\"https:\/\/alcaldiaalbertoadriani.com\/wp-content\/uploads\/2024\/08\/WhatsApp-Image-2024-08-27-at-2.19.03-PM-1024x768.jpeg 1024w, https:\/\/alcaldiaalbertoadriani.com\/wp-content\/uploads\/2024\/08\/WhatsApp-Image-2024-08-27-at-2.19.03-PM-980x735.jpeg 980w, https:\/\/alcaldiaalbertoadriani.com\/wp-content\/uploads\/2024\/08\/WhatsApp-Image-2024-08-27-at-2.19.03-PM-480x360.jpeg 480w\" sizes=\"auto, (min-width: 0px) and (max-width: 480px) 480px, (min-width: 481px) and (max-width: 980px) 980px, (min-width: 981px) 1024px, 100vw\" \/><\/figure>\n<\/figure>\n\n\n\n<p>Por su parte, Ram\u00edrez enfatiz\u00f3 la importancia de la formaci\u00f3n cient\u00edfica en el entrenamiento deportivo. &#8220;El objetivo es aplicar elementos cient\u00edficos para llevar el desarrollo deportivo a un proceso de entrenamiento estructurado y basado en par\u00e1metros establecidos, destacando que la preparaci\u00f3n del atleta depende del nivel que tenga el entrenador\u201d. De esta manera, poder formar atletas de alto rendimiento en el municipio e incluso para la selecci\u00f3n nacional.<\/p>\n\n\n\n<p>El evento cont\u00f3 con la presencia de Alfredo Mendoza, director General de la alcald\u00eda quien expres\u00f3 palabras de felicitaciones en nombre del alcalde <a href=\"https:\/\/www.instagram.com\/lisandrosegura02\/?hl=es-es\" target=\"_blank\" rel=\"noreferrer noopener\">Lisandro Segura<\/a> por la disposici\u00f3n de los presentes de aprender y mejorar cada d\u00eda m\u00e1s. <strong><em>Prensa Alcald\u00eda Alberto Adriani\/ Claribel Zambrano CNP: 11.843\/ Fotos: Yerasabrith Manrique y Danny Ru\u00edz.<\/em><\/strong><\/p>\n\n\n\n<figure class=\"wp-block-gallery has-nested-images columns-default is-cropped wp-block-gallery-4 is-layout-flex wp-block-gallery-is-layout-flex\">\n<figure class=\"wp-block-image size-large\"><img loading=\"lazy\" decoding=\"async\" width=\"1024\" height=\"768\" data-id=\"7739\" src=\"https:\/\/alcaldiaalbertoadriani.com\/wp-content\/uploads\/2024\/08\/WhatsApp-Image-2024-08-27-at-2.19.04-PM-1-1024x768.jpeg\" alt=\"\" class=\"wp-image-7739\" srcset=\"https:\/\/alcaldiaalbertoadriani.com\/wp-content\/uploads\/2024\/08\/WhatsApp-Image-2024-08-27-at-2.19.04-PM-1-1024x768.jpeg 1024w, https:\/\/alcaldiaalbertoadriani.com\/wp-content\/uploads\/2024\/08\/WhatsApp-Image-2024-08-27-at-2.19.04-PM-1-980x735.jpeg 980w, https:\/\/alcaldiaalbertoadriani.com\/wp-content\/uploads\/2024\/08\/WhatsApp-Image-2024-08-27-at-2.19.04-PM-1-480x360.jpeg 480w\" sizes=\"auto, (min-width: 0px) and (max-width: 480px) 480px, (min-width: 481px) and (max-width: 980px) 980px, (min-width: 981px) 1024px, 100vw\" \/><\/figure>\n\n\n\n<figure class=\"wp-block-image size-large\"><img loading=\"lazy\" decoding=\"async\" width=\"1024\" height=\"768\" data-id=\"7741\" src=\"https:\/\/alcaldiaalbertoadriani.com\/wp-content\/uploads\/2024\/08\/WhatsApp-Image-2024-08-27-at-2.19.04-PM-1024x768.jpeg\" alt=\"\" class=\"wp-image-7741\" srcset=\"https:\/\/alcaldiaalbertoadriani.com\/wp-content\/uploads\/2024\/08\/WhatsApp-Image-2024-08-27-at-2.19.04-PM-1024x768.jpeg 1024w, https:\/\/alcaldiaalbertoadriani.com\/wp-content\/uploads\/2024\/08\/WhatsApp-Image-2024-08-27-at-2.19.04-PM-980x735.jpeg 980w, https:\/\/alcaldiaalbertoadriani.com\/wp-content\/uploads\/2024\/08\/WhatsApp-Image-2024-08-27-at-2.19.04-PM-480x360.jpeg 480w\" sizes=\"auto, (min-width: 0px) and (max-width: 480px) 480px, (min-width: 481px) and (max-width: 980px) 980px, (min-width: 981px) 1024px, 100vw\" \/><\/figure>\n\n\n\n<figure class=\"wp-block-image size-large\"><img loading=\"lazy\" decoding=\"async\" width=\"1024\" height=\"768\" data-id=\"7740\" src=\"https:\/\/alcaldiaalbertoadriani.com\/wp-content\/uploads\/2024\/08\/WhatsApp-Image-2024-08-27-at-2.19.05-PM-1-1024x768.jpeg\" alt=\"\" class=\"wp-image-7740\" srcset=\"https:\/\/alcaldiaalbertoadriani.com\/wp-content\/uploads\/2024\/08\/WhatsApp-Image-2024-08-27-at-2.19.05-PM-1-1024x768.jpeg 1024w, https:\/\/alcaldiaalbertoadriani.com\/wp-content\/uploads\/2024\/08\/WhatsApp-Image-2024-08-27-at-2.19.05-PM-1-980x735.jpeg 980w, https:\/\/alcaldiaalbertoadriani.com\/wp-content\/uploads\/2024\/08\/WhatsApp-Image-2024-08-27-at-2.19.05-PM-1-480x360.jpeg 480w\" sizes=\"auto, (min-width: 0px) and (max-width: 480px) 480px, (min-width: 481px) and (max-width: 980px) 980px, (min-width: 981px) 1024px, 100vw\" \/><\/figure>\n\n\n\n<figure class=\"wp-block-image size-large\"><img loading=\"lazy\" decoding=\"async\" width=\"1024\" height=\"768\" data-id=\"7742\" src=\"https:\/\/alcaldiaalbertoadriani.com\/wp-content\/uploads\/2024\/08\/WhatsApp-Image-2024-08-27-at-2.19.05-PM-1024x768.jpeg\" alt=\"\" class=\"wp-image-7742\" srcset=\"https:\/\/alcaldiaalbertoadriani.com\/wp-content\/uploads\/2024\/08\/WhatsApp-Image-2024-08-27-at-2.19.05-PM-1024x768.jpeg 1024w, https:\/\/alcaldiaalbertoadriani.com\/wp-content\/uploads\/2024\/08\/WhatsApp-Image-2024-08-27-at-2.19.05-PM-980x735.jpeg 980w, https:\/\/alcaldiaalbertoadriani.com\/wp-content\/uploads\/2024\/08\/WhatsApp-Image-2024-08-27-at-2.19.05-PM-480x360.jpeg 480w\" sizes=\"auto, (min-width: 0px) and (max-width: 480px) 480px, (min-width: 481px) and (max-width: 980px) 980px, (min-width: 981px) 1024px, 100vw\" \/><\/figure>\n\n\n\n<figure class=\"wp-block-image size-large\"><img loading=\"lazy\" decoding=\"async\" width=\"1024\" height=\"576\" data-id=\"7743\" src=\"https:\/\/alcaldiaalbertoadriani.com\/wp-content\/uploads\/2024\/08\/WhatsApp-Image-2024-08-27-at-2.19.06-PM-1024x576.jpeg\" alt=\"\" class=\"wp-image-7743\" srcset=\"https:\/\/alcaldiaalbertoadriani.com\/wp-content\/uploads\/2024\/08\/WhatsApp-Image-2024-08-27-at-2.19.06-PM-1024x576.jpeg 1024w, https:\/\/alcaldiaalbertoadriani.com\/wp-content\/uploads\/2024\/08\/WhatsApp-Image-2024-08-27-at-2.19.06-PM-980x551.jpeg 980w, https:\/\/alcaldiaalbertoadriani.com\/wp-content\/uploads\/2024\/08\/WhatsApp-Image-2024-08-27-at-2.19.06-PM-480x270.jpeg 480w\" sizes=\"auto, (min-width: 0px) and (max-width: 480px) 480px, (min-width: 481px) and (max-width: 980px) 980px, (min-width: 981px) 1024px, 100vw\" \/><\/figure>\n<\/figure>\n","protected":false},"excerpt":{"rendered":"<p>El Instituto Municipal de Deportes y Recreaci\u00f3n (Imdraa), adscrito a la alcald\u00eda Alberto Adriani, realiz\u00f3 este viernes un taller de capacitaci\u00f3n deportiva, dirigido a entrenadores y estudiantes de diversas disciplinas [&hellip;]<\/p>\n","protected":false},"author":2,"featured_media":7735,"comment_status":"open","ping_status":"closed","sticky":false,"template":"","format":"standard","meta":{"_et_pb_use_builder":"off","_et_pb_old_content":"","_et_gb_content_width":"","footnotes":""},"categories":[341,61,50,25,563],"tags":[31,11,12,15,761,30,29,28,820],"class_list":["post-7734","post","type-post","status-publish","format-standard","has-post-thumbnail","hentry","category-alcaldia-alberto-adriani","category-deportes","category-imdraa","category-nuestro-municipio","category-talleres","tag-alcalde","tag-alcaldia","tag-alcaldiaalbertoadriani","tag-elvigia","tag-encrucijadadeprogreso","tag-lisandrosegura","tag-municipioquenosmerecemos","tag-porelrenacer","tag-imdraa-realizo-taller-de-fisiologia-del-ejercicio"],"yoast_head":"<!-- This site is optimized with the Yoast SEO plugin v19.13 - https:\/\/yoast.com\/wordpress\/plugins\/seo\/ -->\n<title>Imdraa realiz\u00f3 taller de Fisiolog\u00eda del Ejercicio<\/title>\n<meta name=\"description\" content=\"El Instituto Municipal de Deportes y Recreaci\u00f3n, realiz\u00f3 este viernes un taller de capacitaci\u00f3n deportiva dirigido a entrenadores.\" \/>\n<meta name=\"robots\" content=\"index, follow, max-snippet:-1, max-image-preview:large, max-video-preview:-1\" \/>\n<link rel=\"canonical\" href=\"https:\/\/alcaldiaalbertoadriani.com\/?p=7734\" \/>\n<meta property=\"og:locale\" content=\"es_ES\" \/>\n<meta property=\"og:type\" content=\"article\" \/>\n<meta property=\"og:title\" content=\"Imdraa realiz\u00f3 taller de Fisiolog\u00eda del Ejercicio\" \/>\n<meta property=\"og:description\" content=\"El Instituto Municipal de Deportes y Recreaci\u00f3n, realiz\u00f3 este viernes un taller de capacitaci\u00f3n deportiva dirigido a entrenadores.\" \/>\n<meta property=\"og:url\" content=\"https:\/\/alcaldiaalbertoadriani.com\/?p=7734\" \/>\n<meta property=\"og:site_name\" content=\"Alcaldia Alberto Adriani\" \/>\n<meta property=\"article:published_time\" content=\"2024-08-29T13:42:33+00:00\" \/>\n<meta property=\"article:modified_time\" content=\"2024-08-29T13:42:39+00:00\" \/>\n<meta property=\"og:image\" content=\"https:\/\/alcaldiaalbertoadriani.com\/wp-content\/uploads\/2024\/08\/WhatsApp-Image-2024-08-27-at-2.19.05-PM-2.jpeg\" \/>\n\t<meta property=\"og:image:width\" content=\"1080\" \/>\n\t<meta property=\"og:image:height\" content=\"810\" \/>\n\t<meta property=\"og:image:type\" content=\"image\/jpeg\" \/>\n<meta name=\"author\" content=\"Prensa\" \/>\n<meta name=\"twitter:card\" content=\"summary_large_image\" \/>\n<meta name=\"twitter:label1\" content=\"Escrito por\" \/>\n\t<meta name=\"twitter:data1\" content=\"Prensa\" \/>\n\t<meta name=\"twitter:label2\" content=\"Tiempo de lectura\" \/>\n\t<meta name=\"twitter:data2\" content=\"4 minutos\" \/>\n<script type=\"application\/ld+json\" class=\"yoast-schema-graph\">{\"@context\":\"https:\/\/schema.org\",\"@graph\":[{\"@type\":\"WebPage\",\"@id\":\"https:\/\/alcaldiaalbertoadriani.com\/?p=7734\",\"url\":\"https:\/\/alcaldiaalbertoadriani.com\/?p=7734\",\"name\":\"Imdraa realiz\u00f3 taller de Fisiolog\u00eda del Ejercicio\",\"isPartOf\":{\"@id\":\"https:\/\/alcaldiaalbertoadriani.com\/#website\"},\"datePublished\":\"2024-08-29T13:42:33+00:00\",\"dateModified\":\"2024-08-29T13:42:39+00:00\",\"author\":{\"@id\":\"https:\/\/alcaldiaalbertoadriani.com\/#\/schema\/person\/549b4483ff8999ac780deeea78795fc9\"},\"description\":\"El Instituto Municipal de Deportes y Recreaci\u00f3n, realiz\u00f3 este viernes un taller de capacitaci\u00f3n deportiva dirigido a entrenadores.\",\"breadcrumb\":{\"@id\":\"https:\/\/alcaldiaalbertoadriani.com\/?p=7734#breadcrumb\"},\"inLanguage\":\"es\",\"potentialAction\":[{\"@type\":\"ReadAction\",\"target\":[\"https:\/\/alcaldiaalbertoadriani.com\/?p=7734\"]}]},{\"@type\":\"BreadcrumbList\",\"@id\":\"https:\/\/alcaldiaalbertoadriani.com\/?p=7734#breadcrumb\",\"itemListElement\":[{\"@type\":\"ListItem\",\"position\":1,\"name\":\"Portada\",\"item\":\"https:\/\/alcaldiaalbertoadriani.com\/\"},{\"@type\":\"ListItem\",\"position\":2,\"name\":\"Imdraa realiz\u00f3 taller de Fisiolog\u00eda del Ejercicio para fortalecer el sector deportivo municipal\"}]},{\"@type\":\"WebSite\",\"@id\":\"https:\/\/alcaldiaalbertoadriani.com\/#website\",\"url\":\"https:\/\/alcaldiaalbertoadriani.com\/\",\"name\":\"Alcaldia Alberto Adriani\",\"description\":\"\",\"potentialAction\":[{\"@type\":\"SearchAction\",\"target\":{\"@type\":\"EntryPoint\",\"urlTemplate\":\"https:\/\/alcaldiaalbertoadriani.com\/?s={search_term_string}\"},\"query-input\":\"required name=search_term_string\"}],\"inLanguage\":\"es\"},{\"@type\":\"Person\",\"@id\":\"https:\/\/alcaldiaalbertoadriani.com\/#\/schema\/person\/549b4483ff8999ac780deeea78795fc9\",\"name\":\"Prensa\",\"image\":{\"@type\":\"ImageObject\",\"inLanguage\":\"es\",\"@id\":\"https:\/\/alcaldiaalbertoadriani.com\/#\/schema\/person\/image\/\",\"url\":\"https:\/\/secure.gravatar.com\/avatar\/ea1cb567ea992a29627f4eee1c2eb185ec16decec6342d508fdf18dedb56c9de?s=96&d=mm&r=g\",\"contentUrl\":\"https:\/\/secure.gravatar.com\/avatar\/ea1cb567ea992a29627f4eee1c2eb185ec16decec6342d508fdf18dedb56c9de?s=96&d=mm&r=g\",\"caption\":\"Prensa\"},\"url\":\"https:\/\/alcaldiaalbertoadriani.com\/?author=2\"}]}<\/script>\n<!-- \/ Yoast SEO plugin. -->","yoast_head_json":{"title":"Imdraa realiz\u00f3 taller de Fisiolog\u00eda del Ejercicio","description":"El Instituto Municipal de Deportes y Recreaci\u00f3n, realiz\u00f3 este viernes un taller de capacitaci\u00f3n deportiva dirigido a entrenadores.","robots":{"index":"index","follow":"follow","max-snippet":"max-snippet:-1","max-image-preview":"max-image-preview:large","max-video-preview":"max-video-preview:-1"},"canonical":"https:\/\/alcaldiaalbertoadriani.com\/?p=7734","og_locale":"es_ES","og_type":"article","og_title":"Imdraa realiz\u00f3 taller de Fisiolog\u00eda del Ejercicio","og_description":"El Instituto Municipal de Deportes y Recreaci\u00f3n, realiz\u00f3 este viernes un taller de capacitaci\u00f3n deportiva dirigido a entrenadores.","og_url":"https:\/\/alcaldiaalbertoadriani.com\/?p=7734","og_site_name":"Alcaldia Alberto Adriani","article_published_time":"2024-08-29T13:42:33+00:00","article_modified_time":"2024-08-29T13:42:39+00:00","og_image":[{"width":1080,"height":810,"url":"https:\/\/alcaldiaalbertoadriani.com\/wp-content\/uploads\/2024\/08\/WhatsApp-Image-2024-08-27-at-2.19.05-PM-2.jpeg","type":"image\/jpeg"}],"author":"Prensa","twitter_card":"summary_large_image","twitter_misc":{"Escrito por":"Prensa","Tiempo de lectura":"4 minutos"},"schema":{"@context":"https:\/\/schema.org","@graph":[{"@type":"WebPage","@id":"https:\/\/alcaldiaalbertoadriani.com\/?p=7734","url":"https:\/\/alcaldiaalbertoadriani.com\/?p=7734","name":"Imdraa realiz\u00f3 taller de Fisiolog\u00eda del Ejercicio","isPartOf":{"@id":"https:\/\/alcaldiaalbertoadriani.com\/#website"},"datePublished":"2024-08-29T13:42:33+00:00","dateModified":"2024-08-29T13:42:39+00:00","author":{"@id":"https:\/\/alcaldiaalbertoadriani.com\/#\/schema\/person\/549b4483ff8999ac780deeea78795fc9"},"description":"El Instituto Municipal de Deportes y Recreaci\u00f3n, realiz\u00f3 este viernes un taller de capacitaci\u00f3n deportiva dirigido a entrenadores.","breadcrumb":{"@id":"https:\/\/alcaldiaalbertoadriani.com\/?p=7734#breadcrumb"},"inLanguage":"es","potentialAction":[{"@type":"ReadAction","target":["https:\/\/alcaldiaalbertoadriani.com\/?p=7734"]}]},{"@type":"BreadcrumbList","@id":"https:\/\/alcaldiaalbertoadriani.com\/?p=7734#breadcrumb","itemListElement":[{"@type":"ListItem","position":1,"name":"Portada","item":"https:\/\/alcaldiaalbertoadriani.com\/"},{"@type":"ListItem","position":2,"name":"Imdraa realiz\u00f3 taller de Fisiolog\u00eda del Ejercicio para fortalecer el sector deportivo municipal"}]},{"@type":"WebSite","@id":"https:\/\/alcaldiaalbertoadriani.com\/#website","url":"https:\/\/alcaldiaalbertoadriani.com\/","name":"Alcaldia Alberto Adriani","description":"","potentialAction":[{"@type":"SearchAction","target":{"@type":"EntryPoint","urlTemplate":"https:\/\/alcaldiaalbertoadriani.com\/?s={search_term_string}"},"query-input":"required name=search_term_string"}],"inLanguage":"es"},{"@type":"Person","@id":"https:\/\/alcaldiaalbertoadriani.com\/#\/schema\/person\/549b4483ff8999ac780deeea78795fc9","name":"Prensa","image":{"@type":"ImageObject","inLanguage":"es","@id":"https:\/\/alcaldiaalbertoadriani.com\/#\/schema\/person\/image\/","url":"https:\/\/secure.gravatar.com\/avatar\/ea1cb567ea992a29627f4eee1c2eb185ec16decec6342d508fdf18dedb56c9de?s=96&d=mm&r=g","contentUrl":"https:\/\/secure.gravatar.com\/avatar\/ea1cb567ea992a29627f4eee1c2eb185ec16decec6342d508fdf18dedb56c9de?s=96&d=mm&r=g","caption":"Prensa"},"url":"https:\/\/alcaldiaalbertoadriani.com\/?author=2"}]}},"_links":{"self":[{"href":"https:\/\/alcaldiaalbertoadriani.com\/index.php?rest_route=\/wp\/v2\/posts\/7734","targetHints":{"allow":["GET"]}}],"collection":[{"href":"https:\/\/alcaldiaalbertoadriani.com\/index.php?rest_route=\/wp\/v2\/posts"}],"about":[{"href":"https:\/\/alcaldiaalbertoadriani.com\/index.php?rest_route=\/wp\/v2\/types\/post"}],"author":[{"embeddable":true,"href":"https:\/\/alcaldiaalbertoadriani.com\/index.php?rest_route=\/wp\/v2\/users\/2"}],"replies":[{"embeddable":true,"href":"https:\/\/alcaldiaalbertoadriani.com\/index.php?rest_route=%2Fwp%2Fv2%2Fcomments&post=7734"}],"version-history":[{"count":1,"href":"https:\/\/alcaldiaalbertoadriani.com\/index.php?rest_route=\/wp\/v2\/posts\/7734\/revisions"}],"predecessor-version":[{"id":7744,"href":"https:\/\/alcaldiaalbertoadriani.com\/index.php?rest_route=\/wp\/v2\/posts\/7734\/revisions\/7744"}],"wp:featuredmedia":[{"embeddable":true,"href":"https:\/\/alcaldiaalbertoadriani.com\/index.php?rest_route=\/wp\/v2\/media\/7735"}],"wp:attachment":[{"href":"https:\/\/alcaldiaalbertoadriani.com\/index.php?rest_route=%2Fwp%2Fv2%2Fmedia&parent=7734"}],"wp:term":[{"taxonomy":"category","embeddable":true,"href":"https:\/\/alcaldiaalbertoadriani.com\/index.php?rest_route=%2Fwp%2Fv2%2Fcategories&post=7734"},{"taxonomy":"post_tag","embeddable":true,"href":"https:\/\/alcaldiaalbertoadriani.com\/index.php?rest_route=%2Fwp%2Fv2%2Ftags&post=7734"}],"curies":[{"name":"wp","href":"https:\/\/api.w.org\/{rel}","templated":true}]}}