{"id":7456,"date":"2024-07-15T22:51:09","date_gmt":"2024-07-15T22:51:09","guid":{"rendered":"https:\/\/alcaldiaalbertoadriani.com\/?p=7456"},"modified":"2024-07-15T22:51:14","modified_gmt":"2024-07-15T22:51:14","slug":"alberto-adriani-se-titulo-campeon-de-kickingball-pre-juvenil","status":"publish","type":"post","link":"https:\/\/alcaldiaalbertoadriani.com\/?p=7456","title":{"rendered":"Alberto Adriani se titul\u00f3 Campe\u00f3n del Estadal de Kickingball Pre-juvenil"},"content":{"rendered":"\n<p><\/p>\n\n\n\n<p>La liga de Kickingball de Alberto Adriani se titul\u00f3 campeona del Campeonato Estadal de Kickingball categor\u00eda pre-juvenil &#8220;Copa Lisandro Ram\u00edrez Segura&#8221;, realizado entre el 12 y 13 de julio en el estadio Acacio Sand\u00eda Ram\u00edrez de El Vig\u00eda.<\/p>\n\n\n\n<p>La informaci\u00f3n la suministr\u00f3 Ricardo Romero, presidente del Instituto Municipal de Deportes y Recreaci\u00f3n (<a href=\"https:\/\/alcaldiaalbertoadriani.com\/?p=7326\" target=\"_blank\" rel=\"noreferrer noopener\">Imdraa<\/a>), quien indic\u00f3 que &#8220;con 5 carreras por 2 el Municipio Alberto Adriani qued\u00f3 como Campe\u00f3n, mientras que, el municipio Campo El\u00edas fue subcampe\u00f3n y el equipo de Samuel Dar\u00edo Maldonado del T\u00e1chira ocup\u00f3 el tercer puesto.<\/p>\n\n\n\n<figure class=\"wp-block-gallery has-nested-images columns-default is-cropped wp-block-gallery-1 is-layout-flex wp-block-gallery-is-layout-flex\">\n<figure class=\"wp-block-image size-large\"><img loading=\"lazy\" decoding=\"async\" width=\"1024\" height=\"768\" data-id=\"7458\" src=\"https:\/\/alcaldiaalbertoadriani.com\/wp-content\/uploads\/2024\/07\/WhatsApp-Image-2024-07-15-at-4.31.39-PM-1024x768.jpeg\" alt=\"\" class=\"wp-image-7458\" srcset=\"https:\/\/alcaldiaalbertoadriani.com\/wp-content\/uploads\/2024\/07\/WhatsApp-Image-2024-07-15-at-4.31.39-PM-1024x768.jpeg 1024w, https:\/\/alcaldiaalbertoadriani.com\/wp-content\/uploads\/2024\/07\/WhatsApp-Image-2024-07-15-at-4.31.39-PM-980x735.jpeg 980w, https:\/\/alcaldiaalbertoadriani.com\/wp-content\/uploads\/2024\/07\/WhatsApp-Image-2024-07-15-at-4.31.39-PM-480x360.jpeg 480w\" sizes=\"auto, (min-width: 0px) and (max-width: 480px) 480px, (min-width: 481px) and (max-width: 980px) 980px, (min-width: 981px) 1024px, 100vw\" \/><\/figure>\n<\/figure>\n\n\n\n<p>Por su parte, Jes\u00fas Lira, presidente de la liga de Kickingball de Alberto Adriani, expres\u00f3 su agradecimiento a todas las personas e instituciones que hicieron posible la realizaci\u00f3n del evento: &#8220;Agradezco a Dios, al alcalde<a href=\"https:\/\/www.instagram.com\/lisandrosegura02\/?hl=es-es\" target=\"_blank\" rel=\"noreferrer noopener\"> Lisandro Segura<\/a> y a todas las personas que nos apoyaron para que este campeonato fuera una realidad. Tambi\u00e9n quiero agradecer a la Asociaci\u00f3n de Kickingball del estado M\u00e9rida y al Instituto de la Cultura (<a href=\"https:\/\/alcaldiaalbertoadriani.com\/?p=6506\" target=\"_blank\" rel=\"noreferrer noopener\">Iamcaa<\/a>) por su colaboraci\u00f3n con la banda Show y las danzas.&#8221;<\/p>\n\n\n\n<p>Lira tambi\u00e9n resalt\u00f3 la importancia de este tipo de competencias para el desarrollo del kickingball en la regi\u00f3n.<\/p>\n\n\n\n<p><strong>Pr\u00f3ximos Retos<\/strong><\/p>\n\n\n\n<p>Tras este importante triunfo, la selecci\u00f3n pre-juvenil de Kickingball\u00a0 se prepara para participar en el Campeonato Nacional de la disciplina, que se celebrar\u00e1 en el estado Trujillo. Lira se mostr\u00f3 confiado en las posibilidades del equipo.<strong><em> Prensa Alberto Adriani\/Claribel Zambrano CNP 11.843\/Fotos: Imdraa.<\/em><\/strong><\/p>\n\n\n\n<figure class=\"wp-block-gallery has-nested-images columns-default is-cropped wp-block-gallery-2 is-layout-flex wp-block-gallery-is-layout-flex\">\n<figure class=\"wp-block-image size-large\"><img loading=\"lazy\" decoding=\"async\" width=\"1024\" height=\"768\" data-id=\"7462\" src=\"https:\/\/alcaldiaalbertoadriani.com\/wp-content\/uploads\/2024\/07\/WhatsApp-Image-2024-07-15-at-4.31.39-PM-2-1024x768.jpeg\" alt=\"\" class=\"wp-image-7462\" srcset=\"https:\/\/alcaldiaalbertoadriani.com\/wp-content\/uploads\/2024\/07\/WhatsApp-Image-2024-07-15-at-4.31.39-PM-2-1024x768.jpeg 1024w, https:\/\/alcaldiaalbertoadriani.com\/wp-content\/uploads\/2024\/07\/WhatsApp-Image-2024-07-15-at-4.31.39-PM-2-980x735.jpeg 980w, https:\/\/alcaldiaalbertoadriani.com\/wp-content\/uploads\/2024\/07\/WhatsApp-Image-2024-07-15-at-4.31.39-PM-2-480x360.jpeg 480w\" sizes=\"auto, (min-width: 0px) and (max-width: 480px) 480px, (min-width: 481px) and (max-width: 980px) 980px, (min-width: 981px) 1024px, 100vw\" \/><\/figure>\n\n\n\n<figure class=\"wp-block-image size-large\"><img loading=\"lazy\" decoding=\"async\" width=\"1024\" height=\"768\" data-id=\"7463\" src=\"https:\/\/alcaldiaalbertoadriani.com\/wp-content\/uploads\/2024\/07\/WhatsApp-Image-2024-07-15-at-4.31.40-PM-1-1024x768.jpeg\" alt=\"\" class=\"wp-image-7463\" srcset=\"https:\/\/alcaldiaalbertoadriani.com\/wp-content\/uploads\/2024\/07\/WhatsApp-Image-2024-07-15-at-4.31.40-PM-1-1024x768.jpeg 1024w, https:\/\/alcaldiaalbertoadriani.com\/wp-content\/uploads\/2024\/07\/WhatsApp-Image-2024-07-15-at-4.31.40-PM-1-980x735.jpeg 980w, https:\/\/alcaldiaalbertoadriani.com\/wp-content\/uploads\/2024\/07\/WhatsApp-Image-2024-07-15-at-4.31.40-PM-1-480x360.jpeg 480w\" sizes=\"auto, (min-width: 0px) and (max-width: 480px) 480px, (min-width: 481px) and (max-width: 980px) 980px, (min-width: 981px) 1024px, 100vw\" \/><\/figure>\n\n\n\n<figure class=\"wp-block-image size-large\"><img loading=\"lazy\" decoding=\"async\" width=\"1024\" height=\"640\" data-id=\"7459\" src=\"https:\/\/alcaldiaalbertoadriani.com\/wp-content\/uploads\/2024\/07\/WhatsApp-Image-2024-07-15-at-4.31.40-PM-1024x640.jpeg\" alt=\"\" class=\"wp-image-7459\" srcset=\"https:\/\/alcaldiaalbertoadriani.com\/wp-content\/uploads\/2024\/07\/WhatsApp-Image-2024-07-15-at-4.31.40-PM-1024x640.jpeg 1024w, https:\/\/alcaldiaalbertoadriani.com\/wp-content\/uploads\/2024\/07\/WhatsApp-Image-2024-07-15-at-4.31.40-PM-980x613.jpeg 980w, https:\/\/alcaldiaalbertoadriani.com\/wp-content\/uploads\/2024\/07\/WhatsApp-Image-2024-07-15-at-4.31.40-PM-480x300.jpeg 480w\" sizes=\"auto, (min-width: 0px) and (max-width: 480px) 480px, (min-width: 481px) and (max-width: 980px) 980px, (min-width: 981px) 1024px, 100vw\" \/><\/figure>\n\n\n\n<figure class=\"wp-block-image size-large\"><img loading=\"lazy\" decoding=\"async\" width=\"768\" height=\"1024\" data-id=\"7461\" src=\"https:\/\/alcaldiaalbertoadriani.com\/wp-content\/uploads\/2024\/07\/WhatsApp-Image-2024-07-15-at-4.31.38-PM-1-768x1024.jpeg\" alt=\"\" class=\"wp-image-7461\" srcset=\"https:\/\/alcaldiaalbertoadriani.com\/wp-content\/uploads\/2024\/07\/WhatsApp-Image-2024-07-15-at-4.31.38-PM-1-768x1024.jpeg 768w, https:\/\/alcaldiaalbertoadriani.com\/wp-content\/uploads\/2024\/07\/WhatsApp-Image-2024-07-15-at-4.31.38-PM-1-480x640.jpeg 480w\" sizes=\"auto, (min-width: 0px) and (max-width: 480px) 480px, (min-width: 481px) 768px, 100vw\" \/><\/figure>\n\n\n\n<figure class=\"wp-block-image size-large\"><img loading=\"lazy\" decoding=\"async\" width=\"1024\" height=\"768\" data-id=\"7460\" src=\"https:\/\/alcaldiaalbertoadriani.com\/wp-content\/uploads\/2024\/07\/WhatsApp-Image-2024-07-15-at-4.31.39-PM-1-1024x768.jpeg\" alt=\"\" class=\"wp-image-7460\" srcset=\"https:\/\/alcaldiaalbertoadriani.com\/wp-content\/uploads\/2024\/07\/WhatsApp-Image-2024-07-15-at-4.31.39-PM-1-1024x768.jpeg 1024w, https:\/\/alcaldiaalbertoadriani.com\/wp-content\/uploads\/2024\/07\/WhatsApp-Image-2024-07-15-at-4.31.39-PM-1-980x735.jpeg 980w, https:\/\/alcaldiaalbertoadriani.com\/wp-content\/uploads\/2024\/07\/WhatsApp-Image-2024-07-15-at-4.31.39-PM-1-480x360.jpeg 480w\" sizes=\"auto, (min-width: 0px) and (max-width: 480px) 480px, (min-width: 481px) and (max-width: 980px) 980px, (min-width: 981px) 1024px, 100vw\" \/><\/figure>\n<\/figure>\n","protected":false},"excerpt":{"rendered":"<p>La liga de Kickingball de Alberto Adriani se titul\u00f3 campeona del Campeonato Estadal de Kickingball categor\u00eda pre-juvenil &#8220;Copa Lisandro Ram\u00edrez Segura&#8221;, realizado entre el 12 y 13 de julio en [&hellip;]<\/p>\n","protected":false},"author":2,"featured_media":7457,"comment_status":"open","ping_status":"closed","sticky":false,"template":"","format":"standard","meta":{"_et_pb_use_builder":"off","_et_pb_old_content":"","_et_gb_content_width":"","footnotes":""},"categories":[341,61,77,50,25],"tags":[31,11,12,15,761,30,29,794],"class_list":["post-7456","post","type-post","status-publish","format-standard","has-post-thumbnail","hentry","category-alcaldia-alberto-adriani","category-deportes","category-iamcaa","category-imdraa","category-nuestro-municipio","tag-alcalde","tag-alcaldia","tag-alcaldiaalbertoadriani","tag-elvigia","tag-encrucijadadeprogreso","tag-lisandrosegura","tag-municipioquenosmerecemos","tag-alberto-adriani-se-titulo-campeon-de-kickingball-pre-juvenil"],"yoast_head":"<!-- This site is optimized with the Yoast SEO plugin v19.13 - https:\/\/yoast.com\/wordpress\/plugins\/seo\/ -->\n<title>Alberto Adriani se titul\u00f3 Campe\u00f3n de Kickingball Pre-juvenil<\/title>\n<meta name=\"description\" content=\"La liga de Kickingball de Alberto Adriani se titul\u00f3 campeona del Campeonato Estadal de Kickingball categor\u00eda pre-juvenil .\" \/>\n<meta name=\"robots\" content=\"index, follow, max-snippet:-1, max-image-preview:large, max-video-preview:-1\" \/>\n<link rel=\"canonical\" href=\"https:\/\/alcaldiaalbertoadriani.com\/?p=7456\" \/>\n<meta property=\"og:locale\" content=\"es_ES\" \/>\n<meta property=\"og:type\" content=\"article\" \/>\n<meta property=\"og:title\" content=\"Alberto Adriani se titul\u00f3 Campe\u00f3n de Kickingball Pre-juvenil\" \/>\n<meta property=\"og:description\" content=\"La liga de Kickingball de Alberto Adriani se titul\u00f3 campeona del Campeonato Estadal de Kickingball categor\u00eda pre-juvenil .\" \/>\n<meta property=\"og:url\" content=\"https:\/\/alcaldiaalbertoadriani.com\/?p=7456\" \/>\n<meta property=\"og:site_name\" content=\"Alcaldia Alberto Adriani\" \/>\n<meta property=\"article:published_time\" content=\"2024-07-15T22:51:09+00:00\" \/>\n<meta property=\"article:modified_time\" content=\"2024-07-15T22:51:14+00:00\" \/>\n<meta property=\"og:image\" content=\"https:\/\/alcaldiaalbertoadriani.com\/wp-content\/uploads\/2024\/07\/WhatsApp-Image-2024-07-15-at-4.31.38-PM.jpeg\" \/>\n\t<meta property=\"og:image:width\" content=\"1080\" \/>\n\t<meta property=\"og:image:height\" content=\"712\" \/>\n\t<meta property=\"og:image:type\" content=\"image\/jpeg\" \/>\n<meta name=\"author\" content=\"Prensa\" \/>\n<meta name=\"twitter:card\" content=\"summary_large_image\" \/>\n<meta name=\"twitter:label1\" content=\"Escrito por\" \/>\n\t<meta name=\"twitter:data1\" content=\"Prensa\" \/>\n\t<meta name=\"twitter:label2\" content=\"Tiempo de lectura\" \/>\n\t<meta name=\"twitter:data2\" content=\"3 minutos\" \/>\n<script type=\"application\/ld+json\" class=\"yoast-schema-graph\">{\"@context\":\"https:\/\/schema.org\",\"@graph\":[{\"@type\":\"WebPage\",\"@id\":\"https:\/\/alcaldiaalbertoadriani.com\/?p=7456\",\"url\":\"https:\/\/alcaldiaalbertoadriani.com\/?p=7456\",\"name\":\"Alberto Adriani se titul\u00f3 Campe\u00f3n de Kickingball Pre-juvenil\",\"isPartOf\":{\"@id\":\"https:\/\/alcaldiaalbertoadriani.com\/#website\"},\"datePublished\":\"2024-07-15T22:51:09+00:00\",\"dateModified\":\"2024-07-15T22:51:14+00:00\",\"author\":{\"@id\":\"https:\/\/alcaldiaalbertoadriani.com\/#\/schema\/person\/549b4483ff8999ac780deeea78795fc9\"},\"description\":\"La liga de Kickingball de Alberto Adriani se titul\u00f3 campeona del Campeonato Estadal de Kickingball categor\u00eda pre-juvenil .\",\"breadcrumb\":{\"@id\":\"https:\/\/alcaldiaalbertoadriani.com\/?p=7456#breadcrumb\"},\"inLanguage\":\"es\",\"potentialAction\":[{\"@type\":\"ReadAction\",\"target\":[\"https:\/\/alcaldiaalbertoadriani.com\/?p=7456\"]}]},{\"@type\":\"BreadcrumbList\",\"@id\":\"https:\/\/alcaldiaalbertoadriani.com\/?p=7456#breadcrumb\",\"itemListElement\":[{\"@type\":\"ListItem\",\"position\":1,\"name\":\"Portada\",\"item\":\"https:\/\/alcaldiaalbertoadriani.com\/\"},{\"@type\":\"ListItem\",\"position\":2,\"name\":\"Alberto Adriani se titul\u00f3 Campe\u00f3n del Estadal de Kickingball Pre-juvenil\"}]},{\"@type\":\"WebSite\",\"@id\":\"https:\/\/alcaldiaalbertoadriani.com\/#website\",\"url\":\"https:\/\/alcaldiaalbertoadriani.com\/\",\"name\":\"Alcaldia Alberto Adriani\",\"description\":\"\",\"potentialAction\":[{\"@type\":\"SearchAction\",\"target\":{\"@type\":\"EntryPoint\",\"urlTemplate\":\"https:\/\/alcaldiaalbertoadriani.com\/?s={search_term_string}\"},\"query-input\":\"required name=search_term_string\"}],\"inLanguage\":\"es\"},{\"@type\":\"Person\",\"@id\":\"https:\/\/alcaldiaalbertoadriani.com\/#\/schema\/person\/549b4483ff8999ac780deeea78795fc9\",\"name\":\"Prensa\",\"image\":{\"@type\":\"ImageObject\",\"inLanguage\":\"es\",\"@id\":\"https:\/\/alcaldiaalbertoadriani.com\/#\/schema\/person\/image\/\",\"url\":\"https:\/\/secure.gravatar.com\/avatar\/ea1cb567ea992a29627f4eee1c2eb185ec16decec6342d508fdf18dedb56c9de?s=96&d=mm&r=g\",\"contentUrl\":\"https:\/\/secure.gravatar.com\/avatar\/ea1cb567ea992a29627f4eee1c2eb185ec16decec6342d508fdf18dedb56c9de?s=96&d=mm&r=g\",\"caption\":\"Prensa\"},\"url\":\"https:\/\/alcaldiaalbertoadriani.com\/?author=2\"}]}<\/script>\n<!-- \/ Yoast SEO plugin. -->","yoast_head_json":{"title":"Alberto Adriani se titul\u00f3 Campe\u00f3n de Kickingball Pre-juvenil","description":"La liga de Kickingball de Alberto Adriani se titul\u00f3 campeona del Campeonato Estadal de Kickingball categor\u00eda pre-juvenil .","robots":{"index":"index","follow":"follow","max-snippet":"max-snippet:-1","max-image-preview":"max-image-preview:large","max-video-preview":"max-video-preview:-1"},"canonical":"https:\/\/alcaldiaalbertoadriani.com\/?p=7456","og_locale":"es_ES","og_type":"article","og_title":"Alberto Adriani se titul\u00f3 Campe\u00f3n de Kickingball Pre-juvenil","og_description":"La liga de Kickingball de Alberto Adriani se titul\u00f3 campeona del Campeonato Estadal de Kickingball categor\u00eda pre-juvenil .","og_url":"https:\/\/alcaldiaalbertoadriani.com\/?p=7456","og_site_name":"Alcaldia Alberto Adriani","article_published_time":"2024-07-15T22:51:09+00:00","article_modified_time":"2024-07-15T22:51:14+00:00","og_image":[{"width":1080,"height":712,"url":"https:\/\/alcaldiaalbertoadriani.com\/wp-content\/uploads\/2024\/07\/WhatsApp-Image-2024-07-15-at-4.31.38-PM.jpeg","type":"image\/jpeg"}],"author":"Prensa","twitter_card":"summary_large_image","twitter_misc":{"Escrito por":"Prensa","Tiempo de lectura":"3 minutos"},"schema":{"@context":"https:\/\/schema.org","@graph":[{"@type":"WebPage","@id":"https:\/\/alcaldiaalbertoadriani.com\/?p=7456","url":"https:\/\/alcaldiaalbertoadriani.com\/?p=7456","name":"Alberto Adriani se titul\u00f3 Campe\u00f3n de Kickingball Pre-juvenil","isPartOf":{"@id":"https:\/\/alcaldiaalbertoadriani.com\/#website"},"datePublished":"2024-07-15T22:51:09+00:00","dateModified":"2024-07-15T22:51:14+00:00","author":{"@id":"https:\/\/alcaldiaalbertoadriani.com\/#\/schema\/person\/549b4483ff8999ac780deeea78795fc9"},"description":"La liga de Kickingball de Alberto Adriani se titul\u00f3 campeona del Campeonato Estadal de Kickingball categor\u00eda pre-juvenil .","breadcrumb":{"@id":"https:\/\/alcaldiaalbertoadriani.com\/?p=7456#breadcrumb"},"inLanguage":"es","potentialAction":[{"@type":"ReadAction","target":["https:\/\/alcaldiaalbertoadriani.com\/?p=7456"]}]},{"@type":"BreadcrumbList","@id":"https:\/\/alcaldiaalbertoadriani.com\/?p=7456#breadcrumb","itemListElement":[{"@type":"ListItem","position":1,"name":"Portada","item":"https:\/\/alcaldiaalbertoadriani.com\/"},{"@type":"ListItem","position":2,"name":"Alberto Adriani se titul\u00f3 Campe\u00f3n del Estadal de Kickingball Pre-juvenil"}]},{"@type":"WebSite","@id":"https:\/\/alcaldiaalbertoadriani.com\/#website","url":"https:\/\/alcaldiaalbertoadriani.com\/","name":"Alcaldia Alberto Adriani","description":"","potentialAction":[{"@type":"SearchAction","target":{"@type":"EntryPoint","urlTemplate":"https:\/\/alcaldiaalbertoadriani.com\/?s={search_term_string}"},"query-input":"required name=search_term_string"}],"inLanguage":"es"},{"@type":"Person","@id":"https:\/\/alcaldiaalbertoadriani.com\/#\/schema\/person\/549b4483ff8999ac780deeea78795fc9","name":"Prensa","image":{"@type":"ImageObject","inLanguage":"es","@id":"https:\/\/alcaldiaalbertoadriani.com\/#\/schema\/person\/image\/","url":"https:\/\/secure.gravatar.com\/avatar\/ea1cb567ea992a29627f4eee1c2eb185ec16decec6342d508fdf18dedb56c9de?s=96&d=mm&r=g","contentUrl":"https:\/\/secure.gravatar.com\/avatar\/ea1cb567ea992a29627f4eee1c2eb185ec16decec6342d508fdf18dedb56c9de?s=96&d=mm&r=g","caption":"Prensa"},"url":"https:\/\/alcaldiaalbertoadriani.com\/?author=2"}]}},"_links":{"self":[{"href":"https:\/\/alcaldiaalbertoadriani.com\/index.php?rest_route=\/wp\/v2\/posts\/7456","targetHints":{"allow":["GET"]}}],"collection":[{"href":"https:\/\/alcaldiaalbertoadriani.com\/index.php?rest_route=\/wp\/v2\/posts"}],"about":[{"href":"https:\/\/alcaldiaalbertoadriani.com\/index.php?rest_route=\/wp\/v2\/types\/post"}],"author":[{"embeddable":true,"href":"https:\/\/alcaldiaalbertoadriani.com\/index.php?rest_route=\/wp\/v2\/users\/2"}],"replies":[{"embeddable":true,"href":"https:\/\/alcaldiaalbertoadriani.com\/index.php?rest_route=%2Fwp%2Fv2%2Fcomments&post=7456"}],"version-history":[{"count":1,"href":"https:\/\/alcaldiaalbertoadriani.com\/index.php?rest_route=\/wp\/v2\/posts\/7456\/revisions"}],"predecessor-version":[{"id":7464,"href":"https:\/\/alcaldiaalbertoadriani.com\/index.php?rest_route=\/wp\/v2\/posts\/7456\/revisions\/7464"}],"wp:featuredmedia":[{"embeddable":true,"href":"https:\/\/alcaldiaalbertoadriani.com\/index.php?rest_route=\/wp\/v2\/media\/7457"}],"wp:attachment":[{"href":"https:\/\/alcaldiaalbertoadriani.com\/index.php?rest_route=%2Fwp%2Fv2%2Fmedia&parent=7456"}],"wp:term":[{"taxonomy":"category","embeddable":true,"href":"https:\/\/alcaldiaalbertoadriani.com\/index.php?rest_route=%2Fwp%2Fv2%2Fcategories&post=7456"},{"taxonomy":"post_tag","embeddable":true,"href":"https:\/\/alcaldiaalbertoadriani.com\/index.php?rest_route=%2Fwp%2Fv2%2Ftags&post=7456"}],"curies":[{"name":"wp","href":"https:\/\/api.w.org\/{rel}","templated":true}]}}