{"id":7196,"date":"2024-06-26T15:12:37","date_gmt":"2024-06-26T15:12:37","guid":{"rendered":"https:\/\/alcaldiaalbertoadriani.com\/?p=7196"},"modified":"2024-06-26T15:12:41","modified_gmt":"2024-06-26T15:12:41","slug":"se-realizo-segundo-encuentro-municipal-de-danza","status":"publish","type":"post","link":"https:\/\/alcaldiaalbertoadriani.com\/?p=7196","title":{"rendered":"Con derroche de talento se realiz\u00f3 segundo Encuentro Municipal de Danza"},"content":{"rendered":"\n<h2 class=\"wp-block-heading\"><strong><em>Participaron 16 agrupaciones danc\u00edsticas del municipio Alberto Adriani, con m\u00e1s de 500 bailarines en escena<\/em><\/strong><\/h2>\n\n\n\n<p><\/p>\n\n\n\n<p>Con un derroche de talento se realiz\u00f3 el segundo Encuentro Municipal de Danza en el gimnasio \u201cJos\u00e9 Luis Varela\u201d del Complejo Deportivo Carlos Maya. Evento organizado por el Instituto Aut\u00f3nomo Municipal de la Cultura \u2013<a href=\"https:\/\/alcaldiaalbertoadriani.com\/?p=6506\" target=\"_blank\" rel=\"noreferrer noopener\">Iamcaa<\/a>&#8211; de Alberto Adriani.<\/p>\n\n\n\n<p>La actividad la abri\u00f3 el alcalde <a href=\"https:\/\/www.instagram.com\/lisandrosegura02\/\" target=\"_blank\" rel=\"noreferrer noopener\">Lisandro Segura<\/a>, quien adem\u00e1s de felicitar a Keibert Rojas, presidente del Iamcaa, tambi\u00e9n lo hizo con las madres, padres, representantes y familiares de los artistas bailarines, &#8220;por el esfuerzo hecho y deslumbrar una vez m\u00e1s sobre el escenario\u201d.<\/p>\n\n\n\n<p>Es de mencionar la presencia de Milse Soto, vicepresidente del Concejo Municipal y algunos ediles.<\/p>\n\n\n\n<figure class=\"wp-block-gallery has-nested-images columns-default is-cropped wp-block-gallery-1 is-layout-flex wp-block-gallery-is-layout-flex\">\n<figure class=\"wp-block-image size-large\"><img loading=\"lazy\" decoding=\"async\" width=\"1024\" height=\"768\" data-id=\"7199\" src=\"https:\/\/alcaldiaalbertoadriani.com\/wp-content\/uploads\/2024\/06\/photo1719278213-1024x768.jpeg\" alt=\"\" class=\"wp-image-7199\" srcset=\"https:\/\/alcaldiaalbertoadriani.com\/wp-content\/uploads\/2024\/06\/photo1719278213-1024x768.jpeg 1024w, https:\/\/alcaldiaalbertoadriani.com\/wp-content\/uploads\/2024\/06\/photo1719278213-980x735.jpeg 980w, https:\/\/alcaldiaalbertoadriani.com\/wp-content\/uploads\/2024\/06\/photo1719278213-480x360.jpeg 480w\" sizes=\"auto, (min-width: 0px) and (max-width: 480px) 480px, (min-width: 481px) and (max-width: 980px) 980px, (min-width: 981px) 1024px, 100vw\" \/><\/figure>\n<\/figure>\n\n\n\n<h2 class=\"wp-block-heading\"><strong>16 agrupaciones y m\u00e1s de 500 bailarines<\/strong><\/h2>\n\n\n\n<p>Keibert Rojas explic\u00f3 que el encuentro cont\u00f3 con la participaci\u00f3n de 16 agrupaciones y m\u00e1s de 500 bailarines en escena.<\/p>\n\n\n\n<p>Entre las agrupaciones municipales que participaron se destacaron Danzas \u201cEl R8\u201d; Agrupaci\u00f3n de Danzas Terepaima; Danzas Chidance; Legacy Studio; Academia de Danza y Modelaje \u201cDenismodel\u201d; Escuela y Agrupaci\u00f3n Art\u00edstica \u201cDanzas El Vig\u00eda\u201d; Inyectando Cultura; Ballet \u201cNegra Mach\u00e9\u201d; Danzas \u201cTito Lino Medina\u201d; Nova Academia Danzas \u201cKapuy\u201d; Academia L.B Dance El Vig\u00eda; Venedance; Ballet Nacionalista El Vig\u00eda y Piero Studio Pasarela.<\/p>\n\n\n\n<figure class=\"wp-block-gallery has-nested-images columns-default is-cropped wp-block-gallery-2 is-layout-flex wp-block-gallery-is-layout-flex\">\n<figure class=\"wp-block-image size-large\"><img loading=\"lazy\" decoding=\"async\" width=\"1024\" height=\"576\" data-id=\"7200\" src=\"https:\/\/alcaldiaalbertoadriani.com\/wp-content\/uploads\/2024\/06\/photo1719278222-1024x576.jpeg\" alt=\"\" class=\"wp-image-7200\" srcset=\"https:\/\/alcaldiaalbertoadriani.com\/wp-content\/uploads\/2024\/06\/photo1719278222-1024x576.jpeg 1024w, https:\/\/alcaldiaalbertoadriani.com\/wp-content\/uploads\/2024\/06\/photo1719278222-980x551.jpeg 980w, https:\/\/alcaldiaalbertoadriani.com\/wp-content\/uploads\/2024\/06\/photo1719278222-480x270.jpeg 480w\" sizes=\"auto, (min-width: 0px) and (max-width: 480px) 480px, (min-width: 481px) and (max-width: 980px) 980px, (min-width: 981px) 1024px, 100vw\" \/><\/figure>\n<\/figure>\n\n\n\n<h2 class=\"wp-block-heading\"><strong>Reconocimientos<\/strong><\/h2>\n\n\n\n<p>Vale destacar que las 16 agrupaciones recibieron certificados de reconocimiento en manos del burgomaestre y el presidente del Iamcaa, as\u00ed como una estatuilla elaborada por el escultor Juan Valero.<\/p>\n\n\n\n<p>Por \u00faltimo y para cerrar con broche de oro, Keibert Rojas, anunci\u00f3 que se viene el Primer Congreso de Danzas e indic\u00f3 que el pr\u00f3ximo a\u00f1o tendr\u00e1n el tercer encuentro de danzas y el Primer Festival Nacional.<\/p>\n\n\n\n<p>Asimismo, agradeci\u00f3 a los funcionarios de la Unidad de Gesti\u00f3n de Riesgo y Administraci\u00f3n de Desastres &#8211;<a href=\"https:\/\/alcaldiaalbertoadriani.com\/?p=6716\" target=\"_blank\" rel=\"noreferrer noopener\">Ugradmaa<\/a>-, por el apoyo prestado en la actividad. <strong><em>Prensa Alcald\u00eda Alberto Adriani\/Edgar Mendoza CNP. 25.736\/Fotos: Dionny Roa y Yerasabrith Manrique.<\/em><\/strong><\/p>\n\n\n\n<figure class=\"wp-block-gallery has-nested-images columns-default is-cropped wp-block-gallery-3 is-layout-flex wp-block-gallery-is-layout-flex\">\n<figure class=\"wp-block-image size-large\"><img loading=\"lazy\" decoding=\"async\" width=\"1024\" height=\"576\" data-id=\"7202\" src=\"https:\/\/alcaldiaalbertoadriani.com\/wp-content\/uploads\/2024\/06\/photo1719278308-1024x576.jpeg\" alt=\"\" class=\"wp-image-7202\" srcset=\"https:\/\/alcaldiaalbertoadriani.com\/wp-content\/uploads\/2024\/06\/photo1719278308-1024x576.jpeg 1024w, https:\/\/alcaldiaalbertoadriani.com\/wp-content\/uploads\/2024\/06\/photo1719278308-980x551.jpeg 980w, https:\/\/alcaldiaalbertoadriani.com\/wp-content\/uploads\/2024\/06\/photo1719278308-480x270.jpeg 480w\" sizes=\"auto, (min-width: 0px) and (max-width: 480px) 480px, (min-width: 481px) and (max-width: 980px) 980px, (min-width: 981px) 1024px, 100vw\" \/><\/figure>\n\n\n\n<figure class=\"wp-block-image size-large\"><img loading=\"lazy\" decoding=\"async\" width=\"1024\" height=\"576\" data-id=\"7203\" src=\"https:\/\/alcaldiaalbertoadriani.com\/wp-content\/uploads\/2024\/06\/photo1719278315-1024x576.jpeg\" alt=\"\" class=\"wp-image-7203\" srcset=\"https:\/\/alcaldiaalbertoadriani.com\/wp-content\/uploads\/2024\/06\/photo1719278315-1024x576.jpeg 1024w, https:\/\/alcaldiaalbertoadriani.com\/wp-content\/uploads\/2024\/06\/photo1719278315-980x551.jpeg 980w, https:\/\/alcaldiaalbertoadriani.com\/wp-content\/uploads\/2024\/06\/photo1719278315-480x270.jpeg 480w\" sizes=\"auto, (min-width: 0px) and (max-width: 480px) 480px, (min-width: 481px) and (max-width: 980px) 980px, (min-width: 981px) 1024px, 100vw\" \/><\/figure>\n\n\n\n<figure class=\"wp-block-image size-large\"><img loading=\"lazy\" decoding=\"async\" width=\"1024\" height=\"576\" data-id=\"7205\" src=\"https:\/\/alcaldiaalbertoadriani.com\/wp-content\/uploads\/2024\/06\/photo1719278321-1024x576.jpeg\" alt=\"\" class=\"wp-image-7205\" srcset=\"https:\/\/alcaldiaalbertoadriani.com\/wp-content\/uploads\/2024\/06\/photo1719278321-1024x576.jpeg 1024w, https:\/\/alcaldiaalbertoadriani.com\/wp-content\/uploads\/2024\/06\/photo1719278321-980x551.jpeg 980w, https:\/\/alcaldiaalbertoadriani.com\/wp-content\/uploads\/2024\/06\/photo1719278321-480x270.jpeg 480w\" sizes=\"auto, (min-width: 0px) and (max-width: 480px) 480px, (min-width: 481px) and (max-width: 980px) 980px, (min-width: 981px) 1024px, 100vw\" \/><\/figure>\n\n\n\n<figure class=\"wp-block-image size-large\"><img loading=\"lazy\" decoding=\"async\" width=\"1024\" height=\"576\" data-id=\"7201\" src=\"https:\/\/alcaldiaalbertoadriani.com\/wp-content\/uploads\/2024\/06\/photo1719278345-1024x576.jpeg\" alt=\"\" class=\"wp-image-7201\" srcset=\"https:\/\/alcaldiaalbertoadriani.com\/wp-content\/uploads\/2024\/06\/photo1719278345-1024x576.jpeg 1024w, https:\/\/alcaldiaalbertoadriani.com\/wp-content\/uploads\/2024\/06\/photo1719278345-980x551.jpeg 980w, https:\/\/alcaldiaalbertoadriani.com\/wp-content\/uploads\/2024\/06\/photo1719278345-480x270.jpeg 480w\" sizes=\"auto, (min-width: 0px) and (max-width: 480px) 480px, (min-width: 481px) and (max-width: 980px) 980px, (min-width: 981px) 1024px, 100vw\" \/><\/figure>\n\n\n\n<figure class=\"wp-block-image size-large\"><img loading=\"lazy\" decoding=\"async\" width=\"1024\" height=\"771\" data-id=\"7206\" src=\"https:\/\/alcaldiaalbertoadriani.com\/wp-content\/uploads\/2024\/06\/photo1719278358-1024x771.jpeg\" alt=\"\" class=\"wp-image-7206\" srcset=\"https:\/\/alcaldiaalbertoadriani.com\/wp-content\/uploads\/2024\/06\/photo1719278358-1024x771.jpeg 1024w, https:\/\/alcaldiaalbertoadriani.com\/wp-content\/uploads\/2024\/06\/photo1719278358-980x738.jpeg 980w, https:\/\/alcaldiaalbertoadriani.com\/wp-content\/uploads\/2024\/06\/photo1719278358-480x362.jpeg 480w\" sizes=\"auto, (min-width: 0px) and (max-width: 480px) 480px, (min-width: 481px) and (max-width: 980px) 980px, (min-width: 981px) 1024px, 100vw\" \/><\/figure>\n\n\n\n<figure class=\"wp-block-image size-large\"><img loading=\"lazy\" decoding=\"async\" width=\"1024\" height=\"771\" data-id=\"7204\" src=\"https:\/\/alcaldiaalbertoadriani.com\/wp-content\/uploads\/2024\/06\/photo1719278370-1024x771.jpeg\" alt=\"\" class=\"wp-image-7204\" srcset=\"https:\/\/alcaldiaalbertoadriani.com\/wp-content\/uploads\/2024\/06\/photo1719278370-1024x771.jpeg 1024w, https:\/\/alcaldiaalbertoadriani.com\/wp-content\/uploads\/2024\/06\/photo1719278370-980x738.jpeg 980w, https:\/\/alcaldiaalbertoadriani.com\/wp-content\/uploads\/2024\/06\/photo1719278370-480x362.jpeg 480w\" sizes=\"auto, (min-width: 0px) and (max-width: 480px) 480px, (min-width: 481px) and (max-width: 980px) 980px, (min-width: 981px) 1024px, 100vw\" \/><\/figure>\n\n\n\n<figure class=\"wp-block-image size-large\"><img loading=\"lazy\" decoding=\"async\" width=\"1024\" height=\"768\" data-id=\"7207\" src=\"https:\/\/alcaldiaalbertoadriani.com\/wp-content\/uploads\/2024\/06\/photo1719278384-1024x768.jpeg\" alt=\"\" class=\"wp-image-7207\" srcset=\"https:\/\/alcaldiaalbertoadriani.com\/wp-content\/uploads\/2024\/06\/photo1719278384-1024x768.jpeg 1024w, https:\/\/alcaldiaalbertoadriani.com\/wp-content\/uploads\/2024\/06\/photo1719278384-980x735.jpeg 980w, https:\/\/alcaldiaalbertoadriani.com\/wp-content\/uploads\/2024\/06\/photo1719278384-480x360.jpeg 480w\" sizes=\"auto, (min-width: 0px) and (max-width: 480px) 480px, (min-width: 481px) and (max-width: 980px) 980px, (min-width: 981px) 1024px, 100vw\" \/><\/figure>\n<\/figure>\n","protected":false},"excerpt":{"rendered":"<p>Participaron 16 agrupaciones danc\u00edsticas del municipio Alberto Adriani, con m\u00e1s de 500 bailarines en escena Con un derroche de talento se realiz\u00f3 el segundo Encuentro Municipal de Danza en el [&hellip;]<\/p>\n","protected":false},"author":2,"featured_media":7198,"comment_status":"open","ping_status":"closed","sticky":false,"template":"","format":"standard","meta":{"_et_pb_use_builder":"off","_et_pb_old_content":"","_et_gb_content_width":"","footnotes":""},"categories":[341,78,25],"tags":[31,11,12,15,761,30,29,28,769],"class_list":["post-7196","post","type-post","status-publish","format-standard","has-post-thumbnail","hentry","category-alcaldia-alberto-adriani","category-cultura","category-nuestro-municipio","tag-alcalde","tag-alcaldia","tag-alcaldiaalbertoadriani","tag-elvigia","tag-encrucijadadeprogreso","tag-lisandrosegura","tag-municipioquenosmerecemos","tag-porelrenacer","tag-se-realizo-segundo-encuentro-municipal-de-danza"],"yoast_head":"<!-- This site is optimized with the Yoast SEO plugin v19.13 - https:\/\/yoast.com\/wordpress\/plugins\/seo\/ -->\n<title>Se realiz\u00f3 segundo Encuentro Municipal de Danza<\/title>\n<meta name=\"description\" content=\"Se realiz\u00f3 el segundo Encuentro Municipal de Danza en el gimnasio \u201cJos\u00e9 Luis Varela\u201d del Complejo Deportivo Carlos Maya.\" \/>\n<meta name=\"robots\" content=\"index, follow, max-snippet:-1, max-image-preview:large, max-video-preview:-1\" \/>\n<link rel=\"canonical\" href=\"https:\/\/alcaldiaalbertoadriani.com\/?p=7196\" \/>\n<meta property=\"og:locale\" content=\"es_ES\" \/>\n<meta property=\"og:type\" content=\"article\" \/>\n<meta property=\"og:title\" content=\"Se realiz\u00f3 segundo Encuentro Municipal de Danza\" \/>\n<meta property=\"og:description\" content=\"Se realiz\u00f3 el segundo Encuentro Municipal de Danza en el gimnasio \u201cJos\u00e9 Luis Varela\u201d del Complejo Deportivo Carlos Maya.\" \/>\n<meta property=\"og:url\" content=\"https:\/\/alcaldiaalbertoadriani.com\/?p=7196\" \/>\n<meta property=\"og:site_name\" content=\"Alcaldia Alberto Adriani\" \/>\n<meta property=\"article:published_time\" content=\"2024-06-26T15:12:37+00:00\" \/>\n<meta property=\"article:modified_time\" content=\"2024-06-26T15:12:41+00:00\" \/>\n<meta property=\"og:image\" content=\"https:\/\/alcaldiaalbertoadriani.com\/wp-content\/uploads\/2024\/06\/photo1719276494-1.jpeg\" \/>\n\t<meta property=\"og:image:width\" content=\"1280\" \/>\n\t<meta property=\"og:image:height\" content=\"720\" \/>\n\t<meta property=\"og:image:type\" content=\"image\/jpeg\" \/>\n<meta name=\"author\" content=\"Prensa\" \/>\n<meta name=\"twitter:card\" content=\"summary_large_image\" \/>\n<meta name=\"twitter:label1\" content=\"Escrito por\" \/>\n\t<meta name=\"twitter:data1\" content=\"Prensa\" \/>\n\t<meta name=\"twitter:label2\" content=\"Tiempo de lectura\" \/>\n\t<meta name=\"twitter:data2\" content=\"4 minutos\" \/>\n<script type=\"application\/ld+json\" class=\"yoast-schema-graph\">{\"@context\":\"https:\/\/schema.org\",\"@graph\":[{\"@type\":\"WebPage\",\"@id\":\"https:\/\/alcaldiaalbertoadriani.com\/?p=7196\",\"url\":\"https:\/\/alcaldiaalbertoadriani.com\/?p=7196\",\"name\":\"Se realiz\u00f3 segundo Encuentro Municipal de Danza\",\"isPartOf\":{\"@id\":\"https:\/\/alcaldiaalbertoadriani.com\/#website\"},\"datePublished\":\"2024-06-26T15:12:37+00:00\",\"dateModified\":\"2024-06-26T15:12:41+00:00\",\"author\":{\"@id\":\"https:\/\/alcaldiaalbertoadriani.com\/#\/schema\/person\/549b4483ff8999ac780deeea78795fc9\"},\"description\":\"Se realiz\u00f3 el segundo Encuentro Municipal de Danza en el gimnasio \u201cJos\u00e9 Luis Varela\u201d del Complejo Deportivo Carlos Maya.\",\"breadcrumb\":{\"@id\":\"https:\/\/alcaldiaalbertoadriani.com\/?p=7196#breadcrumb\"},\"inLanguage\":\"es\",\"potentialAction\":[{\"@type\":\"ReadAction\",\"target\":[\"https:\/\/alcaldiaalbertoadriani.com\/?p=7196\"]}]},{\"@type\":\"BreadcrumbList\",\"@id\":\"https:\/\/alcaldiaalbertoadriani.com\/?p=7196#breadcrumb\",\"itemListElement\":[{\"@type\":\"ListItem\",\"position\":1,\"name\":\"Portada\",\"item\":\"https:\/\/alcaldiaalbertoadriani.com\/\"},{\"@type\":\"ListItem\",\"position\":2,\"name\":\"Con derroche de talento se realiz\u00f3 segundo Encuentro Municipal de Danza\"}]},{\"@type\":\"WebSite\",\"@id\":\"https:\/\/alcaldiaalbertoadriani.com\/#website\",\"url\":\"https:\/\/alcaldiaalbertoadriani.com\/\",\"name\":\"Alcaldia Alberto Adriani\",\"description\":\"\",\"potentialAction\":[{\"@type\":\"SearchAction\",\"target\":{\"@type\":\"EntryPoint\",\"urlTemplate\":\"https:\/\/alcaldiaalbertoadriani.com\/?s={search_term_string}\"},\"query-input\":\"required name=search_term_string\"}],\"inLanguage\":\"es\"},{\"@type\":\"Person\",\"@id\":\"https:\/\/alcaldiaalbertoadriani.com\/#\/schema\/person\/549b4483ff8999ac780deeea78795fc9\",\"name\":\"Prensa\",\"image\":{\"@type\":\"ImageObject\",\"inLanguage\":\"es\",\"@id\":\"https:\/\/alcaldiaalbertoadriani.com\/#\/schema\/person\/image\/\",\"url\":\"https:\/\/secure.gravatar.com\/avatar\/ea1cb567ea992a29627f4eee1c2eb185ec16decec6342d508fdf18dedb56c9de?s=96&d=mm&r=g\",\"contentUrl\":\"https:\/\/secure.gravatar.com\/avatar\/ea1cb567ea992a29627f4eee1c2eb185ec16decec6342d508fdf18dedb56c9de?s=96&d=mm&r=g\",\"caption\":\"Prensa\"},\"url\":\"https:\/\/alcaldiaalbertoadriani.com\/?author=2\"}]}<\/script>\n<!-- \/ Yoast SEO plugin. -->","yoast_head_json":{"title":"Se realiz\u00f3 segundo Encuentro Municipal de Danza","description":"Se realiz\u00f3 el segundo Encuentro Municipal de Danza en el gimnasio \u201cJos\u00e9 Luis Varela\u201d del Complejo Deportivo Carlos Maya.","robots":{"index":"index","follow":"follow","max-snippet":"max-snippet:-1","max-image-preview":"max-image-preview:large","max-video-preview":"max-video-preview:-1"},"canonical":"https:\/\/alcaldiaalbertoadriani.com\/?p=7196","og_locale":"es_ES","og_type":"article","og_title":"Se realiz\u00f3 segundo Encuentro Municipal de Danza","og_description":"Se realiz\u00f3 el segundo Encuentro Municipal de Danza en el gimnasio \u201cJos\u00e9 Luis Varela\u201d del Complejo Deportivo Carlos Maya.","og_url":"https:\/\/alcaldiaalbertoadriani.com\/?p=7196","og_site_name":"Alcaldia Alberto Adriani","article_published_time":"2024-06-26T15:12:37+00:00","article_modified_time":"2024-06-26T15:12:41+00:00","og_image":[{"width":1280,"height":720,"url":"https:\/\/alcaldiaalbertoadriani.com\/wp-content\/uploads\/2024\/06\/photo1719276494-1.jpeg","type":"image\/jpeg"}],"author":"Prensa","twitter_card":"summary_large_image","twitter_misc":{"Escrito por":"Prensa","Tiempo de lectura":"4 minutos"},"schema":{"@context":"https:\/\/schema.org","@graph":[{"@type":"WebPage","@id":"https:\/\/alcaldiaalbertoadriani.com\/?p=7196","url":"https:\/\/alcaldiaalbertoadriani.com\/?p=7196","name":"Se realiz\u00f3 segundo Encuentro Municipal de Danza","isPartOf":{"@id":"https:\/\/alcaldiaalbertoadriani.com\/#website"},"datePublished":"2024-06-26T15:12:37+00:00","dateModified":"2024-06-26T15:12:41+00:00","author":{"@id":"https:\/\/alcaldiaalbertoadriani.com\/#\/schema\/person\/549b4483ff8999ac780deeea78795fc9"},"description":"Se realiz\u00f3 el segundo Encuentro Municipal de Danza en el gimnasio \u201cJos\u00e9 Luis Varela\u201d del Complejo Deportivo Carlos Maya.","breadcrumb":{"@id":"https:\/\/alcaldiaalbertoadriani.com\/?p=7196#breadcrumb"},"inLanguage":"es","potentialAction":[{"@type":"ReadAction","target":["https:\/\/alcaldiaalbertoadriani.com\/?p=7196"]}]},{"@type":"BreadcrumbList","@id":"https:\/\/alcaldiaalbertoadriani.com\/?p=7196#breadcrumb","itemListElement":[{"@type":"ListItem","position":1,"name":"Portada","item":"https:\/\/alcaldiaalbertoadriani.com\/"},{"@type":"ListItem","position":2,"name":"Con derroche de talento se realiz\u00f3 segundo Encuentro Municipal de Danza"}]},{"@type":"WebSite","@id":"https:\/\/alcaldiaalbertoadriani.com\/#website","url":"https:\/\/alcaldiaalbertoadriani.com\/","name":"Alcaldia Alberto Adriani","description":"","potentialAction":[{"@type":"SearchAction","target":{"@type":"EntryPoint","urlTemplate":"https:\/\/alcaldiaalbertoadriani.com\/?s={search_term_string}"},"query-input":"required name=search_term_string"}],"inLanguage":"es"},{"@type":"Person","@id":"https:\/\/alcaldiaalbertoadriani.com\/#\/schema\/person\/549b4483ff8999ac780deeea78795fc9","name":"Prensa","image":{"@type":"ImageObject","inLanguage":"es","@id":"https:\/\/alcaldiaalbertoadriani.com\/#\/schema\/person\/image\/","url":"https:\/\/secure.gravatar.com\/avatar\/ea1cb567ea992a29627f4eee1c2eb185ec16decec6342d508fdf18dedb56c9de?s=96&d=mm&r=g","contentUrl":"https:\/\/secure.gravatar.com\/avatar\/ea1cb567ea992a29627f4eee1c2eb185ec16decec6342d508fdf18dedb56c9de?s=96&d=mm&r=g","caption":"Prensa"},"url":"https:\/\/alcaldiaalbertoadriani.com\/?author=2"}]}},"_links":{"self":[{"href":"https:\/\/alcaldiaalbertoadriani.com\/index.php?rest_route=\/wp\/v2\/posts\/7196","targetHints":{"allow":["GET"]}}],"collection":[{"href":"https:\/\/alcaldiaalbertoadriani.com\/index.php?rest_route=\/wp\/v2\/posts"}],"about":[{"href":"https:\/\/alcaldiaalbertoadriani.com\/index.php?rest_route=\/wp\/v2\/types\/post"}],"author":[{"embeddable":true,"href":"https:\/\/alcaldiaalbertoadriani.com\/index.php?rest_route=\/wp\/v2\/users\/2"}],"replies":[{"embeddable":true,"href":"https:\/\/alcaldiaalbertoadriani.com\/index.php?rest_route=%2Fwp%2Fv2%2Fcomments&post=7196"}],"version-history":[{"count":1,"href":"https:\/\/alcaldiaalbertoadriani.com\/index.php?rest_route=\/wp\/v2\/posts\/7196\/revisions"}],"predecessor-version":[{"id":7208,"href":"https:\/\/alcaldiaalbertoadriani.com\/index.php?rest_route=\/wp\/v2\/posts\/7196\/revisions\/7208"}],"wp:featuredmedia":[{"embeddable":true,"href":"https:\/\/alcaldiaalbertoadriani.com\/index.php?rest_route=\/wp\/v2\/media\/7198"}],"wp:attachment":[{"href":"https:\/\/alcaldiaalbertoadriani.com\/index.php?rest_route=%2Fwp%2Fv2%2Fmedia&parent=7196"}],"wp:term":[{"taxonomy":"category","embeddable":true,"href":"https:\/\/alcaldiaalbertoadriani.com\/index.php?rest_route=%2Fwp%2Fv2%2Fcategories&post=7196"},{"taxonomy":"post_tag","embeddable":true,"href":"https:\/\/alcaldiaalbertoadriani.com\/index.php?rest_route=%2Fwp%2Fv2%2Ftags&post=7196"}],"curies":[{"name":"wp","href":"https:\/\/api.w.org\/{rel}","templated":true}]}}