{"id":6917,"date":"2024-06-06T15:48:52","date_gmt":"2024-06-06T15:48:52","guid":{"rendered":"https:\/\/alcaldiaalbertoadriani.com\/?p=6917"},"modified":"2024-06-06T15:50:42","modified_gmt":"2024-06-06T15:50:42","slug":"alcalde-informo-sobre-acciones-que-ejecutan-en-el-municipio","status":"publish","type":"post","link":"https:\/\/alcaldiaalbertoadriani.com\/?p=6917","title":{"rendered":"Lisandro Segura inform\u00f3 sobre acciones que ejecutan en el municipio Alberto Adriani"},"content":{"rendered":"\n<p><\/p>\n\n\n\n<p>En su programa radial \u201c<a href=\"https:\/\/alcaldiaalbertoadriani.com\/?p=3006\" target=\"_blank\" rel=\"noreferrer noopener\">Conversando con Lisandro<\/a>\u201d edici\u00f3n 93, el burgomaestre vig\u00edense inform\u00f3 sobre las acciones que ejecuta en el municipio enmarcado en el Plan de Contingencia ante la temporada de lluvias, as\u00ed como del <a href=\"https:\/\/alcaldiaalbertoadriani.com\/?p=6379\" target=\"_blank\" rel=\"noreferrer noopener\">plan de Asfaltado<\/a> y actividades feriales.<\/p>\n\n\n\n<p>Con relaci\u00f3n a las acciones preventivas frente a las precipitaciones, explic\u00f3 que han consistido en la limpieza de drenajes, canales de agua pluviales, canalizaci\u00f3n de algunos ca\u00f1os, entre otras medidas que permitir\u00e1n minimizar los riesgos de inundaci\u00f3n.<\/p>\n\n\n\n<p>Asimismo, dio a conocer los avances del plan de Asfaltado que se ejecutan por La Inmaculada, en la parroquia Presidente P\u00e1ez, espec\u00edficamente en la calle 9 con avenida 9 y 10; as\u00ed como en la calle 10 con avenida 11 y anunci\u00f3 que seguir\u00e1 en el sector El Carmen, de la parroquia R\u00f3mulo Betancourt; Ca\u00f1o Amarillo y Mucujepe en la parroquia H\u00e9ctor Amable Mora. Tambi\u00e9n en la Blanca de la parroquia Rafael Pulido M\u00e9ndez, Km. 15; entre otros sectores de la jurisdicci\u00f3n.<\/p>\n\n\n\n<h2 class=\"wp-block-heading\"><strong>Fiestas patronales<\/strong><\/h2>\n\n\n\n<p>En otro orden de ideas, <a href=\"https:\/\/www.instagram.com\/lisandrosegura02\/?hl=es-es\" target=\"_blank\" rel=\"noreferrer noopener\">Lisandro Segura<\/a> dijo que ya tiene el programa de las fiestas patronales en honor a la Virgen del Perpetuo Socorro, las cuales ser\u00e1n del 18 al 27 de junio.<\/p>\n\n\n\n<p>En funci\u00f3n de ello, mencion\u00f3 que ya est\u00e1 trabajando en el Decreto en el cual declarar\u00e1 el 27 de junio como d\u00eda de J\u00fabilo No Laborable, para que los vig\u00edenses puedan asistir a las festividades.<\/p>\n\n\n\n<p>Aprovech\u00f3 la ocasi\u00f3n para invitar a la elecci\u00f3n y coronaci\u00f3n de la Reina <a href=\"https:\/\/alcaldiaalbertoadriani.com\/?p=6881\" target=\"_blank\" rel=\"noreferrer noopener\">FeriVig\u00eda 2024<\/a> este s\u00e1bado 08 de junio, a partir de las 6 pm en el estadio Acacio Sandia Ram\u00edrez.<\/p>\n\n\n\n<p>Finalmente, el alcalde invit\u00f3 a la comunidad de La Palmita, espec\u00edficamente del sector La Monta\u00f1ita, a la jornada de atenci\u00f3n m\u00e9dico-social a realizarse este viernes 07 de junio desde las 8 de la ma\u00f1ana. <strong><em>Prensa Alcald\u00eda Alberto Adriani\/ Claribel Zambrano CNP: 11.843\/ Fotos: Yorman Parra.<\/em><\/strong><\/p>\n\n\n\n<figure class=\"wp-block-gallery has-nested-images columns-default is-cropped wp-block-gallery-1 is-layout-flex wp-block-gallery-is-layout-flex\">\n<figure class=\"wp-block-image size-large\"><img loading=\"lazy\" decoding=\"async\" width=\"1024\" height=\"768\" data-id=\"6921\" src=\"https:\/\/alcaldiaalbertoadriani.com\/wp-content\/uploads\/2024\/06\/WhatsApp-Image-2024-06-06-at-9.58.03-AM-1024x768.jpeg\" alt=\"\" class=\"wp-image-6921\" srcset=\"https:\/\/alcaldiaalbertoadriani.com\/wp-content\/uploads\/2024\/06\/WhatsApp-Image-2024-06-06-at-9.58.03-AM-1024x768.jpeg 1024w, https:\/\/alcaldiaalbertoadriani.com\/wp-content\/uploads\/2024\/06\/WhatsApp-Image-2024-06-06-at-9.58.03-AM-980x735.jpeg 980w, https:\/\/alcaldiaalbertoadriani.com\/wp-content\/uploads\/2024\/06\/WhatsApp-Image-2024-06-06-at-9.58.03-AM-480x360.jpeg 480w\" sizes=\"auto, (min-width: 0px) and (max-width: 480px) 480px, (min-width: 481px) and (max-width: 980px) 980px, (min-width: 981px) 1024px, 100vw\" \/><\/figure>\n<\/figure>\n","protected":false},"excerpt":{"rendered":"<p>En su programa radial \u201cConversando con Lisandro\u201d edici\u00f3n 93, el burgomaestre vig\u00edense inform\u00f3 sobre las acciones que ejecuta en el municipio enmarcado en el Plan de Contingencia ante la temporada [&hellip;]<\/p>\n","protected":false},"author":2,"featured_media":6922,"comment_status":"open","ping_status":"closed","sticky":false,"template":"","format":"standard","meta":{"_et_pb_use_builder":"off","_et_pb_old_content":"","_et_gb_content_width":"","footnotes":""},"categories":[341,222,25],"tags":[31,12,15,30,29,28],"class_list":["post-6917","post","type-post","status-publish","format-standard","has-post-thumbnail","hentry","category-alcaldia-alberto-adriani","category-conversando-con-lisandro","category-nuestro-municipio","tag-alcalde","tag-alcaldiaalbertoadriani","tag-elvigia","tag-lisandrosegura","tag-municipioquenosmerecemos","tag-porelrenacer"],"yoast_head":"<!-- This site is optimized with the Yoast SEO plugin v19.13 - https:\/\/yoast.com\/wordpress\/plugins\/seo\/ -->\n<title>Alcalde inform\u00f3 sobre acciones que ejecutan en el municipio<\/title>\n<meta name=\"description\" content=\"El burgomaestre inform\u00f3 sobre las acciones que ejecuta en el municipio enmarcado en el Plan de Contingencia ante la temporada de lluvias\" \/>\n<meta name=\"robots\" content=\"index, follow, max-snippet:-1, max-image-preview:large, max-video-preview:-1\" \/>\n<link rel=\"canonical\" href=\"https:\/\/alcaldiaalbertoadriani.com\/?p=6917\" \/>\n<meta property=\"og:locale\" content=\"es_ES\" \/>\n<meta property=\"og:type\" content=\"article\" \/>\n<meta property=\"og:title\" content=\"Alcalde inform\u00f3 sobre acciones que ejecutan en el municipio\" \/>\n<meta property=\"og:description\" content=\"El burgomaestre inform\u00f3 sobre las acciones que ejecuta en el municipio enmarcado en el Plan de Contingencia ante la temporada de lluvias\" \/>\n<meta property=\"og:url\" content=\"https:\/\/alcaldiaalbertoadriani.com\/?p=6917\" \/>\n<meta property=\"og:site_name\" content=\"Alcaldia Alberto Adriani\" \/>\n<meta property=\"article:published_time\" content=\"2024-06-06T15:48:52+00:00\" \/>\n<meta property=\"article:modified_time\" content=\"2024-06-06T15:50:42+00:00\" \/>\n<meta property=\"og:image\" content=\"https:\/\/alcaldiaalbertoadriani.com\/wp-content\/uploads\/2024\/06\/WhatsApp-Image-2024-06-06-at-9.54.06-AM.jpeg\" \/>\n\t<meta property=\"og:image:width\" content=\"1280\" \/>\n\t<meta property=\"og:image:height\" content=\"960\" \/>\n\t<meta property=\"og:image:type\" content=\"image\/jpeg\" \/>\n<meta name=\"author\" content=\"Prensa\" \/>\n<meta name=\"twitter:card\" content=\"summary_large_image\" \/>\n<meta name=\"twitter:label1\" content=\"Escrito por\" \/>\n\t<meta name=\"twitter:data1\" content=\"Prensa\" \/>\n\t<meta name=\"twitter:label2\" content=\"Tiempo de lectura\" \/>\n\t<meta name=\"twitter:data2\" content=\"2 minutos\" \/>\n<script type=\"application\/ld+json\" class=\"yoast-schema-graph\">{\"@context\":\"https:\/\/schema.org\",\"@graph\":[{\"@type\":\"WebPage\",\"@id\":\"https:\/\/alcaldiaalbertoadriani.com\/?p=6917\",\"url\":\"https:\/\/alcaldiaalbertoadriani.com\/?p=6917\",\"name\":\"Alcalde inform\u00f3 sobre acciones que ejecutan en el municipio\",\"isPartOf\":{\"@id\":\"https:\/\/alcaldiaalbertoadriani.com\/#website\"},\"datePublished\":\"2024-06-06T15:48:52+00:00\",\"dateModified\":\"2024-06-06T15:50:42+00:00\",\"author\":{\"@id\":\"https:\/\/alcaldiaalbertoadriani.com\/#\/schema\/person\/549b4483ff8999ac780deeea78795fc9\"},\"description\":\"El burgomaestre inform\u00f3 sobre las acciones que ejecuta en el municipio enmarcado en el Plan de Contingencia ante la temporada de lluvias\",\"breadcrumb\":{\"@id\":\"https:\/\/alcaldiaalbertoadriani.com\/?p=6917#breadcrumb\"},\"inLanguage\":\"es\",\"potentialAction\":[{\"@type\":\"ReadAction\",\"target\":[\"https:\/\/alcaldiaalbertoadriani.com\/?p=6917\"]}]},{\"@type\":\"BreadcrumbList\",\"@id\":\"https:\/\/alcaldiaalbertoadriani.com\/?p=6917#breadcrumb\",\"itemListElement\":[{\"@type\":\"ListItem\",\"position\":1,\"name\":\"Portada\",\"item\":\"https:\/\/alcaldiaalbertoadriani.com\/\"},{\"@type\":\"ListItem\",\"position\":2,\"name\":\"Lisandro Segura inform\u00f3 sobre acciones que ejecutan en el municipio Alberto Adriani\"}]},{\"@type\":\"WebSite\",\"@id\":\"https:\/\/alcaldiaalbertoadriani.com\/#website\",\"url\":\"https:\/\/alcaldiaalbertoadriani.com\/\",\"name\":\"Alcaldia Alberto Adriani\",\"description\":\"\",\"potentialAction\":[{\"@type\":\"SearchAction\",\"target\":{\"@type\":\"EntryPoint\",\"urlTemplate\":\"https:\/\/alcaldiaalbertoadriani.com\/?s={search_term_string}\"},\"query-input\":\"required name=search_term_string\"}],\"inLanguage\":\"es\"},{\"@type\":\"Person\",\"@id\":\"https:\/\/alcaldiaalbertoadriani.com\/#\/schema\/person\/549b4483ff8999ac780deeea78795fc9\",\"name\":\"Prensa\",\"image\":{\"@type\":\"ImageObject\",\"inLanguage\":\"es\",\"@id\":\"https:\/\/alcaldiaalbertoadriani.com\/#\/schema\/person\/image\/\",\"url\":\"https:\/\/secure.gravatar.com\/avatar\/ea1cb567ea992a29627f4eee1c2eb185ec16decec6342d508fdf18dedb56c9de?s=96&d=mm&r=g\",\"contentUrl\":\"https:\/\/secure.gravatar.com\/avatar\/ea1cb567ea992a29627f4eee1c2eb185ec16decec6342d508fdf18dedb56c9de?s=96&d=mm&r=g\",\"caption\":\"Prensa\"},\"url\":\"https:\/\/alcaldiaalbertoadriani.com\/?author=2\"}]}<\/script>\n<!-- \/ Yoast SEO plugin. -->","yoast_head_json":{"title":"Alcalde inform\u00f3 sobre acciones que ejecutan en el municipio","description":"El burgomaestre inform\u00f3 sobre las acciones que ejecuta en el municipio enmarcado en el Plan de Contingencia ante la temporada de lluvias","robots":{"index":"index","follow":"follow","max-snippet":"max-snippet:-1","max-image-preview":"max-image-preview:large","max-video-preview":"max-video-preview:-1"},"canonical":"https:\/\/alcaldiaalbertoadriani.com\/?p=6917","og_locale":"es_ES","og_type":"article","og_title":"Alcalde inform\u00f3 sobre acciones que ejecutan en el municipio","og_description":"El burgomaestre inform\u00f3 sobre las acciones que ejecuta en el municipio enmarcado en el Plan de Contingencia ante la temporada de lluvias","og_url":"https:\/\/alcaldiaalbertoadriani.com\/?p=6917","og_site_name":"Alcaldia Alberto Adriani","article_published_time":"2024-06-06T15:48:52+00:00","article_modified_time":"2024-06-06T15:50:42+00:00","og_image":[{"width":1280,"height":960,"url":"https:\/\/alcaldiaalbertoadriani.com\/wp-content\/uploads\/2024\/06\/WhatsApp-Image-2024-06-06-at-9.54.06-AM.jpeg","type":"image\/jpeg"}],"author":"Prensa","twitter_card":"summary_large_image","twitter_misc":{"Escrito por":"Prensa","Tiempo de lectura":"2 minutos"},"schema":{"@context":"https:\/\/schema.org","@graph":[{"@type":"WebPage","@id":"https:\/\/alcaldiaalbertoadriani.com\/?p=6917","url":"https:\/\/alcaldiaalbertoadriani.com\/?p=6917","name":"Alcalde inform\u00f3 sobre acciones que ejecutan en el municipio","isPartOf":{"@id":"https:\/\/alcaldiaalbertoadriani.com\/#website"},"datePublished":"2024-06-06T15:48:52+00:00","dateModified":"2024-06-06T15:50:42+00:00","author":{"@id":"https:\/\/alcaldiaalbertoadriani.com\/#\/schema\/person\/549b4483ff8999ac780deeea78795fc9"},"description":"El burgomaestre inform\u00f3 sobre las acciones que ejecuta en el municipio enmarcado en el Plan de Contingencia ante la temporada de lluvias","breadcrumb":{"@id":"https:\/\/alcaldiaalbertoadriani.com\/?p=6917#breadcrumb"},"inLanguage":"es","potentialAction":[{"@type":"ReadAction","target":["https:\/\/alcaldiaalbertoadriani.com\/?p=6917"]}]},{"@type":"BreadcrumbList","@id":"https:\/\/alcaldiaalbertoadriani.com\/?p=6917#breadcrumb","itemListElement":[{"@type":"ListItem","position":1,"name":"Portada","item":"https:\/\/alcaldiaalbertoadriani.com\/"},{"@type":"ListItem","position":2,"name":"Lisandro Segura inform\u00f3 sobre acciones que ejecutan en el municipio Alberto Adriani"}]},{"@type":"WebSite","@id":"https:\/\/alcaldiaalbertoadriani.com\/#website","url":"https:\/\/alcaldiaalbertoadriani.com\/","name":"Alcaldia Alberto Adriani","description":"","potentialAction":[{"@type":"SearchAction","target":{"@type":"EntryPoint","urlTemplate":"https:\/\/alcaldiaalbertoadriani.com\/?s={search_term_string}"},"query-input":"required name=search_term_string"}],"inLanguage":"es"},{"@type":"Person","@id":"https:\/\/alcaldiaalbertoadriani.com\/#\/schema\/person\/549b4483ff8999ac780deeea78795fc9","name":"Prensa","image":{"@type":"ImageObject","inLanguage":"es","@id":"https:\/\/alcaldiaalbertoadriani.com\/#\/schema\/person\/image\/","url":"https:\/\/secure.gravatar.com\/avatar\/ea1cb567ea992a29627f4eee1c2eb185ec16decec6342d508fdf18dedb56c9de?s=96&d=mm&r=g","contentUrl":"https:\/\/secure.gravatar.com\/avatar\/ea1cb567ea992a29627f4eee1c2eb185ec16decec6342d508fdf18dedb56c9de?s=96&d=mm&r=g","caption":"Prensa"},"url":"https:\/\/alcaldiaalbertoadriani.com\/?author=2"}]}},"_links":{"self":[{"href":"https:\/\/alcaldiaalbertoadriani.com\/index.php?rest_route=\/wp\/v2\/posts\/6917","targetHints":{"allow":["GET"]}}],"collection":[{"href":"https:\/\/alcaldiaalbertoadriani.com\/index.php?rest_route=\/wp\/v2\/posts"}],"about":[{"href":"https:\/\/alcaldiaalbertoadriani.com\/index.php?rest_route=\/wp\/v2\/types\/post"}],"author":[{"embeddable":true,"href":"https:\/\/alcaldiaalbertoadriani.com\/index.php?rest_route=\/wp\/v2\/users\/2"}],"replies":[{"embeddable":true,"href":"https:\/\/alcaldiaalbertoadriani.com\/index.php?rest_route=%2Fwp%2Fv2%2Fcomments&post=6917"}],"version-history":[{"count":2,"href":"https:\/\/alcaldiaalbertoadriani.com\/index.php?rest_route=\/wp\/v2\/posts\/6917\/revisions"}],"predecessor-version":[{"id":6923,"href":"https:\/\/alcaldiaalbertoadriani.com\/index.php?rest_route=\/wp\/v2\/posts\/6917\/revisions\/6923"}],"wp:featuredmedia":[{"embeddable":true,"href":"https:\/\/alcaldiaalbertoadriani.com\/index.php?rest_route=\/wp\/v2\/media\/6922"}],"wp:attachment":[{"href":"https:\/\/alcaldiaalbertoadriani.com\/index.php?rest_route=%2Fwp%2Fv2%2Fmedia&parent=6917"}],"wp:term":[{"taxonomy":"category","embeddable":true,"href":"https:\/\/alcaldiaalbertoadriani.com\/index.php?rest_route=%2Fwp%2Fv2%2Fcategories&post=6917"},{"taxonomy":"post_tag","embeddable":true,"href":"https:\/\/alcaldiaalbertoadriani.com\/index.php?rest_route=%2Fwp%2Fv2%2Ftags&post=6917"}],"curies":[{"name":"wp","href":"https:\/\/api.w.org\/{rel}","templated":true}]}}