{"id":6808,"date":"2024-05-31T19:23:23","date_gmt":"2024-05-31T19:23:23","guid":{"rendered":"https:\/\/alcaldiaalbertoadriani.com\/?p=6808"},"modified":"2024-05-31T19:23:30","modified_gmt":"2024-05-31T19:23:30","slug":"lisandro-segura-oficializa-creacion-de-la-agrupacion-de-banderas","status":"publish","type":"post","link":"https:\/\/alcaldiaalbertoadriani.com\/?p=6808","title":{"rendered":"Lisandro Segura oficializa creaci\u00f3n de la Agrupaci\u00f3n de Banderas en Alberto Adriani"},"content":{"rendered":"\n<p><\/p>\n\n\n\n<p>El alcalde <a href=\"https:\/\/www.instagram.com\/lisandrosegura02\/?hl=es-es\" target=\"_blank\" rel=\"noreferrer noopener\">Lisandro Segura<\/a> oficializ\u00f3 la creaci\u00f3n de la Agrupaci\u00f3n de Banderas del municipio Alberto Adriani, con la entrega de las banderas o estandartes y el uniforme respectivo a los integrantes.<\/p>\n\n\n\n<!--more-->\n\n\n\n<p>El acto se realiz\u00f3 en la Asociaci\u00f3n de Ganaderos de Alberto Adriani (<a href=\"https:\/\/alcaldiaalbertoadriani.com\/?p=6741\" target=\"_blank\" rel=\"noreferrer noopener\">Asodegaa<\/a>) y cont\u00f3 con la presencia del Cronista Municipal Orlando Callejas; el director General de la Alcald\u00eda, Alfredo Mendoza; concejales, el presidente del Instituto Municipal de la Cultura (<a href=\"https:\/\/alcaldiaalbertoadriani.com\/?p=6506\" target=\"_blank\" rel=\"noreferrer noopener\">Iamcaa<\/a>) Keibert Rojas, y parte del Tren Ejecutivo municipal.<\/p>\n\n\n\n<h2 class=\"wp-block-heading\"><strong>Reconocimiento a la iniciativa<\/strong><\/h2>\n\n\n\n<p>El burgomaestre reconoci\u00f3 la valiosa iniciativa del profesor Jes\u00fas Lira en la promoci\u00f3n de este proyecto, instrumentos que sirven a los j\u00f3venes como ocupaci\u00f3n para su desarrollo integral. &#8220;Me presentaron la idea y con mucho entusiasmo decidimos crear esta Agrupaci\u00f3n de Banderas, la cual tendr\u00e1 su primera presentaci\u00f3n en ocasi\u00f3n del desfile de ferias este primero de junio&#8221;, se\u00f1al\u00f3 Segura.<\/p>\n\n\n\n<p>Manifest\u00f3 que el conocimiento en torno a este instrumento recae en el Cronista Orlando Carvajal y la experiencia del profesor Lira.<\/p>\n\n\n\n<figure class=\"wp-block-image size-large\"><img loading=\"lazy\" decoding=\"async\" width=\"1024\" height=\"768\" src=\"https:\/\/alcaldiaalbertoadriani.com\/wp-content\/uploads\/2024\/05\/2-4-1024x768.jpg\" alt=\"\" class=\"wp-image-6810\" srcset=\"https:\/\/alcaldiaalbertoadriani.com\/wp-content\/uploads\/2024\/05\/2-4-1024x768.jpg 1024w, https:\/\/alcaldiaalbertoadriani.com\/wp-content\/uploads\/2024\/05\/2-4-980x735.jpg 980w, https:\/\/alcaldiaalbertoadriani.com\/wp-content\/uploads\/2024\/05\/2-4-480x360.jpg 480w\" sizes=\"auto, (min-width: 0px) and (max-width: 480px) 480px, (min-width: 481px) and (max-width: 980px) 980px, (min-width: 981px) 1024px, 100vw\" \/><\/figure>\n\n\n\n<h2 class=\"wp-block-heading\"><strong>G\u00e9nesis de la agrupaci\u00f3n<\/strong><\/h2>\n\n\n\n<p>El Cronista Municipal, Orlando Calleja, mostr\u00f3 su complacencia por el acto y afirm\u00f3 que es &#8220;algo in\u00e9dito la formaci\u00f3n de la Agrupaci\u00f3n de Banderas cuya g\u00e9nesis data del profesor Eudes Blanco cuando a\u00f1os atr\u00e1s, organiz\u00f3 un desfile en una fecha patria y dio a conocer el Bosque de Banderas, a trav\u00e9s de la c\u00e1tedra de Premilitar del liceo Alberto Adriani y que hoy d\u00eda se retoma esa idea a trav\u00e9s del profesor Lira y el apoyo del alcalde <a href=\"https:\/\/www.instagram.com\/lisandrosegura02\/?hl=es-es\" target=\"_blank\" rel=\"noreferrer noopener\">Lisandro Segura<\/a>&#8220;, manifest\u00f3.<\/p>\n\n\n\n<figure class=\"wp-block-gallery has-nested-images columns-default is-cropped wp-block-gallery-1 is-layout-flex wp-block-gallery-is-layout-flex\">\n<figure class=\"wp-block-image size-large\"><img loading=\"lazy\" decoding=\"async\" width=\"1024\" height=\"576\" data-id=\"6811\" src=\"https:\/\/alcaldiaalbertoadriani.com\/wp-content\/uploads\/2024\/05\/7-4-1024x576.jpg\" alt=\"\" class=\"wp-image-6811\" srcset=\"https:\/\/alcaldiaalbertoadriani.com\/wp-content\/uploads\/2024\/05\/7-4-1024x576.jpg 1024w, https:\/\/alcaldiaalbertoadriani.com\/wp-content\/uploads\/2024\/05\/7-4-980x551.jpg 980w, https:\/\/alcaldiaalbertoadriani.com\/wp-content\/uploads\/2024\/05\/7-4-480x270.jpg 480w\" sizes=\"auto, (min-width: 0px) and (max-width: 480px) 480px, (min-width: 481px) and (max-width: 980px) 980px, (min-width: 981px) 1024px, 100vw\" \/><\/figure>\n<\/figure>\n\n\n\n<h2 class=\"wp-block-heading\"><strong>Composici\u00f3n y funciones<\/strong><\/h2>\n\n\n\n<p>Por su parte, Jes\u00fas Lira, director de la agrupaci\u00f3n dijo que la misma ser\u00e1 conformada por 33 estudiantes, con 30 banderas alusivas a la identidad local. &#8220;Seremos la escolta de banderas en los diferentes eventos del alcalde y en las efem\u00e9rides locales, regionales y nacionales&#8221;, agreg\u00f3.<\/p>\n\n\n\n<p>Se\u00f1al\u00f3 que el Cronista hizo una explicaci\u00f3n detallada del significado de cada bandera o estandarte que reflejan los s\u00edmbolos naturales, y lugares emblem\u00e1ticos de nuestro municipio que permiten resaltar nuestro gentilicio.<\/p>\n\n\n\n<figure class=\"wp-block-image size-large\"><img loading=\"lazy\" decoding=\"async\" width=\"1024\" height=\"768\" src=\"https:\/\/alcaldiaalbertoadriani.com\/wp-content\/uploads\/2024\/05\/6-3-1024x768.jpg\" alt=\"\" class=\"wp-image-6812\" srcset=\"https:\/\/alcaldiaalbertoadriani.com\/wp-content\/uploads\/2024\/05\/6-3-1024x768.jpg 1024w, https:\/\/alcaldiaalbertoadriani.com\/wp-content\/uploads\/2024\/05\/6-3-980x735.jpg 980w, https:\/\/alcaldiaalbertoadriani.com\/wp-content\/uploads\/2024\/05\/6-3-480x360.jpg 480w\" sizes=\"auto, (min-width: 0px) and (max-width: 480px) 480px, (min-width: 481px) and (max-width: 980px) 980px, (min-width: 981px) 1024px, 100vw\" \/><\/figure>\n\n\n\n<h2 class=\"wp-block-heading\"><strong>Inversi\u00f3n en cultura<\/strong><\/h2>\n\n\n\n<p>Keibert Rojas, presidente del Iamcaa expres\u00f3 su orgullo por la creaci\u00f3n de la agrupaci\u00f3n, la cual representa &#8220;una gran inversi\u00f3n en pro de la cultura; adem\u00e1s, el alcalde entreg\u00f3 uniformes a los j\u00f3venes que formar\u00e1n parte de la agrupaci\u00f3n. <strong><em>Prensa Alcald\u00eda Alberto Adriani\/Claribel Zambrano CNP: 1.843\/Fotos: Yerasabrith Manrique.<\/em><\/strong><\/p>\n\n\n\n<figure class=\"wp-block-gallery has-nested-images columns-default is-cropped wp-block-gallery-2 is-layout-flex wp-block-gallery-is-layout-flex\">\n<figure class=\"wp-block-image\"><img decoding=\"async\" src=\"blob:https:\/\/alcaldiaalbertoadriani.com\/9e7e15a5-e848-4a36-8c71-641c19a8b2c7\" alt=\"\"\/><\/figure>\n\n\n\n<figure class=\"wp-block-image\"><img decoding=\"async\" src=\"blob:https:\/\/alcaldiaalbertoadriani.com\/2b8e8903-c718-45fe-9dd4-0b8475897fc9\" alt=\"\"\/><\/figure>\n\n\n\n<figure class=\"wp-block-image\"><img decoding=\"async\" src=\"blob:https:\/\/alcaldiaalbertoadriani.com\/c4617605-6862-40f6-b2fa-89aab118756b\" alt=\"\"\/><\/figure>\n\n\n\n<figure class=\"wp-block-image\"><img decoding=\"async\" src=\"blob:https:\/\/alcaldiaalbertoadriani.com\/e5b444f7-4a43-46d3-9d0a-a9fc1882e5b5\" alt=\"\"\/><\/figure>\n\n\n\n<figure class=\"wp-block-image\"><img decoding=\"async\" src=\"blob:https:\/\/alcaldiaalbertoadriani.com\/09af9ccd-5668-4e4e-85c3-842afbf552e5\" alt=\"\"\/><\/figure>\n\n\n\n<figure class=\"wp-block-image\"><img decoding=\"async\" src=\"blob:https:\/\/alcaldiaalbertoadriani.com\/3596a739-15a4-4913-be2b-00309f4a018c\" alt=\"\"\/><\/figure>\n<\/figure>\n","protected":false},"excerpt":{"rendered":"<p>El alcalde Lisandro Segura oficializ\u00f3 la creaci\u00f3n de la Agrupaci\u00f3n de Banderas del municipio Alberto Adriani, con la entrega de las banderas o estandartes y el uniforme respectivo a los [&hellip;]<\/p>\n","protected":false},"author":2,"featured_media":6809,"comment_status":"open","ping_status":"closed","sticky":false,"template":"","format":"standard","meta":{"_et_pb_use_builder":"off","_et_pb_old_content":"","_et_gb_content_width":"","footnotes":""},"categories":[341,78,77,25],"tags":[31,11,12,15,30,29,28,737],"class_list":["post-6808","post","type-post","status-publish","format-standard","has-post-thumbnail","hentry","category-alcaldia-alberto-adriani","category-cultura","category-iamcaa","category-nuestro-municipio","tag-alcalde","tag-alcaldia","tag-alcaldiaalbertoadriani","tag-elvigia","tag-lisandrosegura","tag-municipioquenosmerecemos","tag-porelrenacer","tag-lisandro-segura-oficializa-creacion-de-la-agrupacion-de-banderas"],"yoast_head":"<!-- This site is optimized with the Yoast SEO plugin v19.13 - https:\/\/yoast.com\/wordpress\/plugins\/seo\/ -->\n<title>Lisandro Segura oficializa creaci\u00f3n de la Agrupaci\u00f3n de Banderas<\/title>\n<meta name=\"description\" content=\"El alcalde Lisandro Segura oficializ\u00f3 la creaci\u00f3n de la Agrupaci\u00f3n de Banderas del municipio Alberto Adriani.\" \/>\n<meta name=\"robots\" content=\"index, follow, max-snippet:-1, max-image-preview:large, max-video-preview:-1\" \/>\n<link rel=\"canonical\" href=\"https:\/\/alcaldiaalbertoadriani.com\/?p=6808\" \/>\n<meta property=\"og:locale\" content=\"es_ES\" \/>\n<meta property=\"og:type\" content=\"article\" \/>\n<meta property=\"og:title\" content=\"Lisandro Segura oficializa creaci\u00f3n de la Agrupaci\u00f3n de Banderas\" \/>\n<meta property=\"og:description\" content=\"El alcalde Lisandro Segura oficializ\u00f3 la creaci\u00f3n de la Agrupaci\u00f3n de Banderas del municipio Alberto Adriani.\" \/>\n<meta property=\"og:url\" content=\"https:\/\/alcaldiaalbertoadriani.com\/?p=6808\" \/>\n<meta property=\"og:site_name\" content=\"Alcaldia Alberto Adriani\" \/>\n<meta property=\"article:published_time\" content=\"2024-05-31T19:23:23+00:00\" \/>\n<meta property=\"article:modified_time\" content=\"2024-05-31T19:23:30+00:00\" \/>\n<meta property=\"og:image\" content=\"https:\/\/alcaldiaalbertoadriani.com\/wp-content\/uploads\/2024\/05\/10-3.jpg\" \/>\n\t<meta property=\"og:image:width\" content=\"1280\" \/>\n\t<meta property=\"og:image:height\" content=\"960\" \/>\n\t<meta property=\"og:image:type\" content=\"image\/jpeg\" \/>\n<meta name=\"author\" content=\"Prensa\" \/>\n<meta name=\"twitter:card\" content=\"summary_large_image\" \/>\n<meta name=\"twitter:label1\" content=\"Escrito por\" \/>\n\t<meta name=\"twitter:data1\" content=\"Prensa\" \/>\n\t<meta name=\"twitter:label2\" content=\"Tiempo de lectura\" \/>\n\t<meta name=\"twitter:data2\" content=\"4 minutos\" \/>\n<script type=\"application\/ld+json\" class=\"yoast-schema-graph\">{\"@context\":\"https:\/\/schema.org\",\"@graph\":[{\"@type\":\"WebPage\",\"@id\":\"https:\/\/alcaldiaalbertoadriani.com\/?p=6808\",\"url\":\"https:\/\/alcaldiaalbertoadriani.com\/?p=6808\",\"name\":\"Lisandro Segura oficializa creaci\u00f3n de la Agrupaci\u00f3n de Banderas\",\"isPartOf\":{\"@id\":\"https:\/\/alcaldiaalbertoadriani.com\/#website\"},\"datePublished\":\"2024-05-31T19:23:23+00:00\",\"dateModified\":\"2024-05-31T19:23:30+00:00\",\"author\":{\"@id\":\"https:\/\/alcaldiaalbertoadriani.com\/#\/schema\/person\/549b4483ff8999ac780deeea78795fc9\"},\"description\":\"El alcalde Lisandro Segura oficializ\u00f3 la creaci\u00f3n de la Agrupaci\u00f3n de Banderas del municipio Alberto Adriani.\",\"breadcrumb\":{\"@id\":\"https:\/\/alcaldiaalbertoadriani.com\/?p=6808#breadcrumb\"},\"inLanguage\":\"es\",\"potentialAction\":[{\"@type\":\"ReadAction\",\"target\":[\"https:\/\/alcaldiaalbertoadriani.com\/?p=6808\"]}]},{\"@type\":\"BreadcrumbList\",\"@id\":\"https:\/\/alcaldiaalbertoadriani.com\/?p=6808#breadcrumb\",\"itemListElement\":[{\"@type\":\"ListItem\",\"position\":1,\"name\":\"Portada\",\"item\":\"https:\/\/alcaldiaalbertoadriani.com\/\"},{\"@type\":\"ListItem\",\"position\":2,\"name\":\"Lisandro Segura oficializa creaci\u00f3n de la Agrupaci\u00f3n de Banderas en Alberto Adriani\"}]},{\"@type\":\"WebSite\",\"@id\":\"https:\/\/alcaldiaalbertoadriani.com\/#website\",\"url\":\"https:\/\/alcaldiaalbertoadriani.com\/\",\"name\":\"Alcaldia Alberto Adriani\",\"description\":\"\",\"potentialAction\":[{\"@type\":\"SearchAction\",\"target\":{\"@type\":\"EntryPoint\",\"urlTemplate\":\"https:\/\/alcaldiaalbertoadriani.com\/?s={search_term_string}\"},\"query-input\":\"required name=search_term_string\"}],\"inLanguage\":\"es\"},{\"@type\":\"Person\",\"@id\":\"https:\/\/alcaldiaalbertoadriani.com\/#\/schema\/person\/549b4483ff8999ac780deeea78795fc9\",\"name\":\"Prensa\",\"image\":{\"@type\":\"ImageObject\",\"inLanguage\":\"es\",\"@id\":\"https:\/\/alcaldiaalbertoadriani.com\/#\/schema\/person\/image\/\",\"url\":\"https:\/\/secure.gravatar.com\/avatar\/ea1cb567ea992a29627f4eee1c2eb185ec16decec6342d508fdf18dedb56c9de?s=96&d=mm&r=g\",\"contentUrl\":\"https:\/\/secure.gravatar.com\/avatar\/ea1cb567ea992a29627f4eee1c2eb185ec16decec6342d508fdf18dedb56c9de?s=96&d=mm&r=g\",\"caption\":\"Prensa\"},\"url\":\"https:\/\/alcaldiaalbertoadriani.com\/?author=2\"}]}<\/script>\n<!-- \/ Yoast SEO plugin. -->","yoast_head_json":{"title":"Lisandro Segura oficializa creaci\u00f3n de la Agrupaci\u00f3n de Banderas","description":"El alcalde Lisandro Segura oficializ\u00f3 la creaci\u00f3n de la Agrupaci\u00f3n de Banderas del municipio Alberto Adriani.","robots":{"index":"index","follow":"follow","max-snippet":"max-snippet:-1","max-image-preview":"max-image-preview:large","max-video-preview":"max-video-preview:-1"},"canonical":"https:\/\/alcaldiaalbertoadriani.com\/?p=6808","og_locale":"es_ES","og_type":"article","og_title":"Lisandro Segura oficializa creaci\u00f3n de la Agrupaci\u00f3n de Banderas","og_description":"El alcalde Lisandro Segura oficializ\u00f3 la creaci\u00f3n de la Agrupaci\u00f3n de Banderas del municipio Alberto Adriani.","og_url":"https:\/\/alcaldiaalbertoadriani.com\/?p=6808","og_site_name":"Alcaldia Alberto Adriani","article_published_time":"2024-05-31T19:23:23+00:00","article_modified_time":"2024-05-31T19:23:30+00:00","og_image":[{"width":1280,"height":960,"url":"https:\/\/alcaldiaalbertoadriani.com\/wp-content\/uploads\/2024\/05\/10-3.jpg","type":"image\/jpeg"}],"author":"Prensa","twitter_card":"summary_large_image","twitter_misc":{"Escrito por":"Prensa","Tiempo de lectura":"4 minutos"},"schema":{"@context":"https:\/\/schema.org","@graph":[{"@type":"WebPage","@id":"https:\/\/alcaldiaalbertoadriani.com\/?p=6808","url":"https:\/\/alcaldiaalbertoadriani.com\/?p=6808","name":"Lisandro Segura oficializa creaci\u00f3n de la Agrupaci\u00f3n de Banderas","isPartOf":{"@id":"https:\/\/alcaldiaalbertoadriani.com\/#website"},"datePublished":"2024-05-31T19:23:23+00:00","dateModified":"2024-05-31T19:23:30+00:00","author":{"@id":"https:\/\/alcaldiaalbertoadriani.com\/#\/schema\/person\/549b4483ff8999ac780deeea78795fc9"},"description":"El alcalde Lisandro Segura oficializ\u00f3 la creaci\u00f3n de la Agrupaci\u00f3n de Banderas del municipio Alberto Adriani.","breadcrumb":{"@id":"https:\/\/alcaldiaalbertoadriani.com\/?p=6808#breadcrumb"},"inLanguage":"es","potentialAction":[{"@type":"ReadAction","target":["https:\/\/alcaldiaalbertoadriani.com\/?p=6808"]}]},{"@type":"BreadcrumbList","@id":"https:\/\/alcaldiaalbertoadriani.com\/?p=6808#breadcrumb","itemListElement":[{"@type":"ListItem","position":1,"name":"Portada","item":"https:\/\/alcaldiaalbertoadriani.com\/"},{"@type":"ListItem","position":2,"name":"Lisandro Segura oficializa creaci\u00f3n de la Agrupaci\u00f3n de Banderas en Alberto Adriani"}]},{"@type":"WebSite","@id":"https:\/\/alcaldiaalbertoadriani.com\/#website","url":"https:\/\/alcaldiaalbertoadriani.com\/","name":"Alcaldia Alberto Adriani","description":"","potentialAction":[{"@type":"SearchAction","target":{"@type":"EntryPoint","urlTemplate":"https:\/\/alcaldiaalbertoadriani.com\/?s={search_term_string}"},"query-input":"required name=search_term_string"}],"inLanguage":"es"},{"@type":"Person","@id":"https:\/\/alcaldiaalbertoadriani.com\/#\/schema\/person\/549b4483ff8999ac780deeea78795fc9","name":"Prensa","image":{"@type":"ImageObject","inLanguage":"es","@id":"https:\/\/alcaldiaalbertoadriani.com\/#\/schema\/person\/image\/","url":"https:\/\/secure.gravatar.com\/avatar\/ea1cb567ea992a29627f4eee1c2eb185ec16decec6342d508fdf18dedb56c9de?s=96&d=mm&r=g","contentUrl":"https:\/\/secure.gravatar.com\/avatar\/ea1cb567ea992a29627f4eee1c2eb185ec16decec6342d508fdf18dedb56c9de?s=96&d=mm&r=g","caption":"Prensa"},"url":"https:\/\/alcaldiaalbertoadriani.com\/?author=2"}]}},"_links":{"self":[{"href":"https:\/\/alcaldiaalbertoadriani.com\/index.php?rest_route=\/wp\/v2\/posts\/6808","targetHints":{"allow":["GET"]}}],"collection":[{"href":"https:\/\/alcaldiaalbertoadriani.com\/index.php?rest_route=\/wp\/v2\/posts"}],"about":[{"href":"https:\/\/alcaldiaalbertoadriani.com\/index.php?rest_route=\/wp\/v2\/types\/post"}],"author":[{"embeddable":true,"href":"https:\/\/alcaldiaalbertoadriani.com\/index.php?rest_route=\/wp\/v2\/users\/2"}],"replies":[{"embeddable":true,"href":"https:\/\/alcaldiaalbertoadriani.com\/index.php?rest_route=%2Fwp%2Fv2%2Fcomments&post=6808"}],"version-history":[{"count":2,"href":"https:\/\/alcaldiaalbertoadriani.com\/index.php?rest_route=\/wp\/v2\/posts\/6808\/revisions"}],"predecessor-version":[{"id":6820,"href":"https:\/\/alcaldiaalbertoadriani.com\/index.php?rest_route=\/wp\/v2\/posts\/6808\/revisions\/6820"}],"wp:featuredmedia":[{"embeddable":true,"href":"https:\/\/alcaldiaalbertoadriani.com\/index.php?rest_route=\/wp\/v2\/media\/6809"}],"wp:attachment":[{"href":"https:\/\/alcaldiaalbertoadriani.com\/index.php?rest_route=%2Fwp%2Fv2%2Fmedia&parent=6808"}],"wp:term":[{"taxonomy":"category","embeddable":true,"href":"https:\/\/alcaldiaalbertoadriani.com\/index.php?rest_route=%2Fwp%2Fv2%2Fcategories&post=6808"},{"taxonomy":"post_tag","embeddable":true,"href":"https:\/\/alcaldiaalbertoadriani.com\/index.php?rest_route=%2Fwp%2Fv2%2Ftags&post=6808"}],"curies":[{"name":"wp","href":"https:\/\/api.w.org\/{rel}","templated":true}]}}