{"id":680,"date":"2022-09-08T22:52:22","date_gmt":"2022-09-08T22:52:22","guid":{"rendered":"https:\/\/alcaldiaalbertoadriani.com\/?p=680"},"modified":"2022-09-08T22:52:31","modified_gmt":"2022-09-08T22:52:31","slug":"gobierno-de-alberto-adriani-canaliza-quebrada-negra-y-rehabilita-vialidad","status":"publish","type":"post","link":"https:\/\/alcaldiaalbertoadriani.com\/?p=680","title":{"rendered":"Gobierno de Alberto Adriani canaliza Quebrada Negra y rehabilita vialidad"},"content":{"rendered":"\n<p>***El alcalde Lisandro Segura envi\u00f3 cuatro maquinarias para ejecutar los trabajos de canalizaci\u00f3n del afluente, asimismo, para rehabilitar la vialidad de este sector rural de la parroquia R\u00f3mulo Gallegos<\/p>\n\n\n\n<p>Luego de una inspecci\u00f3n hecha por el alcalde vig\u00edense, Lisandro Segura, al sector Quebrada Negra del Kil\u00f3metro 15, de la parroquia R\u00f3mulo Gallegos, se evidenciaron las secuelas dejadas por el desbordamiento de la quebrada a consecuencia de las lluvias, las cuales produjeron da\u00f1os a los predios y vialidad; por tal raz\u00f3n, a trav\u00e9s de la Gerencia de Servicios P\u00fablicos Municipales, fue enviada maquinaria pesada para ejecutar los trabajos de canalizaci\u00f3n del afluente y rehabilitaci\u00f3n de la v\u00eda agr\u00edcola de la comunidad.<\/p>\n\n\n\n<p>Inform\u00f3 el alcalde que entre la maquinaria &#8211; propias y alquiladas \u2013 est\u00e1n trabajando un D-6 Caterpillar, un Jumbo 210, un retroexcavador y el tipo patrol, con las cuales se ejecutan acciones de canalizaci\u00f3n de Quebrada Negra y luego la recuperaci\u00f3n de unos 8 kil\u00f3metros aproximadamente de la vialidad.<\/p>\n\n\n\n<!--more-->\n\n\n\n<p>\u201cDe esta manera el Gobierno municipal ofrece respuestas efectivas a las comunidades, en especial a los productores agropecuarios de la zona, quienes resultaron afectados\u201d, precis\u00f3 el alcalde.<\/p>\n\n\n\n<p>M\u00e1s de una d\u00e9cada sin atenci\u00f3n del Gobierno municipal<\/p>\n\n\n\n<p>Carlos Guti\u00e9rrez, habitante y productor de la zona, dijo que este sector ten\u00eda m\u00e1s de 13 a\u00f1os abandonado, \u201csin atenci\u00f3n del gobierno local, por eso agradecemos la presencia del alcalde Lisandro Segura porque se comprometi\u00f3 y est\u00e1 cumpliendo con la comunidad\u201d.<\/p>\n\n\n\n<p>Por su parte, Dar\u00edo Belandria, gerente de Servicios P\u00fablicos, explic\u00f3 que luego que se encauce la quebrada, \u201ccon la maquinaria se abrir\u00e1n espacios en la v\u00eda para luego con el patrol rehabilitar totalmente la vialidad\u201d, apunt\u00f3 finalmente. Prensa Alcald\u00eda Alberto Adriani\/Claribel Zambrano CNP: 11.843\/Fotos: Yorman Parra.<\/p>\n\n\n\n<figure class=\"wp-block-gallery has-nested-images columns-default is-cropped wp-block-gallery-1 is-layout-flex wp-block-gallery-is-layout-flex\">\n<figure class=\"wp-block-image size-large\"><img loading=\"lazy\" decoding=\"async\" width=\"1024\" height=\"1024\" data-id=\"685\" src=\"https:\/\/alcaldiaalbertoadriani.com\/wp-content\/uploads\/2022\/09\/photo_2022-09-08_18-41-33-1024x1024.jpg\" alt=\"\" class=\"wp-image-685\" srcset=\"https:\/\/alcaldiaalbertoadriani.com\/wp-content\/uploads\/2022\/09\/photo_2022-09-08_18-41-33-980x980.jpg 980w, https:\/\/alcaldiaalbertoadriani.com\/wp-content\/uploads\/2022\/09\/photo_2022-09-08_18-41-33-480x480.jpg 480w\" sizes=\"auto, (min-width: 0px) and (max-width: 480px) 480px, (min-width: 481px) and (max-width: 980px) 980px, (min-width: 981px) 1024px, 100vw\" \/><\/figure>\n\n\n\n<figure class=\"wp-block-image size-large\"><img loading=\"lazy\" decoding=\"async\" width=\"1000\" height=\"564\" data-id=\"683\" src=\"https:\/\/alcaldiaalbertoadriani.com\/wp-content\/uploads\/2022\/09\/photo_2022-09-08_18-41-34.jpg\" alt=\"\" class=\"wp-image-683\" srcset=\"https:\/\/alcaldiaalbertoadriani.com\/wp-content\/uploads\/2022\/09\/photo_2022-09-08_18-41-34.jpg 1000w, https:\/\/alcaldiaalbertoadriani.com\/wp-content\/uploads\/2022\/09\/photo_2022-09-08_18-41-34-980x553.jpg 980w, https:\/\/alcaldiaalbertoadriani.com\/wp-content\/uploads\/2022\/09\/photo_2022-09-08_18-41-34-480x271.jpg 480w\" sizes=\"auto, (min-width: 0px) and (max-width: 480px) 480px, (min-width: 481px) and (max-width: 980px) 980px, (min-width: 981px) 1000px, 100vw\" \/><\/figure>\n\n\n\n<figure class=\"wp-block-image size-large\"><img loading=\"lazy\" decoding=\"async\" width=\"1000\" height=\"564\" data-id=\"684\" src=\"https:\/\/alcaldiaalbertoadriani.com\/wp-content\/uploads\/2022\/09\/photo_2022-09-08_18-41-35.jpg\" alt=\"\" class=\"wp-image-684\" srcset=\"https:\/\/alcaldiaalbertoadriani.com\/wp-content\/uploads\/2022\/09\/photo_2022-09-08_18-41-35.jpg 1000w, https:\/\/alcaldiaalbertoadriani.com\/wp-content\/uploads\/2022\/09\/photo_2022-09-08_18-41-35-980x553.jpg 980w, https:\/\/alcaldiaalbertoadriani.com\/wp-content\/uploads\/2022\/09\/photo_2022-09-08_18-41-35-480x271.jpg 480w\" sizes=\"auto, (min-width: 0px) and (max-width: 480px) 480px, (min-width: 481px) and (max-width: 980px) 980px, (min-width: 981px) 1000px, 100vw\" \/><\/figure>\n\n\n\n<figure class=\"wp-block-image size-large\"><img loading=\"lazy\" decoding=\"async\" width=\"1000\" height=\"564\" data-id=\"682\" src=\"https:\/\/alcaldiaalbertoadriani.com\/wp-content\/uploads\/2022\/09\/photo_2022-09-08_18-41-36.jpg\" alt=\"\" class=\"wp-image-682\" srcset=\"https:\/\/alcaldiaalbertoadriani.com\/wp-content\/uploads\/2022\/09\/photo_2022-09-08_18-41-36.jpg 1000w, https:\/\/alcaldiaalbertoadriani.com\/wp-content\/uploads\/2022\/09\/photo_2022-09-08_18-41-36-980x553.jpg 980w, https:\/\/alcaldiaalbertoadriani.com\/wp-content\/uploads\/2022\/09\/photo_2022-09-08_18-41-36-480x271.jpg 480w\" sizes=\"auto, (min-width: 0px) and (max-width: 480px) 480px, (min-width: 481px) and (max-width: 980px) 980px, (min-width: 981px) 1000px, 100vw\" \/><\/figure>\n\n\n\n<figure class=\"wp-block-image size-large\"><img loading=\"lazy\" decoding=\"async\" width=\"1024\" height=\"1024\" data-id=\"686\" src=\"https:\/\/alcaldiaalbertoadriani.com\/wp-content\/uploads\/2022\/09\/photo_2022-09-08_18-41-39-1024x1024.jpg\" alt=\"\" class=\"wp-image-686\" srcset=\"https:\/\/alcaldiaalbertoadriani.com\/wp-content\/uploads\/2022\/09\/photo_2022-09-08_18-41-39-980x980.jpg 980w, https:\/\/alcaldiaalbertoadriani.com\/wp-content\/uploads\/2022\/09\/photo_2022-09-08_18-41-39-480x480.jpg 480w\" sizes=\"auto, (min-width: 0px) and (max-width: 480px) 480px, (min-width: 481px) and (max-width: 980px) 980px, (min-width: 981px) 1024px, 100vw\" \/><\/figure>\n<\/figure>\n","protected":false},"excerpt":{"rendered":"<p>***El alcalde Lisandro Segura envi\u00f3 cuatro maquinarias para ejecutar los trabajos de canalizaci\u00f3n del afluente, asimismo, para rehabilitar la vialidad de este sector rural de la parroquia R\u00f3mulo Gallegos Luego [&hellip;]<\/p>\n","protected":false},"author":2,"featured_media":681,"comment_status":"closed","ping_status":"closed","sticky":false,"template":"","format":"standard","meta":{"_et_pb_use_builder":"off","_et_pb_old_content":"","_et_gb_content_width":"","footnotes":""},"categories":[51,34,25,24],"tags":[31,11,12,15,30,29,28,122,151,150,99],"class_list":["post-680","post","type-post","status-publish","format-standard","has-post-thumbnail","hentry","category-ayuda-social","category-gerencia-de-servicios-publicos-municipales","category-nuestro-municipio","category-recuperacion-de-espacios","tag-alcalde","tag-alcaldia","tag-alcaldiaalbertoadriani","tag-elvigia","tag-lisandrosegura","tag-municipioquenosmerecemos","tag-porelrenacer","tag-dario-belandria","tag-kilometro-15","tag-quebrada-negra","tag-vialidad"],"yoast_head":"<!-- This site is optimized with the Yoast SEO plugin v19.13 - https:\/\/yoast.com\/wordpress\/plugins\/seo\/ -->\n<title>Gobierno de Alberto Adriani canaliza Quebrada Negra y rehabilita vialidad - Alcaldia Alberto Adriani<\/title>\n<meta name=\"robots\" content=\"index, follow, max-snippet:-1, max-image-preview:large, max-video-preview:-1\" \/>\n<link rel=\"canonical\" href=\"https:\/\/alcaldiaalbertoadriani.com\/?p=680\" \/>\n<meta property=\"og:locale\" content=\"es_ES\" \/>\n<meta property=\"og:type\" content=\"article\" \/>\n<meta property=\"og:title\" content=\"Gobierno de Alberto Adriani canaliza Quebrada Negra y rehabilita vialidad - Alcaldia Alberto Adriani\" \/>\n<meta property=\"og:description\" content=\"***El alcalde Lisandro Segura envi\u00f3 cuatro maquinarias para ejecutar los trabajos de canalizaci\u00f3n del afluente, asimismo, para rehabilitar la vialidad de este sector rural de la parroquia R\u00f3mulo Gallegos Luego [&hellip;]\" \/>\n<meta property=\"og:url\" content=\"https:\/\/alcaldiaalbertoadriani.com\/?p=680\" \/>\n<meta property=\"og:site_name\" content=\"Alcaldia Alberto Adriani\" \/>\n<meta property=\"article:published_time\" content=\"2022-09-08T22:52:22+00:00\" \/>\n<meta property=\"article:modified_time\" content=\"2022-09-08T22:52:31+00:00\" \/>\n<meta property=\"og:image\" content=\"https:\/\/alcaldiaalbertoadriani.com\/wp-content\/uploads\/2022\/09\/photo_2022-09-08_18-41-32-1024x1024.jpg\" \/>\n\t<meta property=\"og:image:width\" content=\"1024\" \/>\n\t<meta property=\"og:image:height\" content=\"1024\" \/>\n\t<meta property=\"og:image:type\" content=\"image\/jpeg\" \/>\n<meta name=\"author\" content=\"Prensa\" \/>\n<meta name=\"twitter:card\" content=\"summary_large_image\" \/>\n<meta name=\"twitter:label1\" content=\"Escrito por\" \/>\n\t<meta name=\"twitter:data1\" content=\"Prensa\" \/>\n\t<meta name=\"twitter:label2\" content=\"Tiempo de lectura\" \/>\n\t<meta name=\"twitter:data2\" content=\"2 minutos\" \/>\n<script type=\"application\/ld+json\" class=\"yoast-schema-graph\">{\"@context\":\"https:\/\/schema.org\",\"@graph\":[{\"@type\":\"WebPage\",\"@id\":\"https:\/\/alcaldiaalbertoadriani.com\/?p=680\",\"url\":\"https:\/\/alcaldiaalbertoadriani.com\/?p=680\",\"name\":\"Gobierno de Alberto Adriani canaliza Quebrada Negra y rehabilita vialidad - Alcaldia Alberto Adriani\",\"isPartOf\":{\"@id\":\"https:\/\/alcaldiaalbertoadriani.com\/#website\"},\"datePublished\":\"2022-09-08T22:52:22+00:00\",\"dateModified\":\"2022-09-08T22:52:31+00:00\",\"author\":{\"@id\":\"https:\/\/alcaldiaalbertoadriani.com\/#\/schema\/person\/549b4483ff8999ac780deeea78795fc9\"},\"breadcrumb\":{\"@id\":\"https:\/\/alcaldiaalbertoadriani.com\/?p=680#breadcrumb\"},\"inLanguage\":\"es\",\"potentialAction\":[{\"@type\":\"ReadAction\",\"target\":[\"https:\/\/alcaldiaalbertoadriani.com\/?p=680\"]}]},{\"@type\":\"BreadcrumbList\",\"@id\":\"https:\/\/alcaldiaalbertoadriani.com\/?p=680#breadcrumb\",\"itemListElement\":[{\"@type\":\"ListItem\",\"position\":1,\"name\":\"Portada\",\"item\":\"https:\/\/alcaldiaalbertoadriani.com\/\"},{\"@type\":\"ListItem\",\"position\":2,\"name\":\"Gobierno de Alberto Adriani canaliza Quebrada Negra y rehabilita vialidad\"}]},{\"@type\":\"WebSite\",\"@id\":\"https:\/\/alcaldiaalbertoadriani.com\/#website\",\"url\":\"https:\/\/alcaldiaalbertoadriani.com\/\",\"name\":\"Alcaldia Alberto Adriani\",\"description\":\"\",\"potentialAction\":[{\"@type\":\"SearchAction\",\"target\":{\"@type\":\"EntryPoint\",\"urlTemplate\":\"https:\/\/alcaldiaalbertoadriani.com\/?s={search_term_string}\"},\"query-input\":\"required name=search_term_string\"}],\"inLanguage\":\"es\"},{\"@type\":\"Person\",\"@id\":\"https:\/\/alcaldiaalbertoadriani.com\/#\/schema\/person\/549b4483ff8999ac780deeea78795fc9\",\"name\":\"Prensa\",\"image\":{\"@type\":\"ImageObject\",\"inLanguage\":\"es\",\"@id\":\"https:\/\/alcaldiaalbertoadriani.com\/#\/schema\/person\/image\/\",\"url\":\"https:\/\/secure.gravatar.com\/avatar\/ea1cb567ea992a29627f4eee1c2eb185ec16decec6342d508fdf18dedb56c9de?s=96&d=mm&r=g\",\"contentUrl\":\"https:\/\/secure.gravatar.com\/avatar\/ea1cb567ea992a29627f4eee1c2eb185ec16decec6342d508fdf18dedb56c9de?s=96&d=mm&r=g\",\"caption\":\"Prensa\"},\"url\":\"https:\/\/alcaldiaalbertoadriani.com\/?author=2\"}]}<\/script>\n<!-- \/ Yoast SEO plugin. -->","yoast_head_json":{"title":"Gobierno de Alberto Adriani canaliza Quebrada Negra y rehabilita vialidad - Alcaldia Alberto Adriani","robots":{"index":"index","follow":"follow","max-snippet":"max-snippet:-1","max-image-preview":"max-image-preview:large","max-video-preview":"max-video-preview:-1"},"canonical":"https:\/\/alcaldiaalbertoadriani.com\/?p=680","og_locale":"es_ES","og_type":"article","og_title":"Gobierno de Alberto Adriani canaliza Quebrada Negra y rehabilita vialidad - Alcaldia Alberto Adriani","og_description":"***El alcalde Lisandro Segura envi\u00f3 cuatro maquinarias para ejecutar los trabajos de canalizaci\u00f3n del afluente, asimismo, para rehabilitar la vialidad de este sector rural de la parroquia R\u00f3mulo Gallegos Luego [&hellip;]","og_url":"https:\/\/alcaldiaalbertoadriani.com\/?p=680","og_site_name":"Alcaldia Alberto Adriani","article_published_time":"2022-09-08T22:52:22+00:00","article_modified_time":"2022-09-08T22:52:31+00:00","og_image":[{"width":1024,"height":1024,"url":"https:\/\/alcaldiaalbertoadriani.com\/wp-content\/uploads\/2022\/09\/photo_2022-09-08_18-41-32-1024x1024.jpg","type":"image\/jpeg"}],"author":"Prensa","twitter_card":"summary_large_image","twitter_misc":{"Escrito por":"Prensa","Tiempo de lectura":"2 minutos"},"schema":{"@context":"https:\/\/schema.org","@graph":[{"@type":"WebPage","@id":"https:\/\/alcaldiaalbertoadriani.com\/?p=680","url":"https:\/\/alcaldiaalbertoadriani.com\/?p=680","name":"Gobierno de Alberto Adriani canaliza Quebrada Negra y rehabilita vialidad - Alcaldia Alberto Adriani","isPartOf":{"@id":"https:\/\/alcaldiaalbertoadriani.com\/#website"},"datePublished":"2022-09-08T22:52:22+00:00","dateModified":"2022-09-08T22:52:31+00:00","author":{"@id":"https:\/\/alcaldiaalbertoadriani.com\/#\/schema\/person\/549b4483ff8999ac780deeea78795fc9"},"breadcrumb":{"@id":"https:\/\/alcaldiaalbertoadriani.com\/?p=680#breadcrumb"},"inLanguage":"es","potentialAction":[{"@type":"ReadAction","target":["https:\/\/alcaldiaalbertoadriani.com\/?p=680"]}]},{"@type":"BreadcrumbList","@id":"https:\/\/alcaldiaalbertoadriani.com\/?p=680#breadcrumb","itemListElement":[{"@type":"ListItem","position":1,"name":"Portada","item":"https:\/\/alcaldiaalbertoadriani.com\/"},{"@type":"ListItem","position":2,"name":"Gobierno de Alberto Adriani canaliza Quebrada Negra y rehabilita vialidad"}]},{"@type":"WebSite","@id":"https:\/\/alcaldiaalbertoadriani.com\/#website","url":"https:\/\/alcaldiaalbertoadriani.com\/","name":"Alcaldia Alberto Adriani","description":"","potentialAction":[{"@type":"SearchAction","target":{"@type":"EntryPoint","urlTemplate":"https:\/\/alcaldiaalbertoadriani.com\/?s={search_term_string}"},"query-input":"required name=search_term_string"}],"inLanguage":"es"},{"@type":"Person","@id":"https:\/\/alcaldiaalbertoadriani.com\/#\/schema\/person\/549b4483ff8999ac780deeea78795fc9","name":"Prensa","image":{"@type":"ImageObject","inLanguage":"es","@id":"https:\/\/alcaldiaalbertoadriani.com\/#\/schema\/person\/image\/","url":"https:\/\/secure.gravatar.com\/avatar\/ea1cb567ea992a29627f4eee1c2eb185ec16decec6342d508fdf18dedb56c9de?s=96&d=mm&r=g","contentUrl":"https:\/\/secure.gravatar.com\/avatar\/ea1cb567ea992a29627f4eee1c2eb185ec16decec6342d508fdf18dedb56c9de?s=96&d=mm&r=g","caption":"Prensa"},"url":"https:\/\/alcaldiaalbertoadriani.com\/?author=2"}]}},"_links":{"self":[{"href":"https:\/\/alcaldiaalbertoadriani.com\/index.php?rest_route=\/wp\/v2\/posts\/680","targetHints":{"allow":["GET"]}}],"collection":[{"href":"https:\/\/alcaldiaalbertoadriani.com\/index.php?rest_route=\/wp\/v2\/posts"}],"about":[{"href":"https:\/\/alcaldiaalbertoadriani.com\/index.php?rest_route=\/wp\/v2\/types\/post"}],"author":[{"embeddable":true,"href":"https:\/\/alcaldiaalbertoadriani.com\/index.php?rest_route=\/wp\/v2\/users\/2"}],"replies":[{"embeddable":true,"href":"https:\/\/alcaldiaalbertoadriani.com\/index.php?rest_route=%2Fwp%2Fv2%2Fcomments&post=680"}],"version-history":[{"count":1,"href":"https:\/\/alcaldiaalbertoadriani.com\/index.php?rest_route=\/wp\/v2\/posts\/680\/revisions"}],"predecessor-version":[{"id":687,"href":"https:\/\/alcaldiaalbertoadriani.com\/index.php?rest_route=\/wp\/v2\/posts\/680\/revisions\/687"}],"wp:featuredmedia":[{"embeddable":true,"href":"https:\/\/alcaldiaalbertoadriani.com\/index.php?rest_route=\/wp\/v2\/media\/681"}],"wp:attachment":[{"href":"https:\/\/alcaldiaalbertoadriani.com\/index.php?rest_route=%2Fwp%2Fv2%2Fmedia&parent=680"}],"wp:term":[{"taxonomy":"category","embeddable":true,"href":"https:\/\/alcaldiaalbertoadriani.com\/index.php?rest_route=%2Fwp%2Fv2%2Fcategories&post=680"},{"taxonomy":"post_tag","embeddable":true,"href":"https:\/\/alcaldiaalbertoadriani.com\/index.php?rest_route=%2Fwp%2Fv2%2Ftags&post=680"}],"curies":[{"name":"wp","href":"https:\/\/api.w.org\/{rel}","templated":true}]}}