{"id":6547,"date":"2024-05-16T19:14:24","date_gmt":"2024-05-16T19:14:24","guid":{"rendered":"https:\/\/alcaldiaalbertoadriani.com\/?p=6547"},"modified":"2024-05-16T19:14:32","modified_gmt":"2024-05-16T19:14:32","slug":"fundacion-ninos-color-de-mi-tierra-entrego-30-kits-nutricionales-2","status":"publish","type":"post","link":"https:\/\/alcaldiaalbertoadriani.com\/?p=6547","title":{"rendered":"Fundaci\u00f3n Ni\u00f1os Color de mi Tierra entreg\u00f3 30 kits nutricionales del programa Una Mano Amiga"},"content":{"rendered":"\n<p><\/p>\n\n\n\n<p><a href=\"https:\/\/alcaldiaalbertoadriani.com\/?p=5619\" target=\"_blank\" rel=\"noreferrer noopener\">La Fundaci\u00f3n Ni\u00f1os Color de mi Tierra<\/a> presidida por la primera Dama, Yudith Parra, realiz\u00f3 la entrega de 30 Kits nutricionales correspondientes al programa \u201cUna Mano Amiga\u201d. La entrega se hizo en el auditorio ubicado en la Casa del Ni\u00f1o Trabajador \u201cH\u00e9ctor Rodr\u00edguez Dugarte\u201d.<\/p>\n\n\n\n<!--more-->\n\n\n\n<p>Esta donaci\u00f3n es la segunda que se realiza en el a\u00f1o y forma parte del programa nutricional de la Fundaci\u00f3n el cual es cofinanciado por el Fondo de Protecci\u00f3n del Ni\u00f1o, Ni\u00f1a y Adolescente (Fmpnna).<\/p>\n\n\n\n<figure class=\"wp-block-image size-large\"><img loading=\"lazy\" decoding=\"async\" width=\"1024\" height=\"771\" src=\"https:\/\/alcaldiaalbertoadriani.com\/wp-content\/uploads\/2024\/05\/photo1715885452-6-1024x771.jpeg\" alt=\"\" class=\"wp-image-6549\" srcset=\"https:\/\/alcaldiaalbertoadriani.com\/wp-content\/uploads\/2024\/05\/photo1715885452-6-980x738.jpeg 980w, https:\/\/alcaldiaalbertoadriani.com\/wp-content\/uploads\/2024\/05\/photo1715885452-6-480x361.jpeg 480w\" sizes=\"auto, (min-width: 0px) and (max-width: 480px) 480px, (min-width: 481px) and (max-width: 980px) 980px, (min-width: 981px) 1024px, 100vw\" \/><\/figure>\n\n\n\n<p>Karin Rodr\u00edguez, coordinadora del programa en representaci\u00f3n de la primera Dama, inform\u00f3 que \u201cse hizo entrega a 30 ni\u00f1os vulnerables con bajo peso que forman parte del programa Una Mano Amiga, agradeciendo a Dios y las pol\u00edticas p\u00fablicas del alcalde<a href=\"https:\/\/www.instagram.com\/lisandrosegura02\/\" target=\"_blank\" rel=\"noreferrer noopener\"> Lisandro Segura<\/a> en beneficio de los ni\u00f1os\u201d.<\/p>\n\n\n\n<p>Por su lado, Fatil El\u00edas, presidente del Cmdnna, dijo que hace el acompa\u00f1amiento a la Fundaci\u00f3n del Ni\u00f1o, \u201cporque a trav\u00e9s del fondo de protecci\u00f3n se hace un aporte econ\u00f3mico y conjuntamente llevamos a cabo el programa que por instrucciones del alcalde se viene ejecutando en el municipio, nos sentimos contentos de ver materializado un programa en el que ayudamos a muchos ni\u00f1os y adolescentes\u201d.<\/p>\n\n\n\n<figure class=\"wp-block-image size-large\"><img loading=\"lazy\" decoding=\"async\" width=\"1024\" height=\"771\" src=\"https:\/\/alcaldiaalbertoadriani.com\/wp-content\/uploads\/2024\/05\/photo1715885452-4-1024x771.jpeg\" alt=\"\" class=\"wp-image-6550\" srcset=\"https:\/\/alcaldiaalbertoadriani.com\/wp-content\/uploads\/2024\/05\/photo1715885452-4-980x738.jpeg 980w, https:\/\/alcaldiaalbertoadriani.com\/wp-content\/uploads\/2024\/05\/photo1715885452-4-480x361.jpeg 480w\" sizes=\"auto, (min-width: 0px) and (max-width: 480px) 480px, (min-width: 481px) and (max-width: 980px) 980px, (min-width: 981px) 1024px, 100vw\" \/><\/figure>\n\n\n\n<p>Vale destacar que los ni\u00f1os beneficiados con el programa tienen bajo peso y son previamente valorados por los especialistas en Pediatr\u00eda y Nutrici\u00f3n, en la Unidad de Salud de la Casa del Ni\u00f1o Trabajador.<\/p>\n\n\n\n<p>Asimismo, antes de la entrega Jessica Ledezma, especialista en Nutrici\u00f3n dio una charla a las madres y representantes sobre el dengue y Fatil El\u00edas habl\u00f3 sobre el Amor y la Protecci\u00f3n a los Hijos. <strong><em>Prensa Alcald\u00eda Alberto Adriani\/ Claribel Zambrano CNP: 11.83\/ Fotos: Yorman Parra.<\/em><\/strong><\/p>\n\n\n\n<figure class=\"wp-block-gallery has-nested-images columns-default is-cropped wp-block-gallery-1 is-layout-flex wp-block-gallery-is-layout-flex\">\n<figure class=\"wp-block-image size-large\"><img loading=\"lazy\" decoding=\"async\" width=\"1024\" height=\"768\" data-id=\"6551\" src=\"https:\/\/alcaldiaalbertoadriani.com\/wp-content\/uploads\/2024\/05\/photo1715885452-1-1024x768.jpeg\" alt=\"\" class=\"wp-image-6551\" srcset=\"https:\/\/alcaldiaalbertoadriani.com\/wp-content\/uploads\/2024\/05\/photo1715885452-1-1024x768.jpeg 1024w, https:\/\/alcaldiaalbertoadriani.com\/wp-content\/uploads\/2024\/05\/photo1715885452-1-980x735.jpeg 980w, https:\/\/alcaldiaalbertoadriani.com\/wp-content\/uploads\/2024\/05\/photo1715885452-1-480x360.jpeg 480w\" sizes=\"auto, (min-width: 0px) and (max-width: 480px) 480px, (min-width: 481px) and (max-width: 980px) 980px, (min-width: 981px) 1024px, 100vw\" \/><\/figure>\n\n\n\n<figure class=\"wp-block-image size-large\"><img loading=\"lazy\" decoding=\"async\" width=\"1024\" height=\"768\" data-id=\"6552\" src=\"https:\/\/alcaldiaalbertoadriani.com\/wp-content\/uploads\/2024\/05\/photo1715885452-2-1024x768.jpeg\" alt=\"\" class=\"wp-image-6552\" srcset=\"https:\/\/alcaldiaalbertoadriani.com\/wp-content\/uploads\/2024\/05\/photo1715885452-2-1024x768.jpeg 1024w, https:\/\/alcaldiaalbertoadriani.com\/wp-content\/uploads\/2024\/05\/photo1715885452-2-980x735.jpeg 980w, https:\/\/alcaldiaalbertoadriani.com\/wp-content\/uploads\/2024\/05\/photo1715885452-2-480x360.jpeg 480w\" sizes=\"auto, (min-width: 0px) and (max-width: 480px) 480px, (min-width: 481px) and (max-width: 980px) 980px, (min-width: 981px) 1024px, 100vw\" \/><\/figure>\n\n\n\n<figure class=\"wp-block-image\"><img decoding=\"async\" src=\"blob:https:\/\/alcaldiaalbertoadriani.com\/2e15ff8e-5a75-4e3a-9097-d0a05c3427a0\" alt=\"\"\/><\/figure>\n\n\n\n<figure class=\"wp-block-image\"><img decoding=\"async\" src=\"blob:https:\/\/alcaldiaalbertoadriani.com\/3628a7e8-aef2-4245-9724-cc4e771967c3\" alt=\"\"\/><\/figure>\n\n\n\n<figure class=\"wp-block-image\"><img decoding=\"async\" src=\"blob:https:\/\/alcaldiaalbertoadriani.com\/fc555fe6-0da7-45ed-9cb3-e6779a334ce6\" alt=\"\"\/><\/figure>\n\n\n\n<figure class=\"wp-block-image\"><img decoding=\"async\" src=\"blob:https:\/\/alcaldiaalbertoadriani.com\/5d0f083a-440b-4ad6-a1ed-1f419be3fe24\" alt=\"\"\/><\/figure>\n\n\n\n<figure class=\"wp-block-image\"><img decoding=\"async\" src=\"blob:https:\/\/alcaldiaalbertoadriani.com\/6e80b9b4-537b-424a-8330-7744fd444be1\" alt=\"\"\/><\/figure>\n<\/figure>\n","protected":false},"excerpt":{"rendered":"<p>La Fundaci\u00f3n Ni\u00f1os Color de mi Tierra presidida por la primera Dama, Yudith Parra, realiz\u00f3 la entrega de 30 Kits nutricionales correspondientes al programa \u201cUna Mano Amiga\u201d. La entrega se [&hellip;]<\/p>\n","protected":false},"author":2,"featured_media":6548,"comment_status":"open","ping_status":"closed","sticky":false,"template":"","format":"standard","meta":{"_et_pb_use_builder":"off","_et_pb_old_content":"","_et_gb_content_width":"","footnotes":""},"categories":[341,23,49,22,25],"tags":[31,11,12,15,30,29,28,654],"class_list":["post-6547","post","type-post","status-publish","format-standard","has-post-thumbnail","hentry","category-alcaldia-alberto-adriani","category-casa-del-nino-trabajador","category-cmdnna","category-fundacion-ninos-color-de-mi-tierra","category-nuestro-municipio","tag-alcalde","tag-alcaldia","tag-alcaldiaalbertoadriani","tag-elvigia","tag-lisandrosegura","tag-municipioquenosmerecemos","tag-porelrenacer","tag-fundacion-ninos-color-de-mi-tierra-entrego-30-kits-nutricionales"],"yoast_head":"<!-- This site is optimized with the Yoast SEO plugin v19.13 - https:\/\/yoast.com\/wordpress\/plugins\/seo\/ -->\n<title>Fundaci\u00f3n Ni\u00f1os Color de mi Tierra entreg\u00f3 30 kits nutricionales<\/title>\n<meta name=\"description\" content=\"La Fundaci\u00f3n Ni\u00f1os Color de mi Tierra presidida por la primera Dama, Yudith Parra, realiz\u00f3 la entrega de 30 Kits nutricionales.\" \/>\n<meta name=\"robots\" content=\"index, follow, max-snippet:-1, max-image-preview:large, max-video-preview:-1\" \/>\n<link rel=\"canonical\" href=\"https:\/\/alcaldiaalbertoadriani.com\/?p=6547\" \/>\n<meta property=\"og:locale\" content=\"es_ES\" \/>\n<meta property=\"og:type\" content=\"article\" \/>\n<meta property=\"og:title\" content=\"Fundaci\u00f3n Ni\u00f1os Color de mi Tierra entreg\u00f3 30 kits nutricionales\" \/>\n<meta property=\"og:description\" content=\"La Fundaci\u00f3n Ni\u00f1os Color de mi Tierra presidida por la primera Dama, Yudith Parra, realiz\u00f3 la entrega de 30 Kits nutricionales.\" \/>\n<meta property=\"og:url\" content=\"https:\/\/alcaldiaalbertoadriani.com\/?p=6547\" \/>\n<meta property=\"og:site_name\" content=\"Alcaldia Alberto Adriani\" \/>\n<meta property=\"article:published_time\" content=\"2024-05-16T19:14:24+00:00\" \/>\n<meta property=\"article:modified_time\" content=\"2024-05-16T19:14:32+00:00\" \/>\n<meta property=\"og:image\" content=\"https:\/\/alcaldiaalbertoadriani.com\/wp-content\/uploads\/2024\/05\/photo1715885452.jpeg\" \/>\n\t<meta property=\"og:image:width\" content=\"1280\" \/>\n\t<meta property=\"og:image:height\" content=\"960\" \/>\n\t<meta property=\"og:image:type\" content=\"image\/jpeg\" \/>\n<meta name=\"author\" content=\"Prensa\" \/>\n<meta name=\"twitter:card\" content=\"summary_large_image\" \/>\n<meta name=\"twitter:label1\" content=\"Escrito por\" \/>\n\t<meta name=\"twitter:data1\" content=\"Prensa\" \/>\n\t<meta name=\"twitter:label2\" content=\"Tiempo de lectura\" \/>\n\t<meta name=\"twitter:data2\" content=\"4 minutos\" \/>\n<script type=\"application\/ld+json\" class=\"yoast-schema-graph\">{\"@context\":\"https:\/\/schema.org\",\"@graph\":[{\"@type\":\"WebPage\",\"@id\":\"https:\/\/alcaldiaalbertoadriani.com\/?p=6547\",\"url\":\"https:\/\/alcaldiaalbertoadriani.com\/?p=6547\",\"name\":\"Fundaci\u00f3n Ni\u00f1os Color de mi Tierra entreg\u00f3 30 kits nutricionales\",\"isPartOf\":{\"@id\":\"https:\/\/alcaldiaalbertoadriani.com\/#website\"},\"datePublished\":\"2024-05-16T19:14:24+00:00\",\"dateModified\":\"2024-05-16T19:14:32+00:00\",\"author\":{\"@id\":\"https:\/\/alcaldiaalbertoadriani.com\/#\/schema\/person\/549b4483ff8999ac780deeea78795fc9\"},\"description\":\"La Fundaci\u00f3n Ni\u00f1os Color de mi Tierra presidida por la primera Dama, Yudith Parra, realiz\u00f3 la entrega de 30 Kits nutricionales.\",\"breadcrumb\":{\"@id\":\"https:\/\/alcaldiaalbertoadriani.com\/?p=6547#breadcrumb\"},\"inLanguage\":\"es\",\"potentialAction\":[{\"@type\":\"ReadAction\",\"target\":[\"https:\/\/alcaldiaalbertoadriani.com\/?p=6547\"]}]},{\"@type\":\"BreadcrumbList\",\"@id\":\"https:\/\/alcaldiaalbertoadriani.com\/?p=6547#breadcrumb\",\"itemListElement\":[{\"@type\":\"ListItem\",\"position\":1,\"name\":\"Portada\",\"item\":\"https:\/\/alcaldiaalbertoadriani.com\/\"},{\"@type\":\"ListItem\",\"position\":2,\"name\":\"Fundaci\u00f3n Ni\u00f1os Color de mi Tierra entreg\u00f3 30 kits nutricionales del programa Una Mano Amiga\"}]},{\"@type\":\"WebSite\",\"@id\":\"https:\/\/alcaldiaalbertoadriani.com\/#website\",\"url\":\"https:\/\/alcaldiaalbertoadriani.com\/\",\"name\":\"Alcaldia Alberto Adriani\",\"description\":\"\",\"potentialAction\":[{\"@type\":\"SearchAction\",\"target\":{\"@type\":\"EntryPoint\",\"urlTemplate\":\"https:\/\/alcaldiaalbertoadriani.com\/?s={search_term_string}\"},\"query-input\":\"required name=search_term_string\"}],\"inLanguage\":\"es\"},{\"@type\":\"Person\",\"@id\":\"https:\/\/alcaldiaalbertoadriani.com\/#\/schema\/person\/549b4483ff8999ac780deeea78795fc9\",\"name\":\"Prensa\",\"image\":{\"@type\":\"ImageObject\",\"inLanguage\":\"es\",\"@id\":\"https:\/\/alcaldiaalbertoadriani.com\/#\/schema\/person\/image\/\",\"url\":\"https:\/\/secure.gravatar.com\/avatar\/ea1cb567ea992a29627f4eee1c2eb185ec16decec6342d508fdf18dedb56c9de?s=96&d=mm&r=g\",\"contentUrl\":\"https:\/\/secure.gravatar.com\/avatar\/ea1cb567ea992a29627f4eee1c2eb185ec16decec6342d508fdf18dedb56c9de?s=96&d=mm&r=g\",\"caption\":\"Prensa\"},\"url\":\"https:\/\/alcaldiaalbertoadriani.com\/?author=2\"}]}<\/script>\n<!-- \/ Yoast SEO plugin. -->","yoast_head_json":{"title":"Fundaci\u00f3n Ni\u00f1os Color de mi Tierra entreg\u00f3 30 kits nutricionales","description":"La Fundaci\u00f3n Ni\u00f1os Color de mi Tierra presidida por la primera Dama, Yudith Parra, realiz\u00f3 la entrega de 30 Kits nutricionales.","robots":{"index":"index","follow":"follow","max-snippet":"max-snippet:-1","max-image-preview":"max-image-preview:large","max-video-preview":"max-video-preview:-1"},"canonical":"https:\/\/alcaldiaalbertoadriani.com\/?p=6547","og_locale":"es_ES","og_type":"article","og_title":"Fundaci\u00f3n Ni\u00f1os Color de mi Tierra entreg\u00f3 30 kits nutricionales","og_description":"La Fundaci\u00f3n Ni\u00f1os Color de mi Tierra presidida por la primera Dama, Yudith Parra, realiz\u00f3 la entrega de 30 Kits nutricionales.","og_url":"https:\/\/alcaldiaalbertoadriani.com\/?p=6547","og_site_name":"Alcaldia Alberto Adriani","article_published_time":"2024-05-16T19:14:24+00:00","article_modified_time":"2024-05-16T19:14:32+00:00","og_image":[{"width":1280,"height":960,"url":"https:\/\/alcaldiaalbertoadriani.com\/wp-content\/uploads\/2024\/05\/photo1715885452.jpeg","type":"image\/jpeg"}],"author":"Prensa","twitter_card":"summary_large_image","twitter_misc":{"Escrito por":"Prensa","Tiempo de lectura":"4 minutos"},"schema":{"@context":"https:\/\/schema.org","@graph":[{"@type":"WebPage","@id":"https:\/\/alcaldiaalbertoadriani.com\/?p=6547","url":"https:\/\/alcaldiaalbertoadriani.com\/?p=6547","name":"Fundaci\u00f3n Ni\u00f1os Color de mi Tierra entreg\u00f3 30 kits nutricionales","isPartOf":{"@id":"https:\/\/alcaldiaalbertoadriani.com\/#website"},"datePublished":"2024-05-16T19:14:24+00:00","dateModified":"2024-05-16T19:14:32+00:00","author":{"@id":"https:\/\/alcaldiaalbertoadriani.com\/#\/schema\/person\/549b4483ff8999ac780deeea78795fc9"},"description":"La Fundaci\u00f3n Ni\u00f1os Color de mi Tierra presidida por la primera Dama, Yudith Parra, realiz\u00f3 la entrega de 30 Kits nutricionales.","breadcrumb":{"@id":"https:\/\/alcaldiaalbertoadriani.com\/?p=6547#breadcrumb"},"inLanguage":"es","potentialAction":[{"@type":"ReadAction","target":["https:\/\/alcaldiaalbertoadriani.com\/?p=6547"]}]},{"@type":"BreadcrumbList","@id":"https:\/\/alcaldiaalbertoadriani.com\/?p=6547#breadcrumb","itemListElement":[{"@type":"ListItem","position":1,"name":"Portada","item":"https:\/\/alcaldiaalbertoadriani.com\/"},{"@type":"ListItem","position":2,"name":"Fundaci\u00f3n Ni\u00f1os Color de mi Tierra entreg\u00f3 30 kits nutricionales del programa Una Mano Amiga"}]},{"@type":"WebSite","@id":"https:\/\/alcaldiaalbertoadriani.com\/#website","url":"https:\/\/alcaldiaalbertoadriani.com\/","name":"Alcaldia Alberto Adriani","description":"","potentialAction":[{"@type":"SearchAction","target":{"@type":"EntryPoint","urlTemplate":"https:\/\/alcaldiaalbertoadriani.com\/?s={search_term_string}"},"query-input":"required name=search_term_string"}],"inLanguage":"es"},{"@type":"Person","@id":"https:\/\/alcaldiaalbertoadriani.com\/#\/schema\/person\/549b4483ff8999ac780deeea78795fc9","name":"Prensa","image":{"@type":"ImageObject","inLanguage":"es","@id":"https:\/\/alcaldiaalbertoadriani.com\/#\/schema\/person\/image\/","url":"https:\/\/secure.gravatar.com\/avatar\/ea1cb567ea992a29627f4eee1c2eb185ec16decec6342d508fdf18dedb56c9de?s=96&d=mm&r=g","contentUrl":"https:\/\/secure.gravatar.com\/avatar\/ea1cb567ea992a29627f4eee1c2eb185ec16decec6342d508fdf18dedb56c9de?s=96&d=mm&r=g","caption":"Prensa"},"url":"https:\/\/alcaldiaalbertoadriani.com\/?author=2"}]}},"_links":{"self":[{"href":"https:\/\/alcaldiaalbertoadriani.com\/index.php?rest_route=\/wp\/v2\/posts\/6547","targetHints":{"allow":["GET"]}}],"collection":[{"href":"https:\/\/alcaldiaalbertoadriani.com\/index.php?rest_route=\/wp\/v2\/posts"}],"about":[{"href":"https:\/\/alcaldiaalbertoadriani.com\/index.php?rest_route=\/wp\/v2\/types\/post"}],"author":[{"embeddable":true,"href":"https:\/\/alcaldiaalbertoadriani.com\/index.php?rest_route=\/wp\/v2\/users\/2"}],"replies":[{"embeddable":true,"href":"https:\/\/alcaldiaalbertoadriani.com\/index.php?rest_route=%2Fwp%2Fv2%2Fcomments&post=6547"}],"version-history":[{"count":2,"href":"https:\/\/alcaldiaalbertoadriani.com\/index.php?rest_route=\/wp\/v2\/posts\/6547\/revisions"}],"predecessor-version":[{"id":6559,"href":"https:\/\/alcaldiaalbertoadriani.com\/index.php?rest_route=\/wp\/v2\/posts\/6547\/revisions\/6559"}],"wp:featuredmedia":[{"embeddable":true,"href":"https:\/\/alcaldiaalbertoadriani.com\/index.php?rest_route=\/wp\/v2\/media\/6548"}],"wp:attachment":[{"href":"https:\/\/alcaldiaalbertoadriani.com\/index.php?rest_route=%2Fwp%2Fv2%2Fmedia&parent=6547"}],"wp:term":[{"taxonomy":"category","embeddable":true,"href":"https:\/\/alcaldiaalbertoadriani.com\/index.php?rest_route=%2Fwp%2Fv2%2Fcategories&post=6547"},{"taxonomy":"post_tag","embeddable":true,"href":"https:\/\/alcaldiaalbertoadriani.com\/index.php?rest_route=%2Fwp%2Fv2%2Ftags&post=6547"}],"curies":[{"name":"wp","href":"https:\/\/api.w.org\/{rel}","templated":true}]}}