{"id":6482,"date":"2024-05-14T15:43:19","date_gmt":"2024-05-14T15:43:19","guid":{"rendered":"https:\/\/alcaldiaalbertoadriani.com\/?p=6482"},"modified":"2024-05-14T17:11:31","modified_gmt":"2024-05-14T17:11:31","slug":"candidata-karen-mora-encanto-con-baile-en-su-prueba-de-talento","status":"publish","type":"post","link":"https:\/\/alcaldiaalbertoadriani.com\/?p=6482","title":{"rendered":"Candidata Karen Mora encant\u00f3 con baile de inspiraci\u00f3n espa\u00f1ola en su prueba de talento"},"content":{"rendered":"\n<h2 class=\"wp-block-heading\"><strong>Le acompa\u00f1aron las hermosas candidatas representantes de las siete parroquias vigienses<\/strong><\/h2>\n\n\n\n<p><\/p>\n\n\n\n<p>En el marco de las Ferias y Fiestas El Vig\u00eda 2024, la organizaci\u00f3n <a href=\"https:\/\/alcaldiaalbertoadriani.com\/?p=6458\" target=\"_blank\" rel=\"noreferrer noopener\">FeriVig\u00eda<\/a> viene acompa\u00f1ando a las candidatas en sus pruebas de talento, en esta ocasi\u00f3n, Karen Mora, digna representante de la <a href=\"https:\/\/alcaldiaalbertoadriani.com\/?p=3904\" target=\"_blank\" rel=\"noreferrer noopener\">parroquia H\u00e9ctor Amable Mora<\/a>, cautiv\u00f3 a la audiencia con un baile inspirado en la magia y el folklore espa\u00f1ol. El evento se llev\u00f3 a cabo en la pintoresca comunidad de Mucujepe, capital de dicha parroquia vig\u00edense.<\/p>\n\n\n\n<!--more-->\n\n\n\n<p>La velada cont\u00f3 con la presencia de miembros de FeriVig\u00eda; las hermosas candidatas representantes de las dem\u00e1s parroquias, el Jurado Calificador; directivos de la Asociaci\u00f3n de Ganaderos y Agricultores Alberto Adriani \u2013Asodegaa-; la concejal del circuito Kellys Contreras y la Reina Taurina de FeriVig\u00eda 2022, Milena Soto.<\/p>\n\n\n\n<figure class=\"wp-block-image size-large\"><img loading=\"lazy\" decoding=\"async\" width=\"1024\" height=\"768\" src=\"https:\/\/alcaldiaalbertoadriani.com\/wp-content\/uploads\/2024\/05\/photo1715699228-2-1024x768.jpeg\" alt=\"\" class=\"wp-image-6484\" srcset=\"https:\/\/alcaldiaalbertoadriani.com\/wp-content\/uploads\/2024\/05\/photo1715699228-2-1024x768.jpeg 1024w, https:\/\/alcaldiaalbertoadriani.com\/wp-content\/uploads\/2024\/05\/photo1715699228-2-980x735.jpeg 980w, https:\/\/alcaldiaalbertoadriani.com\/wp-content\/uploads\/2024\/05\/photo1715699228-2-480x360.jpeg 480w\" sizes=\"auto, (min-width: 0px) and (max-width: 480px) 480px, (min-width: 481px) and (max-width: 980px) 980px, (min-width: 981px) 1024px, 100vw\" \/><\/figure>\n\n\n\n<p>Adem\u00e1s de la cautivadora presentaci\u00f3n, la noche se engalan\u00f3 con diversas actuaciones art\u00edsticas. El grupo DanceLovers deleit\u00f3 al p\u00fablico con un apasionado paso doble titulado &#8220;Amor Ataluz&#8221;, mientras que la Academia de Danzas y Modelaje DanceModel cautiv\u00f3 con una elegante danza \u00e1rabe. Por su parte, Danzas Terepaima present\u00f3 una vibrante coreograf\u00eda titulada &#8220;Preciosa Meride\u00f1a&#8221;.<\/p>\n\n\n\n<p>Para culminar la noche con broche de oro, la talentosa Milena Soto deslumbr\u00f3 al p\u00fablico con un joropo criollo nacionalista, dejando un grato recuerdo en la memoria de todos los presentes. <strong><em>Prensa Alcald\u00eda Alberto Adriani\/Edgar Mendoza CNP.25.736\/Fotos: Danny Ru\u00edz.<\/em><\/strong><\/p>\n\n\n\n<figure class=\"wp-block-gallery has-nested-images columns-default is-cropped wp-block-gallery-1 is-layout-flex wp-block-gallery-is-layout-flex\">\n<figure class=\"wp-block-image size-large\"><img loading=\"lazy\" decoding=\"async\" width=\"1024\" height=\"768\" data-id=\"6485\" src=\"https:\/\/alcaldiaalbertoadriani.com\/wp-content\/uploads\/2024\/05\/photo1715699228-1-1024x768.jpeg\" alt=\"\" class=\"wp-image-6485\" srcset=\"https:\/\/alcaldiaalbertoadriani.com\/wp-content\/uploads\/2024\/05\/photo1715699228-1-1024x768.jpeg 1024w, https:\/\/alcaldiaalbertoadriani.com\/wp-content\/uploads\/2024\/05\/photo1715699228-1-980x735.jpeg 980w, https:\/\/alcaldiaalbertoadriani.com\/wp-content\/uploads\/2024\/05\/photo1715699228-1-480x360.jpeg 480w\" sizes=\"auto, (min-width: 0px) and (max-width: 480px) 480px, (min-width: 481px) and (max-width: 980px) 980px, (min-width: 981px) 1024px, 100vw\" \/><\/figure>\n<\/figure>\n\n\n\n<figure class=\"wp-block-gallery has-nested-images columns-default is-cropped wp-block-gallery-2 is-layout-flex wp-block-gallery-is-layout-flex\">\n<figure class=\"wp-block-image size-large\"><img loading=\"lazy\" decoding=\"async\" width=\"1024\" height=\"768\" data-id=\"6486\" src=\"https:\/\/alcaldiaalbertoadriani.com\/wp-content\/uploads\/2024\/05\/photo1715699228-9-1024x768.jpeg\" alt=\"\" class=\"wp-image-6486\" srcset=\"https:\/\/alcaldiaalbertoadriani.com\/wp-content\/uploads\/2024\/05\/photo1715699228-9-1024x768.jpeg 1024w, https:\/\/alcaldiaalbertoadriani.com\/wp-content\/uploads\/2024\/05\/photo1715699228-9-980x735.jpeg 980w, https:\/\/alcaldiaalbertoadriani.com\/wp-content\/uploads\/2024\/05\/photo1715699228-9-480x360.jpeg 480w\" sizes=\"auto, (min-width: 0px) and (max-width: 480px) 480px, (min-width: 481px) and (max-width: 980px) 980px, (min-width: 981px) 1024px, 100vw\" \/><\/figure>\n\n\n\n<figure class=\"wp-block-image size-large\"><img loading=\"lazy\" decoding=\"async\" width=\"1024\" height=\"768\" data-id=\"6490\" src=\"https:\/\/alcaldiaalbertoadriani.com\/wp-content\/uploads\/2024\/05\/photo1715699228-3-1024x768.jpeg\" alt=\"\" class=\"wp-image-6490\" srcset=\"https:\/\/alcaldiaalbertoadriani.com\/wp-content\/uploads\/2024\/05\/photo1715699228-3-1024x768.jpeg 1024w, https:\/\/alcaldiaalbertoadriani.com\/wp-content\/uploads\/2024\/05\/photo1715699228-3-980x735.jpeg 980w, https:\/\/alcaldiaalbertoadriani.com\/wp-content\/uploads\/2024\/05\/photo1715699228-3-480x360.jpeg 480w\" sizes=\"auto, (min-width: 0px) and (max-width: 480px) 480px, (min-width: 481px) and (max-width: 980px) 980px, (min-width: 981px) 1024px, 100vw\" \/><\/figure>\n\n\n\n<figure class=\"wp-block-image size-large\"><img loading=\"lazy\" decoding=\"async\" width=\"1024\" height=\"768\" data-id=\"6487\" src=\"https:\/\/alcaldiaalbertoadriani.com\/wp-content\/uploads\/2024\/05\/photo1715699228-4-1024x768.jpeg\" alt=\"\" class=\"wp-image-6487\" srcset=\"https:\/\/alcaldiaalbertoadriani.com\/wp-content\/uploads\/2024\/05\/photo1715699228-4-1024x768.jpeg 1024w, https:\/\/alcaldiaalbertoadriani.com\/wp-content\/uploads\/2024\/05\/photo1715699228-4-980x735.jpeg 980w, https:\/\/alcaldiaalbertoadriani.com\/wp-content\/uploads\/2024\/05\/photo1715699228-4-480x360.jpeg 480w\" sizes=\"auto, (min-width: 0px) and (max-width: 480px) 480px, (min-width: 481px) and (max-width: 980px) 980px, (min-width: 981px) 1024px, 100vw\" \/><\/figure>\n\n\n\n<figure class=\"wp-block-image size-large\"><img loading=\"lazy\" decoding=\"async\" width=\"1024\" height=\"768\" data-id=\"6489\" src=\"https:\/\/alcaldiaalbertoadriani.com\/wp-content\/uploads\/2024\/05\/photo1715699228-5-1024x768.jpeg\" alt=\"\" class=\"wp-image-6489\" srcset=\"https:\/\/alcaldiaalbertoadriani.com\/wp-content\/uploads\/2024\/05\/photo1715699228-5-1024x768.jpeg 1024w, https:\/\/alcaldiaalbertoadriani.com\/wp-content\/uploads\/2024\/05\/photo1715699228-5-980x735.jpeg 980w, https:\/\/alcaldiaalbertoadriani.com\/wp-content\/uploads\/2024\/05\/photo1715699228-5-480x360.jpeg 480w\" sizes=\"auto, (min-width: 0px) and (max-width: 480px) 480px, (min-width: 481px) and (max-width: 980px) 980px, (min-width: 981px) 1024px, 100vw\" \/><\/figure>\n\n\n\n<figure class=\"wp-block-image size-large\"><img loading=\"lazy\" decoding=\"async\" width=\"768\" height=\"1024\" data-id=\"6492\" src=\"https:\/\/alcaldiaalbertoadriani.com\/wp-content\/uploads\/2024\/05\/photo1715699228-6-768x1024.jpeg\" alt=\"\" class=\"wp-image-6492\" srcset=\"https:\/\/alcaldiaalbertoadriani.com\/wp-content\/uploads\/2024\/05\/photo1715699228-6-768x1024.jpeg 768w, https:\/\/alcaldiaalbertoadriani.com\/wp-content\/uploads\/2024\/05\/photo1715699228-6-480x640.jpeg 480w\" sizes=\"auto, (min-width: 0px) and (max-width: 480px) 480px, (min-width: 481px) 768px, 100vw\" \/><\/figure>\n\n\n\n<figure class=\"wp-block-image size-large\"><img loading=\"lazy\" decoding=\"async\" width=\"1024\" height=\"768\" data-id=\"6491\" src=\"https:\/\/alcaldiaalbertoadriani.com\/wp-content\/uploads\/2024\/05\/photo1715699228-7-1024x768.jpeg\" alt=\"\" class=\"wp-image-6491\" srcset=\"https:\/\/alcaldiaalbertoadriani.com\/wp-content\/uploads\/2024\/05\/photo1715699228-7-1024x768.jpeg 1024w, https:\/\/alcaldiaalbertoadriani.com\/wp-content\/uploads\/2024\/05\/photo1715699228-7-980x735.jpeg 980w, https:\/\/alcaldiaalbertoadriani.com\/wp-content\/uploads\/2024\/05\/photo1715699228-7-480x360.jpeg 480w\" sizes=\"auto, (min-width: 0px) and (max-width: 480px) 480px, (min-width: 481px) and (max-width: 980px) 980px, (min-width: 981px) 1024px, 100vw\" \/><\/figure>\n\n\n\n<figure class=\"wp-block-image size-large\"><img loading=\"lazy\" decoding=\"async\" width=\"1024\" height=\"768\" data-id=\"6488\" src=\"https:\/\/alcaldiaalbertoadriani.com\/wp-content\/uploads\/2024\/05\/photo1715699228-8-1024x768.jpeg\" alt=\"\" class=\"wp-image-6488\" srcset=\"https:\/\/alcaldiaalbertoadriani.com\/wp-content\/uploads\/2024\/05\/photo1715699228-8-1024x768.jpeg 1024w, https:\/\/alcaldiaalbertoadriani.com\/wp-content\/uploads\/2024\/05\/photo1715699228-8-980x735.jpeg 980w, https:\/\/alcaldiaalbertoadriani.com\/wp-content\/uploads\/2024\/05\/photo1715699228-8-480x360.jpeg 480w\" sizes=\"auto, (min-width: 0px) and (max-width: 480px) 480px, (min-width: 481px) and (max-width: 980px) 980px, (min-width: 981px) 1024px, 100vw\" \/><\/figure>\n<\/figure>\n","protected":false},"excerpt":{"rendered":"<p>Le acompa\u00f1aron las hermosas candidatas representantes de las siete parroquias vigienses En el marco de las Ferias y Fiestas El Vig\u00eda 2024, la organizaci\u00f3n FeriVig\u00eda viene acompa\u00f1ando a las candidatas [&hellip;]<\/p>\n","protected":false},"author":2,"featured_media":6483,"comment_status":"open","ping_status":"closed","sticky":false,"template":"","format":"standard","meta":{"_et_pb_use_builder":"off","_et_pb_old_content":"","_et_gb_content_width":"","footnotes":""},"categories":[341,382,25],"tags":[31,11,12,15,30,29,28],"class_list":["post-6482","post","type-post","status-publish","format-standard","has-post-thumbnail","hentry","category-alcaldia-alberto-adriani","category-ferivigia","category-nuestro-municipio","tag-alcalde","tag-alcaldia","tag-alcaldiaalbertoadriani","tag-elvigia","tag-lisandrosegura","tag-municipioquenosmerecemos","tag-porelrenacer"],"yoast_head":"<!-- This site is optimized with the Yoast SEO plugin v19.13 - https:\/\/yoast.com\/wordpress\/plugins\/seo\/ -->\n<title>Candidata Karen Mora encant\u00f3 con baile en su prueba de talento<\/title>\n<meta name=\"description\" content=\"Karen Mora, representante de la parroquia H\u00e9ctor Amable Mora, cautiv\u00f3 a la audiencia con un baile inspirado en la magia y el folklore.\" \/>\n<meta name=\"robots\" content=\"index, follow, max-snippet:-1, max-image-preview:large, max-video-preview:-1\" \/>\n<link rel=\"canonical\" href=\"https:\/\/alcaldiaalbertoadriani.com\/?p=6482\" \/>\n<meta property=\"og:locale\" content=\"es_ES\" \/>\n<meta property=\"og:type\" content=\"article\" \/>\n<meta property=\"og:title\" content=\"Candidata Karen Mora encant\u00f3 con baile en su prueba de talento\" \/>\n<meta property=\"og:description\" content=\"Karen Mora, representante de la parroquia H\u00e9ctor Amable Mora, cautiv\u00f3 a la audiencia con un baile inspirado en la magia y el folklore.\" \/>\n<meta property=\"og:url\" content=\"https:\/\/alcaldiaalbertoadriani.com\/?p=6482\" \/>\n<meta property=\"og:site_name\" content=\"Alcaldia Alberto Adriani\" \/>\n<meta property=\"article:published_time\" content=\"2024-05-14T15:43:19+00:00\" \/>\n<meta property=\"article:modified_time\" content=\"2024-05-14T17:11:31+00:00\" \/>\n<meta property=\"og:image\" content=\"https:\/\/alcaldiaalbertoadriani.com\/wp-content\/uploads\/2024\/05\/photo1715699228.jpeg\" \/>\n\t<meta property=\"og:image:width\" content=\"1280\" \/>\n\t<meta property=\"og:image:height\" content=\"960\" \/>\n\t<meta property=\"og:image:type\" content=\"image\/jpeg\" \/>\n<meta name=\"author\" content=\"Prensa\" \/>\n<meta name=\"twitter:card\" content=\"summary_large_image\" \/>\n<meta name=\"twitter:label1\" content=\"Escrito por\" \/>\n\t<meta name=\"twitter:data1\" content=\"Prensa\" \/>\n\t<meta name=\"twitter:label2\" content=\"Tiempo de lectura\" \/>\n\t<meta name=\"twitter:data2\" content=\"3 minutos\" \/>\n<script type=\"application\/ld+json\" class=\"yoast-schema-graph\">{\"@context\":\"https:\/\/schema.org\",\"@graph\":[{\"@type\":\"WebPage\",\"@id\":\"https:\/\/alcaldiaalbertoadriani.com\/?p=6482\",\"url\":\"https:\/\/alcaldiaalbertoadriani.com\/?p=6482\",\"name\":\"Candidata Karen Mora encant\u00f3 con baile en su prueba de talento\",\"isPartOf\":{\"@id\":\"https:\/\/alcaldiaalbertoadriani.com\/#website\"},\"datePublished\":\"2024-05-14T15:43:19+00:00\",\"dateModified\":\"2024-05-14T17:11:31+00:00\",\"author\":{\"@id\":\"https:\/\/alcaldiaalbertoadriani.com\/#\/schema\/person\/549b4483ff8999ac780deeea78795fc9\"},\"description\":\"Karen Mora, representante de la parroquia H\u00e9ctor Amable Mora, cautiv\u00f3 a la audiencia con un baile inspirado en la magia y el folklore.\",\"breadcrumb\":{\"@id\":\"https:\/\/alcaldiaalbertoadriani.com\/?p=6482#breadcrumb\"},\"inLanguage\":\"es\",\"potentialAction\":[{\"@type\":\"ReadAction\",\"target\":[\"https:\/\/alcaldiaalbertoadriani.com\/?p=6482\"]}]},{\"@type\":\"BreadcrumbList\",\"@id\":\"https:\/\/alcaldiaalbertoadriani.com\/?p=6482#breadcrumb\",\"itemListElement\":[{\"@type\":\"ListItem\",\"position\":1,\"name\":\"Portada\",\"item\":\"https:\/\/alcaldiaalbertoadriani.com\/\"},{\"@type\":\"ListItem\",\"position\":2,\"name\":\"Candidata Karen Mora encant\u00f3 con baile de inspiraci\u00f3n espa\u00f1ola en su prueba de talento\"}]},{\"@type\":\"WebSite\",\"@id\":\"https:\/\/alcaldiaalbertoadriani.com\/#website\",\"url\":\"https:\/\/alcaldiaalbertoadriani.com\/\",\"name\":\"Alcaldia Alberto Adriani\",\"description\":\"\",\"potentialAction\":[{\"@type\":\"SearchAction\",\"target\":{\"@type\":\"EntryPoint\",\"urlTemplate\":\"https:\/\/alcaldiaalbertoadriani.com\/?s={search_term_string}\"},\"query-input\":\"required name=search_term_string\"}],\"inLanguage\":\"es\"},{\"@type\":\"Person\",\"@id\":\"https:\/\/alcaldiaalbertoadriani.com\/#\/schema\/person\/549b4483ff8999ac780deeea78795fc9\",\"name\":\"Prensa\",\"image\":{\"@type\":\"ImageObject\",\"inLanguage\":\"es\",\"@id\":\"https:\/\/alcaldiaalbertoadriani.com\/#\/schema\/person\/image\/\",\"url\":\"https:\/\/secure.gravatar.com\/avatar\/ea1cb567ea992a29627f4eee1c2eb185ec16decec6342d508fdf18dedb56c9de?s=96&d=mm&r=g\",\"contentUrl\":\"https:\/\/secure.gravatar.com\/avatar\/ea1cb567ea992a29627f4eee1c2eb185ec16decec6342d508fdf18dedb56c9de?s=96&d=mm&r=g\",\"caption\":\"Prensa\"},\"url\":\"https:\/\/alcaldiaalbertoadriani.com\/?author=2\"}]}<\/script>\n<!-- \/ Yoast SEO plugin. -->","yoast_head_json":{"title":"Candidata Karen Mora encant\u00f3 con baile en su prueba de talento","description":"Karen Mora, representante de la parroquia H\u00e9ctor Amable Mora, cautiv\u00f3 a la audiencia con un baile inspirado en la magia y el folklore.","robots":{"index":"index","follow":"follow","max-snippet":"max-snippet:-1","max-image-preview":"max-image-preview:large","max-video-preview":"max-video-preview:-1"},"canonical":"https:\/\/alcaldiaalbertoadriani.com\/?p=6482","og_locale":"es_ES","og_type":"article","og_title":"Candidata Karen Mora encant\u00f3 con baile en su prueba de talento","og_description":"Karen Mora, representante de la parroquia H\u00e9ctor Amable Mora, cautiv\u00f3 a la audiencia con un baile inspirado en la magia y el folklore.","og_url":"https:\/\/alcaldiaalbertoadriani.com\/?p=6482","og_site_name":"Alcaldia Alberto Adriani","article_published_time":"2024-05-14T15:43:19+00:00","article_modified_time":"2024-05-14T17:11:31+00:00","og_image":[{"width":1280,"height":960,"url":"https:\/\/alcaldiaalbertoadriani.com\/wp-content\/uploads\/2024\/05\/photo1715699228.jpeg","type":"image\/jpeg"}],"author":"Prensa","twitter_card":"summary_large_image","twitter_misc":{"Escrito por":"Prensa","Tiempo de lectura":"3 minutos"},"schema":{"@context":"https:\/\/schema.org","@graph":[{"@type":"WebPage","@id":"https:\/\/alcaldiaalbertoadriani.com\/?p=6482","url":"https:\/\/alcaldiaalbertoadriani.com\/?p=6482","name":"Candidata Karen Mora encant\u00f3 con baile en su prueba de talento","isPartOf":{"@id":"https:\/\/alcaldiaalbertoadriani.com\/#website"},"datePublished":"2024-05-14T15:43:19+00:00","dateModified":"2024-05-14T17:11:31+00:00","author":{"@id":"https:\/\/alcaldiaalbertoadriani.com\/#\/schema\/person\/549b4483ff8999ac780deeea78795fc9"},"description":"Karen Mora, representante de la parroquia H\u00e9ctor Amable Mora, cautiv\u00f3 a la audiencia con un baile inspirado en la magia y el folklore.","breadcrumb":{"@id":"https:\/\/alcaldiaalbertoadriani.com\/?p=6482#breadcrumb"},"inLanguage":"es","potentialAction":[{"@type":"ReadAction","target":["https:\/\/alcaldiaalbertoadriani.com\/?p=6482"]}]},{"@type":"BreadcrumbList","@id":"https:\/\/alcaldiaalbertoadriani.com\/?p=6482#breadcrumb","itemListElement":[{"@type":"ListItem","position":1,"name":"Portada","item":"https:\/\/alcaldiaalbertoadriani.com\/"},{"@type":"ListItem","position":2,"name":"Candidata Karen Mora encant\u00f3 con baile de inspiraci\u00f3n espa\u00f1ola en su prueba de talento"}]},{"@type":"WebSite","@id":"https:\/\/alcaldiaalbertoadriani.com\/#website","url":"https:\/\/alcaldiaalbertoadriani.com\/","name":"Alcaldia Alberto Adriani","description":"","potentialAction":[{"@type":"SearchAction","target":{"@type":"EntryPoint","urlTemplate":"https:\/\/alcaldiaalbertoadriani.com\/?s={search_term_string}"},"query-input":"required name=search_term_string"}],"inLanguage":"es"},{"@type":"Person","@id":"https:\/\/alcaldiaalbertoadriani.com\/#\/schema\/person\/549b4483ff8999ac780deeea78795fc9","name":"Prensa","image":{"@type":"ImageObject","inLanguage":"es","@id":"https:\/\/alcaldiaalbertoadriani.com\/#\/schema\/person\/image\/","url":"https:\/\/secure.gravatar.com\/avatar\/ea1cb567ea992a29627f4eee1c2eb185ec16decec6342d508fdf18dedb56c9de?s=96&d=mm&r=g","contentUrl":"https:\/\/secure.gravatar.com\/avatar\/ea1cb567ea992a29627f4eee1c2eb185ec16decec6342d508fdf18dedb56c9de?s=96&d=mm&r=g","caption":"Prensa"},"url":"https:\/\/alcaldiaalbertoadriani.com\/?author=2"}]}},"_links":{"self":[{"href":"https:\/\/alcaldiaalbertoadriani.com\/index.php?rest_route=\/wp\/v2\/posts\/6482","targetHints":{"allow":["GET"]}}],"collection":[{"href":"https:\/\/alcaldiaalbertoadriani.com\/index.php?rest_route=\/wp\/v2\/posts"}],"about":[{"href":"https:\/\/alcaldiaalbertoadriani.com\/index.php?rest_route=\/wp\/v2\/types\/post"}],"author":[{"embeddable":true,"href":"https:\/\/alcaldiaalbertoadriani.com\/index.php?rest_route=\/wp\/v2\/users\/2"}],"replies":[{"embeddable":true,"href":"https:\/\/alcaldiaalbertoadriani.com\/index.php?rest_route=%2Fwp%2Fv2%2Fcomments&post=6482"}],"version-history":[{"count":1,"href":"https:\/\/alcaldiaalbertoadriani.com\/index.php?rest_route=\/wp\/v2\/posts\/6482\/revisions"}],"predecessor-version":[{"id":6493,"href":"https:\/\/alcaldiaalbertoadriani.com\/index.php?rest_route=\/wp\/v2\/posts\/6482\/revisions\/6493"}],"wp:featuredmedia":[{"embeddable":true,"href":"https:\/\/alcaldiaalbertoadriani.com\/index.php?rest_route=\/wp\/v2\/media\/6483"}],"wp:attachment":[{"href":"https:\/\/alcaldiaalbertoadriani.com\/index.php?rest_route=%2Fwp%2Fv2%2Fmedia&parent=6482"}],"wp:term":[{"taxonomy":"category","embeddable":true,"href":"https:\/\/alcaldiaalbertoadriani.com\/index.php?rest_route=%2Fwp%2Fv2%2Fcategories&post=6482"},{"taxonomy":"post_tag","embeddable":true,"href":"https:\/\/alcaldiaalbertoadriani.com\/index.php?rest_route=%2Fwp%2Fv2%2Ftags&post=6482"}],"curies":[{"name":"wp","href":"https:\/\/api.w.org\/{rel}","templated":true}]}}