{"id":6435,"date":"2024-05-09T22:45:03","date_gmt":"2024-05-09T22:45:03","guid":{"rendered":"https:\/\/alcaldiaalbertoadriani.com\/?p=6435"},"modified":"2024-05-09T22:45:08","modified_gmt":"2024-05-09T22:45:08","slug":"tertulia-entre-medios-de-comunicacion-y-candidatas-ferivigia","status":"publish","type":"post","link":"https:\/\/alcaldiaalbertoadriani.com\/?p=6435","title":{"rendered":"Tertulia entre medios de comunicaci\u00f3n y candidatas FeriVig\u00eda: un encuentro ameno y lleno de simpat\u00eda"},"content":{"rendered":"\n<p><\/p>\n\n\n\n<p>En un ambiente ameno y lleno de simpat\u00eda, se realiz\u00f3 la tertulia entre los medios de comunicaci\u00f3n y las siete candidatas al reinado de las Ferias de El Vig\u00eda (FeriVig\u00eda) 2024, la cual tuvo lugar en el lobby de Juniotel.<\/p>\n\n\n\n<p>La velada permiti\u00f3 una interacci\u00f3n entre las aspirantes con los periodistas, locutores y representantes de los diversos medios de comunicaci\u00f3n que hacen vida en la jurisdicci\u00f3n.<\/p>\n\n\n\n<figure class=\"wp-block-image size-large\"><img loading=\"lazy\" decoding=\"async\" width=\"1024\" height=\"768\" src=\"https:\/\/alcaldiaalbertoadriani.com\/wp-content\/uploads\/2024\/05\/photo_5037444185610890472_y-1024x768.jpg\" alt=\"\" class=\"wp-image-6437\" srcset=\"https:\/\/alcaldiaalbertoadriani.com\/wp-content\/uploads\/2024\/05\/photo_5037444185610890472_y-1024x768.jpg 1024w, https:\/\/alcaldiaalbertoadriani.com\/wp-content\/uploads\/2024\/05\/photo_5037444185610890472_y-980x735.jpg 980w, https:\/\/alcaldiaalbertoadriani.com\/wp-content\/uploads\/2024\/05\/photo_5037444185610890472_y-480x360.jpg 480w\" sizes=\"auto, (min-width: 0px) and (max-width: 480px) 480px, (min-width: 481px) and (max-width: 980px) 980px, (min-width: 981px) 1024px, 100vw\" \/><\/figure>\n\n\n\n<p>Durante la tertulia, las siete hermosas candidatas al reinado Isamar, Virginia, Michelle, Mar\u00eda del Mar, \u00c1ngeles, Mar\u00eda de Jes\u00fas y Karen, compartieron sus experiencias con los presentes, lo cual sirvi\u00f3 para conocer m\u00e1s su parte humana y el gran potencial que tienen en diversas \u00e1reas.<\/p>\n\n\n\n<p>Las aspirantes a la corona de FeriVig\u00eda 2024 coincidieron en su motivaci\u00f3n de participar en las ferias como una plataforma para poder cumplir sus sue\u00f1os, vivir experiencias \u00fanicas y positivas, vencer obst\u00e1culos, aprender, as\u00ed como contribuir a la sociedad.<\/p>\n\n\n\n<p>Las participantes agradecieron a toda la organizaci\u00f3n FeriVig\u00eda presidida por Jorge \u00c1lvarez, a Mariela D\u00e1vila, vice-presidente y dem\u00e1s miembros, por el apoyo brindado en su formaci\u00f3n integral que les servir\u00e1 para su crecimiento.<\/p>\n\n\n\n<p>La tertulia cont\u00f3 con la presencia de la se\u00f1orita Milena Sotos, quien fuera Reina Taurina de FeriVig\u00eda 2022, y actualmente est\u00e1 representando al estado M\u00e9rida en el certamen Mis y M\u00edster Turismo 2024. <strong><em>Prensa Alcald\u00eda Alberto Adriani\/ Claribel Zambrano CNP: 11.843\/ Fotos: Danny Ru\u00edz.<\/em><\/strong><\/p>\n\n\n\n<figure class=\"wp-block-gallery has-nested-images columns-default is-cropped wp-block-gallery-1 is-layout-flex wp-block-gallery-is-layout-flex\">\n<figure class=\"wp-block-image\"><img decoding=\"async\" src=\"blob:https:\/\/alcaldiaalbertoadriani.com\/99e43569-d064-449d-a260-74549d4832fc\" alt=\"\"\/><\/figure>\n\n\n\n<figure class=\"wp-block-image\"><img decoding=\"async\" src=\"blob:https:\/\/alcaldiaalbertoadriani.com\/5266b762-161e-44cf-a62b-b84f5c4b45b8\" alt=\"\"\/><\/figure>\n<\/figure>\n","protected":false},"excerpt":{"rendered":"<p>En un ambiente ameno y lleno de simpat\u00eda, se realiz\u00f3 la tertulia entre los medios de comunicaci\u00f3n y las siete candidatas al reinado de las Ferias de El Vig\u00eda (FeriVig\u00eda) [&hellip;]<\/p>\n","protected":false},"author":2,"featured_media":6436,"comment_status":"open","ping_status":"closed","sticky":false,"template":"","format":"standard","meta":{"_et_pb_use_builder":"off","_et_pb_old_content":"","_et_gb_content_width":"","footnotes":""},"categories":[341,382,25],"tags":[31,11,12,30,29,28],"class_list":["post-6435","post","type-post","status-publish","format-standard","has-post-thumbnail","hentry","category-alcaldia-alberto-adriani","category-ferivigia","category-nuestro-municipio","tag-alcalde","tag-alcaldia","tag-alcaldiaalbertoadriani","tag-lisandrosegura","tag-municipioquenosmerecemos","tag-porelrenacer"],"yoast_head":"<!-- This site is optimized with the Yoast SEO plugin v19.13 - https:\/\/yoast.com\/wordpress\/plugins\/seo\/ -->\n<title>Tertulia entre medios de comunicaci\u00f3n y candidatas FeriVig\u00eda<\/title>\n<meta name=\"description\" content=\"Se realiz\u00f3 la tertulia entre los medios de comunicaci\u00f3n y las siete candidatas al reinado de las Ferias de El Vig\u00eda\" \/>\n<meta name=\"robots\" content=\"index, follow, max-snippet:-1, max-image-preview:large, max-video-preview:-1\" \/>\n<link rel=\"canonical\" href=\"https:\/\/alcaldiaalbertoadriani.com\/?p=6435\" \/>\n<meta property=\"og:locale\" content=\"es_ES\" \/>\n<meta property=\"og:type\" content=\"article\" \/>\n<meta property=\"og:title\" content=\"Tertulia entre medios de comunicaci\u00f3n y candidatas FeriVig\u00eda\" \/>\n<meta property=\"og:description\" content=\"Se realiz\u00f3 la tertulia entre los medios de comunicaci\u00f3n y las siete candidatas al reinado de las Ferias de El Vig\u00eda\" \/>\n<meta property=\"og:url\" content=\"https:\/\/alcaldiaalbertoadriani.com\/?p=6435\" \/>\n<meta property=\"og:site_name\" content=\"Alcaldia Alberto Adriani\" \/>\n<meta property=\"article:published_time\" content=\"2024-05-09T22:45:03+00:00\" \/>\n<meta property=\"article:modified_time\" content=\"2024-05-09T22:45:08+00:00\" \/>\n<meta property=\"og:image\" content=\"https:\/\/alcaldiaalbertoadriani.com\/wp-content\/uploads\/2024\/05\/photo_5037444185610890471_y.jpg\" \/>\n\t<meta property=\"og:image:width\" content=\"1280\" \/>\n\t<meta property=\"og:image:height\" content=\"960\" \/>\n\t<meta property=\"og:image:type\" content=\"image\/jpeg\" \/>\n<meta name=\"author\" content=\"Prensa\" \/>\n<meta name=\"twitter:card\" content=\"summary_large_image\" \/>\n<meta name=\"twitter:label1\" content=\"Escrito por\" \/>\n\t<meta name=\"twitter:data1\" content=\"Prensa\" \/>\n\t<meta name=\"twitter:label2\" content=\"Tiempo de lectura\" \/>\n\t<meta name=\"twitter:data2\" content=\"2 minutos\" \/>\n<script type=\"application\/ld+json\" class=\"yoast-schema-graph\">{\"@context\":\"https:\/\/schema.org\",\"@graph\":[{\"@type\":\"WebPage\",\"@id\":\"https:\/\/alcaldiaalbertoadriani.com\/?p=6435\",\"url\":\"https:\/\/alcaldiaalbertoadriani.com\/?p=6435\",\"name\":\"Tertulia entre medios de comunicaci\u00f3n y candidatas FeriVig\u00eda\",\"isPartOf\":{\"@id\":\"https:\/\/alcaldiaalbertoadriani.com\/#website\"},\"datePublished\":\"2024-05-09T22:45:03+00:00\",\"dateModified\":\"2024-05-09T22:45:08+00:00\",\"author\":{\"@id\":\"https:\/\/alcaldiaalbertoadriani.com\/#\/schema\/person\/549b4483ff8999ac780deeea78795fc9\"},\"description\":\"Se realiz\u00f3 la tertulia entre los medios de comunicaci\u00f3n y las siete candidatas al reinado de las Ferias de El Vig\u00eda\",\"breadcrumb\":{\"@id\":\"https:\/\/alcaldiaalbertoadriani.com\/?p=6435#breadcrumb\"},\"inLanguage\":\"es\",\"potentialAction\":[{\"@type\":\"ReadAction\",\"target\":[\"https:\/\/alcaldiaalbertoadriani.com\/?p=6435\"]}]},{\"@type\":\"BreadcrumbList\",\"@id\":\"https:\/\/alcaldiaalbertoadriani.com\/?p=6435#breadcrumb\",\"itemListElement\":[{\"@type\":\"ListItem\",\"position\":1,\"name\":\"Portada\",\"item\":\"https:\/\/alcaldiaalbertoadriani.com\/\"},{\"@type\":\"ListItem\",\"position\":2,\"name\":\"Tertulia entre medios de comunicaci\u00f3n y candidatas FeriVig\u00eda: un encuentro ameno y lleno de simpat\u00eda\"}]},{\"@type\":\"WebSite\",\"@id\":\"https:\/\/alcaldiaalbertoadriani.com\/#website\",\"url\":\"https:\/\/alcaldiaalbertoadriani.com\/\",\"name\":\"Alcaldia Alberto Adriani\",\"description\":\"\",\"potentialAction\":[{\"@type\":\"SearchAction\",\"target\":{\"@type\":\"EntryPoint\",\"urlTemplate\":\"https:\/\/alcaldiaalbertoadriani.com\/?s={search_term_string}\"},\"query-input\":\"required name=search_term_string\"}],\"inLanguage\":\"es\"},{\"@type\":\"Person\",\"@id\":\"https:\/\/alcaldiaalbertoadriani.com\/#\/schema\/person\/549b4483ff8999ac780deeea78795fc9\",\"name\":\"Prensa\",\"image\":{\"@type\":\"ImageObject\",\"inLanguage\":\"es\",\"@id\":\"https:\/\/alcaldiaalbertoadriani.com\/#\/schema\/person\/image\/\",\"url\":\"https:\/\/secure.gravatar.com\/avatar\/ea1cb567ea992a29627f4eee1c2eb185ec16decec6342d508fdf18dedb56c9de?s=96&d=mm&r=g\",\"contentUrl\":\"https:\/\/secure.gravatar.com\/avatar\/ea1cb567ea992a29627f4eee1c2eb185ec16decec6342d508fdf18dedb56c9de?s=96&d=mm&r=g\",\"caption\":\"Prensa\"},\"url\":\"https:\/\/alcaldiaalbertoadriani.com\/?author=2\"}]}<\/script>\n<!-- \/ Yoast SEO plugin. -->","yoast_head_json":{"title":"Tertulia entre medios de comunicaci\u00f3n y candidatas FeriVig\u00eda","description":"Se realiz\u00f3 la tertulia entre los medios de comunicaci\u00f3n y las siete candidatas al reinado de las Ferias de El Vig\u00eda","robots":{"index":"index","follow":"follow","max-snippet":"max-snippet:-1","max-image-preview":"max-image-preview:large","max-video-preview":"max-video-preview:-1"},"canonical":"https:\/\/alcaldiaalbertoadriani.com\/?p=6435","og_locale":"es_ES","og_type":"article","og_title":"Tertulia entre medios de comunicaci\u00f3n y candidatas FeriVig\u00eda","og_description":"Se realiz\u00f3 la tertulia entre los medios de comunicaci\u00f3n y las siete candidatas al reinado de las Ferias de El Vig\u00eda","og_url":"https:\/\/alcaldiaalbertoadriani.com\/?p=6435","og_site_name":"Alcaldia Alberto Adriani","article_published_time":"2024-05-09T22:45:03+00:00","article_modified_time":"2024-05-09T22:45:08+00:00","og_image":[{"width":1280,"height":960,"url":"https:\/\/alcaldiaalbertoadriani.com\/wp-content\/uploads\/2024\/05\/photo_5037444185610890471_y.jpg","type":"image\/jpeg"}],"author":"Prensa","twitter_card":"summary_large_image","twitter_misc":{"Escrito por":"Prensa","Tiempo de lectura":"2 minutos"},"schema":{"@context":"https:\/\/schema.org","@graph":[{"@type":"WebPage","@id":"https:\/\/alcaldiaalbertoadriani.com\/?p=6435","url":"https:\/\/alcaldiaalbertoadriani.com\/?p=6435","name":"Tertulia entre medios de comunicaci\u00f3n y candidatas FeriVig\u00eda","isPartOf":{"@id":"https:\/\/alcaldiaalbertoadriani.com\/#website"},"datePublished":"2024-05-09T22:45:03+00:00","dateModified":"2024-05-09T22:45:08+00:00","author":{"@id":"https:\/\/alcaldiaalbertoadriani.com\/#\/schema\/person\/549b4483ff8999ac780deeea78795fc9"},"description":"Se realiz\u00f3 la tertulia entre los medios de comunicaci\u00f3n y las siete candidatas al reinado de las Ferias de El Vig\u00eda","breadcrumb":{"@id":"https:\/\/alcaldiaalbertoadriani.com\/?p=6435#breadcrumb"},"inLanguage":"es","potentialAction":[{"@type":"ReadAction","target":["https:\/\/alcaldiaalbertoadriani.com\/?p=6435"]}]},{"@type":"BreadcrumbList","@id":"https:\/\/alcaldiaalbertoadriani.com\/?p=6435#breadcrumb","itemListElement":[{"@type":"ListItem","position":1,"name":"Portada","item":"https:\/\/alcaldiaalbertoadriani.com\/"},{"@type":"ListItem","position":2,"name":"Tertulia entre medios de comunicaci\u00f3n y candidatas FeriVig\u00eda: un encuentro ameno y lleno de simpat\u00eda"}]},{"@type":"WebSite","@id":"https:\/\/alcaldiaalbertoadriani.com\/#website","url":"https:\/\/alcaldiaalbertoadriani.com\/","name":"Alcaldia Alberto Adriani","description":"","potentialAction":[{"@type":"SearchAction","target":{"@type":"EntryPoint","urlTemplate":"https:\/\/alcaldiaalbertoadriani.com\/?s={search_term_string}"},"query-input":"required name=search_term_string"}],"inLanguage":"es"},{"@type":"Person","@id":"https:\/\/alcaldiaalbertoadriani.com\/#\/schema\/person\/549b4483ff8999ac780deeea78795fc9","name":"Prensa","image":{"@type":"ImageObject","inLanguage":"es","@id":"https:\/\/alcaldiaalbertoadriani.com\/#\/schema\/person\/image\/","url":"https:\/\/secure.gravatar.com\/avatar\/ea1cb567ea992a29627f4eee1c2eb185ec16decec6342d508fdf18dedb56c9de?s=96&d=mm&r=g","contentUrl":"https:\/\/secure.gravatar.com\/avatar\/ea1cb567ea992a29627f4eee1c2eb185ec16decec6342d508fdf18dedb56c9de?s=96&d=mm&r=g","caption":"Prensa"},"url":"https:\/\/alcaldiaalbertoadriani.com\/?author=2"}]}},"_links":{"self":[{"href":"https:\/\/alcaldiaalbertoadriani.com\/index.php?rest_route=\/wp\/v2\/posts\/6435","targetHints":{"allow":["GET"]}}],"collection":[{"href":"https:\/\/alcaldiaalbertoadriani.com\/index.php?rest_route=\/wp\/v2\/posts"}],"about":[{"href":"https:\/\/alcaldiaalbertoadriani.com\/index.php?rest_route=\/wp\/v2\/types\/post"}],"author":[{"embeddable":true,"href":"https:\/\/alcaldiaalbertoadriani.com\/index.php?rest_route=\/wp\/v2\/users\/2"}],"replies":[{"embeddable":true,"href":"https:\/\/alcaldiaalbertoadriani.com\/index.php?rest_route=%2Fwp%2Fv2%2Fcomments&post=6435"}],"version-history":[{"count":2,"href":"https:\/\/alcaldiaalbertoadriani.com\/index.php?rest_route=\/wp\/v2\/posts\/6435\/revisions"}],"predecessor-version":[{"id":6441,"href":"https:\/\/alcaldiaalbertoadriani.com\/index.php?rest_route=\/wp\/v2\/posts\/6435\/revisions\/6441"}],"wp:featuredmedia":[{"embeddable":true,"href":"https:\/\/alcaldiaalbertoadriani.com\/index.php?rest_route=\/wp\/v2\/media\/6436"}],"wp:attachment":[{"href":"https:\/\/alcaldiaalbertoadriani.com\/index.php?rest_route=%2Fwp%2Fv2%2Fmedia&parent=6435"}],"wp:term":[{"taxonomy":"category","embeddable":true,"href":"https:\/\/alcaldiaalbertoadriani.com\/index.php?rest_route=%2Fwp%2Fv2%2Fcategories&post=6435"},{"taxonomy":"post_tag","embeddable":true,"href":"https:\/\/alcaldiaalbertoadriani.com\/index.php?rest_route=%2Fwp%2Fv2%2Ftags&post=6435"}],"curies":[{"name":"wp","href":"https:\/\/api.w.org\/{rel}","templated":true}]}}