{"id":6135,"date":"2024-04-24T20:25:34","date_gmt":"2024-04-24T20:25:34","guid":{"rendered":"https:\/\/alcaldiaalbertoadriani.com\/?p=6135"},"modified":"2024-04-24T20:25:41","modified_gmt":"2024-04-24T20:25:41","slug":"gipul-realiza-trabajos-para-corregir-fugas-de-agua-en-el-vigia","status":"publish","type":"post","link":"https:\/\/alcaldiaalbertoadriani.com\/?p=6135","title":{"rendered":"Gipul realiza trabajos para corregir fugas de agua en El Vig\u00eda"},"content":{"rendered":"\n<h2 class=\"wp-block-heading\"><strong>Tambi\u00e9n inspeccionan lugares en donde se aplicar\u00e1 el Plan de Asfaltado y Bacheo 2024<\/strong><\/h2>\n\n\n\n<p><\/p>\n\n\n\n<p>Personal de la <a href=\"http:\/\/gerencia de Ingenier\u00eda y Planeamiento Urbano Local\" target=\"_blank\" rel=\"noreferrer noopener\">gerencia de Ingenier\u00eda y Planeamiento Urbano Local<\/a> -Gipul-, del <a href=\"https:\/\/alcaldiaalbertoadriani.com\/?p=5704\" target=\"_blank\" rel=\"noreferrer noopener\">municipio Alberto Adriani<\/a> realiza diversos trabajos para corregir fugas de aguas servidas y aguas blancas en el municipio Alberto Adriani.<\/p>\n\n\n\n<!--more-->\n\n\n\n<p>La gerente de esta dependencia, Minerva Mora, inform\u00f3 que se han corregido nueve fugas de aguas servidas y dos de aguas blancas. Tambi\u00e9n se han reparado dos medidores de aguas blancas y se han levantado seis alcantarillas en distintas zonas de la capital vig\u00edense.<\/p>\n\n\n\n<figure class=\"wp-block-image size-large\"><img loading=\"lazy\" decoding=\"async\" width=\"768\" height=\"1024\" src=\"https:\/\/alcaldiaalbertoadriani.com\/wp-content\/uploads\/2024\/04\/WhatsApp-Image-2024-04-24-at-1.25.52-PM-768x1024.jpeg\" alt=\"\" class=\"wp-image-6137\" srcset=\"https:\/\/alcaldiaalbertoadriani.com\/wp-content\/uploads\/2024\/04\/WhatsApp-Image-2024-04-24-at-1.25.52-PM-768x1024.jpeg 768w, https:\/\/alcaldiaalbertoadriani.com\/wp-content\/uploads\/2024\/04\/WhatsApp-Image-2024-04-24-at-1.25.52-PM-480x640.jpeg 480w\" sizes=\"auto, (min-width: 0px) and (max-width: 480px) 480px, (min-width: 481px) 768px, 100vw\" \/><\/figure>\n\n\n\n<p>\u201cTambi\u00e9n se ha reparado una tuber\u00eda de aguas blancas, con la sustituci\u00f3n de dos juntas de cuatro pulgadas. Estos trabajos se han realizado en conjunto con la empresa Aguas de M\u00e9rida\u201d, asever\u00f3.<\/p>\n\n\n\n<p>Mora dijo que el equipo multidisciplinario que est\u00e1 bajo su cargo, contin\u00faa realizando inspecciones para pr\u00f3ximas correcciones de las fugas.<\/p>\n\n\n\n<h2 class=\"wp-block-heading\">&nbsp;<strong>Plan de asfaltado<\/strong><\/h2>\n\n\n\n<p>Por otro lado, Minerva Mora agreg\u00f3 que vienen inspeccionando los lugares en donde se aplicar\u00e1 el Plan de Asfaltado y Bacheo 2024.<\/p>\n\n\n\n<p>Al cierre, la titular de la Gipul destac\u00f3 que todas estas son pol\u00edticas p\u00fablicas del alcalde <a href=\"https:\/\/www.instagram.com\/lisandrosegura02\/\" target=\"_blank\" rel=\"noreferrer noopener\">Lisandro Segura<\/a>, con el prop\u00f3sito de brindar calidad de los servicios al pueblo vig\u00edense. <strong><em>Prensa Alcald\u00eda Alberto Adriani\/Edgar Mendoza CNP.25.736\/Fotos cortes\u00eda Gipul<\/em><\/strong><\/p>\n\n\n\n<figure class=\"wp-block-gallery has-nested-images columns-default is-cropped wp-block-gallery-1 is-layout-flex wp-block-gallery-is-layout-flex\">\n<figure class=\"wp-block-image size-large\"><img loading=\"lazy\" decoding=\"async\" width=\"768\" height=\"1024\" data-id=\"6138\" src=\"https:\/\/alcaldiaalbertoadriani.com\/wp-content\/uploads\/2024\/04\/WhatsApp-Image-2024-04-24-at-1.25.51-PM-768x1024.jpeg\" alt=\"\" class=\"wp-image-6138\" srcset=\"https:\/\/alcaldiaalbertoadriani.com\/wp-content\/uploads\/2024\/04\/WhatsApp-Image-2024-04-24-at-1.25.51-PM-768x1024.jpeg 768w, https:\/\/alcaldiaalbertoadriani.com\/wp-content\/uploads\/2024\/04\/WhatsApp-Image-2024-04-24-at-1.25.51-PM-480x640.jpeg 480w\" sizes=\"auto, (min-width: 0px) and (max-width: 480px) 480px, (min-width: 481px) 768px, 100vw\" \/><\/figure>\n\n\n\n<figure class=\"wp-block-image size-large\"><img loading=\"lazy\" decoding=\"async\" width=\"768\" height=\"1024\" data-id=\"6139\" src=\"https:\/\/alcaldiaalbertoadriani.com\/wp-content\/uploads\/2024\/04\/WhatsApp-Image-2024-04-24-at-1.25.53-PM-768x1024.jpeg\" alt=\"\" class=\"wp-image-6139\" srcset=\"https:\/\/alcaldiaalbertoadriani.com\/wp-content\/uploads\/2024\/04\/WhatsApp-Image-2024-04-24-at-1.25.53-PM-768x1024.jpeg 768w, https:\/\/alcaldiaalbertoadriani.com\/wp-content\/uploads\/2024\/04\/WhatsApp-Image-2024-04-24-at-1.25.53-PM-480x640.jpeg 480w\" sizes=\"auto, (min-width: 0px) and (max-width: 480px) 480px, (min-width: 481px) 768px, 100vw\" \/><\/figure>\n<\/figure>\n","protected":false},"excerpt":{"rendered":"<p>Tambi\u00e9n inspeccionan lugares en donde se aplicar\u00e1 el Plan de Asfaltado y Bacheo 2024 Personal de la gerencia de Ingenier\u00eda y Planeamiento Urbano Local -Gipul-, del municipio Alberto Adriani realiza [&hellip;]<\/p>\n","protected":false},"author":2,"featured_media":6136,"comment_status":"open","ping_status":"closed","sticky":false,"template":"","format":"standard","meta":{"_et_pb_use_builder":"off","_et_pb_old_content":"","_et_gb_content_width":"","footnotes":""},"categories":[341,197,25],"tags":[31,11,12,15,706,30,29,28],"class_list":["post-6135","post","type-post","status-publish","format-standard","has-post-thumbnail","hentry","category-alcaldia-alberto-adriani","category-gipul","category-nuestro-municipio","tag-alcalde","tag-alcaldia","tag-alcaldiaalbertoadriani","tag-elvigia","tag-gipul-realiza-trabajos-para-corregir-fugas-de-agua-en-el-vigia-2","tag-lisandrosegura","tag-municipioquenosmerecemos","tag-porelrenacer"],"yoast_head":"<!-- This site is optimized with the Yoast SEO plugin v19.13 - https:\/\/yoast.com\/wordpress\/plugins\/seo\/ -->\n<title>Gipul realiza trabajos para corregir fugas de agua en El Vig\u00eda<\/title>\n<meta name=\"robots\" content=\"index, follow, max-snippet:-1, max-image-preview:large, max-video-preview:-1\" \/>\n<link rel=\"canonical\" href=\"https:\/\/alcaldiaalbertoadriani.com\/?p=6135\" \/>\n<meta property=\"og:locale\" content=\"es_ES\" \/>\n<meta property=\"og:type\" content=\"article\" \/>\n<meta property=\"og:title\" content=\"Gipul realiza trabajos para corregir fugas de agua en El Vig\u00eda\" \/>\n<meta property=\"og:description\" content=\"Tambi\u00e9n inspeccionan lugares en donde se aplicar\u00e1 el Plan de Asfaltado y Bacheo 2024 Personal de la gerencia de Ingenier\u00eda y Planeamiento Urbano Local -Gipul-, del municipio Alberto Adriani realiza [&hellip;]\" \/>\n<meta property=\"og:url\" content=\"https:\/\/alcaldiaalbertoadriani.com\/?p=6135\" \/>\n<meta property=\"og:site_name\" content=\"Alcaldia Alberto Adriani\" \/>\n<meta property=\"article:published_time\" content=\"2024-04-24T20:25:34+00:00\" \/>\n<meta property=\"article:modified_time\" content=\"2024-04-24T20:25:41+00:00\" \/>\n<meta property=\"og:image\" content=\"https:\/\/alcaldiaalbertoadriani.com\/wp-content\/uploads\/2024\/04\/WhatsApp-Image-2024-04-24-at-1.25.51-PM-1.jpeg\" \/>\n\t<meta property=\"og:image:width\" content=\"960\" \/>\n\t<meta property=\"og:image:height\" content=\"1280\" \/>\n\t<meta property=\"og:image:type\" content=\"image\/jpeg\" \/>\n<meta name=\"author\" content=\"Prensa\" \/>\n<meta name=\"twitter:card\" content=\"summary_large_image\" \/>\n<meta name=\"twitter:label1\" content=\"Escrito por\" \/>\n\t<meta name=\"twitter:data1\" content=\"Prensa\" \/>\n\t<meta name=\"twitter:label2\" content=\"Tiempo de lectura\" \/>\n\t<meta name=\"twitter:data2\" content=\"2 minutos\" \/>\n<script type=\"application\/ld+json\" class=\"yoast-schema-graph\">{\"@context\":\"https:\/\/schema.org\",\"@graph\":[{\"@type\":\"WebPage\",\"@id\":\"https:\/\/alcaldiaalbertoadriani.com\/?p=6135\",\"url\":\"https:\/\/alcaldiaalbertoadriani.com\/?p=6135\",\"name\":\"Gipul realiza trabajos para corregir fugas de agua en El Vig\u00eda\",\"isPartOf\":{\"@id\":\"https:\/\/alcaldiaalbertoadriani.com\/#website\"},\"datePublished\":\"2024-04-24T20:25:34+00:00\",\"dateModified\":\"2024-04-24T20:25:41+00:00\",\"author\":{\"@id\":\"https:\/\/alcaldiaalbertoadriani.com\/#\/schema\/person\/549b4483ff8999ac780deeea78795fc9\"},\"breadcrumb\":{\"@id\":\"https:\/\/alcaldiaalbertoadriani.com\/?p=6135#breadcrumb\"},\"inLanguage\":\"es\",\"potentialAction\":[{\"@type\":\"ReadAction\",\"target\":[\"https:\/\/alcaldiaalbertoadriani.com\/?p=6135\"]}]},{\"@type\":\"BreadcrumbList\",\"@id\":\"https:\/\/alcaldiaalbertoadriani.com\/?p=6135#breadcrumb\",\"itemListElement\":[{\"@type\":\"ListItem\",\"position\":1,\"name\":\"Portada\",\"item\":\"https:\/\/alcaldiaalbertoadriani.com\/\"},{\"@type\":\"ListItem\",\"position\":2,\"name\":\"Gipul realiza trabajos para corregir fugas de agua en El Vig\u00eda\"}]},{\"@type\":\"WebSite\",\"@id\":\"https:\/\/alcaldiaalbertoadriani.com\/#website\",\"url\":\"https:\/\/alcaldiaalbertoadriani.com\/\",\"name\":\"Alcaldia Alberto Adriani\",\"description\":\"\",\"potentialAction\":[{\"@type\":\"SearchAction\",\"target\":{\"@type\":\"EntryPoint\",\"urlTemplate\":\"https:\/\/alcaldiaalbertoadriani.com\/?s={search_term_string}\"},\"query-input\":\"required name=search_term_string\"}],\"inLanguage\":\"es\"},{\"@type\":\"Person\",\"@id\":\"https:\/\/alcaldiaalbertoadriani.com\/#\/schema\/person\/549b4483ff8999ac780deeea78795fc9\",\"name\":\"Prensa\",\"image\":{\"@type\":\"ImageObject\",\"inLanguage\":\"es\",\"@id\":\"https:\/\/alcaldiaalbertoadriani.com\/#\/schema\/person\/image\/\",\"url\":\"https:\/\/secure.gravatar.com\/avatar\/ea1cb567ea992a29627f4eee1c2eb185ec16decec6342d508fdf18dedb56c9de?s=96&d=mm&r=g\",\"contentUrl\":\"https:\/\/secure.gravatar.com\/avatar\/ea1cb567ea992a29627f4eee1c2eb185ec16decec6342d508fdf18dedb56c9de?s=96&d=mm&r=g\",\"caption\":\"Prensa\"},\"url\":\"https:\/\/alcaldiaalbertoadriani.com\/?author=2\"}]}<\/script>\n<!-- \/ Yoast SEO plugin. -->","yoast_head_json":{"title":"Gipul realiza trabajos para corregir fugas de agua en El Vig\u00eda","robots":{"index":"index","follow":"follow","max-snippet":"max-snippet:-1","max-image-preview":"max-image-preview:large","max-video-preview":"max-video-preview:-1"},"canonical":"https:\/\/alcaldiaalbertoadriani.com\/?p=6135","og_locale":"es_ES","og_type":"article","og_title":"Gipul realiza trabajos para corregir fugas de agua en El Vig\u00eda","og_description":"Tambi\u00e9n inspeccionan lugares en donde se aplicar\u00e1 el Plan de Asfaltado y Bacheo 2024 Personal de la gerencia de Ingenier\u00eda y Planeamiento Urbano Local -Gipul-, del municipio Alberto Adriani realiza [&hellip;]","og_url":"https:\/\/alcaldiaalbertoadriani.com\/?p=6135","og_site_name":"Alcaldia Alberto Adriani","article_published_time":"2024-04-24T20:25:34+00:00","article_modified_time":"2024-04-24T20:25:41+00:00","og_image":[{"width":960,"height":1280,"url":"https:\/\/alcaldiaalbertoadriani.com\/wp-content\/uploads\/2024\/04\/WhatsApp-Image-2024-04-24-at-1.25.51-PM-1.jpeg","type":"image\/jpeg"}],"author":"Prensa","twitter_card":"summary_large_image","twitter_misc":{"Escrito por":"Prensa","Tiempo de lectura":"2 minutos"},"schema":{"@context":"https:\/\/schema.org","@graph":[{"@type":"WebPage","@id":"https:\/\/alcaldiaalbertoadriani.com\/?p=6135","url":"https:\/\/alcaldiaalbertoadriani.com\/?p=6135","name":"Gipul realiza trabajos para corregir fugas de agua en El Vig\u00eda","isPartOf":{"@id":"https:\/\/alcaldiaalbertoadriani.com\/#website"},"datePublished":"2024-04-24T20:25:34+00:00","dateModified":"2024-04-24T20:25:41+00:00","author":{"@id":"https:\/\/alcaldiaalbertoadriani.com\/#\/schema\/person\/549b4483ff8999ac780deeea78795fc9"},"breadcrumb":{"@id":"https:\/\/alcaldiaalbertoadriani.com\/?p=6135#breadcrumb"},"inLanguage":"es","potentialAction":[{"@type":"ReadAction","target":["https:\/\/alcaldiaalbertoadriani.com\/?p=6135"]}]},{"@type":"BreadcrumbList","@id":"https:\/\/alcaldiaalbertoadriani.com\/?p=6135#breadcrumb","itemListElement":[{"@type":"ListItem","position":1,"name":"Portada","item":"https:\/\/alcaldiaalbertoadriani.com\/"},{"@type":"ListItem","position":2,"name":"Gipul realiza trabajos para corregir fugas de agua en El Vig\u00eda"}]},{"@type":"WebSite","@id":"https:\/\/alcaldiaalbertoadriani.com\/#website","url":"https:\/\/alcaldiaalbertoadriani.com\/","name":"Alcaldia Alberto Adriani","description":"","potentialAction":[{"@type":"SearchAction","target":{"@type":"EntryPoint","urlTemplate":"https:\/\/alcaldiaalbertoadriani.com\/?s={search_term_string}"},"query-input":"required name=search_term_string"}],"inLanguage":"es"},{"@type":"Person","@id":"https:\/\/alcaldiaalbertoadriani.com\/#\/schema\/person\/549b4483ff8999ac780deeea78795fc9","name":"Prensa","image":{"@type":"ImageObject","inLanguage":"es","@id":"https:\/\/alcaldiaalbertoadriani.com\/#\/schema\/person\/image\/","url":"https:\/\/secure.gravatar.com\/avatar\/ea1cb567ea992a29627f4eee1c2eb185ec16decec6342d508fdf18dedb56c9de?s=96&d=mm&r=g","contentUrl":"https:\/\/secure.gravatar.com\/avatar\/ea1cb567ea992a29627f4eee1c2eb185ec16decec6342d508fdf18dedb56c9de?s=96&d=mm&r=g","caption":"Prensa"},"url":"https:\/\/alcaldiaalbertoadriani.com\/?author=2"}]}},"_links":{"self":[{"href":"https:\/\/alcaldiaalbertoadriani.com\/index.php?rest_route=\/wp\/v2\/posts\/6135","targetHints":{"allow":["GET"]}}],"collection":[{"href":"https:\/\/alcaldiaalbertoadriani.com\/index.php?rest_route=\/wp\/v2\/posts"}],"about":[{"href":"https:\/\/alcaldiaalbertoadriani.com\/index.php?rest_route=\/wp\/v2\/types\/post"}],"author":[{"embeddable":true,"href":"https:\/\/alcaldiaalbertoadriani.com\/index.php?rest_route=\/wp\/v2\/users\/2"}],"replies":[{"embeddable":true,"href":"https:\/\/alcaldiaalbertoadriani.com\/index.php?rest_route=%2Fwp%2Fv2%2Fcomments&post=6135"}],"version-history":[{"count":1,"href":"https:\/\/alcaldiaalbertoadriani.com\/index.php?rest_route=\/wp\/v2\/posts\/6135\/revisions"}],"predecessor-version":[{"id":6140,"href":"https:\/\/alcaldiaalbertoadriani.com\/index.php?rest_route=\/wp\/v2\/posts\/6135\/revisions\/6140"}],"wp:featuredmedia":[{"embeddable":true,"href":"https:\/\/alcaldiaalbertoadriani.com\/index.php?rest_route=\/wp\/v2\/media\/6136"}],"wp:attachment":[{"href":"https:\/\/alcaldiaalbertoadriani.com\/index.php?rest_route=%2Fwp%2Fv2%2Fmedia&parent=6135"}],"wp:term":[{"taxonomy":"category","embeddable":true,"href":"https:\/\/alcaldiaalbertoadriani.com\/index.php?rest_route=%2Fwp%2Fv2%2Fcategories&post=6135"},{"taxonomy":"post_tag","embeddable":true,"href":"https:\/\/alcaldiaalbertoadriani.com\/index.php?rest_route=%2Fwp%2Fv2%2Ftags&post=6135"}],"curies":[{"name":"wp","href":"https:\/\/api.w.org\/{rel}","templated":true}]}}