{"id":5773,"date":"2024-03-25T13:08:45","date_gmt":"2024-03-25T13:08:45","guid":{"rendered":"https:\/\/alcaldiaalbertoadriani.com\/?p=5773"},"modified":"2024-03-25T13:08:48","modified_gmt":"2024-03-25T13:08:48","slug":"jornada-medico-social-beneficio-a-la-comunidad-de-villa-milenium","status":"publish","type":"post","link":"https:\/\/alcaldiaalbertoadriani.com\/?p=5773","title":{"rendered":"Jornada m\u00e9dico-social benefici\u00f3 a la comunidad de Villa Milenium Parte Alta"},"content":{"rendered":"\n<h2 class=\"wp-block-heading\"><strong>Lisandro Segura cumple el compromiso asumido con los vigienses en materia de salud<\/strong><\/h2>\n\n\n\n<p><\/p>\n\n\n\n<p><\/p>\n\n\n\n<p>Con buena participaci\u00f3n la alcald\u00eda del <a href=\"https:\/\/alcaldiaalbertoadriani.com\/?p=5285\" target=\"_blank\" rel=\"noreferrer noopener\">municipio Alberto Adriani<\/a>, a trav\u00e9s de sus distintas dependencias, llev\u00f3 a cabo una jornada de atenci\u00f3n m\u00e9dico-social. La actividad se efectu\u00f3 este s\u00e1bado en el sector Villa Milenium Parte Alta en la parroquia <a href=\"https:\/\/alcaldiaalbertoadriani.com\/?p=2733\" target=\"_blank\" rel=\"noreferrer noopener\">Rafael Pulido M\u00e9ndez<\/a><\/p>\n\n\n\n<!--more-->\n\n\n\n<p>Brenda Hern\u00e1ndez, gerente de Desarrollo Social, mencion\u00f3 que en la actividad participaron la coordinaci\u00f3n de Salud; El Instituto Municipal de la Juventud \u2013Imjaa; Instituto Municipal para la Mujer e Igualdad de G\u00e9nero \u2013Immigaa-; Instituto de Bienestar Social -Inbies-; Fundaci\u00f3n Ni\u00f1os Color de mi Tierra; Consejo Municipal de Derechos de Ni\u00f1os, Ni\u00f1as y Adolescentes \u2013Cmdnna-; Consejo de Protecci\u00f3n del Ni\u00f1o, Ni\u00f1a y Adolescente -Cpnna-; Registros Civiles y la Unidad Municipal de Personas con Discapacidad -Umpdis-.&nbsp;&nbsp;&nbsp;&nbsp;<\/p>\n\n\n\n<figure class=\"wp-block-image size-full\"><img loading=\"lazy\" decoding=\"async\" width=\"1016\" height=\"762\" src=\"https:\/\/alcaldiaalbertoadriani.com\/wp-content\/uploads\/2024\/03\/photo_4900331495034563702_y.jpg\" alt=\"\" class=\"wp-image-5775\" srcset=\"https:\/\/alcaldiaalbertoadriani.com\/wp-content\/uploads\/2024\/03\/photo_4900331495034563702_y.jpg 1016w, https:\/\/alcaldiaalbertoadriani.com\/wp-content\/uploads\/2024\/03\/photo_4900331495034563702_y-980x735.jpg 980w, https:\/\/alcaldiaalbertoadriani.com\/wp-content\/uploads\/2024\/03\/photo_4900331495034563702_y-480x360.jpg 480w\" sizes=\"auto, (min-width: 0px) and (max-width: 480px) 480px, (min-width: 481px) and (max-width: 980px) 980px, (min-width: 981px) 1016px, 100vw\" \/><\/figure>\n\n\n\n<h2 class=\"wp-block-heading\">Servicios&nbsp;<\/h2>\n\n\n\n<p>Brenda Hern\u00e1ndez detall\u00f3 que en los servicios de consulta general se atendieron 90 personas; 101 ni\u00f1os en pediatr\u00eda; 74 personas por control de tensi\u00f3n arterial; 9 en vacunaci\u00f3n; 305 personas en desparasitaci\u00f3n y 154 medicamentos donados seg\u00fan su patolog\u00eda.&nbsp;&nbsp;&nbsp;&nbsp;<\/p>\n\n\n\n<p>Hern\u00e1ndez tambi\u00e9n destac\u00f3 que se brind\u00f3 atenci\u00f3n a 2 personas por parte de la Umpdis; 60 casos por el Cmdnaa-Cpnna; 2 personas en psicolog\u00eda, 1 en asesor\u00eda jur\u00eddica y 15 en manualidades, todo esto por el Immigaa; 15 personas por el Registro Civil; 26 en trenzas y 50 personas entre ni\u00f1os y adultos en barber\u00eda.&nbsp;<\/p>\n\n\n\n<p>&#8220;Adem\u00e1s fueron repartidos 118 perros calientes para ni\u00f1os y la donaci\u00f3n de ropa y calzado en buen estado a cargo de la Fundaci\u00f3n Ni\u00f1os Color de mi Tierra&#8221;, agreg\u00f3.<\/p>\n\n\n\n<p>Al cierre, Brenda Hern\u00e1ndez, recalc\u00f3 que estas son pol\u00edticas p\u00fablicas orientadas por el alcalde <a href=\"https:\/\/www.instagram.com\/lisandrosegura02\/\" target=\"_blank\" rel=\"noreferrer noopener\">Lisandro Segura<\/a>, quien direcciona recursos econ\u00f3micos en material de salud para los vigienses. <strong><em>Prensa Alcald\u00eda Alberto Adriani\/Edgar Mendoza CNP.25.736\/Fotos: Danny Ru\u00edz.<\/em><\/strong><\/p>\n\n\n\n<figure class=\"wp-block-gallery has-nested-images columns-default is-cropped wp-block-gallery-1 is-layout-flex wp-block-gallery-is-layout-flex\">\n<figure class=\"wp-block-image size-large\"><img loading=\"lazy\" decoding=\"async\" width=\"1016\" height=\"762\" data-id=\"5777\" src=\"https:\/\/alcaldiaalbertoadriani.com\/wp-content\/uploads\/2024\/03\/photo_4900331495034563707_y.jpg\" alt=\"\" class=\"wp-image-5777\" srcset=\"https:\/\/alcaldiaalbertoadriani.com\/wp-content\/uploads\/2024\/03\/photo_4900331495034563707_y.jpg 1016w, https:\/\/alcaldiaalbertoadriani.com\/wp-content\/uploads\/2024\/03\/photo_4900331495034563707_y-980x735.jpg 980w, https:\/\/alcaldiaalbertoadriani.com\/wp-content\/uploads\/2024\/03\/photo_4900331495034563707_y-480x360.jpg 480w\" sizes=\"auto, (min-width: 0px) and (max-width: 480px) 480px, (min-width: 481px) and (max-width: 980px) 980px, (min-width: 981px) 1016px, 100vw\" \/><\/figure>\n\n\n\n<figure class=\"wp-block-image size-large\"><img loading=\"lazy\" decoding=\"async\" width=\"1016\" height=\"762\" data-id=\"5778\" src=\"https:\/\/alcaldiaalbertoadriani.com\/wp-content\/uploads\/2024\/03\/photo_4899986308512984154_y.jpg\" alt=\"\" class=\"wp-image-5778\" srcset=\"https:\/\/alcaldiaalbertoadriani.com\/wp-content\/uploads\/2024\/03\/photo_4899986308512984154_y.jpg 1016w, https:\/\/alcaldiaalbertoadriani.com\/wp-content\/uploads\/2024\/03\/photo_4899986308512984154_y-980x735.jpg 980w, https:\/\/alcaldiaalbertoadriani.com\/wp-content\/uploads\/2024\/03\/photo_4899986308512984154_y-480x360.jpg 480w\" sizes=\"auto, (min-width: 0px) and (max-width: 480px) 480px, (min-width: 481px) and (max-width: 980px) 980px, (min-width: 981px) 1016px, 100vw\" \/><\/figure>\n\n\n\n<figure class=\"wp-block-image size-large\"><img loading=\"lazy\" decoding=\"async\" width=\"1016\" height=\"762\" data-id=\"5776\" src=\"https:\/\/alcaldiaalbertoadriani.com\/wp-content\/uploads\/2024\/03\/photo_4899986308512984155_y.jpg\" alt=\"\" class=\"wp-image-5776\" srcset=\"https:\/\/alcaldiaalbertoadriani.com\/wp-content\/uploads\/2024\/03\/photo_4899986308512984155_y.jpg 1016w, https:\/\/alcaldiaalbertoadriani.com\/wp-content\/uploads\/2024\/03\/photo_4899986308512984155_y-980x735.jpg 980w, https:\/\/alcaldiaalbertoadriani.com\/wp-content\/uploads\/2024\/03\/photo_4899986308512984155_y-480x360.jpg 480w\" sizes=\"auto, (min-width: 0px) and (max-width: 480px) 480px, (min-width: 481px) and (max-width: 980px) 980px, (min-width: 981px) 1016px, 100vw\" \/><\/figure>\n\n\n\n<figure class=\"wp-block-image size-large\"><img loading=\"lazy\" decoding=\"async\" width=\"800\" height=\"600\" data-id=\"5780\" src=\"https:\/\/alcaldiaalbertoadriani.com\/wp-content\/uploads\/2024\/03\/photo_4899986308512984156_x.jpg\" alt=\"\" class=\"wp-image-5780\" srcset=\"https:\/\/alcaldiaalbertoadriani.com\/wp-content\/uploads\/2024\/03\/photo_4899986308512984156_x.jpg 800w, https:\/\/alcaldiaalbertoadriani.com\/wp-content\/uploads\/2024\/03\/photo_4899986308512984156_x-480x360.jpg 480w\" sizes=\"auto, (min-width: 0px) and (max-width: 480px) 480px, (min-width: 481px) 800px, 100vw\" \/><\/figure>\n\n\n\n<figure class=\"wp-block-image size-large\"><img loading=\"lazy\" decoding=\"async\" width=\"1016\" height=\"762\" data-id=\"5783\" src=\"https:\/\/alcaldiaalbertoadriani.com\/wp-content\/uploads\/2024\/03\/photo_4900331495034563703_y.jpg\" alt=\"\" class=\"wp-image-5783\" srcset=\"https:\/\/alcaldiaalbertoadriani.com\/wp-content\/uploads\/2024\/03\/photo_4900331495034563703_y.jpg 1016w, https:\/\/alcaldiaalbertoadriani.com\/wp-content\/uploads\/2024\/03\/photo_4900331495034563703_y-980x735.jpg 980w, https:\/\/alcaldiaalbertoadriani.com\/wp-content\/uploads\/2024\/03\/photo_4900331495034563703_y-480x360.jpg 480w\" sizes=\"auto, (min-width: 0px) and (max-width: 480px) 480px, (min-width: 481px) and (max-width: 980px) 980px, (min-width: 981px) 1016px, 100vw\" \/><\/figure>\n\n\n\n<figure class=\"wp-block-image size-large\"><img loading=\"lazy\" decoding=\"async\" width=\"1016\" height=\"762\" data-id=\"5781\" src=\"https:\/\/alcaldiaalbertoadriani.com\/wp-content\/uploads\/2024\/03\/photo_4900331495034563704_y.jpg\" alt=\"\" class=\"wp-image-5781\" srcset=\"https:\/\/alcaldiaalbertoadriani.com\/wp-content\/uploads\/2024\/03\/photo_4900331495034563704_y.jpg 1016w, https:\/\/alcaldiaalbertoadriani.com\/wp-content\/uploads\/2024\/03\/photo_4900331495034563704_y-980x735.jpg 980w, https:\/\/alcaldiaalbertoadriani.com\/wp-content\/uploads\/2024\/03\/photo_4900331495034563704_y-480x360.jpg 480w\" sizes=\"auto, (min-width: 0px) and (max-width: 480px) 480px, (min-width: 481px) and (max-width: 980px) 980px, (min-width: 981px) 1016px, 100vw\" \/><\/figure>\n\n\n\n<figure class=\"wp-block-image size-large\"><img loading=\"lazy\" decoding=\"async\" width=\"1016\" height=\"762\" data-id=\"5782\" src=\"https:\/\/alcaldiaalbertoadriani.com\/wp-content\/uploads\/2024\/03\/photo_4900331495034563705_y.jpg\" alt=\"\" class=\"wp-image-5782\" srcset=\"https:\/\/alcaldiaalbertoadriani.com\/wp-content\/uploads\/2024\/03\/photo_4900331495034563705_y.jpg 1016w, https:\/\/alcaldiaalbertoadriani.com\/wp-content\/uploads\/2024\/03\/photo_4900331495034563705_y-980x735.jpg 980w, https:\/\/alcaldiaalbertoadriani.com\/wp-content\/uploads\/2024\/03\/photo_4900331495034563705_y-480x360.jpg 480w\" sizes=\"auto, (min-width: 0px) and (max-width: 480px) 480px, (min-width: 481px) and (max-width: 980px) 980px, (min-width: 981px) 1016px, 100vw\" \/><\/figure>\n\n\n\n<figure class=\"wp-block-image size-large\"><img loading=\"lazy\" decoding=\"async\" width=\"1016\" height=\"762\" data-id=\"5779\" src=\"https:\/\/alcaldiaalbertoadriani.com\/wp-content\/uploads\/2024\/03\/photo_4900331495034563706_y.jpg\" alt=\"\" class=\"wp-image-5779\" srcset=\"https:\/\/alcaldiaalbertoadriani.com\/wp-content\/uploads\/2024\/03\/photo_4900331495034563706_y.jpg 1016w, https:\/\/alcaldiaalbertoadriani.com\/wp-content\/uploads\/2024\/03\/photo_4900331495034563706_y-980x735.jpg 980w, https:\/\/alcaldiaalbertoadriani.com\/wp-content\/uploads\/2024\/03\/photo_4900331495034563706_y-480x360.jpg 480w\" sizes=\"auto, (min-width: 0px) and (max-width: 480px) 480px, (min-width: 481px) and (max-width: 980px) 980px, (min-width: 981px) 1016px, 100vw\" \/><\/figure>\n<\/figure>\n","protected":false},"excerpt":{"rendered":"<p>Lisandro Segura cumple el compromiso asumido con los vigienses en materia de salud Con buena participaci\u00f3n la alcald\u00eda del municipio Alberto Adriani, a trav\u00e9s de sus distintas dependencias, llev\u00f3 a [&hellip;]<\/p>\n","protected":false},"author":2,"featured_media":5774,"comment_status":"open","ping_status":"closed","sticky":false,"template":"","format":"standard","meta":{"_et_pb_use_builder":"off","_et_pb_old_content":"","_et_gb_content_width":"","footnotes":""},"categories":[341,482,22,89,60,240,25,189,584],"tags":[31,11,12,15,30,29,28],"class_list":["post-5773","post","type-post","status-publish","format-standard","has-post-thumbnail","hentry","category-alcaldia-alberto-adriani","category-cmdnaa","category-fundacion-ninos-color-de-mi-tierra","category-imjaa","category-immigaa","category-inbies","category-nuestro-municipio","category-renacer-de-mi-vigia-querido","category-umpdis","tag-alcalde","tag-alcaldia","tag-alcaldiaalbertoadriani","tag-elvigia","tag-lisandrosegura","tag-municipioquenosmerecemos","tag-porelrenacer"],"yoast_head":"<!-- This site is optimized with the Yoast SEO plugin v19.13 - https:\/\/yoast.com\/wordpress\/plugins\/seo\/ -->\n<title>Jornada m\u00e9dico-social benefici\u00f3 a la comunidad de Villa Milenium<\/title>\n<meta name=\"description\" content=\"En los servicios de consulta general se atendieron 90 personas; 101 ni\u00f1os en pediatr\u00eda; 74 personas por control de tensi\u00f3n arterial.\" \/>\n<meta name=\"robots\" content=\"index, follow, max-snippet:-1, max-image-preview:large, max-video-preview:-1\" \/>\n<link rel=\"canonical\" href=\"https:\/\/alcaldiaalbertoadriani.com\/?p=5773\" \/>\n<meta property=\"og:locale\" content=\"es_ES\" \/>\n<meta property=\"og:type\" content=\"article\" \/>\n<meta property=\"og:title\" content=\"Jornada m\u00e9dico-social benefici\u00f3 a la comunidad de Villa Milenium\" \/>\n<meta property=\"og:description\" content=\"En los servicios de consulta general se atendieron 90 personas; 101 ni\u00f1os en pediatr\u00eda; 74 personas por control de tensi\u00f3n arterial.\" \/>\n<meta property=\"og:url\" content=\"https:\/\/alcaldiaalbertoadriani.com\/?p=5773\" \/>\n<meta property=\"og:site_name\" content=\"Alcaldia Alberto Adriani\" \/>\n<meta property=\"article:published_time\" content=\"2024-03-25T13:08:45+00:00\" \/>\n<meta property=\"article:modified_time\" content=\"2024-03-25T13:08:48+00:00\" \/>\n<meta property=\"og:image\" content=\"https:\/\/alcaldiaalbertoadriani.com\/wp-content\/uploads\/2024\/03\/photo_4899986308512984153_x.jpg\" \/>\n\t<meta property=\"og:image:width\" content=\"800\" \/>\n\t<meta property=\"og:image:height\" content=\"600\" \/>\n\t<meta property=\"og:image:type\" content=\"image\/jpeg\" \/>\n<meta name=\"author\" content=\"Prensa\" \/>\n<meta name=\"twitter:card\" content=\"summary_large_image\" \/>\n<meta name=\"twitter:label1\" content=\"Escrito por\" \/>\n\t<meta name=\"twitter:data1\" content=\"Prensa\" \/>\n\t<meta name=\"twitter:label2\" content=\"Tiempo de lectura\" \/>\n\t<meta name=\"twitter:data2\" content=\"4 minutos\" \/>\n<script type=\"application\/ld+json\" class=\"yoast-schema-graph\">{\"@context\":\"https:\/\/schema.org\",\"@graph\":[{\"@type\":\"WebPage\",\"@id\":\"https:\/\/alcaldiaalbertoadriani.com\/?p=5773\",\"url\":\"https:\/\/alcaldiaalbertoadriani.com\/?p=5773\",\"name\":\"Jornada m\u00e9dico-social benefici\u00f3 a la comunidad de Villa Milenium\",\"isPartOf\":{\"@id\":\"https:\/\/alcaldiaalbertoadriani.com\/#website\"},\"datePublished\":\"2024-03-25T13:08:45+00:00\",\"dateModified\":\"2024-03-25T13:08:48+00:00\",\"author\":{\"@id\":\"https:\/\/alcaldiaalbertoadriani.com\/#\/schema\/person\/549b4483ff8999ac780deeea78795fc9\"},\"description\":\"En los servicios de consulta general se atendieron 90 personas; 101 ni\u00f1os en pediatr\u00eda; 74 personas por control de tensi\u00f3n arterial.\",\"breadcrumb\":{\"@id\":\"https:\/\/alcaldiaalbertoadriani.com\/?p=5773#breadcrumb\"},\"inLanguage\":\"es\",\"potentialAction\":[{\"@type\":\"ReadAction\",\"target\":[\"https:\/\/alcaldiaalbertoadriani.com\/?p=5773\"]}]},{\"@type\":\"BreadcrumbList\",\"@id\":\"https:\/\/alcaldiaalbertoadriani.com\/?p=5773#breadcrumb\",\"itemListElement\":[{\"@type\":\"ListItem\",\"position\":1,\"name\":\"Portada\",\"item\":\"https:\/\/alcaldiaalbertoadriani.com\/\"},{\"@type\":\"ListItem\",\"position\":2,\"name\":\"Jornada m\u00e9dico-social benefici\u00f3 a la comunidad de Villa Milenium Parte Alta\"}]},{\"@type\":\"WebSite\",\"@id\":\"https:\/\/alcaldiaalbertoadriani.com\/#website\",\"url\":\"https:\/\/alcaldiaalbertoadriani.com\/\",\"name\":\"Alcaldia Alberto Adriani\",\"description\":\"\",\"potentialAction\":[{\"@type\":\"SearchAction\",\"target\":{\"@type\":\"EntryPoint\",\"urlTemplate\":\"https:\/\/alcaldiaalbertoadriani.com\/?s={search_term_string}\"},\"query-input\":\"required name=search_term_string\"}],\"inLanguage\":\"es\"},{\"@type\":\"Person\",\"@id\":\"https:\/\/alcaldiaalbertoadriani.com\/#\/schema\/person\/549b4483ff8999ac780deeea78795fc9\",\"name\":\"Prensa\",\"image\":{\"@type\":\"ImageObject\",\"inLanguage\":\"es\",\"@id\":\"https:\/\/alcaldiaalbertoadriani.com\/#\/schema\/person\/image\/\",\"url\":\"https:\/\/secure.gravatar.com\/avatar\/ea1cb567ea992a29627f4eee1c2eb185ec16decec6342d508fdf18dedb56c9de?s=96&d=mm&r=g\",\"contentUrl\":\"https:\/\/secure.gravatar.com\/avatar\/ea1cb567ea992a29627f4eee1c2eb185ec16decec6342d508fdf18dedb56c9de?s=96&d=mm&r=g\",\"caption\":\"Prensa\"},\"url\":\"https:\/\/alcaldiaalbertoadriani.com\/?author=2\"}]}<\/script>\n<!-- \/ Yoast SEO plugin. -->","yoast_head_json":{"title":"Jornada m\u00e9dico-social benefici\u00f3 a la comunidad de Villa Milenium","description":"En los servicios de consulta general se atendieron 90 personas; 101 ni\u00f1os en pediatr\u00eda; 74 personas por control de tensi\u00f3n arterial.","robots":{"index":"index","follow":"follow","max-snippet":"max-snippet:-1","max-image-preview":"max-image-preview:large","max-video-preview":"max-video-preview:-1"},"canonical":"https:\/\/alcaldiaalbertoadriani.com\/?p=5773","og_locale":"es_ES","og_type":"article","og_title":"Jornada m\u00e9dico-social benefici\u00f3 a la comunidad de Villa Milenium","og_description":"En los servicios de consulta general se atendieron 90 personas; 101 ni\u00f1os en pediatr\u00eda; 74 personas por control de tensi\u00f3n arterial.","og_url":"https:\/\/alcaldiaalbertoadriani.com\/?p=5773","og_site_name":"Alcaldia Alberto Adriani","article_published_time":"2024-03-25T13:08:45+00:00","article_modified_time":"2024-03-25T13:08:48+00:00","og_image":[{"width":800,"height":600,"url":"https:\/\/alcaldiaalbertoadriani.com\/wp-content\/uploads\/2024\/03\/photo_4899986308512984153_x.jpg","type":"image\/jpeg"}],"author":"Prensa","twitter_card":"summary_large_image","twitter_misc":{"Escrito por":"Prensa","Tiempo de lectura":"4 minutos"},"schema":{"@context":"https:\/\/schema.org","@graph":[{"@type":"WebPage","@id":"https:\/\/alcaldiaalbertoadriani.com\/?p=5773","url":"https:\/\/alcaldiaalbertoadriani.com\/?p=5773","name":"Jornada m\u00e9dico-social benefici\u00f3 a la comunidad de Villa Milenium","isPartOf":{"@id":"https:\/\/alcaldiaalbertoadriani.com\/#website"},"datePublished":"2024-03-25T13:08:45+00:00","dateModified":"2024-03-25T13:08:48+00:00","author":{"@id":"https:\/\/alcaldiaalbertoadriani.com\/#\/schema\/person\/549b4483ff8999ac780deeea78795fc9"},"description":"En los servicios de consulta general se atendieron 90 personas; 101 ni\u00f1os en pediatr\u00eda; 74 personas por control de tensi\u00f3n arterial.","breadcrumb":{"@id":"https:\/\/alcaldiaalbertoadriani.com\/?p=5773#breadcrumb"},"inLanguage":"es","potentialAction":[{"@type":"ReadAction","target":["https:\/\/alcaldiaalbertoadriani.com\/?p=5773"]}]},{"@type":"BreadcrumbList","@id":"https:\/\/alcaldiaalbertoadriani.com\/?p=5773#breadcrumb","itemListElement":[{"@type":"ListItem","position":1,"name":"Portada","item":"https:\/\/alcaldiaalbertoadriani.com\/"},{"@type":"ListItem","position":2,"name":"Jornada m\u00e9dico-social benefici\u00f3 a la comunidad de Villa Milenium Parte Alta"}]},{"@type":"WebSite","@id":"https:\/\/alcaldiaalbertoadriani.com\/#website","url":"https:\/\/alcaldiaalbertoadriani.com\/","name":"Alcaldia Alberto Adriani","description":"","potentialAction":[{"@type":"SearchAction","target":{"@type":"EntryPoint","urlTemplate":"https:\/\/alcaldiaalbertoadriani.com\/?s={search_term_string}"},"query-input":"required name=search_term_string"}],"inLanguage":"es"},{"@type":"Person","@id":"https:\/\/alcaldiaalbertoadriani.com\/#\/schema\/person\/549b4483ff8999ac780deeea78795fc9","name":"Prensa","image":{"@type":"ImageObject","inLanguage":"es","@id":"https:\/\/alcaldiaalbertoadriani.com\/#\/schema\/person\/image\/","url":"https:\/\/secure.gravatar.com\/avatar\/ea1cb567ea992a29627f4eee1c2eb185ec16decec6342d508fdf18dedb56c9de?s=96&d=mm&r=g","contentUrl":"https:\/\/secure.gravatar.com\/avatar\/ea1cb567ea992a29627f4eee1c2eb185ec16decec6342d508fdf18dedb56c9de?s=96&d=mm&r=g","caption":"Prensa"},"url":"https:\/\/alcaldiaalbertoadriani.com\/?author=2"}]}},"_links":{"self":[{"href":"https:\/\/alcaldiaalbertoadriani.com\/index.php?rest_route=\/wp\/v2\/posts\/5773","targetHints":{"allow":["GET"]}}],"collection":[{"href":"https:\/\/alcaldiaalbertoadriani.com\/index.php?rest_route=\/wp\/v2\/posts"}],"about":[{"href":"https:\/\/alcaldiaalbertoadriani.com\/index.php?rest_route=\/wp\/v2\/types\/post"}],"author":[{"embeddable":true,"href":"https:\/\/alcaldiaalbertoadriani.com\/index.php?rest_route=\/wp\/v2\/users\/2"}],"replies":[{"embeddable":true,"href":"https:\/\/alcaldiaalbertoadriani.com\/index.php?rest_route=%2Fwp%2Fv2%2Fcomments&post=5773"}],"version-history":[{"count":1,"href":"https:\/\/alcaldiaalbertoadriani.com\/index.php?rest_route=\/wp\/v2\/posts\/5773\/revisions"}],"predecessor-version":[{"id":5784,"href":"https:\/\/alcaldiaalbertoadriani.com\/index.php?rest_route=\/wp\/v2\/posts\/5773\/revisions\/5784"}],"wp:featuredmedia":[{"embeddable":true,"href":"https:\/\/alcaldiaalbertoadriani.com\/index.php?rest_route=\/wp\/v2\/media\/5774"}],"wp:attachment":[{"href":"https:\/\/alcaldiaalbertoadriani.com\/index.php?rest_route=%2Fwp%2Fv2%2Fmedia&parent=5773"}],"wp:term":[{"taxonomy":"category","embeddable":true,"href":"https:\/\/alcaldiaalbertoadriani.com\/index.php?rest_route=%2Fwp%2Fv2%2Fcategories&post=5773"},{"taxonomy":"post_tag","embeddable":true,"href":"https:\/\/alcaldiaalbertoadriani.com\/index.php?rest_route=%2Fwp%2Fv2%2Ftags&post=5773"}],"curies":[{"name":"wp","href":"https:\/\/api.w.org\/{rel}","templated":true}]}}