{"id":5619,"date":"2024-03-20T16:01:15","date_gmt":"2024-03-20T16:01:15","guid":{"rendered":"https:\/\/alcaldiaalbertoadriani.com\/?p=5619"},"modified":"2024-03-20T16:01:20","modified_gmt":"2024-03-20T16:01:20","slug":"fundacion-ninos-color-de-mi-tierra-entrego-30-kits-nutricionales","status":"publish","type":"post","link":"https:\/\/alcaldiaalbertoadriani.com\/?p=5619","title":{"rendered":"Fundaci\u00f3n Ni\u00f1os Color De Mi Tierra entreg\u00f3 30 kits nutricionales del programa \u201cUna Mano Amiga\u201d"},"content":{"rendered":"\n<p><\/p>\n\n\n\n<p>El pasado mi\u00e9rcoles, la primera Dama y presidente de la <a href=\"https:\/\/alcaldiaalbertoadriani.com\/?p=3952\" target=\"_blank\" rel=\"noreferrer noopener\">Fundaci\u00f3n Ni\u00f1os Color de mi Tierra<\/a> Yudith Parra, realiz\u00f3 la primera entrega del a\u00f1o 2024 de los kits nutricionales correspondiente al programa &#8220;Una Mano Amiga&#8221;.<\/p>\n\n\n\n<p>Mencion\u00f3 Parra que &#8220;en esta oportunidad, fueron&nbsp;30 ni\u00f1os beneficiados de los cuales 12 de ellos son con necesidades especiales&#8221;.<\/p>\n\n\n\n<p>Vale se\u00f1alar que dicho programa\u00a0forma parte de las pol\u00edticas p\u00fablicas del alcalde<a href=\"https:\/\/www.instagram.com\/lisandrosegura02\/\" target=\"_blank\" rel=\"noreferrer noopener\"> Lisandro Segura<\/a> y se desarrolla en convenio entre la Fundaci\u00f3n y el Fondo\u00a0Municipal de Protecci\u00f3n del Ni\u00f1o, Ni\u00f1a y Adolescente &#8211; Fmpnna &#8211; del municipio Alberto Adriani, con la finalidad de asistir a los ni\u00f1os con problemas de malnutrici\u00f3n.<\/p>\n\n\n\n<figure class=\"wp-block-gallery has-nested-images columns-default is-cropped wp-block-gallery-1 is-layout-flex wp-block-gallery-is-layout-flex\">\n<figure class=\"wp-block-image size-large\"><img loading=\"lazy\" decoding=\"async\" width=\"1024\" height=\"771\" data-id=\"5621\" src=\"https:\/\/alcaldiaalbertoadriani.com\/wp-content\/uploads\/2024\/03\/photo_5159081469069601840_y-1024x771.jpg\" alt=\"\" class=\"wp-image-5621\" srcset=\"https:\/\/alcaldiaalbertoadriani.com\/wp-content\/uploads\/2024\/03\/photo_5159081469069601840_y-1024x771.jpg 1024w, https:\/\/alcaldiaalbertoadriani.com\/wp-content\/uploads\/2024\/03\/photo_5159081469069601840_y-980x738.jpg 980w, https:\/\/alcaldiaalbertoadriani.com\/wp-content\/uploads\/2024\/03\/photo_5159081469069601840_y-480x362.jpg 480w\" sizes=\"auto, (min-width: 0px) and (max-width: 480px) 480px, (min-width: 481px) and (max-width: 980px) 980px, (min-width: 981px) 1024px, 100vw\" \/><\/figure>\n<\/figure>\n\n\n\n<p>Es importante acotar que cada kit nutricional&nbsp;contiene leche, cereal, multi vitam\u00ednicos y aceite, conforme a lo recomendado por la especialista en Nutrici\u00f3n.<\/p>\n\n\n\n<p>Se\u00f1al\u00f3 la primera Dama que hubo nuevos ingresos al programa y otros ni\u00f1os ya fueron dados de alta al obtener su talla y peso ideal.<\/p>\n\n\n\n<p>Por su parte, Fatil El\u00edas presidente del Consejo Municipal de Derechos del Ni\u00f1o, Ni\u00f1a y Adolescente &#8211; Cmdnna,- que tambi\u00e9n asistio al evento, dict\u00f3 una charla sobre &#8220;Responsabilidad en la Crianza&#8221; dirigida a los padres y representantes asistentes al acto de entrega de los Kits. *<strong><em>Prensa Alcald\u00eda. Claribel Zambrano CNP 11.843 \/ Fotos Mar\u00eda Jos\u00e9 Molina \/ Leonar Saturno.<\/em><\/strong><\/p>\n\n\n\n<figure class=\"wp-block-gallery has-nested-images columns-default is-cropped wp-block-gallery-2 is-layout-flex wp-block-gallery-is-layout-flex\">\n<figure class=\"wp-block-image size-large\"><img loading=\"lazy\" decoding=\"async\" width=\"1024\" height=\"1024\" data-id=\"5630\" src=\"https:\/\/alcaldiaalbertoadriani.com\/wp-content\/uploads\/2024\/03\/photo_5156996004749355977_y-1-1024x1024.jpg\" alt=\"\" class=\"wp-image-5630\" srcset=\"https:\/\/alcaldiaalbertoadriani.com\/wp-content\/uploads\/2024\/03\/photo_5156996004749355977_y-1-1024x1024.jpg 1024w, https:\/\/alcaldiaalbertoadriani.com\/wp-content\/uploads\/2024\/03\/photo_5156996004749355977_y-1-980x980.jpg 980w, https:\/\/alcaldiaalbertoadriani.com\/wp-content\/uploads\/2024\/03\/photo_5156996004749355977_y-1-480x480.jpg 480w\" sizes=\"auto, (min-width: 0px) and (max-width: 480px) 480px, (min-width: 481px) and (max-width: 980px) 980px, (min-width: 981px) 1024px, 100vw\" \/><\/figure>\n\n\n\n<figure class=\"wp-block-image size-large\"><img loading=\"lazy\" decoding=\"async\" width=\"1024\" height=\"768\" data-id=\"5631\" src=\"https:\/\/alcaldiaalbertoadriani.com\/wp-content\/uploads\/2024\/03\/photo_5159081469069601841_y-1-1024x768.jpg\" alt=\"\" class=\"wp-image-5631\" srcset=\"https:\/\/alcaldiaalbertoadriani.com\/wp-content\/uploads\/2024\/03\/photo_5159081469069601841_y-1-1024x768.jpg 1024w, https:\/\/alcaldiaalbertoadriani.com\/wp-content\/uploads\/2024\/03\/photo_5159081469069601841_y-1-980x735.jpg 980w, https:\/\/alcaldiaalbertoadriani.com\/wp-content\/uploads\/2024\/03\/photo_5159081469069601841_y-1-480x360.jpg 480w\" sizes=\"auto, (min-width: 0px) and (max-width: 480px) 480px, (min-width: 481px) and (max-width: 980px) 980px, (min-width: 981px) 1024px, 100vw\" \/><\/figure>\n\n\n\n<figure class=\"wp-block-image size-large\"><img loading=\"lazy\" decoding=\"async\" width=\"1024\" height=\"768\" data-id=\"5634\" src=\"https:\/\/alcaldiaalbertoadriani.com\/wp-content\/uploads\/2024\/03\/photo_5159419212412857724_y-1-1024x768.jpg\" alt=\"\" class=\"wp-image-5634\" srcset=\"https:\/\/alcaldiaalbertoadriani.com\/wp-content\/uploads\/2024\/03\/photo_5159419212412857724_y-1-1024x768.jpg 1024w, https:\/\/alcaldiaalbertoadriani.com\/wp-content\/uploads\/2024\/03\/photo_5159419212412857724_y-1-980x735.jpg 980w, https:\/\/alcaldiaalbertoadriani.com\/wp-content\/uploads\/2024\/03\/photo_5159419212412857724_y-1-480x360.jpg 480w\" sizes=\"auto, (min-width: 0px) and (max-width: 480px) 480px, (min-width: 481px) and (max-width: 980px) 980px, (min-width: 981px) 1024px, 100vw\" \/><\/figure>\n\n\n\n<figure class=\"wp-block-image size-large\"><img loading=\"lazy\" decoding=\"async\" width=\"771\" height=\"1024\" data-id=\"5632\" src=\"https:\/\/alcaldiaalbertoadriani.com\/wp-content\/uploads\/2024\/03\/photo_5159419212412857725_y-1-771x1024.jpg\" alt=\"\" class=\"wp-image-5632\" srcset=\"https:\/\/alcaldiaalbertoadriani.com\/wp-content\/uploads\/2024\/03\/photo_5159419212412857725_y-1-771x1024.jpg 771w, https:\/\/alcaldiaalbertoadriani.com\/wp-content\/uploads\/2024\/03\/photo_5159419212412857725_y-1-480x637.jpg 480w\" sizes=\"auto, (min-width: 0px) and (max-width: 480px) 480px, (min-width: 481px) 771px, 100vw\" \/><\/figure>\n\n\n\n<figure class=\"wp-block-image size-large\"><img loading=\"lazy\" decoding=\"async\" width=\"1024\" height=\"1024\" data-id=\"5633\" src=\"https:\/\/alcaldiaalbertoadriani.com\/wp-content\/uploads\/2024\/03\/photo_5159419212412857726_y-1024x1024.jpg\" alt=\"\" class=\"wp-image-5633\" srcset=\"https:\/\/alcaldiaalbertoadriani.com\/wp-content\/uploads\/2024\/03\/photo_5159419212412857726_y-1024x1024.jpg 1024w, https:\/\/alcaldiaalbertoadriani.com\/wp-content\/uploads\/2024\/03\/photo_5159419212412857726_y-980x980.jpg 980w, https:\/\/alcaldiaalbertoadriani.com\/wp-content\/uploads\/2024\/03\/photo_5159419212412857726_y-480x480.jpg 480w\" sizes=\"auto, (min-width: 0px) and (max-width: 480px) 480px, (min-width: 481px) and (max-width: 980px) 980px, (min-width: 981px) 1024px, 100vw\" \/><\/figure>\n\n\n\n<figure class=\"wp-block-image size-large\"><img loading=\"lazy\" decoding=\"async\" width=\"1024\" height=\"771\" data-id=\"5629\" src=\"https:\/\/alcaldiaalbertoadriani.com\/wp-content\/uploads\/2024\/03\/photo_5159419212412857727_y-1-1024x771.jpg\" alt=\"\" class=\"wp-image-5629\" srcset=\"https:\/\/alcaldiaalbertoadriani.com\/wp-content\/uploads\/2024\/03\/photo_5159419212412857727_y-1-1024x771.jpg 1024w, https:\/\/alcaldiaalbertoadriani.com\/wp-content\/uploads\/2024\/03\/photo_5159419212412857727_y-1-980x738.jpg 980w, https:\/\/alcaldiaalbertoadriani.com\/wp-content\/uploads\/2024\/03\/photo_5159419212412857727_y-1-480x362.jpg 480w\" sizes=\"auto, (min-width: 0px) and (max-width: 480px) 480px, (min-width: 481px) and (max-width: 980px) 980px, (min-width: 981px) 1024px, 100vw\" \/><\/figure>\n\n\n\n<figure class=\"wp-block-image size-large\"><img loading=\"lazy\" decoding=\"async\" width=\"800\" height=\"602\" data-id=\"5623\" src=\"https:\/\/alcaldiaalbertoadriani.com\/wp-content\/uploads\/2024\/03\/photo_5159419212412857728_x.jpg\" alt=\"\" class=\"wp-image-5623\" srcset=\"https:\/\/alcaldiaalbertoadriani.com\/wp-content\/uploads\/2024\/03\/photo_5159419212412857728_x.jpg 800w, https:\/\/alcaldiaalbertoadriani.com\/wp-content\/uploads\/2024\/03\/photo_5159419212412857728_x-480x361.jpg 480w\" sizes=\"auto, (min-width: 0px) and (max-width: 480px) 480px, (min-width: 481px) 800px, 100vw\" \/><\/figure>\n\n\n\n<figure class=\"wp-block-image size-large\"><img loading=\"lazy\" decoding=\"async\" width=\"800\" height=\"602\" data-id=\"5622\" src=\"https:\/\/alcaldiaalbertoadriani.com\/wp-content\/uploads\/2024\/03\/photo_5159419212412857730_x.jpg\" alt=\"\" class=\"wp-image-5622\" srcset=\"https:\/\/alcaldiaalbertoadriani.com\/wp-content\/uploads\/2024\/03\/photo_5159419212412857730_x.jpg 800w, https:\/\/alcaldiaalbertoadriani.com\/wp-content\/uploads\/2024\/03\/photo_5159419212412857730_x-480x361.jpg 480w\" sizes=\"auto, (min-width: 0px) and (max-width: 480px) 480px, (min-width: 481px) 800px, 100vw\" \/><\/figure>\n<\/figure>\n","protected":false},"excerpt":{"rendered":"<p>El pasado mi\u00e9rcoles, la primera Dama y presidente de la Fundaci\u00f3n Ni\u00f1os Color de mi Tierra Yudith Parra, realiz\u00f3 la primera entrega del a\u00f1o 2024 de los kits nutricionales correspondiente [&hellip;]<\/p>\n","protected":false},"author":2,"featured_media":5620,"comment_status":"open","ping_status":"closed","sticky":false,"template":"","format":"standard","meta":{"_et_pb_use_builder":"off","_et_pb_old_content":"","_et_gb_content_width":"","footnotes":""},"categories":[341,51,22,25],"tags":[31,11,15,30,29,28,654],"class_list":["post-5619","post","type-post","status-publish","format-standard","has-post-thumbnail","hentry","category-alcaldia-alberto-adriani","category-ayuda-social","category-fundacion-ninos-color-de-mi-tierra","category-nuestro-municipio","tag-alcalde","tag-alcaldia","tag-elvigia","tag-lisandrosegura","tag-municipioquenosmerecemos","tag-porelrenacer","tag-fundacion-ninos-color-de-mi-tierra-entrego-30-kits-nutricionales"],"yoast_head":"<!-- This site is optimized with the Yoast SEO plugin v19.13 - https:\/\/yoast.com\/wordpress\/plugins\/seo\/ -->\n<title>Fundaci\u00f3n Ni\u00f1os Color De Mi Tierra entreg\u00f3 30 kits nutricionales<\/title>\n<meta name=\"description\" content=\"Mencion\u00f3 Parra que &quot;en esta oportunidad, fueron\u00a030 ni\u00f1os beneficiados de los cuales 12 de ellos son con necesidades especiales&quot;.\" \/>\n<meta name=\"robots\" content=\"index, follow, max-snippet:-1, max-image-preview:large, max-video-preview:-1\" \/>\n<link rel=\"canonical\" href=\"https:\/\/alcaldiaalbertoadriani.com\/?p=5619\" \/>\n<meta property=\"og:locale\" content=\"es_ES\" \/>\n<meta property=\"og:type\" content=\"article\" \/>\n<meta property=\"og:title\" content=\"Fundaci\u00f3n Ni\u00f1os Color De Mi Tierra entreg\u00f3 30 kits nutricionales\" \/>\n<meta property=\"og:description\" content=\"Mencion\u00f3 Parra que &quot;en esta oportunidad, fueron\u00a030 ni\u00f1os beneficiados de los cuales 12 de ellos son con necesidades especiales&quot;.\" \/>\n<meta property=\"og:url\" content=\"https:\/\/alcaldiaalbertoadriani.com\/?p=5619\" \/>\n<meta property=\"og:site_name\" content=\"Alcaldia Alberto Adriani\" \/>\n<meta property=\"article:published_time\" content=\"2024-03-20T16:01:15+00:00\" \/>\n<meta property=\"article:modified_time\" content=\"2024-03-20T16:01:20+00:00\" \/>\n<meta property=\"og:image\" content=\"https:\/\/alcaldiaalbertoadriani.com\/wp-content\/uploads\/2024\/03\/photo_5159419212412857729_y.jpg\" \/>\n\t<meta property=\"og:image:width\" content=\"1280\" \/>\n\t<meta property=\"og:image:height\" content=\"964\" \/>\n\t<meta property=\"og:image:type\" content=\"image\/jpeg\" \/>\n<meta name=\"author\" content=\"Prensa\" \/>\n<meta name=\"twitter:card\" content=\"summary_large_image\" \/>\n<meta name=\"twitter:label1\" content=\"Escrito por\" \/>\n\t<meta name=\"twitter:data1\" content=\"Prensa\" \/>\n\t<meta name=\"twitter:label2\" content=\"Tiempo de lectura\" \/>\n\t<meta name=\"twitter:data2\" content=\"3 minutos\" \/>\n<script type=\"application\/ld+json\" class=\"yoast-schema-graph\">{\"@context\":\"https:\/\/schema.org\",\"@graph\":[{\"@type\":\"WebPage\",\"@id\":\"https:\/\/alcaldiaalbertoadriani.com\/?p=5619\",\"url\":\"https:\/\/alcaldiaalbertoadriani.com\/?p=5619\",\"name\":\"Fundaci\u00f3n Ni\u00f1os Color De Mi Tierra entreg\u00f3 30 kits nutricionales\",\"isPartOf\":{\"@id\":\"https:\/\/alcaldiaalbertoadriani.com\/#website\"},\"datePublished\":\"2024-03-20T16:01:15+00:00\",\"dateModified\":\"2024-03-20T16:01:20+00:00\",\"author\":{\"@id\":\"https:\/\/alcaldiaalbertoadriani.com\/#\/schema\/person\/549b4483ff8999ac780deeea78795fc9\"},\"description\":\"Mencion\u00f3 Parra que \\\"en esta oportunidad, fueron\u00a030 ni\u00f1os beneficiados de los cuales 12 de ellos son con necesidades especiales\\\".\",\"breadcrumb\":{\"@id\":\"https:\/\/alcaldiaalbertoadriani.com\/?p=5619#breadcrumb\"},\"inLanguage\":\"es\",\"potentialAction\":[{\"@type\":\"ReadAction\",\"target\":[\"https:\/\/alcaldiaalbertoadriani.com\/?p=5619\"]}]},{\"@type\":\"BreadcrumbList\",\"@id\":\"https:\/\/alcaldiaalbertoadriani.com\/?p=5619#breadcrumb\",\"itemListElement\":[{\"@type\":\"ListItem\",\"position\":1,\"name\":\"Portada\",\"item\":\"https:\/\/alcaldiaalbertoadriani.com\/\"},{\"@type\":\"ListItem\",\"position\":2,\"name\":\"Fundaci\u00f3n Ni\u00f1os Color De Mi Tierra entreg\u00f3 30 kits nutricionales del programa \u201cUna Mano Amiga\u201d\"}]},{\"@type\":\"WebSite\",\"@id\":\"https:\/\/alcaldiaalbertoadriani.com\/#website\",\"url\":\"https:\/\/alcaldiaalbertoadriani.com\/\",\"name\":\"Alcaldia Alberto Adriani\",\"description\":\"\",\"potentialAction\":[{\"@type\":\"SearchAction\",\"target\":{\"@type\":\"EntryPoint\",\"urlTemplate\":\"https:\/\/alcaldiaalbertoadriani.com\/?s={search_term_string}\"},\"query-input\":\"required name=search_term_string\"}],\"inLanguage\":\"es\"},{\"@type\":\"Person\",\"@id\":\"https:\/\/alcaldiaalbertoadriani.com\/#\/schema\/person\/549b4483ff8999ac780deeea78795fc9\",\"name\":\"Prensa\",\"image\":{\"@type\":\"ImageObject\",\"inLanguage\":\"es\",\"@id\":\"https:\/\/alcaldiaalbertoadriani.com\/#\/schema\/person\/image\/\",\"url\":\"https:\/\/secure.gravatar.com\/avatar\/ea1cb567ea992a29627f4eee1c2eb185ec16decec6342d508fdf18dedb56c9de?s=96&d=mm&r=g\",\"contentUrl\":\"https:\/\/secure.gravatar.com\/avatar\/ea1cb567ea992a29627f4eee1c2eb185ec16decec6342d508fdf18dedb56c9de?s=96&d=mm&r=g\",\"caption\":\"Prensa\"},\"url\":\"https:\/\/alcaldiaalbertoadriani.com\/?author=2\"}]}<\/script>\n<!-- \/ Yoast SEO plugin. -->","yoast_head_json":{"title":"Fundaci\u00f3n Ni\u00f1os Color De Mi Tierra entreg\u00f3 30 kits nutricionales","description":"Mencion\u00f3 Parra que \"en esta oportunidad, fueron\u00a030 ni\u00f1os beneficiados de los cuales 12 de ellos son con necesidades especiales\".","robots":{"index":"index","follow":"follow","max-snippet":"max-snippet:-1","max-image-preview":"max-image-preview:large","max-video-preview":"max-video-preview:-1"},"canonical":"https:\/\/alcaldiaalbertoadriani.com\/?p=5619","og_locale":"es_ES","og_type":"article","og_title":"Fundaci\u00f3n Ni\u00f1os Color De Mi Tierra entreg\u00f3 30 kits nutricionales","og_description":"Mencion\u00f3 Parra que \"en esta oportunidad, fueron\u00a030 ni\u00f1os beneficiados de los cuales 12 de ellos son con necesidades especiales\".","og_url":"https:\/\/alcaldiaalbertoadriani.com\/?p=5619","og_site_name":"Alcaldia Alberto Adriani","article_published_time":"2024-03-20T16:01:15+00:00","article_modified_time":"2024-03-20T16:01:20+00:00","og_image":[{"width":1280,"height":964,"url":"https:\/\/alcaldiaalbertoadriani.com\/wp-content\/uploads\/2024\/03\/photo_5159419212412857729_y.jpg","type":"image\/jpeg"}],"author":"Prensa","twitter_card":"summary_large_image","twitter_misc":{"Escrito por":"Prensa","Tiempo de lectura":"3 minutos"},"schema":{"@context":"https:\/\/schema.org","@graph":[{"@type":"WebPage","@id":"https:\/\/alcaldiaalbertoadriani.com\/?p=5619","url":"https:\/\/alcaldiaalbertoadriani.com\/?p=5619","name":"Fundaci\u00f3n Ni\u00f1os Color De Mi Tierra entreg\u00f3 30 kits nutricionales","isPartOf":{"@id":"https:\/\/alcaldiaalbertoadriani.com\/#website"},"datePublished":"2024-03-20T16:01:15+00:00","dateModified":"2024-03-20T16:01:20+00:00","author":{"@id":"https:\/\/alcaldiaalbertoadriani.com\/#\/schema\/person\/549b4483ff8999ac780deeea78795fc9"},"description":"Mencion\u00f3 Parra que \"en esta oportunidad, fueron\u00a030 ni\u00f1os beneficiados de los cuales 12 de ellos son con necesidades especiales\".","breadcrumb":{"@id":"https:\/\/alcaldiaalbertoadriani.com\/?p=5619#breadcrumb"},"inLanguage":"es","potentialAction":[{"@type":"ReadAction","target":["https:\/\/alcaldiaalbertoadriani.com\/?p=5619"]}]},{"@type":"BreadcrumbList","@id":"https:\/\/alcaldiaalbertoadriani.com\/?p=5619#breadcrumb","itemListElement":[{"@type":"ListItem","position":1,"name":"Portada","item":"https:\/\/alcaldiaalbertoadriani.com\/"},{"@type":"ListItem","position":2,"name":"Fundaci\u00f3n Ni\u00f1os Color De Mi Tierra entreg\u00f3 30 kits nutricionales del programa \u201cUna Mano Amiga\u201d"}]},{"@type":"WebSite","@id":"https:\/\/alcaldiaalbertoadriani.com\/#website","url":"https:\/\/alcaldiaalbertoadriani.com\/","name":"Alcaldia Alberto Adriani","description":"","potentialAction":[{"@type":"SearchAction","target":{"@type":"EntryPoint","urlTemplate":"https:\/\/alcaldiaalbertoadriani.com\/?s={search_term_string}"},"query-input":"required name=search_term_string"}],"inLanguage":"es"},{"@type":"Person","@id":"https:\/\/alcaldiaalbertoadriani.com\/#\/schema\/person\/549b4483ff8999ac780deeea78795fc9","name":"Prensa","image":{"@type":"ImageObject","inLanguage":"es","@id":"https:\/\/alcaldiaalbertoadriani.com\/#\/schema\/person\/image\/","url":"https:\/\/secure.gravatar.com\/avatar\/ea1cb567ea992a29627f4eee1c2eb185ec16decec6342d508fdf18dedb56c9de?s=96&d=mm&r=g","contentUrl":"https:\/\/secure.gravatar.com\/avatar\/ea1cb567ea992a29627f4eee1c2eb185ec16decec6342d508fdf18dedb56c9de?s=96&d=mm&r=g","caption":"Prensa"},"url":"https:\/\/alcaldiaalbertoadriani.com\/?author=2"}]}},"_links":{"self":[{"href":"https:\/\/alcaldiaalbertoadriani.com\/index.php?rest_route=\/wp\/v2\/posts\/5619","targetHints":{"allow":["GET"]}}],"collection":[{"href":"https:\/\/alcaldiaalbertoadriani.com\/index.php?rest_route=\/wp\/v2\/posts"}],"about":[{"href":"https:\/\/alcaldiaalbertoadriani.com\/index.php?rest_route=\/wp\/v2\/types\/post"}],"author":[{"embeddable":true,"href":"https:\/\/alcaldiaalbertoadriani.com\/index.php?rest_route=\/wp\/v2\/users\/2"}],"replies":[{"embeddable":true,"href":"https:\/\/alcaldiaalbertoadriani.com\/index.php?rest_route=%2Fwp%2Fv2%2Fcomments&post=5619"}],"version-history":[{"count":1,"href":"https:\/\/alcaldiaalbertoadriani.com\/index.php?rest_route=\/wp\/v2\/posts\/5619\/revisions"}],"predecessor-version":[{"id":5635,"href":"https:\/\/alcaldiaalbertoadriani.com\/index.php?rest_route=\/wp\/v2\/posts\/5619\/revisions\/5635"}],"wp:featuredmedia":[{"embeddable":true,"href":"https:\/\/alcaldiaalbertoadriani.com\/index.php?rest_route=\/wp\/v2\/media\/5620"}],"wp:attachment":[{"href":"https:\/\/alcaldiaalbertoadriani.com\/index.php?rest_route=%2Fwp%2Fv2%2Fmedia&parent=5619"}],"wp:term":[{"taxonomy":"category","embeddable":true,"href":"https:\/\/alcaldiaalbertoadriani.com\/index.php?rest_route=%2Fwp%2Fv2%2Fcategories&post=5619"},{"taxonomy":"post_tag","embeddable":true,"href":"https:\/\/alcaldiaalbertoadriani.com\/index.php?rest_route=%2Fwp%2Fv2%2Ftags&post=5619"}],"curies":[{"name":"wp","href":"https:\/\/api.w.org\/{rel}","templated":true}]}}