{"id":560,"date":"2022-08-18T19:15:56","date_gmt":"2022-08-18T19:15:56","guid":{"rendered":"https:\/\/alcaldiaalbertoadriani.com\/?p=560"},"modified":"2022-08-18T23:08:24","modified_gmt":"2022-08-18T23:08:24","slug":"primera-dama-inicio-plan-vacacional-ninos-color-de-mi-tierra-2022","status":"publish","type":"post","link":"https:\/\/alcaldiaalbertoadriani.com\/?p=560","title":{"rendered":"Desde el 16 al 20 de agosto"},"content":{"rendered":"\n<p>Primera Dama inici\u00f3 Plan Vacacional \u201cNi\u00f1os Color de mi Tierra 2022\u201d<\/p>\n\n\n\n<p>***A prop\u00f3sito de celebrarse la creaci\u00f3n de la Fundaci\u00f3n Ni\u00f1os Color de mi Tierra, la primera Dama del municipio Alberto Adriani, Yudith Parra, inici\u00f3 el Plan Vacacional \u201cNi\u00f1os Color de mi Tierra 2022\u201d totalmente gratuito, y con la participaci\u00f3n de 10 ni\u00f1os por cada parroquia<\/p>\n\n\n\n<p>Con una matr\u00edcula de 70 ni\u00f1os en edades comprendidas entre 8 y 12 a\u00f1os de distintas comunidades de las parroquias del municipio Alberto Adriani, la primera Dama y presidenta de la Fundaci\u00f3n Ni\u00f1os Color de mi Tierra, Yudith Parra, inici\u00f3 el Plan Vacacional &#8220;Ni\u00f1os Color de mi Tierra 2022&#8221;, desde las instalaciones de la Casa del Ni\u00f1o Trabajador \u201cDr. H\u00e9ctor Rodr\u00edguez Dugarte\u201d.<\/p>\n\n\n\n<p>Indic\u00f3 la primera Dama que con el apoyo del alcalde Lisandro Segura y a prop\u00f3sito de celebrarse el aniversario de la Fundaci\u00f3n Ni\u00f1os Color de mi Tierra, dieron comienzo al plan vacacional el cual \u201ces totalmente gratuito y durar\u00e1 desde el 16 hasta el s\u00e1bado 20 de agosto, all\u00ed los ni\u00f1os realizar\u00e1n diferentes talleres de computaci\u00f3n, reposter\u00eda, manualidades, pintura y globos\u201d.<\/p>\n\n\n\n<!--more-->\n\n\n\n<p>Adem\u00e1s, agreg\u00f3 que las inscripciones se hicieron previa con la colaboraci\u00f3n de los concejales y el personal de la fundaci\u00f3n, apoyados en el censo que se tiene de las diferentes parroquias.<\/p>\n\n\n\n<p>Parra agradeci\u00f3 a la fundaci\u00f3n &#8220;un bocadito para Venezuela&#8221; por el apoyo en cuanto al suministro de alimentos a los ni\u00f1os durante el plan vacacional y acot\u00f3 que dicho plan cerrar\u00e1 en la cancha techada de la Casa del Ni\u00f1o Trabajador, con la presentaci\u00f3n de los trabajos elaborados por los ni\u00f1os producto de los talleres impartidos, &#8220;ese mismo d\u00eda s\u00e1bado 20 se aprovechar\u00e1 para celebrar el aniversario de la Fundaci\u00f3n Ni\u00f1os Color de mi Tierra\u201d, precis\u00f3 la primera Dama. Prensa Alcald\u00eda Alberto Adriani\/Claribel Zambrano CNP: 11.843\/Fotos: Yorman Parra y Angelo Cubill\u00e1n.<\/p>\n\n\n\n<figure class=\"wp-block-gallery has-nested-images columns-default is-cropped wp-block-gallery-1 is-layout-flex wp-block-gallery-is-layout-flex\">\n<figure class=\"wp-block-image size-large\"><img loading=\"lazy\" decoding=\"async\" width=\"1024\" height=\"460\" data-id=\"567\" src=\"https:\/\/alcaldiaalbertoadriani.com\/wp-content\/uploads\/2022\/08\/photo_2022-08-18_15-08-41-1024x460.jpg\" alt=\"\" class=\"wp-image-567\" srcset=\"https:\/\/alcaldiaalbertoadriani.com\/wp-content\/uploads\/2022\/08\/photo_2022-08-18_15-08-41-1024x460.jpg 1024w, https:\/\/alcaldiaalbertoadriani.com\/wp-content\/uploads\/2022\/08\/photo_2022-08-18_15-08-41-980x440.jpg 980w, https:\/\/alcaldiaalbertoadriani.com\/wp-content\/uploads\/2022\/08\/photo_2022-08-18_15-08-41-480x216.jpg 480w\" sizes=\"auto, (min-width: 0px) and (max-width: 480px) 480px, (min-width: 481px) and (max-width: 980px) 980px, (min-width: 981px) 1024px, 100vw\" \/><\/figure>\n\n\n\n<figure class=\"wp-block-image size-large\"><img loading=\"lazy\" decoding=\"async\" width=\"1024\" height=\"460\" data-id=\"566\" src=\"https:\/\/alcaldiaalbertoadriani.com\/wp-content\/uploads\/2022\/08\/photo_2022-08-18_15-08-42-1024x460.jpg\" alt=\"\" class=\"wp-image-566\" srcset=\"https:\/\/alcaldiaalbertoadriani.com\/wp-content\/uploads\/2022\/08\/photo_2022-08-18_15-08-42-1024x460.jpg 1024w, https:\/\/alcaldiaalbertoadriani.com\/wp-content\/uploads\/2022\/08\/photo_2022-08-18_15-08-42-980x440.jpg 980w, https:\/\/alcaldiaalbertoadriani.com\/wp-content\/uploads\/2022\/08\/photo_2022-08-18_15-08-42-480x216.jpg 480w\" sizes=\"auto, (min-width: 0px) and (max-width: 480px) 480px, (min-width: 481px) and (max-width: 980px) 980px, (min-width: 981px) 1024px, 100vw\" \/><\/figure>\n\n\n\n<figure class=\"wp-block-image size-large\"><img loading=\"lazy\" decoding=\"async\" width=\"1024\" height=\"460\" data-id=\"569\" src=\"https:\/\/alcaldiaalbertoadriani.com\/wp-content\/uploads\/2022\/08\/photo_2022-08-18_15-08-43-1024x460.jpg\" alt=\"\" class=\"wp-image-569\" srcset=\"https:\/\/alcaldiaalbertoadriani.com\/wp-content\/uploads\/2022\/08\/photo_2022-08-18_15-08-43-1024x460.jpg 1024w, https:\/\/alcaldiaalbertoadriani.com\/wp-content\/uploads\/2022\/08\/photo_2022-08-18_15-08-43-980x440.jpg 980w, https:\/\/alcaldiaalbertoadriani.com\/wp-content\/uploads\/2022\/08\/photo_2022-08-18_15-08-43-480x216.jpg 480w\" sizes=\"auto, (min-width: 0px) and (max-width: 480px) 480px, (min-width: 481px) and (max-width: 980px) 980px, (min-width: 981px) 1024px, 100vw\" \/><\/figure>\n\n\n\n<figure class=\"wp-block-image size-large\"><img loading=\"lazy\" decoding=\"async\" width=\"1024\" height=\"460\" data-id=\"564\" src=\"https:\/\/alcaldiaalbertoadriani.com\/wp-content\/uploads\/2022\/08\/photo_2022-08-18_15-08-44-1024x460.jpg\" alt=\"\" class=\"wp-image-564\" srcset=\"https:\/\/alcaldiaalbertoadriani.com\/wp-content\/uploads\/2022\/08\/photo_2022-08-18_15-08-44-1024x460.jpg 1024w, https:\/\/alcaldiaalbertoadriani.com\/wp-content\/uploads\/2022\/08\/photo_2022-08-18_15-08-44-980x440.jpg 980w, https:\/\/alcaldiaalbertoadriani.com\/wp-content\/uploads\/2022\/08\/photo_2022-08-18_15-08-44-480x216.jpg 480w\" sizes=\"auto, (min-width: 0px) and (max-width: 480px) 480px, (min-width: 481px) and (max-width: 980px) 980px, (min-width: 981px) 1024px, 100vw\" \/><\/figure>\n\n\n\n<figure class=\"wp-block-image size-large\"><img loading=\"lazy\" decoding=\"async\" width=\"1024\" height=\"460\" data-id=\"563\" src=\"https:\/\/alcaldiaalbertoadriani.com\/wp-content\/uploads\/2022\/08\/photo_2022-08-18_15-08-45-2-1024x460.jpg\" alt=\"\" class=\"wp-image-563\" srcset=\"https:\/\/alcaldiaalbertoadriani.com\/wp-content\/uploads\/2022\/08\/photo_2022-08-18_15-08-45-2-1024x460.jpg 1024w, https:\/\/alcaldiaalbertoadriani.com\/wp-content\/uploads\/2022\/08\/photo_2022-08-18_15-08-45-2-980x440.jpg 980w, https:\/\/alcaldiaalbertoadriani.com\/wp-content\/uploads\/2022\/08\/photo_2022-08-18_15-08-45-2-480x216.jpg 480w\" sizes=\"auto, (min-width: 0px) and (max-width: 480px) 480px, (min-width: 481px) and (max-width: 980px) 980px, (min-width: 981px) 1024px, 100vw\" \/><\/figure>\n\n\n\n<figure class=\"wp-block-image size-large\"><img loading=\"lazy\" decoding=\"async\" width=\"1024\" height=\"460\" data-id=\"565\" src=\"https:\/\/alcaldiaalbertoadriani.com\/wp-content\/uploads\/2022\/08\/photo_2022-08-18_15-08-45-1024x460.jpg\" alt=\"\" class=\"wp-image-565\" srcset=\"https:\/\/alcaldiaalbertoadriani.com\/wp-content\/uploads\/2022\/08\/photo_2022-08-18_15-08-45-1024x460.jpg 1024w, https:\/\/alcaldiaalbertoadriani.com\/wp-content\/uploads\/2022\/08\/photo_2022-08-18_15-08-45-980x440.jpg 980w, https:\/\/alcaldiaalbertoadriani.com\/wp-content\/uploads\/2022\/08\/photo_2022-08-18_15-08-45-480x216.jpg 480w\" sizes=\"auto, (min-width: 0px) and (max-width: 480px) 480px, (min-width: 481px) and (max-width: 980px) 980px, (min-width: 981px) 1024px, 100vw\" \/><\/figure>\n\n\n\n<figure class=\"wp-block-image size-large\"><img loading=\"lazy\" decoding=\"async\" width=\"1024\" height=\"460\" data-id=\"568\" src=\"https:\/\/alcaldiaalbertoadriani.com\/wp-content\/uploads\/2022\/08\/photo_2022-08-18_15-08-46-1024x460.jpg\" alt=\"\" class=\"wp-image-568\" srcset=\"https:\/\/alcaldiaalbertoadriani.com\/wp-content\/uploads\/2022\/08\/photo_2022-08-18_15-08-46-1024x460.jpg 1024w, https:\/\/alcaldiaalbertoadriani.com\/wp-content\/uploads\/2022\/08\/photo_2022-08-18_15-08-46-980x440.jpg 980w, https:\/\/alcaldiaalbertoadriani.com\/wp-content\/uploads\/2022\/08\/photo_2022-08-18_15-08-46-480x216.jpg 480w\" sizes=\"auto, (min-width: 0px) and (max-width: 480px) 480px, (min-width: 481px) and (max-width: 980px) 980px, (min-width: 981px) 1024px, 100vw\" \/><\/figure>\n\n\n\n<figure class=\"wp-block-image size-large\"><img loading=\"lazy\" decoding=\"async\" width=\"450\" height=\"800\" data-id=\"562\" src=\"https:\/\/alcaldiaalbertoadriani.com\/wp-content\/uploads\/2022\/08\/photo_2022-08-18_15-08-47.jpg\" alt=\"\" class=\"wp-image-562\" srcset=\"https:\/\/alcaldiaalbertoadriani.com\/wp-content\/uploads\/2022\/08\/photo_2022-08-18_15-08-47.jpg 450w, https:\/\/alcaldiaalbertoadriani.com\/wp-content\/uploads\/2022\/08\/photo_2022-08-18_15-08-47-169x300.jpg 169w\" sizes=\"auto, (max-width: 450px) 100vw, 450px\" \/><\/figure>\n\n\n\n<figure class=\"wp-block-image size-large\"><img loading=\"lazy\" decoding=\"async\" width=\"450\" height=\"800\" data-id=\"561\" src=\"https:\/\/alcaldiaalbertoadriani.com\/wp-content\/uploads\/2022\/08\/photo_2022-08-18_15-08-51.jpg\" alt=\"\" class=\"wp-image-561\" srcset=\"https:\/\/alcaldiaalbertoadriani.com\/wp-content\/uploads\/2022\/08\/photo_2022-08-18_15-08-51.jpg 450w, https:\/\/alcaldiaalbertoadriani.com\/wp-content\/uploads\/2022\/08\/photo_2022-08-18_15-08-51-169x300.jpg 169w\" sizes=\"auto, (max-width: 450px) 100vw, 450px\" \/><\/figure>\n<\/figure>\n","protected":false},"excerpt":{"rendered":"<p>Primera Dama inici\u00f3 Plan Vacacional \u201cNi\u00f1os Color de mi Tierra 2022\u201d ***A prop\u00f3sito de celebrarse la creaci\u00f3n de la Fundaci\u00f3n Ni\u00f1os Color de mi Tierra, la primera Dama del municipio [&hellip;]<\/p>\n","protected":false},"author":2,"featured_media":570,"comment_status":"closed","ping_status":"closed","sticky":false,"template":"","format":"standard","meta":{"_et_pb_use_builder":"off","_et_pb_old_content":"","_et_gb_content_width":"","footnotes":""},"categories":[39,23,22,25],"tags":[11,12,15,30,29,28,26,27],"class_list":["post-560","post","type-post","status-publish","format-standard","has-post-thumbnail","hentry","category-actividades-sociales","category-casa-del-nino-trabajador","category-fundacion-ninos-color-de-mi-tierra","category-nuestro-municipio","tag-alcaldia","tag-alcaldiaalbertoadriani","tag-elvigia","tag-lisandrosegura","tag-municipioquenosmerecemos","tag-porelrenacer","tag-fundacion","tag-ninoscolordemitierra"],"yoast_head":"<!-- This site is optimized with the Yoast SEO plugin v19.13 - https:\/\/yoast.com\/wordpress\/plugins\/seo\/ -->\n<title>Desde el 16 al 20 de agosto - Alcaldia Alberto Adriani<\/title>\n<meta name=\"robots\" content=\"index, follow, max-snippet:-1, max-image-preview:large, max-video-preview:-1\" \/>\n<link rel=\"canonical\" href=\"https:\/\/alcaldiaalbertoadriani.com\/?p=560\" \/>\n<meta property=\"og:locale\" content=\"es_ES\" \/>\n<meta property=\"og:type\" content=\"article\" \/>\n<meta property=\"og:title\" content=\"Desde el 16 al 20 de agosto - Alcaldia Alberto Adriani\" \/>\n<meta property=\"og:description\" content=\"Primera Dama inici\u00f3 Plan Vacacional \u201cNi\u00f1os Color de mi Tierra 2022\u201d ***A prop\u00f3sito de celebrarse la creaci\u00f3n de la Fundaci\u00f3n Ni\u00f1os Color de mi Tierra, la primera Dama del municipio [&hellip;]\" \/>\n<meta property=\"og:url\" content=\"https:\/\/alcaldiaalbertoadriani.com\/?p=560\" \/>\n<meta property=\"og:site_name\" content=\"Alcaldia Alberto Adriani\" \/>\n<meta property=\"article:published_time\" content=\"2022-08-18T19:15:56+00:00\" \/>\n<meta property=\"article:modified_time\" content=\"2022-08-18T23:08:24+00:00\" \/>\n<meta property=\"og:image\" content=\"https:\/\/alcaldiaalbertoadriani.com\/wp-content\/uploads\/2022\/08\/photo_2022-08-18_15-08-39.jpg\" \/>\n\t<meta property=\"og:image:width\" content=\"2560\" \/>\n\t<meta property=\"og:image:height\" content=\"1182\" \/>\n\t<meta property=\"og:image:type\" content=\"image\/jpeg\" \/>\n<meta name=\"author\" content=\"Prensa\" \/>\n<meta name=\"twitter:card\" content=\"summary_large_image\" \/>\n<meta name=\"twitter:label1\" content=\"Escrito por\" \/>\n\t<meta name=\"twitter:data1\" content=\"Prensa\" \/>\n\t<meta name=\"twitter:label2\" content=\"Tiempo de lectura\" \/>\n\t<meta name=\"twitter:data2\" content=\"2 minutos\" \/>\n<script type=\"application\/ld+json\" class=\"yoast-schema-graph\">{\"@context\":\"https:\/\/schema.org\",\"@graph\":[{\"@type\":\"WebPage\",\"@id\":\"https:\/\/alcaldiaalbertoadriani.com\/?p=560\",\"url\":\"https:\/\/alcaldiaalbertoadriani.com\/?p=560\",\"name\":\"Desde el 16 al 20 de agosto - Alcaldia Alberto Adriani\",\"isPartOf\":{\"@id\":\"https:\/\/alcaldiaalbertoadriani.com\/#website\"},\"datePublished\":\"2022-08-18T19:15:56+00:00\",\"dateModified\":\"2022-08-18T23:08:24+00:00\",\"author\":{\"@id\":\"https:\/\/alcaldiaalbertoadriani.com\/#\/schema\/person\/549b4483ff8999ac780deeea78795fc9\"},\"breadcrumb\":{\"@id\":\"https:\/\/alcaldiaalbertoadriani.com\/?p=560#breadcrumb\"},\"inLanguage\":\"es\",\"potentialAction\":[{\"@type\":\"ReadAction\",\"target\":[\"https:\/\/alcaldiaalbertoadriani.com\/?p=560\"]}]},{\"@type\":\"BreadcrumbList\",\"@id\":\"https:\/\/alcaldiaalbertoadriani.com\/?p=560#breadcrumb\",\"itemListElement\":[{\"@type\":\"ListItem\",\"position\":1,\"name\":\"Portada\",\"item\":\"https:\/\/alcaldiaalbertoadriani.com\/\"},{\"@type\":\"ListItem\",\"position\":2,\"name\":\"Desde el 16 al 20 de agosto\"}]},{\"@type\":\"WebSite\",\"@id\":\"https:\/\/alcaldiaalbertoadriani.com\/#website\",\"url\":\"https:\/\/alcaldiaalbertoadriani.com\/\",\"name\":\"Alcaldia Alberto Adriani\",\"description\":\"\",\"potentialAction\":[{\"@type\":\"SearchAction\",\"target\":{\"@type\":\"EntryPoint\",\"urlTemplate\":\"https:\/\/alcaldiaalbertoadriani.com\/?s={search_term_string}\"},\"query-input\":\"required name=search_term_string\"}],\"inLanguage\":\"es\"},{\"@type\":\"Person\",\"@id\":\"https:\/\/alcaldiaalbertoadriani.com\/#\/schema\/person\/549b4483ff8999ac780deeea78795fc9\",\"name\":\"Prensa\",\"image\":{\"@type\":\"ImageObject\",\"inLanguage\":\"es\",\"@id\":\"https:\/\/alcaldiaalbertoadriani.com\/#\/schema\/person\/image\/\",\"url\":\"https:\/\/secure.gravatar.com\/avatar\/ea1cb567ea992a29627f4eee1c2eb185ec16decec6342d508fdf18dedb56c9de?s=96&d=mm&r=g\",\"contentUrl\":\"https:\/\/secure.gravatar.com\/avatar\/ea1cb567ea992a29627f4eee1c2eb185ec16decec6342d508fdf18dedb56c9de?s=96&d=mm&r=g\",\"caption\":\"Prensa\"},\"url\":\"https:\/\/alcaldiaalbertoadriani.com\/?author=2\"}]}<\/script>\n<!-- \/ Yoast SEO plugin. -->","yoast_head_json":{"title":"Desde el 16 al 20 de agosto - Alcaldia Alberto Adriani","robots":{"index":"index","follow":"follow","max-snippet":"max-snippet:-1","max-image-preview":"max-image-preview:large","max-video-preview":"max-video-preview:-1"},"canonical":"https:\/\/alcaldiaalbertoadriani.com\/?p=560","og_locale":"es_ES","og_type":"article","og_title":"Desde el 16 al 20 de agosto - Alcaldia Alberto Adriani","og_description":"Primera Dama inici\u00f3 Plan Vacacional \u201cNi\u00f1os Color de mi Tierra 2022\u201d ***A prop\u00f3sito de celebrarse la creaci\u00f3n de la Fundaci\u00f3n Ni\u00f1os Color de mi Tierra, la primera Dama del municipio [&hellip;]","og_url":"https:\/\/alcaldiaalbertoadriani.com\/?p=560","og_site_name":"Alcaldia Alberto Adriani","article_published_time":"2022-08-18T19:15:56+00:00","article_modified_time":"2022-08-18T23:08:24+00:00","og_image":[{"width":2560,"height":1182,"url":"https:\/\/alcaldiaalbertoadriani.com\/wp-content\/uploads\/2022\/08\/photo_2022-08-18_15-08-39.jpg","type":"image\/jpeg"}],"author":"Prensa","twitter_card":"summary_large_image","twitter_misc":{"Escrito por":"Prensa","Tiempo de lectura":"2 minutos"},"schema":{"@context":"https:\/\/schema.org","@graph":[{"@type":"WebPage","@id":"https:\/\/alcaldiaalbertoadriani.com\/?p=560","url":"https:\/\/alcaldiaalbertoadriani.com\/?p=560","name":"Desde el 16 al 20 de agosto - Alcaldia Alberto Adriani","isPartOf":{"@id":"https:\/\/alcaldiaalbertoadriani.com\/#website"},"datePublished":"2022-08-18T19:15:56+00:00","dateModified":"2022-08-18T23:08:24+00:00","author":{"@id":"https:\/\/alcaldiaalbertoadriani.com\/#\/schema\/person\/549b4483ff8999ac780deeea78795fc9"},"breadcrumb":{"@id":"https:\/\/alcaldiaalbertoadriani.com\/?p=560#breadcrumb"},"inLanguage":"es","potentialAction":[{"@type":"ReadAction","target":["https:\/\/alcaldiaalbertoadriani.com\/?p=560"]}]},{"@type":"BreadcrumbList","@id":"https:\/\/alcaldiaalbertoadriani.com\/?p=560#breadcrumb","itemListElement":[{"@type":"ListItem","position":1,"name":"Portada","item":"https:\/\/alcaldiaalbertoadriani.com\/"},{"@type":"ListItem","position":2,"name":"Desde el 16 al 20 de agosto"}]},{"@type":"WebSite","@id":"https:\/\/alcaldiaalbertoadriani.com\/#website","url":"https:\/\/alcaldiaalbertoadriani.com\/","name":"Alcaldia Alberto Adriani","description":"","potentialAction":[{"@type":"SearchAction","target":{"@type":"EntryPoint","urlTemplate":"https:\/\/alcaldiaalbertoadriani.com\/?s={search_term_string}"},"query-input":"required name=search_term_string"}],"inLanguage":"es"},{"@type":"Person","@id":"https:\/\/alcaldiaalbertoadriani.com\/#\/schema\/person\/549b4483ff8999ac780deeea78795fc9","name":"Prensa","image":{"@type":"ImageObject","inLanguage":"es","@id":"https:\/\/alcaldiaalbertoadriani.com\/#\/schema\/person\/image\/","url":"https:\/\/secure.gravatar.com\/avatar\/ea1cb567ea992a29627f4eee1c2eb185ec16decec6342d508fdf18dedb56c9de?s=96&d=mm&r=g","contentUrl":"https:\/\/secure.gravatar.com\/avatar\/ea1cb567ea992a29627f4eee1c2eb185ec16decec6342d508fdf18dedb56c9de?s=96&d=mm&r=g","caption":"Prensa"},"url":"https:\/\/alcaldiaalbertoadriani.com\/?author=2"}]}},"_links":{"self":[{"href":"https:\/\/alcaldiaalbertoadriani.com\/index.php?rest_route=\/wp\/v2\/posts\/560","targetHints":{"allow":["GET"]}}],"collection":[{"href":"https:\/\/alcaldiaalbertoadriani.com\/index.php?rest_route=\/wp\/v2\/posts"}],"about":[{"href":"https:\/\/alcaldiaalbertoadriani.com\/index.php?rest_route=\/wp\/v2\/types\/post"}],"author":[{"embeddable":true,"href":"https:\/\/alcaldiaalbertoadriani.com\/index.php?rest_route=\/wp\/v2\/users\/2"}],"replies":[{"embeddable":true,"href":"https:\/\/alcaldiaalbertoadriani.com\/index.php?rest_route=%2Fwp%2Fv2%2Fcomments&post=560"}],"version-history":[{"count":2,"href":"https:\/\/alcaldiaalbertoadriani.com\/index.php?rest_route=\/wp\/v2\/posts\/560\/revisions"}],"predecessor-version":[{"id":573,"href":"https:\/\/alcaldiaalbertoadriani.com\/index.php?rest_route=\/wp\/v2\/posts\/560\/revisions\/573"}],"wp:featuredmedia":[{"embeddable":true,"href":"https:\/\/alcaldiaalbertoadriani.com\/index.php?rest_route=\/wp\/v2\/media\/570"}],"wp:attachment":[{"href":"https:\/\/alcaldiaalbertoadriani.com\/index.php?rest_route=%2Fwp%2Fv2%2Fmedia&parent=560"}],"wp:term":[{"taxonomy":"category","embeddable":true,"href":"https:\/\/alcaldiaalbertoadriani.com\/index.php?rest_route=%2Fwp%2Fv2%2Fcategories&post=560"},{"taxonomy":"post_tag","embeddable":true,"href":"https:\/\/alcaldiaalbertoadriani.com\/index.php?rest_route=%2Fwp%2Fv2%2Ftags&post=560"}],"curies":[{"name":"wp","href":"https:\/\/api.w.org\/{rel}","templated":true}]}}