{"id":5347,"date":"2024-02-20T15:59:21","date_gmt":"2024-02-20T15:59:21","guid":{"rendered":"https:\/\/alcaldiaalbertoadriani.com\/?p=5347"},"modified":"2024-02-20T15:59:24","modified_gmt":"2024-02-20T15:59:24","slug":"el-vigia-celebro-el-carnaval","status":"publish","type":"post","link":"https:\/\/alcaldiaalbertoadriani.com\/?p=5347","title":{"rendered":"El Vig\u00eda se visti\u00f3 de fiesta: Carnaval 2024 un \u00e9xito rotundo"},"content":{"rendered":"\n<p><\/p>\n\n\n\n<p>El domingo 11 de febrero la <a href=\"https:\/\/www.instagram.com\/alcaldia_aa\/\" target=\"_blank\" rel=\"noreferrer noopener\">alcald\u00eda de Alberto Adriani <\/a>y el Instituto <a href=\"https:\/\/alcaldiaalbertoadriani.com\/?p=4491\" target=\"_blank\" rel=\"noreferrer noopener\">Municipal de la Cultura<\/a> \u2013Iamcaa-, realizaron con \u00e9xito el <a href=\"https:\/\/alcaldiaalbertoadriani.com\/?p=1968\" target=\"_blank\" rel=\"noreferrer noopener\">Desfile de Carnaval <\/a>El Vig\u00eda 2024.<\/p>\n\n\n\n<p>El punto de concentraci\u00f3n y partida se dio en el enlace vial Omaira Candela. El recorrido pas\u00f3 frente a la alcald\u00eda, baj\u00f3 por la avenida Bol\u00edvar, recorri\u00f3 la Calle 3, avenida 16 y avenida 15 hasta llegar a la tarima principal frente a la sede del Circuito Judicial.&nbsp;<\/p>\n\n\n\n<!--more-->\n\n\n\n<h2 class=\"wp-block-heading\">Masiva participaci\u00f3n<\/h2>\n\n\n\n<p>El alcalde Lisandro Segura destac\u00f3 que un total de nueve bandas show, m\u00e1s de 12 comparsas e igual n\u00famero de carrozas participaron en este gran desfile de carnaval.<\/p>\n\n\n\n<p>\u201cMiles de personas se volcaron a las calles para presenciar el paso de las agrupaciones que desfilaron desde el enlace vial Omaira Candela hasta el Palacio de Justicia\u201d, acentu\u00f3.<\/p>\n\n\n\n<h2 class=\"wp-block-heading\">Ganadores<\/h2>\n\n\n\n<p>Funcionarios del Ayuntamiento y el Iamcaa premiaron a los ganadores de los mejores disfraces en la categor\u00eda Infantil. Primer lugar: Disfraz &#8220;La Flor de Cayena&#8221;. Segundo lugar: Disfraz &#8220;Venezuela libre y soberana&#8221; y el tercer lugar: Disfraz &#8220;Salvemos la Iguana&#8221;.&nbsp;&nbsp;&nbsp;<\/p>\n\n\n\n<figure class=\"wp-block-image size-large\"><img loading=\"lazy\" decoding=\"async\" width=\"1024\" height=\"768\" src=\"https:\/\/alcaldiaalbertoadriani.com\/wp-content\/uploads\/2024\/02\/photo_5087038916007144609_y-1024x768.jpg\" alt=\"\" class=\"wp-image-5349\" srcset=\"https:\/\/alcaldiaalbertoadriani.com\/wp-content\/uploads\/2024\/02\/photo_5087038916007144609_y-1024x768.jpg 1024w, https:\/\/alcaldiaalbertoadriani.com\/wp-content\/uploads\/2024\/02\/photo_5087038916007144609_y-980x735.jpg 980w, https:\/\/alcaldiaalbertoadriani.com\/wp-content\/uploads\/2024\/02\/photo_5087038916007144609_y-480x360.jpg 480w\" sizes=\"auto, (min-width: 0px) and (max-width: 480px) 480px, (min-width: 481px) and (max-width: 980px) 980px, (min-width: 981px) 1024px, 100vw\" \/><\/figure>\n\n\n\n<p>En cuanto a los ganadores de los mejores disfraces en la categor\u00eda Adulto: primer lugar: Disfraz &#8220;La Guacamaya&#8221;. Segundo lugar: Disfraz &#8220;Diosa Venezolana&#8221; y el tercer lugar: Disfraz &#8220;Pavo Real&#8221;.&nbsp;&nbsp;&nbsp;&nbsp;<\/p>\n\n\n\n<p>Los ganadores de las mejores carrozas: primer lugar: carroza &#8220;Batalla de Carabobo&#8221; de Nicolle Studio. Segundo lugar: carroza &#8220;La Guacherna&#8221; del Restaurante La Churuata y el tercer lugar: carroza &#8220;Liga de Coleo El Vig\u00eda&#8221; de la Liga de Coleo El Vig\u00eda.<\/p>\n\n\n\n<h2 class=\"wp-block-heading\">Agradecimientos<\/h2>\n\n\n\n<p><a href=\"https:\/\/www.instagram.com\/lisandrosegura02\/\" target=\"_blank\" rel=\"noreferrer noopener\">Lisandro Segura<\/a> agradeci\u00f3 a Keibert Rojas, presidente del Iamcaa y Yurima Ram\u00edrez, gerente de Promoci\u00f3n Institucional, Relaciones P\u00fablicas y Protocolo; por el trabajo realizado, as\u00ed como al equipo del Gobierno municipal que en conjunto con el pueblo han logrado crear espacios para el encuentro, disfrute y la distracci\u00f3n de los vigienses.<\/p>\n\n\n\n<p>Finalmente, agradeci\u00f3 a los cuerpos de seguridad por su invaluable colaboraci\u00f3n en el resguardo del buen desarrollo de las actividades realizadas para celebrar el carnaval. Adem\u00e1s, mencion\u00f3 la importancia de generar espacios como las tardes y noches culturales que se llevaron a cabo el lunes y martes de carnaval en la plaza Bol\u00edvar de El Vig\u00eda.<strong><em> Prensa Alcald\u00eda Alberto Adriani\/Edgar Mendoza CNP.25.736\/Fotos: Yorman Parra y Danny Ru\u00edz.<\/em><\/strong><\/p>\n\n\n\n<figure class=\"wp-block-gallery has-nested-images columns-default is-cropped wp-block-gallery-1 is-layout-flex wp-block-gallery-is-layout-flex\">\n<figure class=\"wp-block-image size-large\"><img loading=\"lazy\" decoding=\"async\" width=\"1024\" height=\"768\" data-id=\"5357\" src=\"https:\/\/alcaldiaalbertoadriani.com\/wp-content\/uploads\/2024\/02\/photo_5087038916007144610_y-1-1024x768.jpg\" alt=\"\" class=\"wp-image-5357\" srcset=\"https:\/\/alcaldiaalbertoadriani.com\/wp-content\/uploads\/2024\/02\/photo_5087038916007144610_y-1-1024x768.jpg 1024w, https:\/\/alcaldiaalbertoadriani.com\/wp-content\/uploads\/2024\/02\/photo_5087038916007144610_y-1-980x735.jpg 980w, https:\/\/alcaldiaalbertoadriani.com\/wp-content\/uploads\/2024\/02\/photo_5087038916007144610_y-1-480x360.jpg 480w\" sizes=\"auto, (min-width: 0px) and (max-width: 480px) 480px, (min-width: 481px) and (max-width: 980px) 980px, (min-width: 981px) 1024px, 100vw\" \/><\/figure>\n\n\n\n<figure class=\"wp-block-image size-large\"><img loading=\"lazy\" decoding=\"async\" width=\"1024\" height=\"768\" data-id=\"5358\" src=\"https:\/\/alcaldiaalbertoadriani.com\/wp-content\/uploads\/2024\/02\/photo_5087038916007144611_y-1024x768.jpg\" alt=\"\" class=\"wp-image-5358\" srcset=\"https:\/\/alcaldiaalbertoadriani.com\/wp-content\/uploads\/2024\/02\/photo_5087038916007144611_y-1024x768.jpg 1024w, https:\/\/alcaldiaalbertoadriani.com\/wp-content\/uploads\/2024\/02\/photo_5087038916007144611_y-980x735.jpg 980w, https:\/\/alcaldiaalbertoadriani.com\/wp-content\/uploads\/2024\/02\/photo_5087038916007144611_y-480x360.jpg 480w\" sizes=\"auto, (min-width: 0px) and (max-width: 480px) 480px, (min-width: 481px) and (max-width: 980px) 980px, (min-width: 981px) 1024px, 100vw\" \/><\/figure>\n\n\n\n<figure class=\"wp-block-image size-large\"><img loading=\"lazy\" decoding=\"async\" width=\"1024\" height=\"768\" data-id=\"5353\" src=\"https:\/\/alcaldiaalbertoadriani.com\/wp-content\/uploads\/2024\/02\/photo_5087038916007144612_y-1024x768.jpg\" alt=\"\" class=\"wp-image-5353\" srcset=\"https:\/\/alcaldiaalbertoadriani.com\/wp-content\/uploads\/2024\/02\/photo_5087038916007144612_y-1024x768.jpg 1024w, https:\/\/alcaldiaalbertoadriani.com\/wp-content\/uploads\/2024\/02\/photo_5087038916007144612_y-980x735.jpg 980w, https:\/\/alcaldiaalbertoadriani.com\/wp-content\/uploads\/2024\/02\/photo_5087038916007144612_y-480x360.jpg 480w\" sizes=\"auto, (min-width: 0px) and (max-width: 480px) 480px, (min-width: 481px) and (max-width: 980px) 980px, (min-width: 981px) 1024px, 100vw\" \/><\/figure>\n\n\n\n<figure class=\"wp-block-image size-large\"><img loading=\"lazy\" decoding=\"async\" width=\"1024\" height=\"768\" data-id=\"5351\" src=\"https:\/\/alcaldiaalbertoadriani.com\/wp-content\/uploads\/2024\/02\/photo_5087038916007144613_y-1024x768.jpg\" alt=\"\" class=\"wp-image-5351\" srcset=\"https:\/\/alcaldiaalbertoadriani.com\/wp-content\/uploads\/2024\/02\/photo_5087038916007144613_y-1024x768.jpg 1024w, https:\/\/alcaldiaalbertoadriani.com\/wp-content\/uploads\/2024\/02\/photo_5087038916007144613_y-980x735.jpg 980w, https:\/\/alcaldiaalbertoadriani.com\/wp-content\/uploads\/2024\/02\/photo_5087038916007144613_y-480x360.jpg 480w\" sizes=\"auto, (min-width: 0px) and (max-width: 480px) 480px, (min-width: 481px) and (max-width: 980px) 980px, (min-width: 981px) 1024px, 100vw\" \/><\/figure>\n\n\n\n<figure class=\"wp-block-image size-large\"><img loading=\"lazy\" decoding=\"async\" width=\"1024\" height=\"768\" data-id=\"5354\" src=\"https:\/\/alcaldiaalbertoadriani.com\/wp-content\/uploads\/2024\/02\/photo_5087038916007144614_y-1024x768.jpg\" alt=\"\" class=\"wp-image-5354\" srcset=\"https:\/\/alcaldiaalbertoadriani.com\/wp-content\/uploads\/2024\/02\/photo_5087038916007144614_y-1024x768.jpg 1024w, https:\/\/alcaldiaalbertoadriani.com\/wp-content\/uploads\/2024\/02\/photo_5087038916007144614_y-980x735.jpg 980w, https:\/\/alcaldiaalbertoadriani.com\/wp-content\/uploads\/2024\/02\/photo_5087038916007144614_y-480x360.jpg 480w\" sizes=\"auto, (min-width: 0px) and (max-width: 480px) 480px, (min-width: 481px) and (max-width: 980px) 980px, (min-width: 981px) 1024px, 100vw\" \/><\/figure>\n\n\n\n<figure class=\"wp-block-image size-large\"><img loading=\"lazy\" decoding=\"async\" width=\"1024\" height=\"768\" data-id=\"5355\" src=\"https:\/\/alcaldiaalbertoadriani.com\/wp-content\/uploads\/2024\/02\/photo_5087038916007144615_y-1024x768.jpg\" alt=\"\" class=\"wp-image-5355\" srcset=\"https:\/\/alcaldiaalbertoadriani.com\/wp-content\/uploads\/2024\/02\/photo_5087038916007144615_y-1024x768.jpg 1024w, https:\/\/alcaldiaalbertoadriani.com\/wp-content\/uploads\/2024\/02\/photo_5087038916007144615_y-980x735.jpg 980w, https:\/\/alcaldiaalbertoadriani.com\/wp-content\/uploads\/2024\/02\/photo_5087038916007144615_y-480x360.jpg 480w\" sizes=\"auto, (min-width: 0px) and (max-width: 480px) 480px, (min-width: 481px) and (max-width: 980px) 980px, (min-width: 981px) 1024px, 100vw\" \/><\/figure>\n\n\n\n<figure class=\"wp-block-image size-large\"><img loading=\"lazy\" decoding=\"async\" width=\"1024\" height=\"768\" data-id=\"5352\" src=\"https:\/\/alcaldiaalbertoadriani.com\/wp-content\/uploads\/2024\/02\/photo_5087038916007144616_y-1024x768.jpg\" alt=\"\" class=\"wp-image-5352\" srcset=\"https:\/\/alcaldiaalbertoadriani.com\/wp-content\/uploads\/2024\/02\/photo_5087038916007144616_y-1024x768.jpg 1024w, https:\/\/alcaldiaalbertoadriani.com\/wp-content\/uploads\/2024\/02\/photo_5087038916007144616_y-980x735.jpg 980w, https:\/\/alcaldiaalbertoadriani.com\/wp-content\/uploads\/2024\/02\/photo_5087038916007144616_y-480x360.jpg 480w\" sizes=\"auto, (min-width: 0px) and (max-width: 480px) 480px, (min-width: 481px) and (max-width: 980px) 980px, (min-width: 981px) 1024px, 100vw\" \/><\/figure>\n\n\n\n<figure class=\"wp-block-image size-large\"><img loading=\"lazy\" decoding=\"async\" width=\"1024\" height=\"768\" data-id=\"5356\" src=\"https:\/\/alcaldiaalbertoadriani.com\/wp-content\/uploads\/2024\/02\/photo_5087038916007144617_y-1024x768.jpg\" alt=\"\" class=\"wp-image-5356\" srcset=\"https:\/\/alcaldiaalbertoadriani.com\/wp-content\/uploads\/2024\/02\/photo_5087038916007144617_y-1024x768.jpg 1024w, https:\/\/alcaldiaalbertoadriani.com\/wp-content\/uploads\/2024\/02\/photo_5087038916007144617_y-980x735.jpg 980w, https:\/\/alcaldiaalbertoadriani.com\/wp-content\/uploads\/2024\/02\/photo_5087038916007144617_y-480x360.jpg 480w\" sizes=\"auto, (min-width: 0px) and (max-width: 480px) 480px, (min-width: 481px) and (max-width: 980px) 980px, (min-width: 981px) 1024px, 100vw\" \/><\/figure>\n<\/figure>\n","protected":false},"excerpt":{"rendered":"<p>El domingo 11 de febrero la alcald\u00eda de Alberto Adriani y el Instituto Municipal de la Cultura \u2013Iamcaa-, realizaron con \u00e9xito el Desfile de Carnaval El Vig\u00eda 2024. El punto [&hellip;]<\/p>\n","protected":false},"author":2,"featured_media":5348,"comment_status":"open","ping_status":"closed","sticky":false,"template":"","format":"standard","meta":{"_et_pb_use_builder":"off","_et_pb_old_content":"","_et_gb_content_width":"","footnotes":""},"categories":[341,78,175,77,25],"tags":[31,11,12,15,30,29,28],"class_list":["post-5347","post","type-post","status-publish","format-standard","has-post-thumbnail","hentry","category-alcaldia-alberto-adriani","category-cultura","category-gestion-municipal","category-iamcaa","category-nuestro-municipio","tag-alcalde","tag-alcaldia","tag-alcaldiaalbertoadriani","tag-elvigia","tag-lisandrosegura","tag-municipioquenosmerecemos","tag-porelrenacer"],"yoast_head":"<!-- This site is optimized with the Yoast SEO plugin v19.13 - https:\/\/yoast.com\/wordpress\/plugins\/seo\/ -->\n<title>El vig\u00eda celebr\u00f3 el carnaval<\/title>\n<meta name=\"description\" content=\"Se realiz\u00f3 con gran \u00e9xito el desfile de carnaval en El vig\u00eda, con una masiva participaci\u00f3n de la colectividad en general.\" \/>\n<meta name=\"robots\" content=\"index, follow, max-snippet:-1, max-image-preview:large, max-video-preview:-1\" \/>\n<link rel=\"canonical\" href=\"https:\/\/alcaldiaalbertoadriani.com\/?p=5347\" \/>\n<meta property=\"og:locale\" content=\"es_ES\" \/>\n<meta property=\"og:type\" content=\"article\" \/>\n<meta property=\"og:title\" content=\"El vig\u00eda celebr\u00f3 el carnaval\" \/>\n<meta property=\"og:description\" content=\"Se realiz\u00f3 con gran \u00e9xito el desfile de carnaval en El vig\u00eda, con una masiva participaci\u00f3n de la colectividad en general.\" \/>\n<meta property=\"og:url\" content=\"https:\/\/alcaldiaalbertoadriani.com\/?p=5347\" \/>\n<meta property=\"og:site_name\" content=\"Alcaldia Alberto Adriani\" \/>\n<meta property=\"article:published_time\" content=\"2024-02-20T15:59:21+00:00\" \/>\n<meta property=\"article:modified_time\" content=\"2024-02-20T15:59:24+00:00\" \/>\n<meta property=\"og:image\" content=\"https:\/\/alcaldiaalbertoadriani.com\/wp-content\/uploads\/2024\/02\/photo_5087038916007144608_y.jpg\" \/>\n\t<meta property=\"og:image:width\" content=\"1280\" \/>\n\t<meta property=\"og:image:height\" content=\"960\" \/>\n\t<meta property=\"og:image:type\" content=\"image\/jpeg\" \/>\n<meta name=\"author\" content=\"Prensa\" \/>\n<meta name=\"twitter:card\" content=\"summary_large_image\" \/>\n<meta name=\"twitter:label1\" content=\"Escrito por\" \/>\n\t<meta name=\"twitter:data1\" content=\"Prensa\" \/>\n\t<meta name=\"twitter:label2\" content=\"Tiempo de lectura\" \/>\n\t<meta name=\"twitter:data2\" content=\"4 minutos\" \/>\n<script type=\"application\/ld+json\" class=\"yoast-schema-graph\">{\"@context\":\"https:\/\/schema.org\",\"@graph\":[{\"@type\":\"WebPage\",\"@id\":\"https:\/\/alcaldiaalbertoadriani.com\/?p=5347\",\"url\":\"https:\/\/alcaldiaalbertoadriani.com\/?p=5347\",\"name\":\"El vig\u00eda celebr\u00f3 el carnaval\",\"isPartOf\":{\"@id\":\"https:\/\/alcaldiaalbertoadriani.com\/#website\"},\"datePublished\":\"2024-02-20T15:59:21+00:00\",\"dateModified\":\"2024-02-20T15:59:24+00:00\",\"author\":{\"@id\":\"https:\/\/alcaldiaalbertoadriani.com\/#\/schema\/person\/549b4483ff8999ac780deeea78795fc9\"},\"description\":\"Se realiz\u00f3 con gran \u00e9xito el desfile de carnaval en El vig\u00eda, con una masiva participaci\u00f3n de la colectividad en general.\",\"breadcrumb\":{\"@id\":\"https:\/\/alcaldiaalbertoadriani.com\/?p=5347#breadcrumb\"},\"inLanguage\":\"es\",\"potentialAction\":[{\"@type\":\"ReadAction\",\"target\":[\"https:\/\/alcaldiaalbertoadriani.com\/?p=5347\"]}]},{\"@type\":\"BreadcrumbList\",\"@id\":\"https:\/\/alcaldiaalbertoadriani.com\/?p=5347#breadcrumb\",\"itemListElement\":[{\"@type\":\"ListItem\",\"position\":1,\"name\":\"Portada\",\"item\":\"https:\/\/alcaldiaalbertoadriani.com\/\"},{\"@type\":\"ListItem\",\"position\":2,\"name\":\"El Vig\u00eda se visti\u00f3 de fiesta: Carnaval 2024 un \u00e9xito rotundo\"}]},{\"@type\":\"WebSite\",\"@id\":\"https:\/\/alcaldiaalbertoadriani.com\/#website\",\"url\":\"https:\/\/alcaldiaalbertoadriani.com\/\",\"name\":\"Alcaldia Alberto Adriani\",\"description\":\"\",\"potentialAction\":[{\"@type\":\"SearchAction\",\"target\":{\"@type\":\"EntryPoint\",\"urlTemplate\":\"https:\/\/alcaldiaalbertoadriani.com\/?s={search_term_string}\"},\"query-input\":\"required name=search_term_string\"}],\"inLanguage\":\"es\"},{\"@type\":\"Person\",\"@id\":\"https:\/\/alcaldiaalbertoadriani.com\/#\/schema\/person\/549b4483ff8999ac780deeea78795fc9\",\"name\":\"Prensa\",\"image\":{\"@type\":\"ImageObject\",\"inLanguage\":\"es\",\"@id\":\"https:\/\/alcaldiaalbertoadriani.com\/#\/schema\/person\/image\/\",\"url\":\"https:\/\/secure.gravatar.com\/avatar\/ea1cb567ea992a29627f4eee1c2eb185ec16decec6342d508fdf18dedb56c9de?s=96&d=mm&r=g\",\"contentUrl\":\"https:\/\/secure.gravatar.com\/avatar\/ea1cb567ea992a29627f4eee1c2eb185ec16decec6342d508fdf18dedb56c9de?s=96&d=mm&r=g\",\"caption\":\"Prensa\"},\"url\":\"https:\/\/alcaldiaalbertoadriani.com\/?author=2\"}]}<\/script>\n<!-- \/ Yoast SEO plugin. -->","yoast_head_json":{"title":"El vig\u00eda celebr\u00f3 el carnaval","description":"Se realiz\u00f3 con gran \u00e9xito el desfile de carnaval en El vig\u00eda, con una masiva participaci\u00f3n de la colectividad en general.","robots":{"index":"index","follow":"follow","max-snippet":"max-snippet:-1","max-image-preview":"max-image-preview:large","max-video-preview":"max-video-preview:-1"},"canonical":"https:\/\/alcaldiaalbertoadriani.com\/?p=5347","og_locale":"es_ES","og_type":"article","og_title":"El vig\u00eda celebr\u00f3 el carnaval","og_description":"Se realiz\u00f3 con gran \u00e9xito el desfile de carnaval en El vig\u00eda, con una masiva participaci\u00f3n de la colectividad en general.","og_url":"https:\/\/alcaldiaalbertoadriani.com\/?p=5347","og_site_name":"Alcaldia Alberto Adriani","article_published_time":"2024-02-20T15:59:21+00:00","article_modified_time":"2024-02-20T15:59:24+00:00","og_image":[{"width":1280,"height":960,"url":"https:\/\/alcaldiaalbertoadriani.com\/wp-content\/uploads\/2024\/02\/photo_5087038916007144608_y.jpg","type":"image\/jpeg"}],"author":"Prensa","twitter_card":"summary_large_image","twitter_misc":{"Escrito por":"Prensa","Tiempo de lectura":"4 minutos"},"schema":{"@context":"https:\/\/schema.org","@graph":[{"@type":"WebPage","@id":"https:\/\/alcaldiaalbertoadriani.com\/?p=5347","url":"https:\/\/alcaldiaalbertoadriani.com\/?p=5347","name":"El vig\u00eda celebr\u00f3 el carnaval","isPartOf":{"@id":"https:\/\/alcaldiaalbertoadriani.com\/#website"},"datePublished":"2024-02-20T15:59:21+00:00","dateModified":"2024-02-20T15:59:24+00:00","author":{"@id":"https:\/\/alcaldiaalbertoadriani.com\/#\/schema\/person\/549b4483ff8999ac780deeea78795fc9"},"description":"Se realiz\u00f3 con gran \u00e9xito el desfile de carnaval en El vig\u00eda, con una masiva participaci\u00f3n de la colectividad en general.","breadcrumb":{"@id":"https:\/\/alcaldiaalbertoadriani.com\/?p=5347#breadcrumb"},"inLanguage":"es","potentialAction":[{"@type":"ReadAction","target":["https:\/\/alcaldiaalbertoadriani.com\/?p=5347"]}]},{"@type":"BreadcrumbList","@id":"https:\/\/alcaldiaalbertoadriani.com\/?p=5347#breadcrumb","itemListElement":[{"@type":"ListItem","position":1,"name":"Portada","item":"https:\/\/alcaldiaalbertoadriani.com\/"},{"@type":"ListItem","position":2,"name":"El Vig\u00eda se visti\u00f3 de fiesta: Carnaval 2024 un \u00e9xito rotundo"}]},{"@type":"WebSite","@id":"https:\/\/alcaldiaalbertoadriani.com\/#website","url":"https:\/\/alcaldiaalbertoadriani.com\/","name":"Alcaldia Alberto Adriani","description":"","potentialAction":[{"@type":"SearchAction","target":{"@type":"EntryPoint","urlTemplate":"https:\/\/alcaldiaalbertoadriani.com\/?s={search_term_string}"},"query-input":"required name=search_term_string"}],"inLanguage":"es"},{"@type":"Person","@id":"https:\/\/alcaldiaalbertoadriani.com\/#\/schema\/person\/549b4483ff8999ac780deeea78795fc9","name":"Prensa","image":{"@type":"ImageObject","inLanguage":"es","@id":"https:\/\/alcaldiaalbertoadriani.com\/#\/schema\/person\/image\/","url":"https:\/\/secure.gravatar.com\/avatar\/ea1cb567ea992a29627f4eee1c2eb185ec16decec6342d508fdf18dedb56c9de?s=96&d=mm&r=g","contentUrl":"https:\/\/secure.gravatar.com\/avatar\/ea1cb567ea992a29627f4eee1c2eb185ec16decec6342d508fdf18dedb56c9de?s=96&d=mm&r=g","caption":"Prensa"},"url":"https:\/\/alcaldiaalbertoadriani.com\/?author=2"}]}},"_links":{"self":[{"href":"https:\/\/alcaldiaalbertoadriani.com\/index.php?rest_route=\/wp\/v2\/posts\/5347","targetHints":{"allow":["GET"]}}],"collection":[{"href":"https:\/\/alcaldiaalbertoadriani.com\/index.php?rest_route=\/wp\/v2\/posts"}],"about":[{"href":"https:\/\/alcaldiaalbertoadriani.com\/index.php?rest_route=\/wp\/v2\/types\/post"}],"author":[{"embeddable":true,"href":"https:\/\/alcaldiaalbertoadriani.com\/index.php?rest_route=\/wp\/v2\/users\/2"}],"replies":[{"embeddable":true,"href":"https:\/\/alcaldiaalbertoadriani.com\/index.php?rest_route=%2Fwp%2Fv2%2Fcomments&post=5347"}],"version-history":[{"count":1,"href":"https:\/\/alcaldiaalbertoadriani.com\/index.php?rest_route=\/wp\/v2\/posts\/5347\/revisions"}],"predecessor-version":[{"id":5359,"href":"https:\/\/alcaldiaalbertoadriani.com\/index.php?rest_route=\/wp\/v2\/posts\/5347\/revisions\/5359"}],"wp:featuredmedia":[{"embeddable":true,"href":"https:\/\/alcaldiaalbertoadriani.com\/index.php?rest_route=\/wp\/v2\/media\/5348"}],"wp:attachment":[{"href":"https:\/\/alcaldiaalbertoadriani.com\/index.php?rest_route=%2Fwp%2Fv2%2Fmedia&parent=5347"}],"wp:term":[{"taxonomy":"category","embeddable":true,"href":"https:\/\/alcaldiaalbertoadriani.com\/index.php?rest_route=%2Fwp%2Fv2%2Fcategories&post=5347"},{"taxonomy":"post_tag","embeddable":true,"href":"https:\/\/alcaldiaalbertoadriani.com\/index.php?rest_route=%2Fwp%2Fv2%2Ftags&post=5347"}],"curies":[{"name":"wp","href":"https:\/\/api.w.org\/{rel}","templated":true}]}}