{"id":5230,"date":"2024-01-31T16:21:57","date_gmt":"2024-01-31T16:21:57","guid":{"rendered":"https:\/\/alcaldiaalbertoadriani.com\/?p=5230"},"modified":"2024-01-31T16:22:02","modified_gmt":"2024-01-31T16:22:02","slug":"reina-sector-23-enero","status":"publish","type":"post","link":"https:\/\/alcaldiaalbertoadriani.com\/?p=5230","title":{"rendered":"Con \u00e9xito se efectu\u00f3 elecci\u00f3n y coronaci\u00f3n de la Reina del sector 23 de Enero"},"content":{"rendered":"<div class=\"wp-block-post-excerpt\"><p class=\"wp-block-post-excerpt__excerpt\">El evento se realiz\u00f3 con motivo al 62 Aniversario de fundada la comunidad, ubicada en la parroquia R\u00f3mulo Gallegos <\/p><\/div>\n\n\n<p>Con \u00e9xito se realiz\u00f3 la <a href=\"https:\/\/alcaldiaalbertoadriani.com\/?p=1942\" target=\"_blank\" rel=\"noreferrer noopener\">elecci\u00f3n y coronaci\u00f3n de la reina del sector 23 de Enero<\/a>, organizado entre la <a href=\"https:\/\/www.instagram.com\/alcaldia_aa\/\" target=\"_blank\" rel=\"noreferrer noopener\">Alcald\u00eda Alberto Adriani<\/a> a trav\u00e9s del <a href=\"https:\/\/alcaldiaalbertoadriani.com\/?p=4539\" target=\"_blank\" rel=\"noreferrer noopener\">Instituto Aut\u00f3nomo Municipal de la Cultura \u2013Iamcaa-<\/a> y la comunidad en el\u00a0 marco de su 62 Aniversario.<\/p>\n\n\n\n<p>El evento ofreci\u00f3 bailes culturales a cargo de las academias Nova y Chidance; agrupaciones y artistas de la localidad, as\u00ed como la presentaci\u00f3n de las cuatro hermosas candidatas que desfilaron en traje deportivo y gala.<\/p>\n\n\n\n<figure class=\"wp-block-image size-large\"><img loading=\"lazy\" decoding=\"async\" width=\"1024\" height=\"768\" src=\"https:\/\/alcaldiaalbertoadriani.com\/wp-content\/uploads\/2024\/01\/photo_2024-01-31_11-52-27-2-1024x768.jpg\" alt=\"\" class=\"wp-image-5232\" srcset=\"https:\/\/alcaldiaalbertoadriani.com\/wp-content\/uploads\/2024\/01\/photo_2024-01-31_11-52-27-2-1024x768.jpg 1024w, https:\/\/alcaldiaalbertoadriani.com\/wp-content\/uploads\/2024\/01\/photo_2024-01-31_11-52-27-2-980x735.jpg 980w, https:\/\/alcaldiaalbertoadriani.com\/wp-content\/uploads\/2024\/01\/photo_2024-01-31_11-52-27-2-480x360.jpg 480w\" sizes=\"auto, (min-width: 0px) and (max-width: 480px) 480px, (min-width: 481px) and (max-width: 980px) 980px, (min-width: 981px) 1024px, 100vw\" \/><\/figure>\n\n\n\n<!--more-->\n\n\n\n<h2 class=\"wp-block-heading\">Jurado Calificador<\/h2>\n\n\n\n<p>El jurado calificador lo encabezaron reconocidos profesionales del <a href=\"https:\/\/www.instagram.com\/alcaldia_aa\/\" target=\"_blank\" rel=\"noreferrer noopener\">municipio Alberto Adriani<\/a>, entre ellos: Argenis Hern\u00e1ndez; Carlos P\u00e9rez, Reina Quintero y Adela Lozada; quienes junto a la mesa t\u00e9cnica y bajo los par\u00e1metros del comit\u00e9 organizador eligieron a la nueva soberana para el a\u00f1o 2024 y las distintas bandas.<\/p>\n\n\n\n<figure class=\"wp-block-image size-large\"><img loading=\"lazy\" decoding=\"async\" width=\"1024\" height=\"768\" src=\"https:\/\/alcaldiaalbertoadriani.com\/wp-content\/uploads\/2024\/01\/photo_2024-01-31_11-52-24-1024x768.jpg\" alt=\"\" class=\"wp-image-5233\" srcset=\"https:\/\/alcaldiaalbertoadriani.com\/wp-content\/uploads\/2024\/01\/photo_2024-01-31_11-52-24-1024x768.jpg 1024w, https:\/\/alcaldiaalbertoadriani.com\/wp-content\/uploads\/2024\/01\/photo_2024-01-31_11-52-24-980x735.jpg 980w, https:\/\/alcaldiaalbertoadriani.com\/wp-content\/uploads\/2024\/01\/photo_2024-01-31_11-52-24-480x360.jpg 480w\" sizes=\"auto, (min-width: 0px) and (max-width: 480px) 480px, (min-width: 481px) and (max-width: 980px) 980px, (min-width: 981px) 1024px, 100vw\" \/><\/figure>\n\n\n\n<h2 class=\"wp-block-heading\">Participantes y Reina del sector 23 Enero<\/h2>\n\n\n\n<p>En cuanto a la coronaci\u00f3n, participaron las j\u00f3venes Gabriela Ariza, representante del sector 24 de Junio; G\u00e9nesis P\u00e9rez del sector 23 de Enero parte, y Kelly Guill\u00e9n, por la segunda calle del sector 23 de Enero.<\/p>\n\n\n\n<p>Entretanto, Stefany Guti\u00e9rrez se convirti\u00f3 en la reina del 62 Aniversario del 23 de Enero; Gabriela Ariza, reina del Deporte; G\u00e9nesis P\u00e9rez, reina de Redes y Medios de Comunicaci\u00f3n y Kelly Guill\u00e9n, reina Mis Elegancia.<\/p>\n\n\n\n<h2 class=\"wp-block-heading\">Homenaje<\/h2>\n\n\n\n<p>Importante destacar el homenaje especial y reconocimiento que le hicieron a las ex reinas de la comunidad mediante la entrega de una corona, banda y ramo de flores, por parte de la fundaci\u00f3n Emmy Carrero, su se\u00f1ora madre Fany Mora y algunos habitantes.<\/p>\n\n\n\n<p>Es de mencionar que en la animaci\u00f3n estuvieron Gerardo Mora, Yurima Ramirez y Carolina Navarro, ante un p\u00fablico numerable que disfrut\u00f3 el evento de la belleza. <strong>Prensa <a href=\"https:\/\/www.instagram.com\/alcaldia_aa\/\" target=\"_blank\" rel=\"noreferrer noopener\">Alcald\u00eda Alberto Adriani<\/a>\/Edgar Mendoza CNP.25.736\/Fotos:E\/M.<\/strong><\/p>\n\n\n\n<figure class=\"wp-block-gallery has-nested-images columns-default is-cropped wp-block-gallery-1 is-layout-flex wp-block-gallery-is-layout-flex\">\n<figure class=\"wp-block-image size-large\"><img loading=\"lazy\" decoding=\"async\" width=\"1024\" height=\"768\" data-id=\"5240\" src=\"https:\/\/alcaldiaalbertoadriani.com\/wp-content\/uploads\/2024\/01\/photo_2024-01-31_11-52-23-1024x768.jpg\" alt=\"\" class=\"wp-image-5240\" srcset=\"https:\/\/alcaldiaalbertoadriani.com\/wp-content\/uploads\/2024\/01\/photo_2024-01-31_11-52-23-1024x768.jpg 1024w, https:\/\/alcaldiaalbertoadriani.com\/wp-content\/uploads\/2024\/01\/photo_2024-01-31_11-52-23-980x735.jpg 980w, https:\/\/alcaldiaalbertoadriani.com\/wp-content\/uploads\/2024\/01\/photo_2024-01-31_11-52-23-480x360.jpg 480w\" sizes=\"auto, (min-width: 0px) and (max-width: 480px) 480px, (min-width: 481px) and (max-width: 980px) 980px, (min-width: 981px) 1024px, 100vw\" \/><\/figure>\n\n\n\n<figure class=\"wp-block-image size-large\"><img loading=\"lazy\" decoding=\"async\" width=\"1024\" height=\"768\" data-id=\"5235\" src=\"https:\/\/alcaldiaalbertoadriani.com\/wp-content\/uploads\/2024\/01\/photo_2024-01-31_11-52-24-2-1024x768.jpg\" alt=\"\" class=\"wp-image-5235\" srcset=\"https:\/\/alcaldiaalbertoadriani.com\/wp-content\/uploads\/2024\/01\/photo_2024-01-31_11-52-24-2-1024x768.jpg 1024w, https:\/\/alcaldiaalbertoadriani.com\/wp-content\/uploads\/2024\/01\/photo_2024-01-31_11-52-24-2-980x735.jpg 980w, https:\/\/alcaldiaalbertoadriani.com\/wp-content\/uploads\/2024\/01\/photo_2024-01-31_11-52-24-2-480x360.jpg 480w\" sizes=\"auto, (min-width: 0px) and (max-width: 480px) 480px, (min-width: 481px) and (max-width: 980px) 980px, (min-width: 981px) 1024px, 100vw\" \/><\/figure>\n\n\n\n<figure class=\"wp-block-image size-large\"><img loading=\"lazy\" decoding=\"async\" width=\"1024\" height=\"768\" data-id=\"5237\" src=\"https:\/\/alcaldiaalbertoadriani.com\/wp-content\/uploads\/2024\/01\/photo_2024-01-31_11-52-25-2-1024x768.jpg\" alt=\"\" class=\"wp-image-5237\" srcset=\"https:\/\/alcaldiaalbertoadriani.com\/wp-content\/uploads\/2024\/01\/photo_2024-01-31_11-52-25-2-1024x768.jpg 1024w, https:\/\/alcaldiaalbertoadriani.com\/wp-content\/uploads\/2024\/01\/photo_2024-01-31_11-52-25-2-980x735.jpg 980w, https:\/\/alcaldiaalbertoadriani.com\/wp-content\/uploads\/2024\/01\/photo_2024-01-31_11-52-25-2-480x360.jpg 480w\" sizes=\"auto, (min-width: 0px) and (max-width: 480px) 480px, (min-width: 481px) and (max-width: 980px) 980px, (min-width: 981px) 1024px, 100vw\" \/><\/figure>\n\n\n\n<figure class=\"wp-block-image size-large\"><img loading=\"lazy\" decoding=\"async\" width=\"1024\" height=\"768\" data-id=\"5234\" src=\"https:\/\/alcaldiaalbertoadriani.com\/wp-content\/uploads\/2024\/01\/photo_2024-01-31_11-52-25-3-1024x768.jpg\" alt=\"\" class=\"wp-image-5234\" srcset=\"https:\/\/alcaldiaalbertoadriani.com\/wp-content\/uploads\/2024\/01\/photo_2024-01-31_11-52-25-3-1024x768.jpg 1024w, https:\/\/alcaldiaalbertoadriani.com\/wp-content\/uploads\/2024\/01\/photo_2024-01-31_11-52-25-3-980x735.jpg 980w, https:\/\/alcaldiaalbertoadriani.com\/wp-content\/uploads\/2024\/01\/photo_2024-01-31_11-52-25-3-480x360.jpg 480w\" sizes=\"auto, (min-width: 0px) and (max-width: 480px) 480px, (min-width: 481px) and (max-width: 980px) 980px, (min-width: 981px) 1024px, 100vw\" \/><\/figure>\n\n\n\n<figure class=\"wp-block-image size-large\"><img loading=\"lazy\" decoding=\"async\" width=\"1024\" height=\"768\" data-id=\"5239\" src=\"https:\/\/alcaldiaalbertoadriani.com\/wp-content\/uploads\/2024\/01\/photo_2024-01-31_11-52-25-1024x768.jpg\" alt=\"\" class=\"wp-image-5239\" srcset=\"https:\/\/alcaldiaalbertoadriani.com\/wp-content\/uploads\/2024\/01\/photo_2024-01-31_11-52-25-1024x768.jpg 1024w, https:\/\/alcaldiaalbertoadriani.com\/wp-content\/uploads\/2024\/01\/photo_2024-01-31_11-52-25-980x735.jpg 980w, https:\/\/alcaldiaalbertoadriani.com\/wp-content\/uploads\/2024\/01\/photo_2024-01-31_11-52-25-480x360.jpg 480w\" sizes=\"auto, (min-width: 0px) and (max-width: 480px) 480px, (min-width: 481px) and (max-width: 980px) 980px, (min-width: 981px) 1024px, 100vw\" \/><\/figure>\n\n\n\n<figure class=\"wp-block-image size-large\"><img loading=\"lazy\" decoding=\"async\" width=\"1024\" height=\"768\" data-id=\"5238\" src=\"https:\/\/alcaldiaalbertoadriani.com\/wp-content\/uploads\/2024\/01\/photo_2024-01-31_11-52-26-2-1024x768.jpg\" alt=\"\" class=\"wp-image-5238\" srcset=\"https:\/\/alcaldiaalbertoadriani.com\/wp-content\/uploads\/2024\/01\/photo_2024-01-31_11-52-26-2-1024x768.jpg 1024w, https:\/\/alcaldiaalbertoadriani.com\/wp-content\/uploads\/2024\/01\/photo_2024-01-31_11-52-26-2-980x735.jpg 980w, https:\/\/alcaldiaalbertoadriani.com\/wp-content\/uploads\/2024\/01\/photo_2024-01-31_11-52-26-2-480x360.jpg 480w\" sizes=\"auto, (min-width: 0px) and (max-width: 480px) 480px, (min-width: 481px) and (max-width: 980px) 980px, (min-width: 981px) 1024px, 100vw\" \/><\/figure>\n\n\n\n<figure class=\"wp-block-image size-large\"><img loading=\"lazy\" decoding=\"async\" width=\"1024\" height=\"768\" data-id=\"5236\" src=\"https:\/\/alcaldiaalbertoadriani.com\/wp-content\/uploads\/2024\/01\/photo_2024-01-31_11-52-26-1024x768.jpg\" alt=\"\" class=\"wp-image-5236\" srcset=\"https:\/\/alcaldiaalbertoadriani.com\/wp-content\/uploads\/2024\/01\/photo_2024-01-31_11-52-26-1024x768.jpg 1024w, https:\/\/alcaldiaalbertoadriani.com\/wp-content\/uploads\/2024\/01\/photo_2024-01-31_11-52-26-980x735.jpg 980w, https:\/\/alcaldiaalbertoadriani.com\/wp-content\/uploads\/2024\/01\/photo_2024-01-31_11-52-26-480x360.jpg 480w\" sizes=\"auto, (min-width: 0px) and (max-width: 480px) 480px, (min-width: 481px) and (max-width: 980px) 980px, (min-width: 981px) 1024px, 100vw\" \/><\/figure>\n<\/figure>\n","protected":false},"excerpt":{"rendered":"<p><em><strong>El evento se realiz\u00f3 con motivo al 62 Aniversario de fundada la comunidad, ubicada en la parroquia R\u00f3mulo Gallegos<\/strong><\/em><\/p>\n","protected":false},"author":2,"featured_media":5231,"comment_status":"closed","ping_status":"closed","sticky":false,"template":"","format":"standard","meta":{"_et_pb_use_builder":"off","_et_pb_old_content":"","_et_gb_content_width":"","footnotes":""},"categories":[39,341,78,77,25],"tags":[31,11,12,15,30,29,28,620],"class_list":["post-5230","post","type-post","status-publish","format-standard","has-post-thumbnail","hentry","category-actividades-sociales","category-alcaldia-alberto-adriani","category-cultura","category-iamcaa","category-nuestro-municipio","tag-alcalde","tag-alcaldia","tag-alcaldiaalbertoadriani","tag-elvigia","tag-lisandrosegura","tag-municipioquenosmerecemos","tag-porelrenacer","tag-reina-sector-23-enero"],"yoast_head":"<!-- This site is optimized with the Yoast SEO plugin v19.13 - https:\/\/yoast.com\/wordpress\/plugins\/seo\/ -->\n<title>Con \u00e9xito se efectu\u00f3 elecci\u00f3n y coronaci\u00f3n de la Reina del sector 23 de Enero - Alcaldia Alberto Adriani<\/title>\n<meta name=\"description\" content=\"Se realiz\u00f3 la elecci\u00f3n y coronaci\u00f3n de la reina del sector 23 de Enero, organizado por la alcald\u00eda Vig\u00edense en el marco de su 62 Aniversario.\" \/>\n<meta name=\"robots\" content=\"index, follow, max-snippet:-1, max-image-preview:large, max-video-preview:-1\" \/>\n<link rel=\"canonical\" href=\"https:\/\/alcaldiaalbertoadriani.com\/?p=5230\" \/>\n<meta property=\"og:locale\" content=\"es_ES\" \/>\n<meta property=\"og:type\" content=\"article\" \/>\n<meta property=\"og:title\" content=\"Con \u00e9xito se efectu\u00f3 elecci\u00f3n y coronaci\u00f3n de la Reina del sector 23 de Enero - Alcaldia Alberto Adriani\" \/>\n<meta property=\"og:description\" content=\"Se realiz\u00f3 la elecci\u00f3n y coronaci\u00f3n de la reina del sector 23 de Enero, organizado por la alcald\u00eda Vig\u00edense en el marco de su 62 Aniversario.\" \/>\n<meta property=\"og:url\" content=\"https:\/\/alcaldiaalbertoadriani.com\/?p=5230\" \/>\n<meta property=\"og:site_name\" content=\"Alcaldia Alberto Adriani\" \/>\n<meta property=\"article:published_time\" content=\"2024-01-31T16:21:57+00:00\" \/>\n<meta property=\"article:modified_time\" content=\"2024-01-31T16:22:02+00:00\" \/>\n<meta property=\"og:image\" content=\"https:\/\/alcaldiaalbertoadriani.com\/wp-content\/uploads\/2024\/01\/photo_2024-01-31_11-52-27.jpg\" \/>\n\t<meta property=\"og:image:width\" content=\"1280\" \/>\n\t<meta property=\"og:image:height\" content=\"960\" \/>\n\t<meta property=\"og:image:type\" content=\"image\/jpeg\" \/>\n<meta name=\"author\" content=\"Prensa\" \/>\n<meta name=\"twitter:card\" content=\"summary_large_image\" \/>\n<meta name=\"twitter:label1\" content=\"Escrito por\" \/>\n\t<meta name=\"twitter:data1\" content=\"Prensa\" \/>\n\t<meta name=\"twitter:label2\" content=\"Tiempo de lectura\" \/>\n\t<meta name=\"twitter:data2\" content=\"4 minutos\" \/>\n<script type=\"application\/ld+json\" class=\"yoast-schema-graph\">{\"@context\":\"https:\/\/schema.org\",\"@graph\":[{\"@type\":\"WebPage\",\"@id\":\"https:\/\/alcaldiaalbertoadriani.com\/?p=5230\",\"url\":\"https:\/\/alcaldiaalbertoadriani.com\/?p=5230\",\"name\":\"Con \u00e9xito se efectu\u00f3 elecci\u00f3n y coronaci\u00f3n de la Reina del sector 23 de Enero - Alcaldia Alberto Adriani\",\"isPartOf\":{\"@id\":\"https:\/\/alcaldiaalbertoadriani.com\/#website\"},\"datePublished\":\"2024-01-31T16:21:57+00:00\",\"dateModified\":\"2024-01-31T16:22:02+00:00\",\"author\":{\"@id\":\"https:\/\/alcaldiaalbertoadriani.com\/#\/schema\/person\/549b4483ff8999ac780deeea78795fc9\"},\"description\":\"Se realiz\u00f3 la elecci\u00f3n y coronaci\u00f3n de la reina del sector 23 de Enero, organizado por la alcald\u00eda Vig\u00edense en el marco de su 62 Aniversario.\",\"breadcrumb\":{\"@id\":\"https:\/\/alcaldiaalbertoadriani.com\/?p=5230#breadcrumb\"},\"inLanguage\":\"es\",\"potentialAction\":[{\"@type\":\"ReadAction\",\"target\":[\"https:\/\/alcaldiaalbertoadriani.com\/?p=5230\"]}]},{\"@type\":\"BreadcrumbList\",\"@id\":\"https:\/\/alcaldiaalbertoadriani.com\/?p=5230#breadcrumb\",\"itemListElement\":[{\"@type\":\"ListItem\",\"position\":1,\"name\":\"Portada\",\"item\":\"https:\/\/alcaldiaalbertoadriani.com\/\"},{\"@type\":\"ListItem\",\"position\":2,\"name\":\"Con \u00e9xito se efectu\u00f3 elecci\u00f3n y coronaci\u00f3n de la Reina del sector 23 de Enero\"}]},{\"@type\":\"WebSite\",\"@id\":\"https:\/\/alcaldiaalbertoadriani.com\/#website\",\"url\":\"https:\/\/alcaldiaalbertoadriani.com\/\",\"name\":\"Alcaldia Alberto Adriani\",\"description\":\"\",\"potentialAction\":[{\"@type\":\"SearchAction\",\"target\":{\"@type\":\"EntryPoint\",\"urlTemplate\":\"https:\/\/alcaldiaalbertoadriani.com\/?s={search_term_string}\"},\"query-input\":\"required name=search_term_string\"}],\"inLanguage\":\"es\"},{\"@type\":\"Person\",\"@id\":\"https:\/\/alcaldiaalbertoadriani.com\/#\/schema\/person\/549b4483ff8999ac780deeea78795fc9\",\"name\":\"Prensa\",\"image\":{\"@type\":\"ImageObject\",\"inLanguage\":\"es\",\"@id\":\"https:\/\/alcaldiaalbertoadriani.com\/#\/schema\/person\/image\/\",\"url\":\"https:\/\/secure.gravatar.com\/avatar\/ea1cb567ea992a29627f4eee1c2eb185ec16decec6342d508fdf18dedb56c9de?s=96&d=mm&r=g\",\"contentUrl\":\"https:\/\/secure.gravatar.com\/avatar\/ea1cb567ea992a29627f4eee1c2eb185ec16decec6342d508fdf18dedb56c9de?s=96&d=mm&r=g\",\"caption\":\"Prensa\"},\"url\":\"https:\/\/alcaldiaalbertoadriani.com\/?author=2\"}]}<\/script>\n<!-- \/ Yoast SEO plugin. -->","yoast_head_json":{"title":"Con \u00e9xito se efectu\u00f3 elecci\u00f3n y coronaci\u00f3n de la Reina del sector 23 de Enero - Alcaldia Alberto Adriani","description":"Se realiz\u00f3 la elecci\u00f3n y coronaci\u00f3n de la reina del sector 23 de Enero, organizado por la alcald\u00eda Vig\u00edense en el marco de su 62 Aniversario.","robots":{"index":"index","follow":"follow","max-snippet":"max-snippet:-1","max-image-preview":"max-image-preview:large","max-video-preview":"max-video-preview:-1"},"canonical":"https:\/\/alcaldiaalbertoadriani.com\/?p=5230","og_locale":"es_ES","og_type":"article","og_title":"Con \u00e9xito se efectu\u00f3 elecci\u00f3n y coronaci\u00f3n de la Reina del sector 23 de Enero - Alcaldia Alberto Adriani","og_description":"Se realiz\u00f3 la elecci\u00f3n y coronaci\u00f3n de la reina del sector 23 de Enero, organizado por la alcald\u00eda Vig\u00edense en el marco de su 62 Aniversario.","og_url":"https:\/\/alcaldiaalbertoadriani.com\/?p=5230","og_site_name":"Alcaldia Alberto Adriani","article_published_time":"2024-01-31T16:21:57+00:00","article_modified_time":"2024-01-31T16:22:02+00:00","og_image":[{"width":1280,"height":960,"url":"https:\/\/alcaldiaalbertoadriani.com\/wp-content\/uploads\/2024\/01\/photo_2024-01-31_11-52-27.jpg","type":"image\/jpeg"}],"author":"Prensa","twitter_card":"summary_large_image","twitter_misc":{"Escrito por":"Prensa","Tiempo de lectura":"4 minutos"},"schema":{"@context":"https:\/\/schema.org","@graph":[{"@type":"WebPage","@id":"https:\/\/alcaldiaalbertoadriani.com\/?p=5230","url":"https:\/\/alcaldiaalbertoadriani.com\/?p=5230","name":"Con \u00e9xito se efectu\u00f3 elecci\u00f3n y coronaci\u00f3n de la Reina del sector 23 de Enero - Alcaldia Alberto Adriani","isPartOf":{"@id":"https:\/\/alcaldiaalbertoadriani.com\/#website"},"datePublished":"2024-01-31T16:21:57+00:00","dateModified":"2024-01-31T16:22:02+00:00","author":{"@id":"https:\/\/alcaldiaalbertoadriani.com\/#\/schema\/person\/549b4483ff8999ac780deeea78795fc9"},"description":"Se realiz\u00f3 la elecci\u00f3n y coronaci\u00f3n de la reina del sector 23 de Enero, organizado por la alcald\u00eda Vig\u00edense en el marco de su 62 Aniversario.","breadcrumb":{"@id":"https:\/\/alcaldiaalbertoadriani.com\/?p=5230#breadcrumb"},"inLanguage":"es","potentialAction":[{"@type":"ReadAction","target":["https:\/\/alcaldiaalbertoadriani.com\/?p=5230"]}]},{"@type":"BreadcrumbList","@id":"https:\/\/alcaldiaalbertoadriani.com\/?p=5230#breadcrumb","itemListElement":[{"@type":"ListItem","position":1,"name":"Portada","item":"https:\/\/alcaldiaalbertoadriani.com\/"},{"@type":"ListItem","position":2,"name":"Con \u00e9xito se efectu\u00f3 elecci\u00f3n y coronaci\u00f3n de la Reina del sector 23 de Enero"}]},{"@type":"WebSite","@id":"https:\/\/alcaldiaalbertoadriani.com\/#website","url":"https:\/\/alcaldiaalbertoadriani.com\/","name":"Alcaldia Alberto Adriani","description":"","potentialAction":[{"@type":"SearchAction","target":{"@type":"EntryPoint","urlTemplate":"https:\/\/alcaldiaalbertoadriani.com\/?s={search_term_string}"},"query-input":"required name=search_term_string"}],"inLanguage":"es"},{"@type":"Person","@id":"https:\/\/alcaldiaalbertoadriani.com\/#\/schema\/person\/549b4483ff8999ac780deeea78795fc9","name":"Prensa","image":{"@type":"ImageObject","inLanguage":"es","@id":"https:\/\/alcaldiaalbertoadriani.com\/#\/schema\/person\/image\/","url":"https:\/\/secure.gravatar.com\/avatar\/ea1cb567ea992a29627f4eee1c2eb185ec16decec6342d508fdf18dedb56c9de?s=96&d=mm&r=g","contentUrl":"https:\/\/secure.gravatar.com\/avatar\/ea1cb567ea992a29627f4eee1c2eb185ec16decec6342d508fdf18dedb56c9de?s=96&d=mm&r=g","caption":"Prensa"},"url":"https:\/\/alcaldiaalbertoadriani.com\/?author=2"}]}},"_links":{"self":[{"href":"https:\/\/alcaldiaalbertoadriani.com\/index.php?rest_route=\/wp\/v2\/posts\/5230","targetHints":{"allow":["GET"]}}],"collection":[{"href":"https:\/\/alcaldiaalbertoadriani.com\/index.php?rest_route=\/wp\/v2\/posts"}],"about":[{"href":"https:\/\/alcaldiaalbertoadriani.com\/index.php?rest_route=\/wp\/v2\/types\/post"}],"author":[{"embeddable":true,"href":"https:\/\/alcaldiaalbertoadriani.com\/index.php?rest_route=\/wp\/v2\/users\/2"}],"replies":[{"embeddable":true,"href":"https:\/\/alcaldiaalbertoadriani.com\/index.php?rest_route=%2Fwp%2Fv2%2Fcomments&post=5230"}],"version-history":[{"count":1,"href":"https:\/\/alcaldiaalbertoadriani.com\/index.php?rest_route=\/wp\/v2\/posts\/5230\/revisions"}],"predecessor-version":[{"id":5241,"href":"https:\/\/alcaldiaalbertoadriani.com\/index.php?rest_route=\/wp\/v2\/posts\/5230\/revisions\/5241"}],"wp:featuredmedia":[{"embeddable":true,"href":"https:\/\/alcaldiaalbertoadriani.com\/index.php?rest_route=\/wp\/v2\/media\/5231"}],"wp:attachment":[{"href":"https:\/\/alcaldiaalbertoadriani.com\/index.php?rest_route=%2Fwp%2Fv2%2Fmedia&parent=5230"}],"wp:term":[{"taxonomy":"category","embeddable":true,"href":"https:\/\/alcaldiaalbertoadriani.com\/index.php?rest_route=%2Fwp%2Fv2%2Fcategories&post=5230"},{"taxonomy":"post_tag","embeddable":true,"href":"https:\/\/alcaldiaalbertoadriani.com\/index.php?rest_route=%2Fwp%2Fv2%2Ftags&post=5230"}],"curies":[{"name":"wp","href":"https:\/\/api.w.org\/{rel}","templated":true}]}}