{"id":5147,"date":"2024-01-23T19:20:29","date_gmt":"2024-01-23T19:20:29","guid":{"rendered":"https:\/\/alcaldiaalbertoadriani.com\/?p=5147"},"modified":"2024-01-23T19:20:33","modified_gmt":"2024-01-23T19:20:33","slug":"paradura-nino-jesus-catedral","status":"publish","type":"post","link":"https:\/\/alcaldiaalbertoadriani.com\/?p=5147","title":{"rendered":"Alcalde Lisandro Segura acompa\u00f1\u00f3 Paradura del Ni\u00f1o Jes\u00fas en la Catedral y plaza Bol\u00edvar"},"content":{"rendered":"<div class=\"wp-block-post-excerpt\"><p class=\"wp-block-post-excerpt__excerpt\">La actividad la encabez\u00f3 el Presb\u00edtero, Germ\u00e1n Mar\u00edn <\/p><\/div>\n\n\n<p>Trabajadores de la <a href=\"https:\/\/twitter.com\/alcaldiaaa\">alcald\u00eda Alberto Adriani<\/a> acompa\u00f1aron la celebraci\u00f3n de la <a href=\"https:\/\/alcaldiaalbertoadriani.com\/?p=1840\" target=\"_blank\" rel=\"noreferrer noopener\">Paradura del Ni\u00f1o Jes\u00fas de la Catedral Perpetuo Socorro<\/a> y del nacimiento ubicado en la plaza Bol\u00edvar de El Vig\u00eda, en dos recorridos que se desarrollaron este domingo 21 de enero en horas de la tarde.\u00a0<\/p>\n\n\n\n<h2 class=\"wp-block-heading\">Paradura Ni\u00f1o Jes\u00fas Catedral<\/h2>\n\n\n\n<p>A la tradicional celebraci\u00f3n asisti\u00f3 el <a href=\"https:\/\/twitter.com\/lisandrosegura\" target=\"_blank\" rel=\"noreferrer noopener\">alcalde Lisandro Segura<\/a> junto con Alfredo Mendoza, director General del ente municipal; Leonel Dur\u00e1n, presidente del Concejo Municipal; algunos ediles del ente legislativo y parte del tren Ejecutivo. Vale destacar que el Presb\u00edtero Germ\u00e1n Mar\u00edn, dirigi\u00f3 la eucarist\u00eda.<\/p>\n\n\n\n<p>En sus palabras, Mar\u00edn expres\u00f3 que \u201cdebemos ser temerosos a Dios y sobre todo, preocuparnos por ser cada d\u00eda mejores personas\u201d, dijo el Presb\u00edtero.&nbsp;<\/p>\n\n\n\n<figure class=\"wp-block-image size-large\"><img loading=\"lazy\" decoding=\"async\" width=\"1024\" height=\"768\" src=\"https:\/\/alcaldiaalbertoadriani.com\/wp-content\/uploads\/2024\/01\/photo_2024-01-23_14-37-10-1024x768.jpg\" alt=\"\" class=\"wp-image-5149\" srcset=\"https:\/\/alcaldiaalbertoadriani.com\/wp-content\/uploads\/2024\/01\/photo_2024-01-23_14-37-10-1024x768.jpg 1024w, https:\/\/alcaldiaalbertoadriani.com\/wp-content\/uploads\/2024\/01\/photo_2024-01-23_14-37-10-980x735.jpg 980w, https:\/\/alcaldiaalbertoadriani.com\/wp-content\/uploads\/2024\/01\/photo_2024-01-23_14-37-10-480x360.jpg 480w\" sizes=\"auto, (min-width: 0px) and (max-width: 480px) 480px, (min-width: 481px) and (max-width: 980px) 980px, (min-width: 981px) 1024px, 100vw\" \/><\/figure>\n\n\n\n<!--more-->\n\n\n\n<p>Acto seguido, los padrinos del Ni\u00f1o Jes\u00fas viviente, mediante una procesi\u00f3n partieron con c\u00e1nticos y rezos al Ni\u00f1o Jes\u00fas desde la Catedral hasta el segundo nacimiento que se ubica en la plaza Bol\u00edvar.<\/p>\n\n\n\n<p>La tradicional jornada concluy\u00f3 en las instalaciones de la Catedral, en donde hicieron el levantamiento de ambos ni\u00f1os. <strong>Prensa <a href=\"https:\/\/twitter.com\/alcaldiaaa\" target=\"_blank\" rel=\"noreferrer noopener\">Alcald\u00eda Alberto Adriani<\/a>\/Edgar Mendoza CNP:25.736\/Fotos: Yorman Parra.<\/strong><\/p>\n\n\n\n<figure class=\"wp-block-gallery has-nested-images columns-default is-cropped wp-block-gallery-1 is-layout-flex wp-block-gallery-is-layout-flex\">\n<figure class=\"wp-block-image size-large\"><img loading=\"lazy\" decoding=\"async\" width=\"1024\" height=\"768\" data-id=\"5157\" src=\"https:\/\/alcaldiaalbertoadriani.com\/wp-content\/uploads\/2024\/01\/photo_2024-01-23_14-37-10-2-1024x768.jpg\" alt=\"\" class=\"wp-image-5157\" srcset=\"https:\/\/alcaldiaalbertoadriani.com\/wp-content\/uploads\/2024\/01\/photo_2024-01-23_14-37-10-2-1024x768.jpg 1024w, https:\/\/alcaldiaalbertoadriani.com\/wp-content\/uploads\/2024\/01\/photo_2024-01-23_14-37-10-2-980x735.jpg 980w, https:\/\/alcaldiaalbertoadriani.com\/wp-content\/uploads\/2024\/01\/photo_2024-01-23_14-37-10-2-480x360.jpg 480w\" sizes=\"auto, (min-width: 0px) and (max-width: 480px) 480px, (min-width: 481px) and (max-width: 980px) 980px, (min-width: 981px) 1024px, 100vw\" \/><\/figure>\n\n\n\n<figure class=\"wp-block-image size-large\"><img loading=\"lazy\" decoding=\"async\" width=\"1024\" height=\"768\" data-id=\"5150\" src=\"https:\/\/alcaldiaalbertoadriani.com\/wp-content\/uploads\/2024\/01\/photo_2024-01-23_14-37-11-2-1024x768.jpg\" alt=\"\" class=\"wp-image-5150\" srcset=\"https:\/\/alcaldiaalbertoadriani.com\/wp-content\/uploads\/2024\/01\/photo_2024-01-23_14-37-11-2-1024x768.jpg 1024w, https:\/\/alcaldiaalbertoadriani.com\/wp-content\/uploads\/2024\/01\/photo_2024-01-23_14-37-11-2-980x735.jpg 980w, https:\/\/alcaldiaalbertoadriani.com\/wp-content\/uploads\/2024\/01\/photo_2024-01-23_14-37-11-2-480x360.jpg 480w\" sizes=\"auto, (min-width: 0px) and (max-width: 480px) 480px, (min-width: 481px) and (max-width: 980px) 980px, (min-width: 981px) 1024px, 100vw\" \/><\/figure>\n\n\n\n<figure class=\"wp-block-image size-large\"><img loading=\"lazy\" decoding=\"async\" width=\"1024\" height=\"768\" data-id=\"5153\" src=\"https:\/\/alcaldiaalbertoadriani.com\/wp-content\/uploads\/2024\/01\/photo_2024-01-23_14-37-11-1024x768.jpg\" alt=\"\" class=\"wp-image-5153\" srcset=\"https:\/\/alcaldiaalbertoadriani.com\/wp-content\/uploads\/2024\/01\/photo_2024-01-23_14-37-11-1024x768.jpg 1024w, https:\/\/alcaldiaalbertoadriani.com\/wp-content\/uploads\/2024\/01\/photo_2024-01-23_14-37-11-980x735.jpg 980w, https:\/\/alcaldiaalbertoadriani.com\/wp-content\/uploads\/2024\/01\/photo_2024-01-23_14-37-11-480x360.jpg 480w\" sizes=\"auto, (min-width: 0px) and (max-width: 480px) 480px, (min-width: 481px) and (max-width: 980px) 980px, (min-width: 981px) 1024px, 100vw\" \/><\/figure>\n\n\n\n<figure class=\"wp-block-image size-large\"><img loading=\"lazy\" decoding=\"async\" width=\"1024\" height=\"768\" data-id=\"5154\" src=\"https:\/\/alcaldiaalbertoadriani.com\/wp-content\/uploads\/2024\/01\/photo_2024-01-23_14-37-12-2-1024x768.jpg\" alt=\"\" class=\"wp-image-5154\" srcset=\"https:\/\/alcaldiaalbertoadriani.com\/wp-content\/uploads\/2024\/01\/photo_2024-01-23_14-37-12-2-1024x768.jpg 1024w, https:\/\/alcaldiaalbertoadriani.com\/wp-content\/uploads\/2024\/01\/photo_2024-01-23_14-37-12-2-980x735.jpg 980w, https:\/\/alcaldiaalbertoadriani.com\/wp-content\/uploads\/2024\/01\/photo_2024-01-23_14-37-12-2-480x360.jpg 480w\" sizes=\"auto, (min-width: 0px) and (max-width: 480px) 480px, (min-width: 481px) and (max-width: 980px) 980px, (min-width: 981px) 1024px, 100vw\" \/><\/figure>\n\n\n\n<figure class=\"wp-block-image size-large\"><img loading=\"lazy\" decoding=\"async\" width=\"1024\" height=\"768\" data-id=\"5152\" src=\"https:\/\/alcaldiaalbertoadriani.com\/wp-content\/uploads\/2024\/01\/photo_2024-01-23_14-37-12-1024x768.jpg\" alt=\"\" class=\"wp-image-5152\" srcset=\"https:\/\/alcaldiaalbertoadriani.com\/wp-content\/uploads\/2024\/01\/photo_2024-01-23_14-37-12-1024x768.jpg 1024w, https:\/\/alcaldiaalbertoadriani.com\/wp-content\/uploads\/2024\/01\/photo_2024-01-23_14-37-12-980x735.jpg 980w, https:\/\/alcaldiaalbertoadriani.com\/wp-content\/uploads\/2024\/01\/photo_2024-01-23_14-37-12-480x360.jpg 480w\" sizes=\"auto, (min-width: 0px) and (max-width: 480px) 480px, (min-width: 481px) and (max-width: 980px) 980px, (min-width: 981px) 1024px, 100vw\" \/><\/figure>\n\n\n\n<figure class=\"wp-block-image size-large\"><img loading=\"lazy\" decoding=\"async\" width=\"1024\" height=\"768\" data-id=\"5155\" src=\"https:\/\/alcaldiaalbertoadriani.com\/wp-content\/uploads\/2024\/01\/photo_2024-01-23_14-37-13-2-1024x768.jpg\" alt=\"\" class=\"wp-image-5155\" srcset=\"https:\/\/alcaldiaalbertoadriani.com\/wp-content\/uploads\/2024\/01\/photo_2024-01-23_14-37-13-2-1024x768.jpg 1024w, https:\/\/alcaldiaalbertoadriani.com\/wp-content\/uploads\/2024\/01\/photo_2024-01-23_14-37-13-2-980x735.jpg 980w, https:\/\/alcaldiaalbertoadriani.com\/wp-content\/uploads\/2024\/01\/photo_2024-01-23_14-37-13-2-480x360.jpg 480w\" sizes=\"auto, (min-width: 0px) and (max-width: 480px) 480px, (min-width: 481px) and (max-width: 980px) 980px, (min-width: 981px) 1024px, 100vw\" \/><\/figure>\n\n\n\n<figure class=\"wp-block-image size-large\"><img loading=\"lazy\" decoding=\"async\" width=\"1024\" height=\"768\" data-id=\"5151\" src=\"https:\/\/alcaldiaalbertoadriani.com\/wp-content\/uploads\/2024\/01\/photo_2024-01-23_14-37-13-1024x768.jpg\" alt=\"\" class=\"wp-image-5151\" srcset=\"https:\/\/alcaldiaalbertoadriani.com\/wp-content\/uploads\/2024\/01\/photo_2024-01-23_14-37-13-1024x768.jpg 1024w, https:\/\/alcaldiaalbertoadriani.com\/wp-content\/uploads\/2024\/01\/photo_2024-01-23_14-37-13-980x735.jpg 980w, https:\/\/alcaldiaalbertoadriani.com\/wp-content\/uploads\/2024\/01\/photo_2024-01-23_14-37-13-480x360.jpg 480w\" sizes=\"auto, (min-width: 0px) and (max-width: 480px) 480px, (min-width: 481px) and (max-width: 980px) 980px, (min-width: 981px) 1024px, 100vw\" \/><\/figure>\n\n\n\n<figure class=\"wp-block-image size-large\"><img loading=\"lazy\" decoding=\"async\" width=\"1024\" height=\"768\" data-id=\"5156\" src=\"https:\/\/alcaldiaalbertoadriani.com\/wp-content\/uploads\/2024\/01\/photo_2024-01-23_14-37-14-1024x768.jpg\" alt=\"\" class=\"wp-image-5156\" srcset=\"https:\/\/alcaldiaalbertoadriani.com\/wp-content\/uploads\/2024\/01\/photo_2024-01-23_14-37-14-1024x768.jpg 1024w, https:\/\/alcaldiaalbertoadriani.com\/wp-content\/uploads\/2024\/01\/photo_2024-01-23_14-37-14-980x735.jpg 980w, https:\/\/alcaldiaalbertoadriani.com\/wp-content\/uploads\/2024\/01\/photo_2024-01-23_14-37-14-480x360.jpg 480w\" sizes=\"auto, (min-width: 0px) and (max-width: 480px) 480px, (min-width: 481px) and (max-width: 980px) 980px, (min-width: 981px) 1024px, 100vw\" \/><\/figure>\n<\/figure>\n","protected":false},"excerpt":{"rendered":"<p><em><strong>La actividad la encabez\u00f3 el Presb\u00edtero, Germ\u00e1n Mar\u00edn<\/strong><\/em><\/p>\n","protected":false},"author":2,"featured_media":5148,"comment_status":"closed","ping_status":"closed","sticky":false,"template":"","format":"standard","meta":{"_et_pb_use_builder":"off","_et_pb_old_content":"","_et_gb_content_width":"","footnotes":""},"categories":[39,341,314],"tags":[31,11,12,15,30,29,28],"class_list":["post-5147","post","type-post","status-publish","format-standard","has-post-thumbnail","hentry","category-actividades-sociales","category-alcaldia-alberto-adriani","category-medios-de-comunicacion","tag-alcalde","tag-alcaldia","tag-alcaldiaalbertoadriani","tag-elvigia","tag-lisandrosegura","tag-municipioquenosmerecemos","tag-porelrenacer"],"yoast_head":"<!-- This site is optimized with the Yoast SEO plugin v19.13 - https:\/\/yoast.com\/wordpress\/plugins\/seo\/ -->\n<title>Alcalde Lisandro Segura acompa\u00f1\u00f3 Paradura del Ni\u00f1o Jes\u00fas en la Catedral y plaza Bol\u00edvar - Alcaldia Alberto Adriani<\/title>\n<meta name=\"description\" content=\"Lisandro Segura acompa\u00f1\u00f3 la celebraci\u00f3n de la Paradura del Ni\u00f1o Jes\u00fas de la Catedral Perpetuo Socorro y del nacimiento en la plaza Bol\u00edvar.\" \/>\n<meta name=\"robots\" content=\"index, follow, max-snippet:-1, max-image-preview:large, max-video-preview:-1\" \/>\n<link rel=\"canonical\" href=\"https:\/\/alcaldiaalbertoadriani.com\/?p=5147\" \/>\n<meta property=\"og:locale\" content=\"es_ES\" \/>\n<meta property=\"og:type\" content=\"article\" \/>\n<meta property=\"og:title\" content=\"Alcalde Lisandro Segura acompa\u00f1\u00f3 Paradura del Ni\u00f1o Jes\u00fas en la Catedral y plaza Bol\u00edvar - Alcaldia Alberto Adriani\" \/>\n<meta property=\"og:description\" content=\"Lisandro Segura acompa\u00f1\u00f3 la celebraci\u00f3n de la Paradura del Ni\u00f1o Jes\u00fas de la Catedral Perpetuo Socorro y del nacimiento en la plaza Bol\u00edvar.\" \/>\n<meta property=\"og:url\" content=\"https:\/\/alcaldiaalbertoadriani.com\/?p=5147\" \/>\n<meta property=\"og:site_name\" content=\"Alcaldia Alberto Adriani\" \/>\n<meta property=\"article:published_time\" content=\"2024-01-23T19:20:29+00:00\" \/>\n<meta property=\"article:modified_time\" content=\"2024-01-23T19:20:33+00:00\" \/>\n<meta property=\"og:image\" content=\"https:\/\/alcaldiaalbertoadriani.com\/wp-content\/uploads\/2024\/01\/photo_2024-01-23_14-37-09.jpg\" \/>\n\t<meta property=\"og:image:width\" content=\"1280\" \/>\n\t<meta property=\"og:image:height\" content=\"960\" \/>\n\t<meta property=\"og:image:type\" content=\"image\/jpeg\" \/>\n<meta name=\"author\" content=\"Prensa\" \/>\n<meta name=\"twitter:card\" content=\"summary_large_image\" \/>\n<meta name=\"twitter:label1\" content=\"Escrito por\" \/>\n\t<meta name=\"twitter:data1\" content=\"Prensa\" \/>\n\t<meta name=\"twitter:label2\" content=\"Tiempo de lectura\" \/>\n\t<meta name=\"twitter:data2\" content=\"3 minutos\" \/>\n<script type=\"application\/ld+json\" class=\"yoast-schema-graph\">{\"@context\":\"https:\/\/schema.org\",\"@graph\":[{\"@type\":\"WebPage\",\"@id\":\"https:\/\/alcaldiaalbertoadriani.com\/?p=5147\",\"url\":\"https:\/\/alcaldiaalbertoadriani.com\/?p=5147\",\"name\":\"Alcalde Lisandro Segura acompa\u00f1\u00f3 Paradura del Ni\u00f1o Jes\u00fas en la Catedral y plaza Bol\u00edvar - Alcaldia Alberto Adriani\",\"isPartOf\":{\"@id\":\"https:\/\/alcaldiaalbertoadriani.com\/#website\"},\"datePublished\":\"2024-01-23T19:20:29+00:00\",\"dateModified\":\"2024-01-23T19:20:33+00:00\",\"author\":{\"@id\":\"https:\/\/alcaldiaalbertoadriani.com\/#\/schema\/person\/549b4483ff8999ac780deeea78795fc9\"},\"description\":\"Lisandro Segura acompa\u00f1\u00f3 la celebraci\u00f3n de la Paradura del Ni\u00f1o Jes\u00fas de la Catedral Perpetuo Socorro y del nacimiento en la plaza Bol\u00edvar.\",\"breadcrumb\":{\"@id\":\"https:\/\/alcaldiaalbertoadriani.com\/?p=5147#breadcrumb\"},\"inLanguage\":\"es\",\"potentialAction\":[{\"@type\":\"ReadAction\",\"target\":[\"https:\/\/alcaldiaalbertoadriani.com\/?p=5147\"]}]},{\"@type\":\"BreadcrumbList\",\"@id\":\"https:\/\/alcaldiaalbertoadriani.com\/?p=5147#breadcrumb\",\"itemListElement\":[{\"@type\":\"ListItem\",\"position\":1,\"name\":\"Portada\",\"item\":\"https:\/\/alcaldiaalbertoadriani.com\/\"},{\"@type\":\"ListItem\",\"position\":2,\"name\":\"Alcalde Lisandro Segura acompa\u00f1\u00f3 Paradura del Ni\u00f1o Jes\u00fas en la Catedral y plaza Bol\u00edvar\"}]},{\"@type\":\"WebSite\",\"@id\":\"https:\/\/alcaldiaalbertoadriani.com\/#website\",\"url\":\"https:\/\/alcaldiaalbertoadriani.com\/\",\"name\":\"Alcaldia Alberto Adriani\",\"description\":\"\",\"potentialAction\":[{\"@type\":\"SearchAction\",\"target\":{\"@type\":\"EntryPoint\",\"urlTemplate\":\"https:\/\/alcaldiaalbertoadriani.com\/?s={search_term_string}\"},\"query-input\":\"required name=search_term_string\"}],\"inLanguage\":\"es\"},{\"@type\":\"Person\",\"@id\":\"https:\/\/alcaldiaalbertoadriani.com\/#\/schema\/person\/549b4483ff8999ac780deeea78795fc9\",\"name\":\"Prensa\",\"image\":{\"@type\":\"ImageObject\",\"inLanguage\":\"es\",\"@id\":\"https:\/\/alcaldiaalbertoadriani.com\/#\/schema\/person\/image\/\",\"url\":\"https:\/\/secure.gravatar.com\/avatar\/ea1cb567ea992a29627f4eee1c2eb185ec16decec6342d508fdf18dedb56c9de?s=96&d=mm&r=g\",\"contentUrl\":\"https:\/\/secure.gravatar.com\/avatar\/ea1cb567ea992a29627f4eee1c2eb185ec16decec6342d508fdf18dedb56c9de?s=96&d=mm&r=g\",\"caption\":\"Prensa\"},\"url\":\"https:\/\/alcaldiaalbertoadriani.com\/?author=2\"}]}<\/script>\n<!-- \/ Yoast SEO plugin. -->","yoast_head_json":{"title":"Alcalde Lisandro Segura acompa\u00f1\u00f3 Paradura del Ni\u00f1o Jes\u00fas en la Catedral y plaza Bol\u00edvar - Alcaldia Alberto Adriani","description":"Lisandro Segura acompa\u00f1\u00f3 la celebraci\u00f3n de la Paradura del Ni\u00f1o Jes\u00fas de la Catedral Perpetuo Socorro y del nacimiento en la plaza Bol\u00edvar.","robots":{"index":"index","follow":"follow","max-snippet":"max-snippet:-1","max-image-preview":"max-image-preview:large","max-video-preview":"max-video-preview:-1"},"canonical":"https:\/\/alcaldiaalbertoadriani.com\/?p=5147","og_locale":"es_ES","og_type":"article","og_title":"Alcalde Lisandro Segura acompa\u00f1\u00f3 Paradura del Ni\u00f1o Jes\u00fas en la Catedral y plaza Bol\u00edvar - Alcaldia Alberto Adriani","og_description":"Lisandro Segura acompa\u00f1\u00f3 la celebraci\u00f3n de la Paradura del Ni\u00f1o Jes\u00fas de la Catedral Perpetuo Socorro y del nacimiento en la plaza Bol\u00edvar.","og_url":"https:\/\/alcaldiaalbertoadriani.com\/?p=5147","og_site_name":"Alcaldia Alberto Adriani","article_published_time":"2024-01-23T19:20:29+00:00","article_modified_time":"2024-01-23T19:20:33+00:00","og_image":[{"width":1280,"height":960,"url":"https:\/\/alcaldiaalbertoadriani.com\/wp-content\/uploads\/2024\/01\/photo_2024-01-23_14-37-09.jpg","type":"image\/jpeg"}],"author":"Prensa","twitter_card":"summary_large_image","twitter_misc":{"Escrito por":"Prensa","Tiempo de lectura":"3 minutos"},"schema":{"@context":"https:\/\/schema.org","@graph":[{"@type":"WebPage","@id":"https:\/\/alcaldiaalbertoadriani.com\/?p=5147","url":"https:\/\/alcaldiaalbertoadriani.com\/?p=5147","name":"Alcalde Lisandro Segura acompa\u00f1\u00f3 Paradura del Ni\u00f1o Jes\u00fas en la Catedral y plaza Bol\u00edvar - Alcaldia Alberto Adriani","isPartOf":{"@id":"https:\/\/alcaldiaalbertoadriani.com\/#website"},"datePublished":"2024-01-23T19:20:29+00:00","dateModified":"2024-01-23T19:20:33+00:00","author":{"@id":"https:\/\/alcaldiaalbertoadriani.com\/#\/schema\/person\/549b4483ff8999ac780deeea78795fc9"},"description":"Lisandro Segura acompa\u00f1\u00f3 la celebraci\u00f3n de la Paradura del Ni\u00f1o Jes\u00fas de la Catedral Perpetuo Socorro y del nacimiento en la plaza Bol\u00edvar.","breadcrumb":{"@id":"https:\/\/alcaldiaalbertoadriani.com\/?p=5147#breadcrumb"},"inLanguage":"es","potentialAction":[{"@type":"ReadAction","target":["https:\/\/alcaldiaalbertoadriani.com\/?p=5147"]}]},{"@type":"BreadcrumbList","@id":"https:\/\/alcaldiaalbertoadriani.com\/?p=5147#breadcrumb","itemListElement":[{"@type":"ListItem","position":1,"name":"Portada","item":"https:\/\/alcaldiaalbertoadriani.com\/"},{"@type":"ListItem","position":2,"name":"Alcalde Lisandro Segura acompa\u00f1\u00f3 Paradura del Ni\u00f1o Jes\u00fas en la Catedral y plaza Bol\u00edvar"}]},{"@type":"WebSite","@id":"https:\/\/alcaldiaalbertoadriani.com\/#website","url":"https:\/\/alcaldiaalbertoadriani.com\/","name":"Alcaldia Alberto Adriani","description":"","potentialAction":[{"@type":"SearchAction","target":{"@type":"EntryPoint","urlTemplate":"https:\/\/alcaldiaalbertoadriani.com\/?s={search_term_string}"},"query-input":"required name=search_term_string"}],"inLanguage":"es"},{"@type":"Person","@id":"https:\/\/alcaldiaalbertoadriani.com\/#\/schema\/person\/549b4483ff8999ac780deeea78795fc9","name":"Prensa","image":{"@type":"ImageObject","inLanguage":"es","@id":"https:\/\/alcaldiaalbertoadriani.com\/#\/schema\/person\/image\/","url":"https:\/\/secure.gravatar.com\/avatar\/ea1cb567ea992a29627f4eee1c2eb185ec16decec6342d508fdf18dedb56c9de?s=96&d=mm&r=g","contentUrl":"https:\/\/secure.gravatar.com\/avatar\/ea1cb567ea992a29627f4eee1c2eb185ec16decec6342d508fdf18dedb56c9de?s=96&d=mm&r=g","caption":"Prensa"},"url":"https:\/\/alcaldiaalbertoadriani.com\/?author=2"}]}},"_links":{"self":[{"href":"https:\/\/alcaldiaalbertoadriani.com\/index.php?rest_route=\/wp\/v2\/posts\/5147","targetHints":{"allow":["GET"]}}],"collection":[{"href":"https:\/\/alcaldiaalbertoadriani.com\/index.php?rest_route=\/wp\/v2\/posts"}],"about":[{"href":"https:\/\/alcaldiaalbertoadriani.com\/index.php?rest_route=\/wp\/v2\/types\/post"}],"author":[{"embeddable":true,"href":"https:\/\/alcaldiaalbertoadriani.com\/index.php?rest_route=\/wp\/v2\/users\/2"}],"replies":[{"embeddable":true,"href":"https:\/\/alcaldiaalbertoadriani.com\/index.php?rest_route=%2Fwp%2Fv2%2Fcomments&post=5147"}],"version-history":[{"count":1,"href":"https:\/\/alcaldiaalbertoadriani.com\/index.php?rest_route=\/wp\/v2\/posts\/5147\/revisions"}],"predecessor-version":[{"id":5158,"href":"https:\/\/alcaldiaalbertoadriani.com\/index.php?rest_route=\/wp\/v2\/posts\/5147\/revisions\/5158"}],"wp:featuredmedia":[{"embeddable":true,"href":"https:\/\/alcaldiaalbertoadriani.com\/index.php?rest_route=\/wp\/v2\/media\/5148"}],"wp:attachment":[{"href":"https:\/\/alcaldiaalbertoadriani.com\/index.php?rest_route=%2Fwp%2Fv2%2Fmedia&parent=5147"}],"wp:term":[{"taxonomy":"category","embeddable":true,"href":"https:\/\/alcaldiaalbertoadriani.com\/index.php?rest_route=%2Fwp%2Fv2%2Fcategories&post=5147"},{"taxonomy":"post_tag","embeddable":true,"href":"https:\/\/alcaldiaalbertoadriani.com\/index.php?rest_route=%2Fwp%2Fv2%2Ftags&post=5147"}],"curies":[{"name":"wp","href":"https:\/\/api.w.org\/{rel}","templated":true}]}}