{"id":4795,"date":"2023-12-15T05:56:48","date_gmt":"2023-12-15T05:56:48","guid":{"rendered":"https:\/\/alcaldiaalbertoadriani.com\/?p=4795"},"modified":"2023-12-15T05:56:53","modified_gmt":"2023-12-15T05:56:53","slug":"parrandon-navideno-alta-vista","status":"publish","type":"post","link":"https:\/\/alcaldiaalbertoadriani.com\/?p=4795","title":{"rendered":"Talento y buenas vibras se vivi\u00f3 en el sexto parrand\u00f3n navide\u00f1o en Alta Vista"},"content":{"rendered":"\n<p>Derroche de talento y buenas vibras fue lo que se vivi\u00f3 en el sexto <a href=\"https:\/\/alcaldiaalbertoadriani.com\/?p=4609\" target=\"_blank\" rel=\"noreferrer noopener\">parrand\u00f3n navide\u00f1o<\/a> realizado en el sector Alta Vista de la parroquia Rafael Pulido M\u00e9ndez este mi\u00e9rcoles 13 de diciembre.<\/p>\n\n\n\n<p>Una tem\u00e1tica al estilo Barbie fue el escenario para que las agrupaciones danc\u00edsticas de la zona con bailes nacionalistas, popurr\u00ed navide\u00f1o, parranda, m\u00fasica pop; as\u00ed como cantantes y la participaci\u00f3n especial de la agrupaci\u00f3n gaitera Melod\u00eda Navide\u00f1a, hicieran sus presentaciones al p\u00fablico presente.<\/p>\n\n\n\n<p>Igualmente, presentaci\u00f3n de gimnasia r\u00edtmica y recreaci\u00f3n de canciones de navidad, formaron parte del performance del parrand\u00f3n en el sector antes mencionado.<\/p>\n\n\n\n<figure class=\"wp-block-image size-large\"><img loading=\"lazy\" decoding=\"async\" width=\"1024\" height=\"771\" src=\"https:\/\/alcaldiaalbertoadriani.com\/wp-content\/uploads\/2023\/12\/photo_2023-12-15_00-55-21-2-1024x771.jpg\" alt=\"\" class=\"wp-image-4797\" srcset=\"https:\/\/alcaldiaalbertoadriani.com\/wp-content\/uploads\/2023\/12\/photo_2023-12-15_00-55-21-2-1024x771.jpg 1024w, https:\/\/alcaldiaalbertoadriani.com\/wp-content\/uploads\/2023\/12\/photo_2023-12-15_00-55-21-2-980x738.jpg 980w, https:\/\/alcaldiaalbertoadriani.com\/wp-content\/uploads\/2023\/12\/photo_2023-12-15_00-55-21-2-480x362.jpg 480w\" sizes=\"auto, (min-width: 0px) and (max-width: 480px) 480px, (min-width: 481px) and (max-width: 980px) 980px, (min-width: 981px) 1024px, 100vw\" \/><\/figure>\n\n\n\n<!--more-->\n\n\n\n<p>Posteriormente, los participantes y los organizadores del parrand\u00f3n navide\u00f1o de la comunidad recibieron merecidos certificados de reconocimientos por parte de los representantes de la alcald\u00eda de Alberto Adriani en nombre del <a href=\"https:\/\/twitter.com\/lisandrosegura\" target=\"_blank\" rel=\"noreferrer noopener\">alcalde Lisandro Segura<\/a>. <strong>Prensa <a href=\"https:\/\/www.tiktok.com\/@alcaldia_aa\" target=\"_blank\" rel=\"noreferrer noopener\">Alcald\u00eda Alberto Adriani<\/a>\/ Claribel Zambrano CNP: 112.843\/ Fotos: Daniel Ru\u00edz.<\/strong><\/p>\n\n\n\n<figure class=\"wp-block-gallery has-nested-images columns-default is-cropped wp-block-gallery-1 is-layout-flex wp-block-gallery-is-layout-flex\">\n<figure class=\"wp-block-image size-large\"><img loading=\"lazy\" decoding=\"async\" width=\"1024\" height=\"771\" data-id=\"4801\" src=\"https:\/\/alcaldiaalbertoadriani.com\/wp-content\/uploads\/2023\/12\/photo_2023-12-15_00-55-19-2-1024x771.jpg\" alt=\"\" class=\"wp-image-4801\" srcset=\"https:\/\/alcaldiaalbertoadriani.com\/wp-content\/uploads\/2023\/12\/photo_2023-12-15_00-55-19-2-1024x771.jpg 1024w, https:\/\/alcaldiaalbertoadriani.com\/wp-content\/uploads\/2023\/12\/photo_2023-12-15_00-55-19-2-980x738.jpg 980w, https:\/\/alcaldiaalbertoadriani.com\/wp-content\/uploads\/2023\/12\/photo_2023-12-15_00-55-19-2-480x362.jpg 480w\" sizes=\"auto, (min-width: 0px) and (max-width: 480px) 480px, (min-width: 481px) and (max-width: 980px) 980px, (min-width: 981px) 1024px, 100vw\" \/><\/figure>\n\n\n\n<figure class=\"wp-block-image size-large\"><img loading=\"lazy\" decoding=\"async\" width=\"1024\" height=\"771\" data-id=\"4799\" src=\"https:\/\/alcaldiaalbertoadriani.com\/wp-content\/uploads\/2023\/12\/photo_2023-12-15_00-55-20-2-1024x771.jpg\" alt=\"\" class=\"wp-image-4799\" srcset=\"https:\/\/alcaldiaalbertoadriani.com\/wp-content\/uploads\/2023\/12\/photo_2023-12-15_00-55-20-2-1024x771.jpg 1024w, https:\/\/alcaldiaalbertoadriani.com\/wp-content\/uploads\/2023\/12\/photo_2023-12-15_00-55-20-2-980x738.jpg 980w, https:\/\/alcaldiaalbertoadriani.com\/wp-content\/uploads\/2023\/12\/photo_2023-12-15_00-55-20-2-480x362.jpg 480w\" sizes=\"auto, (min-width: 0px) and (max-width: 480px) 480px, (min-width: 481px) and (max-width: 980px) 980px, (min-width: 981px) 1024px, 100vw\" \/><\/figure>\n\n\n\n<figure class=\"wp-block-image size-large\"><img loading=\"lazy\" decoding=\"async\" width=\"1024\" height=\"771\" data-id=\"4798\" src=\"https:\/\/alcaldiaalbertoadriani.com\/wp-content\/uploads\/2023\/12\/photo_2023-12-15_00-55-20-1024x771.jpg\" alt=\"\" class=\"wp-image-4798\" srcset=\"https:\/\/alcaldiaalbertoadriani.com\/wp-content\/uploads\/2023\/12\/photo_2023-12-15_00-55-20-1024x771.jpg 1024w, https:\/\/alcaldiaalbertoadriani.com\/wp-content\/uploads\/2023\/12\/photo_2023-12-15_00-55-20-980x738.jpg 980w, https:\/\/alcaldiaalbertoadriani.com\/wp-content\/uploads\/2023\/12\/photo_2023-12-15_00-55-20-480x362.jpg 480w\" sizes=\"auto, (min-width: 0px) and (max-width: 480px) 480px, (min-width: 481px) and (max-width: 980px) 980px, (min-width: 981px) 1024px, 100vw\" \/><\/figure>\n\n\n\n<figure class=\"wp-block-image size-large\"><img loading=\"lazy\" decoding=\"async\" width=\"1024\" height=\"771\" data-id=\"4806\" src=\"https:\/\/alcaldiaalbertoadriani.com\/wp-content\/uploads\/2023\/12\/photo_2023-12-15_00-55-21-1024x771.jpg\" alt=\"\" class=\"wp-image-4806\" srcset=\"https:\/\/alcaldiaalbertoadriani.com\/wp-content\/uploads\/2023\/12\/photo_2023-12-15_00-55-21-1024x771.jpg 1024w, https:\/\/alcaldiaalbertoadriani.com\/wp-content\/uploads\/2023\/12\/photo_2023-12-15_00-55-21-980x738.jpg 980w, https:\/\/alcaldiaalbertoadriani.com\/wp-content\/uploads\/2023\/12\/photo_2023-12-15_00-55-21-480x362.jpg 480w\" sizes=\"auto, (min-width: 0px) and (max-width: 480px) 480px, (min-width: 481px) and (max-width: 980px) 980px, (min-width: 981px) 1024px, 100vw\" \/><\/figure>\n\n\n\n<figure class=\"wp-block-image size-large\"><img loading=\"lazy\" decoding=\"async\" width=\"1024\" height=\"771\" data-id=\"4800\" src=\"https:\/\/alcaldiaalbertoadriani.com\/wp-content\/uploads\/2023\/12\/photo_2023-12-15_00-55-22-2-1024x771.jpg\" alt=\"\" class=\"wp-image-4800\" srcset=\"https:\/\/alcaldiaalbertoadriani.com\/wp-content\/uploads\/2023\/12\/photo_2023-12-15_00-55-22-2-1024x771.jpg 1024w, https:\/\/alcaldiaalbertoadriani.com\/wp-content\/uploads\/2023\/12\/photo_2023-12-15_00-55-22-2-980x738.jpg 980w, https:\/\/alcaldiaalbertoadriani.com\/wp-content\/uploads\/2023\/12\/photo_2023-12-15_00-55-22-2-480x362.jpg 480w\" sizes=\"auto, (min-width: 0px) and (max-width: 480px) 480px, (min-width: 481px) and (max-width: 980px) 980px, (min-width: 981px) 1024px, 100vw\" \/><\/figure>\n\n\n\n<figure class=\"wp-block-image size-large\"><img loading=\"lazy\" decoding=\"async\" width=\"1024\" height=\"771\" data-id=\"4805\" src=\"https:\/\/alcaldiaalbertoadriani.com\/wp-content\/uploads\/2023\/12\/photo_2023-12-15_00-55-22-1024x771.jpg\" alt=\"\" class=\"wp-image-4805\" srcset=\"https:\/\/alcaldiaalbertoadriani.com\/wp-content\/uploads\/2023\/12\/photo_2023-12-15_00-55-22-1024x771.jpg 1024w, https:\/\/alcaldiaalbertoadriani.com\/wp-content\/uploads\/2023\/12\/photo_2023-12-15_00-55-22-980x738.jpg 980w, https:\/\/alcaldiaalbertoadriani.com\/wp-content\/uploads\/2023\/12\/photo_2023-12-15_00-55-22-480x362.jpg 480w\" sizes=\"auto, (min-width: 0px) and (max-width: 480px) 480px, (min-width: 481px) and (max-width: 980px) 980px, (min-width: 981px) 1024px, 100vw\" \/><\/figure>\n\n\n\n<figure class=\"wp-block-image size-large\"><img loading=\"lazy\" decoding=\"async\" width=\"1024\" height=\"771\" data-id=\"4804\" src=\"https:\/\/alcaldiaalbertoadriani.com\/wp-content\/uploads\/2023\/12\/photo_2023-12-15_00-55-23-2-1024x771.jpg\" alt=\"\" class=\"wp-image-4804\" srcset=\"https:\/\/alcaldiaalbertoadriani.com\/wp-content\/uploads\/2023\/12\/photo_2023-12-15_00-55-23-2-1024x771.jpg 1024w, https:\/\/alcaldiaalbertoadriani.com\/wp-content\/uploads\/2023\/12\/photo_2023-12-15_00-55-23-2-980x738.jpg 980w, https:\/\/alcaldiaalbertoadriani.com\/wp-content\/uploads\/2023\/12\/photo_2023-12-15_00-55-23-2-480x362.jpg 480w\" sizes=\"auto, (min-width: 0px) and (max-width: 480px) 480px, (min-width: 481px) and (max-width: 980px) 980px, (min-width: 981px) 1024px, 100vw\" \/><\/figure>\n\n\n\n<figure class=\"wp-block-image size-large\"><img loading=\"lazy\" decoding=\"async\" width=\"1024\" height=\"771\" data-id=\"4803\" src=\"https:\/\/alcaldiaalbertoadriani.com\/wp-content\/uploads\/2023\/12\/photo_2023-12-15_00-55-23-1024x771.jpg\" alt=\"\" class=\"wp-image-4803\" srcset=\"https:\/\/alcaldiaalbertoadriani.com\/wp-content\/uploads\/2023\/12\/photo_2023-12-15_00-55-23-1024x771.jpg 1024w, https:\/\/alcaldiaalbertoadriani.com\/wp-content\/uploads\/2023\/12\/photo_2023-12-15_00-55-23-980x738.jpg 980w, https:\/\/alcaldiaalbertoadriani.com\/wp-content\/uploads\/2023\/12\/photo_2023-12-15_00-55-23-480x362.jpg 480w\" sizes=\"auto, (min-width: 0px) and (max-width: 480px) 480px, (min-width: 481px) and (max-width: 980px) 980px, (min-width: 981px) 1024px, 100vw\" \/><\/figure>\n\n\n\n<figure class=\"wp-block-image size-large\"><img loading=\"lazy\" decoding=\"async\" width=\"1024\" height=\"771\" data-id=\"4802\" src=\"https:\/\/alcaldiaalbertoadriani.com\/wp-content\/uploads\/2023\/12\/photo_2023-12-15_00-55-27-1024x771.jpg\" alt=\"\" class=\"wp-image-4802\" srcset=\"https:\/\/alcaldiaalbertoadriani.com\/wp-content\/uploads\/2023\/12\/photo_2023-12-15_00-55-27-1024x771.jpg 1024w, https:\/\/alcaldiaalbertoadriani.com\/wp-content\/uploads\/2023\/12\/photo_2023-12-15_00-55-27-980x738.jpg 980w, https:\/\/alcaldiaalbertoadriani.com\/wp-content\/uploads\/2023\/12\/photo_2023-12-15_00-55-27-480x362.jpg 480w\" sizes=\"auto, (min-width: 0px) and (max-width: 480px) 480px, (min-width: 481px) and (max-width: 980px) 980px, (min-width: 981px) 1024px, 100vw\" \/><\/figure>\n<\/figure>\n","protected":false},"excerpt":{"rendered":"<p>Derroche de talento y buenas vibras fue lo que se vivi\u00f3 en el sexto parrand\u00f3n navide\u00f1o realizado en el sector Alta Vista de la parroquia Rafael Pulido M\u00e9ndez este mi\u00e9rcoles [&hellip;]<\/p>\n","protected":false},"author":2,"featured_media":4796,"comment_status":"closed","ping_status":"closed","sticky":false,"template":"","format":"standard","meta":{"_et_pb_use_builder":"off","_et_pb_old_content":"","_et_gb_content_width":"","footnotes":""},"categories":[1],"tags":[31,11,12,15,30,29,28,592],"class_list":["post-4795","post","type-post","status-publish","format-standard","has-post-thumbnail","hentry","category-uncategorized","tag-alcalde","tag-alcaldia","tag-alcaldiaalbertoadriani","tag-elvigia","tag-lisandrosegura","tag-municipioquenosmerecemos","tag-porelrenacer","tag-parrandon-navideno-alta-vista"],"yoast_head":"<!-- This site is optimized with the Yoast SEO plugin v19.13 - https:\/\/yoast.com\/wordpress\/plugins\/seo\/ -->\n<title>Talento y buenas vibras se vivi\u00f3 en el sexto parrand\u00f3n navide\u00f1o en Alta Vista - Alcaldia Alberto Adriani<\/title>\n<meta name=\"description\" content=\"Derroche de talento y buenas vibras fue lo que se vivi\u00f3 en el sexto parrand\u00f3n navide\u00f1o realizado en el sector Alta Vista.\" \/>\n<meta name=\"robots\" content=\"index, follow, max-snippet:-1, max-image-preview:large, max-video-preview:-1\" \/>\n<link rel=\"canonical\" href=\"https:\/\/alcaldiaalbertoadriani.com\/?p=4795\" \/>\n<meta property=\"og:locale\" content=\"es_ES\" \/>\n<meta property=\"og:type\" content=\"article\" \/>\n<meta property=\"og:title\" content=\"Talento y buenas vibras se vivi\u00f3 en el sexto parrand\u00f3n navide\u00f1o en Alta Vista - Alcaldia Alberto Adriani\" \/>\n<meta property=\"og:description\" content=\"Derroche de talento y buenas vibras fue lo que se vivi\u00f3 en el sexto parrand\u00f3n navide\u00f1o realizado en el sector Alta Vista.\" \/>\n<meta property=\"og:url\" content=\"https:\/\/alcaldiaalbertoadriani.com\/?p=4795\" \/>\n<meta property=\"og:site_name\" content=\"Alcaldia Alberto Adriani\" \/>\n<meta property=\"article:published_time\" content=\"2023-12-15T05:56:48+00:00\" \/>\n<meta property=\"article:modified_time\" content=\"2023-12-15T05:56:53+00:00\" \/>\n<meta property=\"og:image\" content=\"https:\/\/alcaldiaalbertoadriani.com\/wp-content\/uploads\/2023\/12\/photo_2023-12-15_00-55-19.jpg\" \/>\n\t<meta property=\"og:image:width\" content=\"1280\" \/>\n\t<meta property=\"og:image:height\" content=\"964\" \/>\n\t<meta property=\"og:image:type\" content=\"image\/jpeg\" \/>\n<meta name=\"author\" content=\"Prensa\" \/>\n<meta name=\"twitter:card\" content=\"summary_large_image\" \/>\n<meta name=\"twitter:label1\" content=\"Escrito por\" \/>\n\t<meta name=\"twitter:data1\" content=\"Prensa\" \/>\n\t<meta name=\"twitter:label2\" content=\"Tiempo de lectura\" \/>\n\t<meta name=\"twitter:data2\" content=\"3 minutos\" \/>\n<script type=\"application\/ld+json\" class=\"yoast-schema-graph\">{\"@context\":\"https:\/\/schema.org\",\"@graph\":[{\"@type\":\"WebPage\",\"@id\":\"https:\/\/alcaldiaalbertoadriani.com\/?p=4795\",\"url\":\"https:\/\/alcaldiaalbertoadriani.com\/?p=4795\",\"name\":\"Talento y buenas vibras se vivi\u00f3 en el sexto parrand\u00f3n navide\u00f1o en Alta Vista - Alcaldia Alberto Adriani\",\"isPartOf\":{\"@id\":\"https:\/\/alcaldiaalbertoadriani.com\/#website\"},\"datePublished\":\"2023-12-15T05:56:48+00:00\",\"dateModified\":\"2023-12-15T05:56:53+00:00\",\"author\":{\"@id\":\"https:\/\/alcaldiaalbertoadriani.com\/#\/schema\/person\/549b4483ff8999ac780deeea78795fc9\"},\"description\":\"Derroche de talento y buenas vibras fue lo que se vivi\u00f3 en el sexto parrand\u00f3n navide\u00f1o realizado en el sector Alta Vista.\",\"breadcrumb\":{\"@id\":\"https:\/\/alcaldiaalbertoadriani.com\/?p=4795#breadcrumb\"},\"inLanguage\":\"es\",\"potentialAction\":[{\"@type\":\"ReadAction\",\"target\":[\"https:\/\/alcaldiaalbertoadriani.com\/?p=4795\"]}]},{\"@type\":\"BreadcrumbList\",\"@id\":\"https:\/\/alcaldiaalbertoadriani.com\/?p=4795#breadcrumb\",\"itemListElement\":[{\"@type\":\"ListItem\",\"position\":1,\"name\":\"Portada\",\"item\":\"https:\/\/alcaldiaalbertoadriani.com\/\"},{\"@type\":\"ListItem\",\"position\":2,\"name\":\"Talento y buenas vibras se vivi\u00f3 en el sexto parrand\u00f3n navide\u00f1o en Alta Vista\"}]},{\"@type\":\"WebSite\",\"@id\":\"https:\/\/alcaldiaalbertoadriani.com\/#website\",\"url\":\"https:\/\/alcaldiaalbertoadriani.com\/\",\"name\":\"Alcaldia Alberto Adriani\",\"description\":\"\",\"potentialAction\":[{\"@type\":\"SearchAction\",\"target\":{\"@type\":\"EntryPoint\",\"urlTemplate\":\"https:\/\/alcaldiaalbertoadriani.com\/?s={search_term_string}\"},\"query-input\":\"required name=search_term_string\"}],\"inLanguage\":\"es\"},{\"@type\":\"Person\",\"@id\":\"https:\/\/alcaldiaalbertoadriani.com\/#\/schema\/person\/549b4483ff8999ac780deeea78795fc9\",\"name\":\"Prensa\",\"image\":{\"@type\":\"ImageObject\",\"inLanguage\":\"es\",\"@id\":\"https:\/\/alcaldiaalbertoadriani.com\/#\/schema\/person\/image\/\",\"url\":\"https:\/\/secure.gravatar.com\/avatar\/ea1cb567ea992a29627f4eee1c2eb185ec16decec6342d508fdf18dedb56c9de?s=96&d=mm&r=g\",\"contentUrl\":\"https:\/\/secure.gravatar.com\/avatar\/ea1cb567ea992a29627f4eee1c2eb185ec16decec6342d508fdf18dedb56c9de?s=96&d=mm&r=g\",\"caption\":\"Prensa\"},\"url\":\"https:\/\/alcaldiaalbertoadriani.com\/?author=2\"}]}<\/script>\n<!-- \/ Yoast SEO plugin. -->","yoast_head_json":{"title":"Talento y buenas vibras se vivi\u00f3 en el sexto parrand\u00f3n navide\u00f1o en Alta Vista - Alcaldia Alberto Adriani","description":"Derroche de talento y buenas vibras fue lo que se vivi\u00f3 en el sexto parrand\u00f3n navide\u00f1o realizado en el sector Alta Vista.","robots":{"index":"index","follow":"follow","max-snippet":"max-snippet:-1","max-image-preview":"max-image-preview:large","max-video-preview":"max-video-preview:-1"},"canonical":"https:\/\/alcaldiaalbertoadriani.com\/?p=4795","og_locale":"es_ES","og_type":"article","og_title":"Talento y buenas vibras se vivi\u00f3 en el sexto parrand\u00f3n navide\u00f1o en Alta Vista - Alcaldia Alberto Adriani","og_description":"Derroche de talento y buenas vibras fue lo que se vivi\u00f3 en el sexto parrand\u00f3n navide\u00f1o realizado en el sector Alta Vista.","og_url":"https:\/\/alcaldiaalbertoadriani.com\/?p=4795","og_site_name":"Alcaldia Alberto Adriani","article_published_time":"2023-12-15T05:56:48+00:00","article_modified_time":"2023-12-15T05:56:53+00:00","og_image":[{"width":1280,"height":964,"url":"https:\/\/alcaldiaalbertoadriani.com\/wp-content\/uploads\/2023\/12\/photo_2023-12-15_00-55-19.jpg","type":"image\/jpeg"}],"author":"Prensa","twitter_card":"summary_large_image","twitter_misc":{"Escrito por":"Prensa","Tiempo de lectura":"3 minutos"},"schema":{"@context":"https:\/\/schema.org","@graph":[{"@type":"WebPage","@id":"https:\/\/alcaldiaalbertoadriani.com\/?p=4795","url":"https:\/\/alcaldiaalbertoadriani.com\/?p=4795","name":"Talento y buenas vibras se vivi\u00f3 en el sexto parrand\u00f3n navide\u00f1o en Alta Vista - Alcaldia Alberto Adriani","isPartOf":{"@id":"https:\/\/alcaldiaalbertoadriani.com\/#website"},"datePublished":"2023-12-15T05:56:48+00:00","dateModified":"2023-12-15T05:56:53+00:00","author":{"@id":"https:\/\/alcaldiaalbertoadriani.com\/#\/schema\/person\/549b4483ff8999ac780deeea78795fc9"},"description":"Derroche de talento y buenas vibras fue lo que se vivi\u00f3 en el sexto parrand\u00f3n navide\u00f1o realizado en el sector Alta Vista.","breadcrumb":{"@id":"https:\/\/alcaldiaalbertoadriani.com\/?p=4795#breadcrumb"},"inLanguage":"es","potentialAction":[{"@type":"ReadAction","target":["https:\/\/alcaldiaalbertoadriani.com\/?p=4795"]}]},{"@type":"BreadcrumbList","@id":"https:\/\/alcaldiaalbertoadriani.com\/?p=4795#breadcrumb","itemListElement":[{"@type":"ListItem","position":1,"name":"Portada","item":"https:\/\/alcaldiaalbertoadriani.com\/"},{"@type":"ListItem","position":2,"name":"Talento y buenas vibras se vivi\u00f3 en el sexto parrand\u00f3n navide\u00f1o en Alta Vista"}]},{"@type":"WebSite","@id":"https:\/\/alcaldiaalbertoadriani.com\/#website","url":"https:\/\/alcaldiaalbertoadriani.com\/","name":"Alcaldia Alberto Adriani","description":"","potentialAction":[{"@type":"SearchAction","target":{"@type":"EntryPoint","urlTemplate":"https:\/\/alcaldiaalbertoadriani.com\/?s={search_term_string}"},"query-input":"required name=search_term_string"}],"inLanguage":"es"},{"@type":"Person","@id":"https:\/\/alcaldiaalbertoadriani.com\/#\/schema\/person\/549b4483ff8999ac780deeea78795fc9","name":"Prensa","image":{"@type":"ImageObject","inLanguage":"es","@id":"https:\/\/alcaldiaalbertoadriani.com\/#\/schema\/person\/image\/","url":"https:\/\/secure.gravatar.com\/avatar\/ea1cb567ea992a29627f4eee1c2eb185ec16decec6342d508fdf18dedb56c9de?s=96&d=mm&r=g","contentUrl":"https:\/\/secure.gravatar.com\/avatar\/ea1cb567ea992a29627f4eee1c2eb185ec16decec6342d508fdf18dedb56c9de?s=96&d=mm&r=g","caption":"Prensa"},"url":"https:\/\/alcaldiaalbertoadriani.com\/?author=2"}]}},"_links":{"self":[{"href":"https:\/\/alcaldiaalbertoadriani.com\/index.php?rest_route=\/wp\/v2\/posts\/4795","targetHints":{"allow":["GET"]}}],"collection":[{"href":"https:\/\/alcaldiaalbertoadriani.com\/index.php?rest_route=\/wp\/v2\/posts"}],"about":[{"href":"https:\/\/alcaldiaalbertoadriani.com\/index.php?rest_route=\/wp\/v2\/types\/post"}],"author":[{"embeddable":true,"href":"https:\/\/alcaldiaalbertoadriani.com\/index.php?rest_route=\/wp\/v2\/users\/2"}],"replies":[{"embeddable":true,"href":"https:\/\/alcaldiaalbertoadriani.com\/index.php?rest_route=%2Fwp%2Fv2%2Fcomments&post=4795"}],"version-history":[{"count":1,"href":"https:\/\/alcaldiaalbertoadriani.com\/index.php?rest_route=\/wp\/v2\/posts\/4795\/revisions"}],"predecessor-version":[{"id":4807,"href":"https:\/\/alcaldiaalbertoadriani.com\/index.php?rest_route=\/wp\/v2\/posts\/4795\/revisions\/4807"}],"wp:featuredmedia":[{"embeddable":true,"href":"https:\/\/alcaldiaalbertoadriani.com\/index.php?rest_route=\/wp\/v2\/media\/4796"}],"wp:attachment":[{"href":"https:\/\/alcaldiaalbertoadriani.com\/index.php?rest_route=%2Fwp%2Fv2%2Fmedia&parent=4795"}],"wp:term":[{"taxonomy":"category","embeddable":true,"href":"https:\/\/alcaldiaalbertoadriani.com\/index.php?rest_route=%2Fwp%2Fv2%2Fcategories&post=4795"},{"taxonomy":"post_tag","embeddable":true,"href":"https:\/\/alcaldiaalbertoadriani.com\/index.php?rest_route=%2Fwp%2Fv2%2Ftags&post=4795"}],"curies":[{"name":"wp","href":"https:\/\/api.w.org\/{rel}","templated":true}]}}