{"id":4769,"date":"2023-12-15T05:32:53","date_gmt":"2023-12-15T05:32:53","guid":{"rendered":"https:\/\/alcaldiaalbertoadriani.com\/?p=4769"},"modified":"2023-12-15T05:32:57","modified_gmt":"2023-12-15T05:32:57","slug":"primer-festival-bandas-show","status":"publish","type":"post","link":"https:\/\/alcaldiaalbertoadriani.com\/?p=4769","title":{"rendered":"Primer Festival de Bandas Show fue un total \u00e9xito"},"content":{"rendered":"<div class=\"wp-block-post-excerpt\"><p class=\"wp-block-post-excerpt__excerpt\">Hubo un empate entre la Banda Show del Colegio Santa Teresita y Banda Show Pulido M\u00e9ndez <\/p><\/div>\n\n\n<p>El primer Festival de Bandas Show celebrado el 08 de diciembre fue un total \u00e9xito. La alegr\u00eda, sincron\u00eda, organizaci\u00f3n, algarab\u00eda de las barras, form\u00f3 parte de lo que se vivi\u00f3 en cada presentaci\u00f3n de las cuatro bandas participantes, y tuvo como escenario el Gimnasio Jos\u00e9 Luis Varela. Evento que fue organizado por el <a href=\"https:\/\/alcaldiaalbertoadriani.com\/?p=4539\" target=\"_blank\" rel=\"noreferrer noopener\">Instituto Aut\u00f3nomo Municipal de la Cultura (Iamcaa)<\/a>.<\/p>\n\n\n\n<h2 class=\"wp-block-heading\">Primer Festival Bandas Show<\/h2>\n\n\n\n<p>Las bandas protagonistas fueron Banda Show Cecilio Labrador; Banda Show del Colegio Santa Teresita; Banda Show Pulido M\u00e9ndez y Banda Show Fundesca, quienes demostraron el gran potencial art\u00edstico cultural que hay en la localidad.<\/p>\n\n\n\n<p>El <a href=\"https:\/\/twitter.com\/lisandrosegura\" target=\"_blank\" rel=\"noreferrer noopener\">alcalde Lisandro Segura<\/a> en compa\u00f1\u00eda del presidente del Concejo Municipal, Rodolfo Molina, el Cronista Orlando Callejas y Alfredo Mendoza, director general, estuvieron presentes para deleitarse del gran talento que poseen los j\u00f3venes y ni\u00f1os del municipio.<\/p>\n\n\n\n<figure class=\"wp-block-image size-large\"><img loading=\"lazy\" decoding=\"async\" width=\"1024\" height=\"768\" src=\"https:\/\/alcaldiaalbertoadriani.com\/wp-content\/uploads\/2023\/12\/photo_2023-12-15_00-52-42-2-1024x768.jpg\" alt=\"\" class=\"wp-image-4771\" srcset=\"https:\/\/alcaldiaalbertoadriani.com\/wp-content\/uploads\/2023\/12\/photo_2023-12-15_00-52-42-2-1024x768.jpg 1024w, https:\/\/alcaldiaalbertoadriani.com\/wp-content\/uploads\/2023\/12\/photo_2023-12-15_00-52-42-2-980x735.jpg 980w, https:\/\/alcaldiaalbertoadriani.com\/wp-content\/uploads\/2023\/12\/photo_2023-12-15_00-52-42-2-480x360.jpg 480w\" sizes=\"auto, (min-width: 0px) and (max-width: 480px) 480px, (min-width: 481px) and (max-width: 980px) 980px, (min-width: 981px) 1024px, 100vw\" \/><\/figure>\n\n\n\n<!--more-->\n\n\n\n<p>Resalt\u00f3 en su intervenci\u00f3n el burgomaestre, \u201cla importancia de crear espacios de encuentro social, cultural, que permiten el intercambio y desarrollar en los participantes\u00a0habilidades cognitivas\u201d, precis\u00f3.<\/p>\n\n\n\n<p>Asimismo, agradeci\u00f3 al <a href=\"https:\/\/alcaldiaalbertoadriani.com\/?p=4539\" target=\"_blank\" rel=\"noreferrer noopener\">Instituto de la Cultura (Iamcaa)<\/a> presidido por Keibert Rojas, la iniciativa de producir este tipo de eventos de realce de los valores culturales; de igual modo, a las bandas shows participantes y las agrupaciones culturales que acompa\u00f1aron la actividad como Banda Municipal Inocente Carre\u00f1o, danzas Novacademia, Dance Lovers y Tambor Vig\u00eda.<\/p>\n\n\n\n<h2 class=\"wp-block-heading\">Empate entre bandas<\/h2>\n\n\n\n<p>Cabe destacar que, el resultado del Festival fue un empate entre la Banda Show del Colegio Santa Teresita y\u00a0Banda Show Pulido M\u00e9ndez. Las barras de cada Banda Show hicieron retumbar las instalaciones del Gimnasio Jos\u00e9 Luis Varela del Complejo Deportivo Carlos Maya.<\/p>\n\n\n\n<p>Las autoridades municipales, hicieron entrega tambi\u00e9n de merecidos reconocimientos a las bandas participantes Cecilio Labrador y Fundesca.<\/p>\n\n\n\n<p>De igual manera, la ocasi\u00f3n fue propicia para hacer un homenaje post mortem al profesor Rub\u00e9n Dar\u00edo D\u00e1vila, quien fue un impulsor de diferentes bandas shows en el <a href=\"https:\/\/twitter.com\/alcaldiaaa\" target=\"_blank\" rel=\"noreferrer noopener\">municipio Alberto Adriani<\/a>. Las estatuillas entregadas fueron dise\u00f1adas por el artista pl\u00e1stico Juan Valero.<\/p>\n\n\n\n<figure class=\"wp-block-image size-large\"><img loading=\"lazy\" decoding=\"async\" width=\"1024\" height=\"771\" src=\"https:\/\/alcaldiaalbertoadriani.com\/wp-content\/uploads\/2023\/12\/photo_2023-12-15_00-52-44-2-1024x771.jpg\" alt=\"\" class=\"wp-image-4772\" srcset=\"https:\/\/alcaldiaalbertoadriani.com\/wp-content\/uploads\/2023\/12\/photo_2023-12-15_00-52-44-2-1024x771.jpg 1024w, https:\/\/alcaldiaalbertoadriani.com\/wp-content\/uploads\/2023\/12\/photo_2023-12-15_00-52-44-2-980x738.jpg 980w, https:\/\/alcaldiaalbertoadriani.com\/wp-content\/uploads\/2023\/12\/photo_2023-12-15_00-52-44-2-480x362.jpg 480w\" sizes=\"auto, (min-width: 0px) and (max-width: 480px) 480px, (min-width: 481px) and (max-width: 980px) 980px, (min-width: 981px) 1024px, 100vw\" \/><\/figure>\n\n\n\n<h2 class=\"wp-block-heading\">Evoluci\u00f3n de la cultural en el municipio <\/h2>\n\n\n\n<p>Keibert Rojas, presidente del Iamcaa, resalt\u00f3 la evoluci\u00f3n de la cultura en el municipio en sus diversas manifestaciones y el inter\u00e9s de la gesti\u00f3n municipal de seguir impulsando encuentros que permitan &#8220;despertar el\u00a0monstruo cultural&#8221; refiri\u00e9ndose &#8211; desde una perspectiva positiva- lo que conlleva desarrollar los talentos, las habilidades art\u00edsticas en los j\u00f3venes y ni\u00f1os vigienses. La animaci\u00f3n estuvo a cargo de Venus Parra y Javier Soto, conocedores de la cultura vig\u00edense. <strong>Prensa <a href=\"https:\/\/twitter.com\/alcaldiaaa\" target=\"_blank\" rel=\"noreferrer noopener\">Alcald\u00eda Alberto Adriani<\/a>\/Claribel Zambrano CNP: 11.843\/ Fotos: Catalina Parra.<\/strong><\/p>\n\n\n\n<figure class=\"wp-block-gallery has-nested-images columns-default is-cropped wp-block-gallery-1 is-layout-flex wp-block-gallery-is-layout-flex\">\n<figure class=\"wp-block-image size-large\"><img loading=\"lazy\" decoding=\"async\" width=\"1024\" height=\"768\" data-id=\"4773\" src=\"https:\/\/alcaldiaalbertoadriani.com\/wp-content\/uploads\/2023\/12\/photo_2023-12-15_00-52-43-2-1024x768.jpg\" alt=\"\" class=\"wp-image-4773\" srcset=\"https:\/\/alcaldiaalbertoadriani.com\/wp-content\/uploads\/2023\/12\/photo_2023-12-15_00-52-43-2-1024x768.jpg 1024w, https:\/\/alcaldiaalbertoadriani.com\/wp-content\/uploads\/2023\/12\/photo_2023-12-15_00-52-43-2-980x735.jpg 980w, https:\/\/alcaldiaalbertoadriani.com\/wp-content\/uploads\/2023\/12\/photo_2023-12-15_00-52-43-2-480x360.jpg 480w\" sizes=\"auto, (min-width: 0px) and (max-width: 480px) 480px, (min-width: 481px) and (max-width: 980px) 980px, (min-width: 981px) 1024px, 100vw\" \/><\/figure>\n\n\n\n<figure class=\"wp-block-image size-large\"><img loading=\"lazy\" decoding=\"async\" width=\"1024\" height=\"768\" data-id=\"4778\" src=\"https:\/\/alcaldiaalbertoadriani.com\/wp-content\/uploads\/2023\/12\/photo_2023-12-15_00-52-43-1024x768.jpg\" alt=\"\" class=\"wp-image-4778\" srcset=\"https:\/\/alcaldiaalbertoadriani.com\/wp-content\/uploads\/2023\/12\/photo_2023-12-15_00-52-43-1024x768.jpg 1024w, https:\/\/alcaldiaalbertoadriani.com\/wp-content\/uploads\/2023\/12\/photo_2023-12-15_00-52-43-980x735.jpg 980w, https:\/\/alcaldiaalbertoadriani.com\/wp-content\/uploads\/2023\/12\/photo_2023-12-15_00-52-43-480x360.jpg 480w\" sizes=\"auto, (min-width: 0px) and (max-width: 480px) 480px, (min-width: 481px) and (max-width: 980px) 980px, (min-width: 981px) 1024px, 100vw\" \/><\/figure>\n\n\n\n<figure class=\"wp-block-image size-large\"><img loading=\"lazy\" decoding=\"async\" width=\"1024\" height=\"768\" data-id=\"4776\" src=\"https:\/\/alcaldiaalbertoadriani.com\/wp-content\/uploads\/2023\/12\/photo_2023-12-15_00-52-44-1024x768.jpg\" alt=\"\" class=\"wp-image-4776\" srcset=\"https:\/\/alcaldiaalbertoadriani.com\/wp-content\/uploads\/2023\/12\/photo_2023-12-15_00-52-44-1024x768.jpg 1024w, https:\/\/alcaldiaalbertoadriani.com\/wp-content\/uploads\/2023\/12\/photo_2023-12-15_00-52-44-980x735.jpg 980w, https:\/\/alcaldiaalbertoadriani.com\/wp-content\/uploads\/2023\/12\/photo_2023-12-15_00-52-44-480x360.jpg 480w\" sizes=\"auto, (min-width: 0px) and (max-width: 480px) 480px, (min-width: 481px) and (max-width: 980px) 980px, (min-width: 981px) 1024px, 100vw\" \/><\/figure>\n\n\n\n<figure class=\"wp-block-image size-large\"><img loading=\"lazy\" decoding=\"async\" width=\"1024\" height=\"768\" data-id=\"4777\" src=\"https:\/\/alcaldiaalbertoadriani.com\/wp-content\/uploads\/2023\/12\/photo_2023-12-15_00-52-45-2-1024x768.jpg\" alt=\"\" class=\"wp-image-4777\" srcset=\"https:\/\/alcaldiaalbertoadriani.com\/wp-content\/uploads\/2023\/12\/photo_2023-12-15_00-52-45-2-1024x768.jpg 1024w, https:\/\/alcaldiaalbertoadriani.com\/wp-content\/uploads\/2023\/12\/photo_2023-12-15_00-52-45-2-980x735.jpg 980w, https:\/\/alcaldiaalbertoadriani.com\/wp-content\/uploads\/2023\/12\/photo_2023-12-15_00-52-45-2-480x360.jpg 480w\" sizes=\"auto, (min-width: 0px) and (max-width: 480px) 480px, (min-width: 481px) and (max-width: 980px) 980px, (min-width: 981px) 1024px, 100vw\" \/><\/figure>\n\n\n\n<figure class=\"wp-block-image size-large\"><img loading=\"lazy\" decoding=\"async\" width=\"1024\" height=\"768\" data-id=\"4775\" src=\"https:\/\/alcaldiaalbertoadriani.com\/wp-content\/uploads\/2023\/12\/photo_2023-12-15_00-52-45-1024x768.jpg\" alt=\"\" class=\"wp-image-4775\" srcset=\"https:\/\/alcaldiaalbertoadriani.com\/wp-content\/uploads\/2023\/12\/photo_2023-12-15_00-52-45-1024x768.jpg 1024w, https:\/\/alcaldiaalbertoadriani.com\/wp-content\/uploads\/2023\/12\/photo_2023-12-15_00-52-45-980x735.jpg 980w, https:\/\/alcaldiaalbertoadriani.com\/wp-content\/uploads\/2023\/12\/photo_2023-12-15_00-52-45-480x360.jpg 480w\" sizes=\"auto, (min-width: 0px) and (max-width: 480px) 480px, (min-width: 481px) and (max-width: 980px) 980px, (min-width: 981px) 1024px, 100vw\" \/><\/figure>\n\n\n\n<figure class=\"wp-block-image size-large\"><img loading=\"lazy\" decoding=\"async\" width=\"1024\" height=\"768\" data-id=\"4779\" src=\"https:\/\/alcaldiaalbertoadriani.com\/wp-content\/uploads\/2023\/12\/photo_2023-12-15_00-52-46-2-1024x768.jpg\" alt=\"\" class=\"wp-image-4779\" srcset=\"https:\/\/alcaldiaalbertoadriani.com\/wp-content\/uploads\/2023\/12\/photo_2023-12-15_00-52-46-2-1024x768.jpg 1024w, https:\/\/alcaldiaalbertoadriani.com\/wp-content\/uploads\/2023\/12\/photo_2023-12-15_00-52-46-2-980x735.jpg 980w, https:\/\/alcaldiaalbertoadriani.com\/wp-content\/uploads\/2023\/12\/photo_2023-12-15_00-52-46-2-480x360.jpg 480w\" sizes=\"auto, (min-width: 0px) and (max-width: 480px) 480px, (min-width: 481px) and (max-width: 980px) 980px, (min-width: 981px) 1024px, 100vw\" \/><\/figure>\n\n\n\n<figure class=\"wp-block-image size-large\"><img loading=\"lazy\" decoding=\"async\" width=\"1024\" height=\"768\" data-id=\"4774\" src=\"https:\/\/alcaldiaalbertoadriani.com\/wp-content\/uploads\/2023\/12\/photo_2023-12-15_00-52-46-1024x768.jpg\" alt=\"\" class=\"wp-image-4774\" srcset=\"https:\/\/alcaldiaalbertoadriani.com\/wp-content\/uploads\/2023\/12\/photo_2023-12-15_00-52-46-1024x768.jpg 1024w, https:\/\/alcaldiaalbertoadriani.com\/wp-content\/uploads\/2023\/12\/photo_2023-12-15_00-52-46-980x735.jpg 980w, https:\/\/alcaldiaalbertoadriani.com\/wp-content\/uploads\/2023\/12\/photo_2023-12-15_00-52-46-480x360.jpg 480w\" sizes=\"auto, (min-width: 0px) and (max-width: 480px) 480px, (min-width: 481px) and (max-width: 980px) 980px, (min-width: 981px) 1024px, 100vw\" \/><\/figure>\n<\/figure>\n","protected":false},"excerpt":{"rendered":"<p><em><strong>Hubo un empate entre la Banda Show del Colegio Santa Teresita y Banda Show Pulido M\u00e9ndez<\/strong><\/em><\/p>\n","protected":false},"author":2,"featured_media":4770,"comment_status":"closed","ping_status":"closed","sticky":false,"template":"","format":"standard","meta":{"_et_pb_use_builder":"off","_et_pb_old_content":"","_et_gb_content_width":"","footnotes":""},"categories":[39,341,78,77,25],"tags":[31,11,12,15,30,29,28,590],"class_list":["post-4769","post","type-post","status-publish","format-standard","has-post-thumbnail","hentry","category-actividades-sociales","category-alcaldia-alberto-adriani","category-cultura","category-iamcaa","category-nuestro-municipio","tag-alcalde","tag-alcaldia","tag-alcaldiaalbertoadriani","tag-elvigia","tag-lisandrosegura","tag-municipioquenosmerecemos","tag-porelrenacer","tag-primer-festival-bandas-show"],"yoast_head":"<!-- This site is optimized with the Yoast SEO plugin v19.13 - https:\/\/yoast.com\/wordpress\/plugins\/seo\/ -->\n<title>Primer Festival de Bandas Show fue un total \u00e9xito - Alcaldia Alberto Adriani<\/title>\n<meta name=\"description\" content=\"La alegr\u00eda, sincron\u00eda, organizaci\u00f3n, algarab\u00eda de las barras, form\u00f3 parte en el primer Festival de Bandas Show.\" \/>\n<meta name=\"robots\" content=\"index, follow, max-snippet:-1, max-image-preview:large, max-video-preview:-1\" \/>\n<link rel=\"canonical\" href=\"https:\/\/alcaldiaalbertoadriani.com\/?p=4769\" \/>\n<meta property=\"og:locale\" content=\"es_ES\" \/>\n<meta property=\"og:type\" content=\"article\" \/>\n<meta property=\"og:title\" content=\"Primer Festival de Bandas Show fue un total \u00e9xito - Alcaldia Alberto Adriani\" \/>\n<meta property=\"og:description\" content=\"La alegr\u00eda, sincron\u00eda, organizaci\u00f3n, algarab\u00eda de las barras, form\u00f3 parte en el primer Festival de Bandas Show.\" \/>\n<meta property=\"og:url\" content=\"https:\/\/alcaldiaalbertoadriani.com\/?p=4769\" \/>\n<meta property=\"og:site_name\" content=\"Alcaldia Alberto Adriani\" \/>\n<meta property=\"article:published_time\" content=\"2023-12-15T05:32:53+00:00\" \/>\n<meta property=\"article:modified_time\" content=\"2023-12-15T05:32:57+00:00\" \/>\n<meta property=\"og:image\" content=\"https:\/\/alcaldiaalbertoadriani.com\/wp-content\/uploads\/2023\/12\/photo_2023-12-15_00-52-42.jpg\" \/>\n\t<meta property=\"og:image:width\" content=\"1280\" \/>\n\t<meta property=\"og:image:height\" content=\"960\" \/>\n\t<meta property=\"og:image:type\" content=\"image\/jpeg\" \/>\n<meta name=\"author\" content=\"Prensa\" \/>\n<meta name=\"twitter:card\" content=\"summary_large_image\" \/>\n<meta name=\"twitter:label1\" content=\"Escrito por\" \/>\n\t<meta name=\"twitter:data1\" content=\"Prensa\" \/>\n\t<meta name=\"twitter:label2\" content=\"Tiempo de lectura\" \/>\n\t<meta name=\"twitter:data2\" content=\"4 minutos\" \/>\n<script type=\"application\/ld+json\" class=\"yoast-schema-graph\">{\"@context\":\"https:\/\/schema.org\",\"@graph\":[{\"@type\":\"WebPage\",\"@id\":\"https:\/\/alcaldiaalbertoadriani.com\/?p=4769\",\"url\":\"https:\/\/alcaldiaalbertoadriani.com\/?p=4769\",\"name\":\"Primer Festival de Bandas Show fue un total \u00e9xito - Alcaldia Alberto Adriani\",\"isPartOf\":{\"@id\":\"https:\/\/alcaldiaalbertoadriani.com\/#website\"},\"datePublished\":\"2023-12-15T05:32:53+00:00\",\"dateModified\":\"2023-12-15T05:32:57+00:00\",\"author\":{\"@id\":\"https:\/\/alcaldiaalbertoadriani.com\/#\/schema\/person\/549b4483ff8999ac780deeea78795fc9\"},\"description\":\"La alegr\u00eda, sincron\u00eda, organizaci\u00f3n, algarab\u00eda de las barras, form\u00f3 parte en el primer Festival de Bandas Show.\",\"breadcrumb\":{\"@id\":\"https:\/\/alcaldiaalbertoadriani.com\/?p=4769#breadcrumb\"},\"inLanguage\":\"es\",\"potentialAction\":[{\"@type\":\"ReadAction\",\"target\":[\"https:\/\/alcaldiaalbertoadriani.com\/?p=4769\"]}]},{\"@type\":\"BreadcrumbList\",\"@id\":\"https:\/\/alcaldiaalbertoadriani.com\/?p=4769#breadcrumb\",\"itemListElement\":[{\"@type\":\"ListItem\",\"position\":1,\"name\":\"Portada\",\"item\":\"https:\/\/alcaldiaalbertoadriani.com\/\"},{\"@type\":\"ListItem\",\"position\":2,\"name\":\"Primer Festival de Bandas Show fue un total \u00e9xito\"}]},{\"@type\":\"WebSite\",\"@id\":\"https:\/\/alcaldiaalbertoadriani.com\/#website\",\"url\":\"https:\/\/alcaldiaalbertoadriani.com\/\",\"name\":\"Alcaldia Alberto Adriani\",\"description\":\"\",\"potentialAction\":[{\"@type\":\"SearchAction\",\"target\":{\"@type\":\"EntryPoint\",\"urlTemplate\":\"https:\/\/alcaldiaalbertoadriani.com\/?s={search_term_string}\"},\"query-input\":\"required name=search_term_string\"}],\"inLanguage\":\"es\"},{\"@type\":\"Person\",\"@id\":\"https:\/\/alcaldiaalbertoadriani.com\/#\/schema\/person\/549b4483ff8999ac780deeea78795fc9\",\"name\":\"Prensa\",\"image\":{\"@type\":\"ImageObject\",\"inLanguage\":\"es\",\"@id\":\"https:\/\/alcaldiaalbertoadriani.com\/#\/schema\/person\/image\/\",\"url\":\"https:\/\/secure.gravatar.com\/avatar\/ea1cb567ea992a29627f4eee1c2eb185ec16decec6342d508fdf18dedb56c9de?s=96&d=mm&r=g\",\"contentUrl\":\"https:\/\/secure.gravatar.com\/avatar\/ea1cb567ea992a29627f4eee1c2eb185ec16decec6342d508fdf18dedb56c9de?s=96&d=mm&r=g\",\"caption\":\"Prensa\"},\"url\":\"https:\/\/alcaldiaalbertoadriani.com\/?author=2\"}]}<\/script>\n<!-- \/ Yoast SEO plugin. -->","yoast_head_json":{"title":"Primer Festival de Bandas Show fue un total \u00e9xito - Alcaldia Alberto Adriani","description":"La alegr\u00eda, sincron\u00eda, organizaci\u00f3n, algarab\u00eda de las barras, form\u00f3 parte en el primer Festival de Bandas Show.","robots":{"index":"index","follow":"follow","max-snippet":"max-snippet:-1","max-image-preview":"max-image-preview:large","max-video-preview":"max-video-preview:-1"},"canonical":"https:\/\/alcaldiaalbertoadriani.com\/?p=4769","og_locale":"es_ES","og_type":"article","og_title":"Primer Festival de Bandas Show fue un total \u00e9xito - Alcaldia Alberto Adriani","og_description":"La alegr\u00eda, sincron\u00eda, organizaci\u00f3n, algarab\u00eda de las barras, form\u00f3 parte en el primer Festival de Bandas Show.","og_url":"https:\/\/alcaldiaalbertoadriani.com\/?p=4769","og_site_name":"Alcaldia Alberto Adriani","article_published_time":"2023-12-15T05:32:53+00:00","article_modified_time":"2023-12-15T05:32:57+00:00","og_image":[{"width":1280,"height":960,"url":"https:\/\/alcaldiaalbertoadriani.com\/wp-content\/uploads\/2023\/12\/photo_2023-12-15_00-52-42.jpg","type":"image\/jpeg"}],"author":"Prensa","twitter_card":"summary_large_image","twitter_misc":{"Escrito por":"Prensa","Tiempo de lectura":"4 minutos"},"schema":{"@context":"https:\/\/schema.org","@graph":[{"@type":"WebPage","@id":"https:\/\/alcaldiaalbertoadriani.com\/?p=4769","url":"https:\/\/alcaldiaalbertoadriani.com\/?p=4769","name":"Primer Festival de Bandas Show fue un total \u00e9xito - Alcaldia Alberto Adriani","isPartOf":{"@id":"https:\/\/alcaldiaalbertoadriani.com\/#website"},"datePublished":"2023-12-15T05:32:53+00:00","dateModified":"2023-12-15T05:32:57+00:00","author":{"@id":"https:\/\/alcaldiaalbertoadriani.com\/#\/schema\/person\/549b4483ff8999ac780deeea78795fc9"},"description":"La alegr\u00eda, sincron\u00eda, organizaci\u00f3n, algarab\u00eda de las barras, form\u00f3 parte en el primer Festival de Bandas Show.","breadcrumb":{"@id":"https:\/\/alcaldiaalbertoadriani.com\/?p=4769#breadcrumb"},"inLanguage":"es","potentialAction":[{"@type":"ReadAction","target":["https:\/\/alcaldiaalbertoadriani.com\/?p=4769"]}]},{"@type":"BreadcrumbList","@id":"https:\/\/alcaldiaalbertoadriani.com\/?p=4769#breadcrumb","itemListElement":[{"@type":"ListItem","position":1,"name":"Portada","item":"https:\/\/alcaldiaalbertoadriani.com\/"},{"@type":"ListItem","position":2,"name":"Primer Festival de Bandas Show fue un total \u00e9xito"}]},{"@type":"WebSite","@id":"https:\/\/alcaldiaalbertoadriani.com\/#website","url":"https:\/\/alcaldiaalbertoadriani.com\/","name":"Alcaldia Alberto Adriani","description":"","potentialAction":[{"@type":"SearchAction","target":{"@type":"EntryPoint","urlTemplate":"https:\/\/alcaldiaalbertoadriani.com\/?s={search_term_string}"},"query-input":"required name=search_term_string"}],"inLanguage":"es"},{"@type":"Person","@id":"https:\/\/alcaldiaalbertoadriani.com\/#\/schema\/person\/549b4483ff8999ac780deeea78795fc9","name":"Prensa","image":{"@type":"ImageObject","inLanguage":"es","@id":"https:\/\/alcaldiaalbertoadriani.com\/#\/schema\/person\/image\/","url":"https:\/\/secure.gravatar.com\/avatar\/ea1cb567ea992a29627f4eee1c2eb185ec16decec6342d508fdf18dedb56c9de?s=96&d=mm&r=g","contentUrl":"https:\/\/secure.gravatar.com\/avatar\/ea1cb567ea992a29627f4eee1c2eb185ec16decec6342d508fdf18dedb56c9de?s=96&d=mm&r=g","caption":"Prensa"},"url":"https:\/\/alcaldiaalbertoadriani.com\/?author=2"}]}},"_links":{"self":[{"href":"https:\/\/alcaldiaalbertoadriani.com\/index.php?rest_route=\/wp\/v2\/posts\/4769","targetHints":{"allow":["GET"]}}],"collection":[{"href":"https:\/\/alcaldiaalbertoadriani.com\/index.php?rest_route=\/wp\/v2\/posts"}],"about":[{"href":"https:\/\/alcaldiaalbertoadriani.com\/index.php?rest_route=\/wp\/v2\/types\/post"}],"author":[{"embeddable":true,"href":"https:\/\/alcaldiaalbertoadriani.com\/index.php?rest_route=\/wp\/v2\/users\/2"}],"replies":[{"embeddable":true,"href":"https:\/\/alcaldiaalbertoadriani.com\/index.php?rest_route=%2Fwp%2Fv2%2Fcomments&post=4769"}],"version-history":[{"count":1,"href":"https:\/\/alcaldiaalbertoadriani.com\/index.php?rest_route=\/wp\/v2\/posts\/4769\/revisions"}],"predecessor-version":[{"id":4780,"href":"https:\/\/alcaldiaalbertoadriani.com\/index.php?rest_route=\/wp\/v2\/posts\/4769\/revisions\/4780"}],"wp:featuredmedia":[{"embeddable":true,"href":"https:\/\/alcaldiaalbertoadriani.com\/index.php?rest_route=\/wp\/v2\/media\/4770"}],"wp:attachment":[{"href":"https:\/\/alcaldiaalbertoadriani.com\/index.php?rest_route=%2Fwp%2Fv2%2Fmedia&parent=4769"}],"wp:term":[{"taxonomy":"category","embeddable":true,"href":"https:\/\/alcaldiaalbertoadriani.com\/index.php?rest_route=%2Fwp%2Fv2%2Fcategories&post=4769"},{"taxonomy":"post_tag","embeddable":true,"href":"https:\/\/alcaldiaalbertoadriani.com\/index.php?rest_route=%2Fwp%2Fv2%2Ftags&post=4769"}],"curies":[{"name":"wp","href":"https:\/\/api.w.org\/{rel}","templated":true}]}}