{"id":4644,"date":"2023-11-28T00:37:05","date_gmt":"2023-11-28T00:37:05","guid":{"rendered":"https:\/\/alcaldiaalbertoadriani.com\/?p=4644"},"modified":"2023-11-28T00:37:10","modified_gmt":"2023-11-28T00:37:10","slug":"encendido-de-luces-el-vigia","status":"publish","type":"post","link":"https:\/\/alcaldiaalbertoadriani.com\/?p=4644","title":{"rendered":"La navidad lleg\u00f3 a El Vig\u00eda con el encendido de luces"},"content":{"rendered":"\n<p>Con emotividad y muchos sentimientos encontrados, el alcalde Lisandro Segura dio <a href=\"https:\/\/alcaldiaalbertoadriani.com\/?p=4630\" target=\"_blank\" rel=\"noreferrer noopener\">inicio a la Navidad en El Vig\u00eda con el encendido de luces<\/a> y adornos de la plaza Bol\u00edvar el s\u00e1bado 25 de noviembre.<\/p>\n\n\n\n<h2 class=\"wp-block-heading\">Encendido de luces El Vig\u00eda<\/h2>\n\n\n\n<p>Un lleno total que colm\u00f3 hasta las adyacencias de la plaza El Ferrocarril, demostr\u00f3 el apoyo de los vigienses a estas festividades navide\u00f1as de encuentro familiar, as\u00ed como a la gesti\u00f3n municipal.<\/p>\n\n\n\n<p>El burgomaestre expres\u00f3 en un emotivo mensaje el agradecimiento por las muestras de solidaridad de la poblaci\u00f3n, y resalt\u00f3 tambi\u00e9n la importancia de honrar a los padres y la val\u00eda de la familia en estos momentos.<\/p>\n\n\n\n<p>\u201cEs un d\u00eda muy especial, hay sentimientos muy fuertes que me acompa\u00f1an, pero debemos continuar y la mejor manera de honrar a mi madre es haciendo un buen trabajo para ustedes\u201d, expres\u00f3.<\/p>\n\n\n\n<figure class=\"wp-block-gallery has-nested-images columns-default is-cropped wp-block-gallery-1 is-layout-flex wp-block-gallery-is-layout-flex\">\n<figure class=\"wp-block-image size-large\"><img loading=\"lazy\" decoding=\"async\" width=\"1024\" height=\"768\" data-id=\"4650\" src=\"https:\/\/alcaldiaalbertoadriani.com\/wp-content\/uploads\/2023\/11\/photo_2023-11-27_19-56-44-1024x768.jpg\" alt=\"\" class=\"wp-image-4650\" srcset=\"https:\/\/alcaldiaalbertoadriani.com\/wp-content\/uploads\/2023\/11\/photo_2023-11-27_19-56-44-1024x768.jpg 1024w, https:\/\/alcaldiaalbertoadriani.com\/wp-content\/uploads\/2023\/11\/photo_2023-11-27_19-56-44-980x735.jpg 980w, https:\/\/alcaldiaalbertoadriani.com\/wp-content\/uploads\/2023\/11\/photo_2023-11-27_19-56-44-480x360.jpg 480w\" sizes=\"auto, (min-width: 0px) and (max-width: 480px) 480px, (min-width: 481px) and (max-width: 980px) 980px, (min-width: 981px) 1024px, 100vw\" \/><\/figure>\n\n\n\n<figure class=\"wp-block-image size-large\"><img loading=\"lazy\" decoding=\"async\" width=\"1024\" height=\"768\" data-id=\"4647\" src=\"https:\/\/alcaldiaalbertoadriani.com\/wp-content\/uploads\/2023\/11\/photo_2023-11-27_20-03-33-1024x768.jpg\" alt=\"\" class=\"wp-image-4647\" srcset=\"https:\/\/alcaldiaalbertoadriani.com\/wp-content\/uploads\/2023\/11\/photo_2023-11-27_20-03-33-1024x768.jpg 1024w, https:\/\/alcaldiaalbertoadriani.com\/wp-content\/uploads\/2023\/11\/photo_2023-11-27_20-03-33-980x735.jpg 980w, https:\/\/alcaldiaalbertoadriani.com\/wp-content\/uploads\/2023\/11\/photo_2023-11-27_20-03-33-480x360.jpg 480w\" sizes=\"auto, (min-width: 0px) and (max-width: 480px) 480px, (min-width: 481px) and (max-width: 980px) 980px, (min-width: 981px) 1024px, 100vw\" \/><\/figure>\n\n\n\n<figure class=\"wp-block-image size-large\"><img loading=\"lazy\" decoding=\"async\" width=\"1024\" height=\"771\" data-id=\"4648\" src=\"https:\/\/alcaldiaalbertoadriani.com\/wp-content\/uploads\/2023\/11\/photo_2023-11-27_20-07-10-3-1024x771.jpg\" alt=\"\" class=\"wp-image-4648\" srcset=\"https:\/\/alcaldiaalbertoadriani.com\/wp-content\/uploads\/2023\/11\/photo_2023-11-27_20-07-10-3-1024x771.jpg 1024w, https:\/\/alcaldiaalbertoadriani.com\/wp-content\/uploads\/2023\/11\/photo_2023-11-27_20-07-10-3-980x738.jpg 980w, https:\/\/alcaldiaalbertoadriani.com\/wp-content\/uploads\/2023\/11\/photo_2023-11-27_20-07-10-3-480x362.jpg 480w\" sizes=\"auto, (min-width: 0px) and (max-width: 480px) 480px, (min-width: 481px) and (max-width: 980px) 980px, (min-width: 981px) 1024px, 100vw\" \/><\/figure>\n\n\n\n<figure class=\"wp-block-image size-large\"><img loading=\"lazy\" decoding=\"async\" width=\"1024\" height=\"771\" data-id=\"4649\" src=\"https:\/\/alcaldiaalbertoadriani.com\/wp-content\/uploads\/2023\/11\/photo_2023-11-27_20-07-12-1-1024x771.jpg\" alt=\"\" class=\"wp-image-4649\" srcset=\"https:\/\/alcaldiaalbertoadriani.com\/wp-content\/uploads\/2023\/11\/photo_2023-11-27_20-07-12-1-1024x771.jpg 1024w, https:\/\/alcaldiaalbertoadriani.com\/wp-content\/uploads\/2023\/11\/photo_2023-11-27_20-07-12-1-980x738.jpg 980w, https:\/\/alcaldiaalbertoadriani.com\/wp-content\/uploads\/2023\/11\/photo_2023-11-27_20-07-12-1-480x362.jpg 480w\" sizes=\"auto, (min-width: 0px) and (max-width: 480px) 480px, (min-width: 481px) and (max-width: 980px) 980px, (min-width: 981px) 1024px, 100vw\" \/><\/figure>\n\n\n\n<figure class=\"wp-block-image size-large\"><img loading=\"lazy\" decoding=\"async\" width=\"1024\" height=\"768\" data-id=\"4660\" src=\"https:\/\/alcaldiaalbertoadriani.com\/wp-content\/uploads\/2023\/11\/photo_2023-11-27_19-56-44-2-1024x768.jpg\" alt=\"\" class=\"wp-image-4660\" srcset=\"https:\/\/alcaldiaalbertoadriani.com\/wp-content\/uploads\/2023\/11\/photo_2023-11-27_19-56-44-2-1024x768.jpg 1024w, https:\/\/alcaldiaalbertoadriani.com\/wp-content\/uploads\/2023\/11\/photo_2023-11-27_19-56-44-2-980x735.jpg 980w, https:\/\/alcaldiaalbertoadriani.com\/wp-content\/uploads\/2023\/11\/photo_2023-11-27_19-56-44-2-480x360.jpg 480w\" sizes=\"auto, (min-width: 0px) and (max-width: 480px) 480px, (min-width: 481px) and (max-width: 980px) 980px, (min-width: 981px) 1024px, 100vw\" \/><\/figure>\n<\/figure>\n\n\n\n<!--more-->\n\n\n\n<h2 class=\"wp-block-heading\">El Vig\u00eda, capital musical del Sur del Lago<\/h2>\n\n\n\n<p>Agreg\u00f3 que la llegada de la Navidad al municipio, sirvi\u00f3 de espacio para demostrar el talento local y dar impulso a cada uno de los artistas y compositores participantes a trav\u00e9s del <a href=\"https:\/\/alcaldiaalbertoadriani.com\/?p=4630\" target=\"_blank\" rel=\"noreferrer noopener\">Festival \u201cUna Canci\u00f3n para El Vig\u00eda\u201d<\/a>.<\/p>\n\n\n\n<p>\u201cHemos brindado un espacio para la expresi\u00f3n de nuestros valores culturales a trav\u00e9s de la m\u00fasica, por lo que El Vig\u00eda se convirti\u00f3 hoy en la capital musical del Sur del Lago\u201d, afirm\u00f3.<\/p>\n\n\n\n<p>Con relaci\u00f3n a la inversi\u00f3n en la decoraci\u00f3n de la navidad, dijo que se trabaj\u00f3 con austeridad reusando materiales y adornos, y agradeci\u00f3 al equipo de trabajo que acompa\u00f1a su gesti\u00f3n municipal por el esfuerzo importante que hicieron para que luciera de forma atractiva, \u201ca nuestros ciudadanos que disfruten de una \u00e9poca especial\u201d, concluy\u00f3. <strong>Prensa <a href=\"https:\/\/www.facebook.com\/alcaldiaaa\" target=\"_blank\" rel=\"noreferrer noopener\">Alcald\u00eda Alberto Adriani<\/a>\/ Claribel Zambrano CNP: 11.843\/ Fotos: Prensa AA.<\/strong><\/p>\n\n\n\n<figure class=\"wp-block-gallery has-nested-images columns-default is-cropped wp-block-gallery-2 is-layout-flex wp-block-gallery-is-layout-flex\">\n<figure class=\"wp-block-image size-large\"><img loading=\"lazy\" decoding=\"async\" width=\"1024\" height=\"768\" data-id=\"4656\" src=\"https:\/\/alcaldiaalbertoadriani.com\/wp-content\/uploads\/2023\/11\/photo_2023-11-27_19-56-26-1024x768.jpg\" alt=\"\" class=\"wp-image-4656\" srcset=\"https:\/\/alcaldiaalbertoadriani.com\/wp-content\/uploads\/2023\/11\/photo_2023-11-27_19-56-26-1024x768.jpg 1024w, https:\/\/alcaldiaalbertoadriani.com\/wp-content\/uploads\/2023\/11\/photo_2023-11-27_19-56-26-980x735.jpg 980w, https:\/\/alcaldiaalbertoadriani.com\/wp-content\/uploads\/2023\/11\/photo_2023-11-27_19-56-26-480x360.jpg 480w\" sizes=\"auto, (min-width: 0px) and (max-width: 480px) 480px, (min-width: 481px) and (max-width: 980px) 980px, (min-width: 981px) 1024px, 100vw\" \/><\/figure>\n\n\n\n<figure class=\"wp-block-image size-large\"><img loading=\"lazy\" decoding=\"async\" width=\"1024\" height=\"768\" data-id=\"4653\" src=\"https:\/\/alcaldiaalbertoadriani.com\/wp-content\/uploads\/2023\/11\/photo_2023-11-27_19-56-36-1024x768.jpg\" alt=\"\" class=\"wp-image-4653\" srcset=\"https:\/\/alcaldiaalbertoadriani.com\/wp-content\/uploads\/2023\/11\/photo_2023-11-27_19-56-36-1024x768.jpg 1024w, https:\/\/alcaldiaalbertoadriani.com\/wp-content\/uploads\/2023\/11\/photo_2023-11-27_19-56-36-980x735.jpg 980w, https:\/\/alcaldiaalbertoadriani.com\/wp-content\/uploads\/2023\/11\/photo_2023-11-27_19-56-36-480x360.jpg 480w\" sizes=\"auto, (min-width: 0px) and (max-width: 480px) 480px, (min-width: 481px) and (max-width: 980px) 980px, (min-width: 981px) 1024px, 100vw\" \/><\/figure>\n\n\n\n<figure class=\"wp-block-image size-large\"><img loading=\"lazy\" decoding=\"async\" width=\"1024\" height=\"768\" data-id=\"4657\" src=\"https:\/\/alcaldiaalbertoadriani.com\/wp-content\/uploads\/2023\/11\/photo_2023-11-27_20-03-14-1024x768.jpg\" alt=\"\" class=\"wp-image-4657\" srcset=\"https:\/\/alcaldiaalbertoadriani.com\/wp-content\/uploads\/2023\/11\/photo_2023-11-27_20-03-14-1024x768.jpg 1024w, https:\/\/alcaldiaalbertoadriani.com\/wp-content\/uploads\/2023\/11\/photo_2023-11-27_20-03-14-980x735.jpg 980w, https:\/\/alcaldiaalbertoadriani.com\/wp-content\/uploads\/2023\/11\/photo_2023-11-27_20-03-14-480x360.jpg 480w\" sizes=\"auto, (min-width: 0px) and (max-width: 480px) 480px, (min-width: 481px) and (max-width: 980px) 980px, (min-width: 981px) 1024px, 100vw\" \/><\/figure>\n\n\n\n<figure class=\"wp-block-image size-large\"><img loading=\"lazy\" decoding=\"async\" width=\"1024\" height=\"771\" data-id=\"4659\" src=\"https:\/\/alcaldiaalbertoadriani.com\/wp-content\/uploads\/2023\/11\/photo_2023-11-27_20-07-02-2-1024x771.jpg\" alt=\"\" class=\"wp-image-4659\" srcset=\"https:\/\/alcaldiaalbertoadriani.com\/wp-content\/uploads\/2023\/11\/photo_2023-11-27_20-07-02-2-1024x771.jpg 1024w, https:\/\/alcaldiaalbertoadriani.com\/wp-content\/uploads\/2023\/11\/photo_2023-11-27_20-07-02-2-980x738.jpg 980w, https:\/\/alcaldiaalbertoadriani.com\/wp-content\/uploads\/2023\/11\/photo_2023-11-27_20-07-02-2-480x362.jpg 480w\" sizes=\"auto, (min-width: 0px) and (max-width: 480px) 480px, (min-width: 481px) and (max-width: 980px) 980px, (min-width: 981px) 1024px, 100vw\" \/><\/figure>\n\n\n\n<figure class=\"wp-block-image size-large\"><img loading=\"lazy\" decoding=\"async\" width=\"1024\" height=\"771\" data-id=\"4655\" src=\"https:\/\/alcaldiaalbertoadriani.com\/wp-content\/uploads\/2023\/11\/photo_2023-11-27_20-07-05-1024x771.jpg\" alt=\"\" class=\"wp-image-4655\" srcset=\"https:\/\/alcaldiaalbertoadriani.com\/wp-content\/uploads\/2023\/11\/photo_2023-11-27_20-07-05-1024x771.jpg 1024w, https:\/\/alcaldiaalbertoadriani.com\/wp-content\/uploads\/2023\/11\/photo_2023-11-27_20-07-05-980x738.jpg 980w, https:\/\/alcaldiaalbertoadriani.com\/wp-content\/uploads\/2023\/11\/photo_2023-11-27_20-07-05-480x362.jpg 480w\" sizes=\"auto, (min-width: 0px) and (max-width: 480px) 480px, (min-width: 481px) and (max-width: 980px) 980px, (min-width: 981px) 1024px, 100vw\" \/><\/figure>\n\n\n\n<figure class=\"wp-block-image size-large\"><img loading=\"lazy\" decoding=\"async\" width=\"1024\" height=\"768\" data-id=\"4658\" src=\"https:\/\/alcaldiaalbertoadriani.com\/wp-content\/uploads\/2023\/11\/photo_2023-11-27_20-07-13-1024x768.jpg\" alt=\"\" class=\"wp-image-4658\" srcset=\"https:\/\/alcaldiaalbertoadriani.com\/wp-content\/uploads\/2023\/11\/photo_2023-11-27_20-07-13-1024x768.jpg 1024w, https:\/\/alcaldiaalbertoadriani.com\/wp-content\/uploads\/2023\/11\/photo_2023-11-27_20-07-13-980x735.jpg 980w, https:\/\/alcaldiaalbertoadriani.com\/wp-content\/uploads\/2023\/11\/photo_2023-11-27_20-07-13-480x360.jpg 480w\" sizes=\"auto, (min-width: 0px) and (max-width: 480px) 480px, (min-width: 481px) and (max-width: 980px) 980px, (min-width: 981px) 1024px, 100vw\" \/><\/figure>\n\n\n\n<figure class=\"wp-block-image size-large\"><img loading=\"lazy\" decoding=\"async\" width=\"1024\" height=\"768\" data-id=\"4654\" src=\"https:\/\/alcaldiaalbertoadriani.com\/wp-content\/uploads\/2023\/11\/photo_2023-11-27_20-07-14-2-1024x768.jpg\" alt=\"\" class=\"wp-image-4654\" srcset=\"https:\/\/alcaldiaalbertoadriani.com\/wp-content\/uploads\/2023\/11\/photo_2023-11-27_20-07-14-2-1024x768.jpg 1024w, https:\/\/alcaldiaalbertoadriani.com\/wp-content\/uploads\/2023\/11\/photo_2023-11-27_20-07-14-2-980x735.jpg 980w, https:\/\/alcaldiaalbertoadriani.com\/wp-content\/uploads\/2023\/11\/photo_2023-11-27_20-07-14-2-480x360.jpg 480w\" sizes=\"auto, (min-width: 0px) and (max-width: 480px) 480px, (min-width: 481px) and (max-width: 980px) 980px, (min-width: 981px) 1024px, 100vw\" \/><\/figure>\n\n\n\n<figure class=\"wp-block-image size-large\"><img loading=\"lazy\" decoding=\"async\" width=\"1024\" height=\"576\" data-id=\"4652\" src=\"https:\/\/alcaldiaalbertoadriani.com\/wp-content\/uploads\/2023\/11\/photo_2023-11-27_20-12-34-1-1024x576.jpg\" alt=\"\" class=\"wp-image-4652\" srcset=\"https:\/\/alcaldiaalbertoadriani.com\/wp-content\/uploads\/2023\/11\/photo_2023-11-27_20-12-34-1-1024x576.jpg 1024w, https:\/\/alcaldiaalbertoadriani.com\/wp-content\/uploads\/2023\/11\/photo_2023-11-27_20-12-34-1-980x551.jpg 980w, https:\/\/alcaldiaalbertoadriani.com\/wp-content\/uploads\/2023\/11\/photo_2023-11-27_20-12-34-1-480x270.jpg 480w\" sizes=\"auto, (min-width: 0px) and (max-width: 480px) 480px, (min-width: 481px) and (max-width: 980px) 980px, (min-width: 981px) 1024px, 100vw\" \/><\/figure>\n<\/figure>\n","protected":false},"excerpt":{"rendered":"<p>Con emotividad y muchos sentimientos encontrados, el alcalde Lisandro Segura dio inicio a la Navidad en El Vig\u00eda con el encendido de luces y adornos de la plaza Bol\u00edvar el [&hellip;]<\/p>\n","protected":false},"author":2,"featured_media":4645,"comment_status":"closed","ping_status":"closed","sticky":false,"template":"","format":"standard","meta":{"_et_pb_use_builder":"off","_et_pb_old_content":"","_et_gb_content_width":"","footnotes":""},"categories":[39,341,78,77,25],"tags":[31,11,12,15,30,29,28,577],"class_list":["post-4644","post","type-post","status-publish","format-standard","has-post-thumbnail","hentry","category-actividades-sociales","category-alcaldia-alberto-adriani","category-cultura","category-iamcaa","category-nuestro-municipio","tag-alcalde","tag-alcaldia","tag-alcaldiaalbertoadriani","tag-elvigia","tag-lisandrosegura","tag-municipioquenosmerecemos","tag-porelrenacer","tag-encendido-de-luces-el-vigia"],"yoast_head":"<!-- This site is optimized with the Yoast SEO plugin v19.13 - https:\/\/yoast.com\/wordpress\/plugins\/seo\/ -->\n<title>La navidad lleg\u00f3 a El Vig\u00eda con el encendido de luces - Alcaldia Alberto Adriani<\/title>\n<meta name=\"description\" content=\"Con emotividad y muchos sentimientos encontrados, inicio la Navidad en El Vig\u00eda con el encendido de luces y adornos de la plaza Bol\u00edvar.\" \/>\n<meta name=\"robots\" content=\"index, follow, max-snippet:-1, max-image-preview:large, max-video-preview:-1\" \/>\n<link rel=\"canonical\" href=\"https:\/\/alcaldiaalbertoadriani.com\/?p=4644\" \/>\n<meta property=\"og:locale\" content=\"es_ES\" \/>\n<meta property=\"og:type\" content=\"article\" \/>\n<meta property=\"og:title\" content=\"La navidad lleg\u00f3 a El Vig\u00eda con el encendido de luces - Alcaldia Alberto Adriani\" \/>\n<meta property=\"og:description\" content=\"Con emotividad y muchos sentimientos encontrados, inicio la Navidad en El Vig\u00eda con el encendido de luces y adornos de la plaza Bol\u00edvar.\" \/>\n<meta property=\"og:url\" content=\"https:\/\/alcaldiaalbertoadriani.com\/?p=4644\" \/>\n<meta property=\"og:site_name\" content=\"Alcaldia Alberto Adriani\" \/>\n<meta property=\"article:published_time\" content=\"2023-11-28T00:37:05+00:00\" \/>\n<meta property=\"article:modified_time\" content=\"2023-11-28T00:37:10+00:00\" \/>\n<meta property=\"og:image\" content=\"https:\/\/alcaldiaalbertoadriani.com\/wp-content\/uploads\/2023\/11\/photo_2023-11-27_20-12-34.jpg\" \/>\n\t<meta property=\"og:image:width\" content=\"1280\" \/>\n\t<meta property=\"og:image:height\" content=\"720\" \/>\n\t<meta property=\"og:image:type\" content=\"image\/jpeg\" \/>\n<meta name=\"author\" content=\"Prensa\" \/>\n<meta name=\"twitter:card\" content=\"summary_large_image\" \/>\n<meta name=\"twitter:label1\" content=\"Escrito por\" \/>\n\t<meta name=\"twitter:data1\" content=\"Prensa\" \/>\n\t<meta name=\"twitter:label2\" content=\"Tiempo de lectura\" \/>\n\t<meta name=\"twitter:data2\" content=\"4 minutos\" \/>\n<script type=\"application\/ld+json\" class=\"yoast-schema-graph\">{\"@context\":\"https:\/\/schema.org\",\"@graph\":[{\"@type\":\"WebPage\",\"@id\":\"https:\/\/alcaldiaalbertoadriani.com\/?p=4644\",\"url\":\"https:\/\/alcaldiaalbertoadriani.com\/?p=4644\",\"name\":\"La navidad lleg\u00f3 a El Vig\u00eda con el encendido de luces - Alcaldia Alberto Adriani\",\"isPartOf\":{\"@id\":\"https:\/\/alcaldiaalbertoadriani.com\/#website\"},\"datePublished\":\"2023-11-28T00:37:05+00:00\",\"dateModified\":\"2023-11-28T00:37:10+00:00\",\"author\":{\"@id\":\"https:\/\/alcaldiaalbertoadriani.com\/#\/schema\/person\/549b4483ff8999ac780deeea78795fc9\"},\"description\":\"Con emotividad y muchos sentimientos encontrados, inicio la Navidad en El Vig\u00eda con el encendido de luces y adornos de la plaza Bol\u00edvar.\",\"breadcrumb\":{\"@id\":\"https:\/\/alcaldiaalbertoadriani.com\/?p=4644#breadcrumb\"},\"inLanguage\":\"es\",\"potentialAction\":[{\"@type\":\"ReadAction\",\"target\":[\"https:\/\/alcaldiaalbertoadriani.com\/?p=4644\"]}]},{\"@type\":\"BreadcrumbList\",\"@id\":\"https:\/\/alcaldiaalbertoadriani.com\/?p=4644#breadcrumb\",\"itemListElement\":[{\"@type\":\"ListItem\",\"position\":1,\"name\":\"Portada\",\"item\":\"https:\/\/alcaldiaalbertoadriani.com\/\"},{\"@type\":\"ListItem\",\"position\":2,\"name\":\"La navidad lleg\u00f3 a El Vig\u00eda con el encendido de luces\"}]},{\"@type\":\"WebSite\",\"@id\":\"https:\/\/alcaldiaalbertoadriani.com\/#website\",\"url\":\"https:\/\/alcaldiaalbertoadriani.com\/\",\"name\":\"Alcaldia Alberto Adriani\",\"description\":\"\",\"potentialAction\":[{\"@type\":\"SearchAction\",\"target\":{\"@type\":\"EntryPoint\",\"urlTemplate\":\"https:\/\/alcaldiaalbertoadriani.com\/?s={search_term_string}\"},\"query-input\":\"required name=search_term_string\"}],\"inLanguage\":\"es\"},{\"@type\":\"Person\",\"@id\":\"https:\/\/alcaldiaalbertoadriani.com\/#\/schema\/person\/549b4483ff8999ac780deeea78795fc9\",\"name\":\"Prensa\",\"image\":{\"@type\":\"ImageObject\",\"inLanguage\":\"es\",\"@id\":\"https:\/\/alcaldiaalbertoadriani.com\/#\/schema\/person\/image\/\",\"url\":\"https:\/\/secure.gravatar.com\/avatar\/ea1cb567ea992a29627f4eee1c2eb185ec16decec6342d508fdf18dedb56c9de?s=96&d=mm&r=g\",\"contentUrl\":\"https:\/\/secure.gravatar.com\/avatar\/ea1cb567ea992a29627f4eee1c2eb185ec16decec6342d508fdf18dedb56c9de?s=96&d=mm&r=g\",\"caption\":\"Prensa\"},\"url\":\"https:\/\/alcaldiaalbertoadriani.com\/?author=2\"}]}<\/script>\n<!-- \/ Yoast SEO plugin. -->","yoast_head_json":{"title":"La navidad lleg\u00f3 a El Vig\u00eda con el encendido de luces - Alcaldia Alberto Adriani","description":"Con emotividad y muchos sentimientos encontrados, inicio la Navidad en El Vig\u00eda con el encendido de luces y adornos de la plaza Bol\u00edvar.","robots":{"index":"index","follow":"follow","max-snippet":"max-snippet:-1","max-image-preview":"max-image-preview:large","max-video-preview":"max-video-preview:-1"},"canonical":"https:\/\/alcaldiaalbertoadriani.com\/?p=4644","og_locale":"es_ES","og_type":"article","og_title":"La navidad lleg\u00f3 a El Vig\u00eda con el encendido de luces - Alcaldia Alberto Adriani","og_description":"Con emotividad y muchos sentimientos encontrados, inicio la Navidad en El Vig\u00eda con el encendido de luces y adornos de la plaza Bol\u00edvar.","og_url":"https:\/\/alcaldiaalbertoadriani.com\/?p=4644","og_site_name":"Alcaldia Alberto Adriani","article_published_time":"2023-11-28T00:37:05+00:00","article_modified_time":"2023-11-28T00:37:10+00:00","og_image":[{"width":1280,"height":720,"url":"https:\/\/alcaldiaalbertoadriani.com\/wp-content\/uploads\/2023\/11\/photo_2023-11-27_20-12-34.jpg","type":"image\/jpeg"}],"author":"Prensa","twitter_card":"summary_large_image","twitter_misc":{"Escrito por":"Prensa","Tiempo de lectura":"4 minutos"},"schema":{"@context":"https:\/\/schema.org","@graph":[{"@type":"WebPage","@id":"https:\/\/alcaldiaalbertoadriani.com\/?p=4644","url":"https:\/\/alcaldiaalbertoadriani.com\/?p=4644","name":"La navidad lleg\u00f3 a El Vig\u00eda con el encendido de luces - Alcaldia Alberto Adriani","isPartOf":{"@id":"https:\/\/alcaldiaalbertoadriani.com\/#website"},"datePublished":"2023-11-28T00:37:05+00:00","dateModified":"2023-11-28T00:37:10+00:00","author":{"@id":"https:\/\/alcaldiaalbertoadriani.com\/#\/schema\/person\/549b4483ff8999ac780deeea78795fc9"},"description":"Con emotividad y muchos sentimientos encontrados, inicio la Navidad en El Vig\u00eda con el encendido de luces y adornos de la plaza Bol\u00edvar.","breadcrumb":{"@id":"https:\/\/alcaldiaalbertoadriani.com\/?p=4644#breadcrumb"},"inLanguage":"es","potentialAction":[{"@type":"ReadAction","target":["https:\/\/alcaldiaalbertoadriani.com\/?p=4644"]}]},{"@type":"BreadcrumbList","@id":"https:\/\/alcaldiaalbertoadriani.com\/?p=4644#breadcrumb","itemListElement":[{"@type":"ListItem","position":1,"name":"Portada","item":"https:\/\/alcaldiaalbertoadriani.com\/"},{"@type":"ListItem","position":2,"name":"La navidad lleg\u00f3 a El Vig\u00eda con el encendido de luces"}]},{"@type":"WebSite","@id":"https:\/\/alcaldiaalbertoadriani.com\/#website","url":"https:\/\/alcaldiaalbertoadriani.com\/","name":"Alcaldia Alberto Adriani","description":"","potentialAction":[{"@type":"SearchAction","target":{"@type":"EntryPoint","urlTemplate":"https:\/\/alcaldiaalbertoadriani.com\/?s={search_term_string}"},"query-input":"required name=search_term_string"}],"inLanguage":"es"},{"@type":"Person","@id":"https:\/\/alcaldiaalbertoadriani.com\/#\/schema\/person\/549b4483ff8999ac780deeea78795fc9","name":"Prensa","image":{"@type":"ImageObject","inLanguage":"es","@id":"https:\/\/alcaldiaalbertoadriani.com\/#\/schema\/person\/image\/","url":"https:\/\/secure.gravatar.com\/avatar\/ea1cb567ea992a29627f4eee1c2eb185ec16decec6342d508fdf18dedb56c9de?s=96&d=mm&r=g","contentUrl":"https:\/\/secure.gravatar.com\/avatar\/ea1cb567ea992a29627f4eee1c2eb185ec16decec6342d508fdf18dedb56c9de?s=96&d=mm&r=g","caption":"Prensa"},"url":"https:\/\/alcaldiaalbertoadriani.com\/?author=2"}]}},"_links":{"self":[{"href":"https:\/\/alcaldiaalbertoadriani.com\/index.php?rest_route=\/wp\/v2\/posts\/4644","targetHints":{"allow":["GET"]}}],"collection":[{"href":"https:\/\/alcaldiaalbertoadriani.com\/index.php?rest_route=\/wp\/v2\/posts"}],"about":[{"href":"https:\/\/alcaldiaalbertoadriani.com\/index.php?rest_route=\/wp\/v2\/types\/post"}],"author":[{"embeddable":true,"href":"https:\/\/alcaldiaalbertoadriani.com\/index.php?rest_route=\/wp\/v2\/users\/2"}],"replies":[{"embeddable":true,"href":"https:\/\/alcaldiaalbertoadriani.com\/index.php?rest_route=%2Fwp%2Fv2%2Fcomments&post=4644"}],"version-history":[{"count":1,"href":"https:\/\/alcaldiaalbertoadriani.com\/index.php?rest_route=\/wp\/v2\/posts\/4644\/revisions"}],"predecessor-version":[{"id":4661,"href":"https:\/\/alcaldiaalbertoadriani.com\/index.php?rest_route=\/wp\/v2\/posts\/4644\/revisions\/4661"}],"wp:featuredmedia":[{"embeddable":true,"href":"https:\/\/alcaldiaalbertoadriani.com\/index.php?rest_route=\/wp\/v2\/media\/4645"}],"wp:attachment":[{"href":"https:\/\/alcaldiaalbertoadriani.com\/index.php?rest_route=%2Fwp%2Fv2%2Fmedia&parent=4644"}],"wp:term":[{"taxonomy":"category","embeddable":true,"href":"https:\/\/alcaldiaalbertoadriani.com\/index.php?rest_route=%2Fwp%2Fv2%2Fcategories&post=4644"},{"taxonomy":"post_tag","embeddable":true,"href":"https:\/\/alcaldiaalbertoadriani.com\/index.php?rest_route=%2Fwp%2Fv2%2Ftags&post=4644"}],"curies":[{"name":"wp","href":"https:\/\/api.w.org\/{rel}","templated":true}]}}