{"id":4630,"date":"2023-11-28T00:31:15","date_gmt":"2023-11-28T00:31:15","guid":{"rendered":"https:\/\/alcaldiaalbertoadriani.com\/?p=4630"},"modified":"2023-11-28T00:31:19","modified_gmt":"2023-11-28T00:31:19","slug":"festival-una-cancion-para-el-vigia-2","status":"publish","type":"post","link":"https:\/\/alcaldiaalbertoadriani.com\/?p=4630","title":{"rendered":"Festival &#8220;Una Canci\u00f3n para El Vig\u00eda&#8221; cerr\u00f3 con broche de oro"},"content":{"rendered":"<div class=\"wp-block-post-excerpt\"><p class=\"wp-block-post-excerpt__excerpt\">Once fueron los clasificados entre las categor\u00edas infantil, amateur y profesional <\/p><\/div>\n\n\n<p>Un derroche de talento y amor por El Vig\u00eda se vivi\u00f3 el s\u00e1bado 25 de noviembre en la plaza Bol\u00edvar durante la gran final del <a href=\"https:\/\/alcaldiaalbertoadriani.com\/?p=4569\" target=\"_blank\" rel=\"noreferrer noopener\">Festival &#8220;Una Canci\u00f3n para El Vig\u00eda&#8221;<\/a> que se desarroll\u00f3 en el acto de encendido de luces.<\/p>\n\n\n\n<p>Once artistas locales clasificaron durante las audiciones entre las categor\u00edas infantil, amateur y profesional, quienes se dieron cita para mostrar sus habilidades.<\/p>\n\n\n\n<h2 class=\"wp-block-heading\">Festival &#8220;Una Canci\u00f3n para El Vig\u00eda&#8221;<\/h2>\n\n\n\n<p>Creatividad, calidad interpretativa, pero sobre todo el amor al terru\u00f1o, su historia, sus recuerdos, sus s\u00edmbolos naturales, se dejaron ver en cada presentaci\u00f3n de los artistas y los compositores.<\/p>\n\n\n\n<p>El <a href=\"https:\/\/twitter.com\/lisandrosegura\" target=\"_blank\" rel=\"noreferrer noopener\">alcalde de El Vig\u00eda, Lisandro Segura<\/a>, art\u00edfice del proyecto, mostr\u00f3 su satisfacci\u00f3n por el \u00e9xito del festival, que marcar\u00e1 pauta y dejar\u00e1 sin duda un importante legado cultural. &#8220;Estamos muy satisfechos con el \u00e9xito del festival, que ha demostrado el talento de nuestros artistas y compositores&#8221;, dijo el alcalde.<\/p>\n\n\n\n<figure class=\"wp-block-gallery has-nested-images columns-default is-cropped wp-block-gallery-1 is-layout-flex wp-block-gallery-is-layout-flex\">\n<figure class=\"wp-block-image size-large\"><img loading=\"lazy\" decoding=\"async\" width=\"1024\" height=\"768\" data-id=\"4634\" src=\"https:\/\/alcaldiaalbertoadriani.com\/wp-content\/uploads\/2023\/11\/photo_2023-11-27_19-56-54-1024x768.jpg\" alt=\"\" class=\"wp-image-4634\" srcset=\"https:\/\/alcaldiaalbertoadriani.com\/wp-content\/uploads\/2023\/11\/photo_2023-11-27_19-56-54-1024x768.jpg 1024w, https:\/\/alcaldiaalbertoadriani.com\/wp-content\/uploads\/2023\/11\/photo_2023-11-27_19-56-54-980x735.jpg 980w, https:\/\/alcaldiaalbertoadriani.com\/wp-content\/uploads\/2023\/11\/photo_2023-11-27_19-56-54-480x360.jpg 480w\" sizes=\"auto, (min-width: 0px) and (max-width: 480px) 480px, (min-width: 481px) and (max-width: 980px) 980px, (min-width: 981px) 1024px, 100vw\" \/><\/figure>\n\n\n\n<figure class=\"wp-block-image size-large\"><img loading=\"lazy\" decoding=\"async\" width=\"1024\" height=\"768\" data-id=\"4633\" src=\"https:\/\/alcaldiaalbertoadriani.com\/wp-content\/uploads\/2023\/11\/photo_2023-11-27_19-56-58-2-1024x768.jpg\" alt=\"\" class=\"wp-image-4633\" srcset=\"https:\/\/alcaldiaalbertoadriani.com\/wp-content\/uploads\/2023\/11\/photo_2023-11-27_19-56-58-2-1024x768.jpg 1024w, https:\/\/alcaldiaalbertoadriani.com\/wp-content\/uploads\/2023\/11\/photo_2023-11-27_19-56-58-2-980x735.jpg 980w, https:\/\/alcaldiaalbertoadriani.com\/wp-content\/uploads\/2023\/11\/photo_2023-11-27_19-56-58-2-480x360.jpg 480w\" sizes=\"auto, (min-width: 0px) and (max-width: 480px) 480px, (min-width: 481px) and (max-width: 980px) 980px, (min-width: 981px) 1024px, 100vw\" \/><\/figure>\n\n\n\n<figure class=\"wp-block-image size-large\"><img loading=\"lazy\" decoding=\"async\" width=\"1024\" height=\"768\" data-id=\"4632\" src=\"https:\/\/alcaldiaalbertoadriani.com\/wp-content\/uploads\/2023\/11\/photo_2023-11-27_20-21-19-1024x768.jpg\" alt=\"\" class=\"wp-image-4632\" srcset=\"https:\/\/alcaldiaalbertoadriani.com\/wp-content\/uploads\/2023\/11\/photo_2023-11-27_20-21-19-1024x768.jpg 1024w, https:\/\/alcaldiaalbertoadriani.com\/wp-content\/uploads\/2023\/11\/photo_2023-11-27_20-21-19-980x735.jpg 980w, https:\/\/alcaldiaalbertoadriani.com\/wp-content\/uploads\/2023\/11\/photo_2023-11-27_20-21-19-480x360.jpg 480w\" sizes=\"auto, (min-width: 0px) and (max-width: 480px) 480px, (min-width: 481px) and (max-width: 980px) 980px, (min-width: 981px) 1024px, 100vw\" \/><\/figure>\n<\/figure>\n\n\n\n<!--more-->\n\n\n\n<h2 class=\"wp-block-heading\">Cuadro de ganadores<\/h2>\n\n\n\n<p>En la categor\u00eda infantil el primer lugar fue para el ni\u00f1o Eddys P\u00e9rez con su canci\u00f3n &#8220;Versos para El Vig\u00eda&#8221; g\u00e9nero llanero; el segundo lugar para Angela Mu\u00f1et\u00f3n con el tema &#8220;Vig\u00eda Se\u00f1orial&#8221; pasaje venezolano y el tercer lugar lo ocup\u00f3 Yaimara P\u00e9rez con &#8220;Una Flor para El Vig\u00eda&#8221;, g\u00e9nero venezolano.<\/p>\n\n\n\n<p>En cuanto a la categor\u00eda Amateur, el primer lugar fue para Gerson Fern\u00e1ndez con &#8220;Homenaje al municipio Alberto Adriani&#8221; g\u00e9nero campesino; segundo lugar para El\u00edas Guerrero con la canci\u00f3n &#8220;Vig\u00eda de mis Ensue\u00f1os&#8221; g\u00e9nero venezolano; el tercer puesto lo ocup\u00f3 Saaid Urdaneta con el tema \u201cD\u00edas de El Vig\u00eda&#8221; g\u00e9nero hip hop y el cuarto lugar fue para Eirenis M\u00e1rquez con el tema &#8220;Una Canci\u00f3n a El Vig\u00eda&#8221;, g\u00e9nero llanero.<\/p>\n\n\n\n<p>Entretando, en la categor\u00eda profesional, el primer lugar fue para Venus Parra con &#8220;Recordando el Ayer&#8221; g\u00e9nero danza zuliana; el segundo puesto lo ocup\u00f3 Richard Salcedo con &#8221; Vig\u00eda Deseante&#8221; g\u00e9nero vals venezolano, el tercer puesto para Luis A. B\u00e1ez con el tema &#8220;Vig\u00eda Llano M\u00edo&#8221; g\u00e9nero vals- pasaje y el cuarto lugar para el cantante Luis D. M\u00e1rquez y su tema &#8220;Tu historia Vig\u00eda Intro&#8221; del g\u00e9nero campesino.<\/p>\n\n\n\n<figure class=\"wp-block-gallery has-nested-images columns-default is-cropped wp-block-gallery-2 is-layout-flex wp-block-gallery-is-layout-flex\">\n<figure class=\"wp-block-image size-large\"><img loading=\"lazy\" decoding=\"async\" width=\"1024\" height=\"768\" data-id=\"4636\" src=\"https:\/\/alcaldiaalbertoadriani.com\/wp-content\/uploads\/2023\/11\/photo_2023-11-27_19-56-59-1024x768.jpg\" alt=\"\" class=\"wp-image-4636\" srcset=\"https:\/\/alcaldiaalbertoadriani.com\/wp-content\/uploads\/2023\/11\/photo_2023-11-27_19-56-59-1024x768.jpg 1024w, https:\/\/alcaldiaalbertoadriani.com\/wp-content\/uploads\/2023\/11\/photo_2023-11-27_19-56-59-980x735.jpg 980w, https:\/\/alcaldiaalbertoadriani.com\/wp-content\/uploads\/2023\/11\/photo_2023-11-27_19-56-59-480x360.jpg 480w\" sizes=\"auto, (min-width: 0px) and (max-width: 480px) 480px, (min-width: 481px) and (max-width: 980px) 980px, (min-width: 981px) 1024px, 100vw\" \/><\/figure>\n\n\n\n<figure class=\"wp-block-image size-large\"><img loading=\"lazy\" decoding=\"async\" width=\"1024\" height=\"768\" data-id=\"4638\" src=\"https:\/\/alcaldiaalbertoadriani.com\/wp-content\/uploads\/2023\/11\/photo_2023-11-27_19-57-01-2-1024x768.jpg\" alt=\"\" class=\"wp-image-4638\" srcset=\"https:\/\/alcaldiaalbertoadriani.com\/wp-content\/uploads\/2023\/11\/photo_2023-11-27_19-57-01-2-1024x768.jpg 1024w, https:\/\/alcaldiaalbertoadriani.com\/wp-content\/uploads\/2023\/11\/photo_2023-11-27_19-57-01-2-980x735.jpg 980w, https:\/\/alcaldiaalbertoadriani.com\/wp-content\/uploads\/2023\/11\/photo_2023-11-27_19-57-01-2-480x360.jpg 480w\" sizes=\"auto, (min-width: 0px) and (max-width: 480px) 480px, (min-width: 481px) and (max-width: 980px) 980px, (min-width: 981px) 1024px, 100vw\" \/><\/figure>\n\n\n\n<figure class=\"wp-block-image size-large\"><img loading=\"lazy\" decoding=\"async\" width=\"1024\" height=\"768\" data-id=\"4637\" src=\"https:\/\/alcaldiaalbertoadriani.com\/wp-content\/uploads\/2023\/11\/photo_2023-11-27_19-57-01-1024x768.jpg\" alt=\"\" class=\"wp-image-4637\" srcset=\"https:\/\/alcaldiaalbertoadriani.com\/wp-content\/uploads\/2023\/11\/photo_2023-11-27_19-57-01-1024x768.jpg 1024w, https:\/\/alcaldiaalbertoadriani.com\/wp-content\/uploads\/2023\/11\/photo_2023-11-27_19-57-01-980x735.jpg 980w, https:\/\/alcaldiaalbertoadriani.com\/wp-content\/uploads\/2023\/11\/photo_2023-11-27_19-57-01-480x360.jpg 480w\" sizes=\"auto, (min-width: 0px) and (max-width: 480px) 480px, (min-width: 481px) and (max-width: 980px) 980px, (min-width: 981px) 1024px, 100vw\" \/><\/figure>\n\n\n\n<figure class=\"wp-block-image size-large\"><img loading=\"lazy\" decoding=\"async\" width=\"1024\" height=\"768\" data-id=\"4635\" src=\"https:\/\/alcaldiaalbertoadriani.com\/wp-content\/uploads\/2023\/11\/photo_2023-11-27_19-57-02-1024x768.jpg\" alt=\"\" class=\"wp-image-4635\" srcset=\"https:\/\/alcaldiaalbertoadriani.com\/wp-content\/uploads\/2023\/11\/photo_2023-11-27_19-57-02-1024x768.jpg 1024w, https:\/\/alcaldiaalbertoadriani.com\/wp-content\/uploads\/2023\/11\/photo_2023-11-27_19-57-02-980x735.jpg 980w, https:\/\/alcaldiaalbertoadriani.com\/wp-content\/uploads\/2023\/11\/photo_2023-11-27_19-57-02-480x360.jpg 480w\" sizes=\"auto, (min-width: 0px) and (max-width: 480px) 480px, (min-width: 481px) and (max-width: 980px) 980px, (min-width: 981px) 1024px, 100vw\" \/><\/figure>\n<\/figure>\n\n\n\n<h2 class=\"wp-block-heading\">Mejor letra<\/h2>\n\n\n\n<p>Asimismo, en el festival se premi\u00f3 a la mejor letra de canci\u00f3n, siendo la ganadora la escrita por Bernal Ortiz Rosales denominada &#8220;Recuerdos de mi Vig\u00eda\u201d. <strong>Prensa <a href=\"https:\/\/twitter.com\/alcaldiaaa\" target=\"_blank\" rel=\"noreferrer noopener\">Alcald\u00eda Alberto Adriani<\/a>\/ Claribel Zambrano CNP: 11.843\/ Fotos: Prensa AA.<\/strong><\/p>\n\n\n\n<figure class=\"wp-block-gallery has-nested-images columns-default is-cropped wp-block-gallery-3 is-layout-flex wp-block-gallery-is-layout-flex\">\n<figure class=\"wp-block-image size-large\"><img loading=\"lazy\" decoding=\"async\" width=\"1024\" height=\"768\" data-id=\"4641\" src=\"https:\/\/alcaldiaalbertoadriani.com\/wp-content\/uploads\/2023\/11\/photo_2023-11-27_19-56-58-1024x768.jpg\" alt=\"\" class=\"wp-image-4641\" srcset=\"https:\/\/alcaldiaalbertoadriani.com\/wp-content\/uploads\/2023\/11\/photo_2023-11-27_19-56-58-1024x768.jpg 1024w, https:\/\/alcaldiaalbertoadriani.com\/wp-content\/uploads\/2023\/11\/photo_2023-11-27_19-56-58-980x735.jpg 980w, https:\/\/alcaldiaalbertoadriani.com\/wp-content\/uploads\/2023\/11\/photo_2023-11-27_19-56-58-480x360.jpg 480w\" sizes=\"auto, (min-width: 0px) and (max-width: 480px) 480px, (min-width: 481px) and (max-width: 980px) 980px, (min-width: 981px) 1024px, 100vw\" \/><\/figure>\n\n\n\n<figure class=\"wp-block-image size-large\"><img loading=\"lazy\" decoding=\"async\" width=\"1024\" height=\"768\" data-id=\"4639\" src=\"https:\/\/alcaldiaalbertoadriani.com\/wp-content\/uploads\/2023\/11\/photo_2023-11-27_19-57-02-2-1024x768.jpg\" alt=\"\" class=\"wp-image-4639\" srcset=\"https:\/\/alcaldiaalbertoadriani.com\/wp-content\/uploads\/2023\/11\/photo_2023-11-27_19-57-02-2-1024x768.jpg 1024w, https:\/\/alcaldiaalbertoadriani.com\/wp-content\/uploads\/2023\/11\/photo_2023-11-27_19-57-02-2-980x735.jpg 980w, https:\/\/alcaldiaalbertoadriani.com\/wp-content\/uploads\/2023\/11\/photo_2023-11-27_19-57-02-2-480x360.jpg 480w\" sizes=\"auto, (min-width: 0px) and (max-width: 480px) 480px, (min-width: 481px) and (max-width: 980px) 980px, (min-width: 981px) 1024px, 100vw\" \/><\/figure>\n\n\n\n<figure class=\"wp-block-image size-large\"><img loading=\"lazy\" decoding=\"async\" width=\"1024\" height=\"768\" data-id=\"4642\" src=\"https:\/\/alcaldiaalbertoadriani.com\/wp-content\/uploads\/2023\/11\/photo_2023-11-27_19-57-04-1024x768.jpg\" alt=\"\" class=\"wp-image-4642\" srcset=\"https:\/\/alcaldiaalbertoadriani.com\/wp-content\/uploads\/2023\/11\/photo_2023-11-27_19-57-04-1024x768.jpg 1024w, https:\/\/alcaldiaalbertoadriani.com\/wp-content\/uploads\/2023\/11\/photo_2023-11-27_19-57-04-980x735.jpg 980w, https:\/\/alcaldiaalbertoadriani.com\/wp-content\/uploads\/2023\/11\/photo_2023-11-27_19-57-04-480x360.jpg 480w\" sizes=\"auto, (min-width: 0px) and (max-width: 480px) 480px, (min-width: 481px) and (max-width: 980px) 980px, (min-width: 981px) 1024px, 100vw\" \/><\/figure>\n\n\n\n<figure class=\"wp-block-image size-large\"><img loading=\"lazy\" decoding=\"async\" width=\"1024\" height=\"768\" data-id=\"4640\" src=\"https:\/\/alcaldiaalbertoadriani.com\/wp-content\/uploads\/2023\/11\/photo_2023-11-27_19-57-05-1024x768.jpg\" alt=\"\" class=\"wp-image-4640\" srcset=\"https:\/\/alcaldiaalbertoadriani.com\/wp-content\/uploads\/2023\/11\/photo_2023-11-27_19-57-05-1024x768.jpg 1024w, https:\/\/alcaldiaalbertoadriani.com\/wp-content\/uploads\/2023\/11\/photo_2023-11-27_19-57-05-980x735.jpg 980w, https:\/\/alcaldiaalbertoadriani.com\/wp-content\/uploads\/2023\/11\/photo_2023-11-27_19-57-05-480x360.jpg 480w\" sizes=\"auto, (min-width: 0px) and (max-width: 480px) 480px, (min-width: 481px) and (max-width: 980px) 980px, (min-width: 981px) 1024px, 100vw\" \/><\/figure>\n<\/figure>\n","protected":false},"excerpt":{"rendered":"<p><em><strong>Once fueron los clasificados entre las categor\u00edas infantil, amateur y profesional<\/strong><\/em><\/p>\n","protected":false},"author":2,"featured_media":4631,"comment_status":"closed","ping_status":"closed","sticky":false,"template":"","format":"standard","meta":{"_et_pb_use_builder":"off","_et_pb_old_content":"","_et_gb_content_width":"","footnotes":""},"categories":[39,341,78,77,25],"tags":[31,11,12,15,30,29,28,576],"class_list":["post-4630","post","type-post","status-publish","format-standard","has-post-thumbnail","hentry","category-actividades-sociales","category-alcaldia-alberto-adriani","category-cultura","category-iamcaa","category-nuestro-municipio","tag-alcalde","tag-alcaldia","tag-alcaldiaalbertoadriani","tag-elvigia","tag-lisandrosegura","tag-municipioquenosmerecemos","tag-porelrenacer","tag-festival-una-cancion-para-el-vigia-2"],"yoast_head":"<!-- This site is optimized with the Yoast SEO plugin v19.13 - https:\/\/yoast.com\/wordpress\/plugins\/seo\/ -->\n<title>Festival &quot;Una Canci\u00f3n para El Vig\u00eda&quot; cerr\u00f3 con broche de oro - Alcaldia Alberto Adriani<\/title>\n<meta name=\"description\" content=\"Un derroche de talento y amor por El Vig\u00eda se vivi\u00f3 en la plaza Bol\u00edvar durante la gran final del Festival &quot;Una Canci\u00f3n para El Vig\u00eda&quot;.\" \/>\n<meta name=\"robots\" content=\"index, follow, max-snippet:-1, max-image-preview:large, max-video-preview:-1\" \/>\n<link rel=\"canonical\" href=\"https:\/\/alcaldiaalbertoadriani.com\/?p=4630\" \/>\n<meta property=\"og:locale\" content=\"es_ES\" \/>\n<meta property=\"og:type\" content=\"article\" \/>\n<meta property=\"og:title\" content=\"Festival &quot;Una Canci\u00f3n para El Vig\u00eda&quot; cerr\u00f3 con broche de oro - Alcaldia Alberto Adriani\" \/>\n<meta property=\"og:description\" content=\"Un derroche de talento y amor por El Vig\u00eda se vivi\u00f3 en la plaza Bol\u00edvar durante la gran final del Festival &quot;Una Canci\u00f3n para El Vig\u00eda&quot;.\" \/>\n<meta property=\"og:url\" content=\"https:\/\/alcaldiaalbertoadriani.com\/?p=4630\" \/>\n<meta property=\"og:site_name\" content=\"Alcaldia Alberto Adriani\" \/>\n<meta property=\"article:published_time\" content=\"2023-11-28T00:31:15+00:00\" \/>\n<meta property=\"article:modified_time\" content=\"2023-11-28T00:31:19+00:00\" \/>\n<meta property=\"og:image\" content=\"https:\/\/alcaldiaalbertoadriani.com\/wp-content\/uploads\/2023\/11\/photo_2023-11-27_19-56-57.jpg\" \/>\n\t<meta property=\"og:image:width\" content=\"1280\" \/>\n\t<meta property=\"og:image:height\" content=\"960\" \/>\n\t<meta property=\"og:image:type\" content=\"image\/jpeg\" \/>\n<meta name=\"author\" content=\"Prensa\" \/>\n<meta name=\"twitter:card\" content=\"summary_large_image\" \/>\n<meta name=\"twitter:label1\" content=\"Escrito por\" \/>\n\t<meta name=\"twitter:data1\" content=\"Prensa\" \/>\n\t<meta name=\"twitter:label2\" content=\"Tiempo de lectura\" \/>\n\t<meta name=\"twitter:data2\" content=\"4 minutos\" \/>\n<script type=\"application\/ld+json\" class=\"yoast-schema-graph\">{\"@context\":\"https:\/\/schema.org\",\"@graph\":[{\"@type\":\"WebPage\",\"@id\":\"https:\/\/alcaldiaalbertoadriani.com\/?p=4630\",\"url\":\"https:\/\/alcaldiaalbertoadriani.com\/?p=4630\",\"name\":\"Festival \\\"Una Canci\u00f3n para El Vig\u00eda\\\" cerr\u00f3 con broche de oro - Alcaldia Alberto Adriani\",\"isPartOf\":{\"@id\":\"https:\/\/alcaldiaalbertoadriani.com\/#website\"},\"datePublished\":\"2023-11-28T00:31:15+00:00\",\"dateModified\":\"2023-11-28T00:31:19+00:00\",\"author\":{\"@id\":\"https:\/\/alcaldiaalbertoadriani.com\/#\/schema\/person\/549b4483ff8999ac780deeea78795fc9\"},\"description\":\"Un derroche de talento y amor por El Vig\u00eda se vivi\u00f3 en la plaza Bol\u00edvar durante la gran final del Festival \\\"Una Canci\u00f3n para El Vig\u00eda\\\".\",\"breadcrumb\":{\"@id\":\"https:\/\/alcaldiaalbertoadriani.com\/?p=4630#breadcrumb\"},\"inLanguage\":\"es\",\"potentialAction\":[{\"@type\":\"ReadAction\",\"target\":[\"https:\/\/alcaldiaalbertoadriani.com\/?p=4630\"]}]},{\"@type\":\"BreadcrumbList\",\"@id\":\"https:\/\/alcaldiaalbertoadriani.com\/?p=4630#breadcrumb\",\"itemListElement\":[{\"@type\":\"ListItem\",\"position\":1,\"name\":\"Portada\",\"item\":\"https:\/\/alcaldiaalbertoadriani.com\/\"},{\"@type\":\"ListItem\",\"position\":2,\"name\":\"Festival &#8220;Una Canci\u00f3n para El Vig\u00eda&#8221; cerr\u00f3 con broche de oro\"}]},{\"@type\":\"WebSite\",\"@id\":\"https:\/\/alcaldiaalbertoadriani.com\/#website\",\"url\":\"https:\/\/alcaldiaalbertoadriani.com\/\",\"name\":\"Alcaldia Alberto Adriani\",\"description\":\"\",\"potentialAction\":[{\"@type\":\"SearchAction\",\"target\":{\"@type\":\"EntryPoint\",\"urlTemplate\":\"https:\/\/alcaldiaalbertoadriani.com\/?s={search_term_string}\"},\"query-input\":\"required name=search_term_string\"}],\"inLanguage\":\"es\"},{\"@type\":\"Person\",\"@id\":\"https:\/\/alcaldiaalbertoadriani.com\/#\/schema\/person\/549b4483ff8999ac780deeea78795fc9\",\"name\":\"Prensa\",\"image\":{\"@type\":\"ImageObject\",\"inLanguage\":\"es\",\"@id\":\"https:\/\/alcaldiaalbertoadriani.com\/#\/schema\/person\/image\/\",\"url\":\"https:\/\/secure.gravatar.com\/avatar\/ea1cb567ea992a29627f4eee1c2eb185ec16decec6342d508fdf18dedb56c9de?s=96&d=mm&r=g\",\"contentUrl\":\"https:\/\/secure.gravatar.com\/avatar\/ea1cb567ea992a29627f4eee1c2eb185ec16decec6342d508fdf18dedb56c9de?s=96&d=mm&r=g\",\"caption\":\"Prensa\"},\"url\":\"https:\/\/alcaldiaalbertoadriani.com\/?author=2\"}]}<\/script>\n<!-- \/ Yoast SEO plugin. -->","yoast_head_json":{"title":"Festival \"Una Canci\u00f3n para El Vig\u00eda\" cerr\u00f3 con broche de oro - Alcaldia Alberto Adriani","description":"Un derroche de talento y amor por El Vig\u00eda se vivi\u00f3 en la plaza Bol\u00edvar durante la gran final del Festival \"Una Canci\u00f3n para El Vig\u00eda\".","robots":{"index":"index","follow":"follow","max-snippet":"max-snippet:-1","max-image-preview":"max-image-preview:large","max-video-preview":"max-video-preview:-1"},"canonical":"https:\/\/alcaldiaalbertoadriani.com\/?p=4630","og_locale":"es_ES","og_type":"article","og_title":"Festival \"Una Canci\u00f3n para El Vig\u00eda\" cerr\u00f3 con broche de oro - Alcaldia Alberto Adriani","og_description":"Un derroche de talento y amor por El Vig\u00eda se vivi\u00f3 en la plaza Bol\u00edvar durante la gran final del Festival \"Una Canci\u00f3n para El Vig\u00eda\".","og_url":"https:\/\/alcaldiaalbertoadriani.com\/?p=4630","og_site_name":"Alcaldia Alberto Adriani","article_published_time":"2023-11-28T00:31:15+00:00","article_modified_time":"2023-11-28T00:31:19+00:00","og_image":[{"width":1280,"height":960,"url":"https:\/\/alcaldiaalbertoadriani.com\/wp-content\/uploads\/2023\/11\/photo_2023-11-27_19-56-57.jpg","type":"image\/jpeg"}],"author":"Prensa","twitter_card":"summary_large_image","twitter_misc":{"Escrito por":"Prensa","Tiempo de lectura":"4 minutos"},"schema":{"@context":"https:\/\/schema.org","@graph":[{"@type":"WebPage","@id":"https:\/\/alcaldiaalbertoadriani.com\/?p=4630","url":"https:\/\/alcaldiaalbertoadriani.com\/?p=4630","name":"Festival \"Una Canci\u00f3n para El Vig\u00eda\" cerr\u00f3 con broche de oro - Alcaldia Alberto Adriani","isPartOf":{"@id":"https:\/\/alcaldiaalbertoadriani.com\/#website"},"datePublished":"2023-11-28T00:31:15+00:00","dateModified":"2023-11-28T00:31:19+00:00","author":{"@id":"https:\/\/alcaldiaalbertoadriani.com\/#\/schema\/person\/549b4483ff8999ac780deeea78795fc9"},"description":"Un derroche de talento y amor por El Vig\u00eda se vivi\u00f3 en la plaza Bol\u00edvar durante la gran final del Festival \"Una Canci\u00f3n para El Vig\u00eda\".","breadcrumb":{"@id":"https:\/\/alcaldiaalbertoadriani.com\/?p=4630#breadcrumb"},"inLanguage":"es","potentialAction":[{"@type":"ReadAction","target":["https:\/\/alcaldiaalbertoadriani.com\/?p=4630"]}]},{"@type":"BreadcrumbList","@id":"https:\/\/alcaldiaalbertoadriani.com\/?p=4630#breadcrumb","itemListElement":[{"@type":"ListItem","position":1,"name":"Portada","item":"https:\/\/alcaldiaalbertoadriani.com\/"},{"@type":"ListItem","position":2,"name":"Festival &#8220;Una Canci\u00f3n para El Vig\u00eda&#8221; cerr\u00f3 con broche de oro"}]},{"@type":"WebSite","@id":"https:\/\/alcaldiaalbertoadriani.com\/#website","url":"https:\/\/alcaldiaalbertoadriani.com\/","name":"Alcaldia Alberto Adriani","description":"","potentialAction":[{"@type":"SearchAction","target":{"@type":"EntryPoint","urlTemplate":"https:\/\/alcaldiaalbertoadriani.com\/?s={search_term_string}"},"query-input":"required name=search_term_string"}],"inLanguage":"es"},{"@type":"Person","@id":"https:\/\/alcaldiaalbertoadriani.com\/#\/schema\/person\/549b4483ff8999ac780deeea78795fc9","name":"Prensa","image":{"@type":"ImageObject","inLanguage":"es","@id":"https:\/\/alcaldiaalbertoadriani.com\/#\/schema\/person\/image\/","url":"https:\/\/secure.gravatar.com\/avatar\/ea1cb567ea992a29627f4eee1c2eb185ec16decec6342d508fdf18dedb56c9de?s=96&d=mm&r=g","contentUrl":"https:\/\/secure.gravatar.com\/avatar\/ea1cb567ea992a29627f4eee1c2eb185ec16decec6342d508fdf18dedb56c9de?s=96&d=mm&r=g","caption":"Prensa"},"url":"https:\/\/alcaldiaalbertoadriani.com\/?author=2"}]}},"_links":{"self":[{"href":"https:\/\/alcaldiaalbertoadriani.com\/index.php?rest_route=\/wp\/v2\/posts\/4630","targetHints":{"allow":["GET"]}}],"collection":[{"href":"https:\/\/alcaldiaalbertoadriani.com\/index.php?rest_route=\/wp\/v2\/posts"}],"about":[{"href":"https:\/\/alcaldiaalbertoadriani.com\/index.php?rest_route=\/wp\/v2\/types\/post"}],"author":[{"embeddable":true,"href":"https:\/\/alcaldiaalbertoadriani.com\/index.php?rest_route=\/wp\/v2\/users\/2"}],"replies":[{"embeddable":true,"href":"https:\/\/alcaldiaalbertoadriani.com\/index.php?rest_route=%2Fwp%2Fv2%2Fcomments&post=4630"}],"version-history":[{"count":1,"href":"https:\/\/alcaldiaalbertoadriani.com\/index.php?rest_route=\/wp\/v2\/posts\/4630\/revisions"}],"predecessor-version":[{"id":4643,"href":"https:\/\/alcaldiaalbertoadriani.com\/index.php?rest_route=\/wp\/v2\/posts\/4630\/revisions\/4643"}],"wp:featuredmedia":[{"embeddable":true,"href":"https:\/\/alcaldiaalbertoadriani.com\/index.php?rest_route=\/wp\/v2\/media\/4631"}],"wp:attachment":[{"href":"https:\/\/alcaldiaalbertoadriani.com\/index.php?rest_route=%2Fwp%2Fv2%2Fmedia&parent=4630"}],"wp:term":[{"taxonomy":"category","embeddable":true,"href":"https:\/\/alcaldiaalbertoadriani.com\/index.php?rest_route=%2Fwp%2Fv2%2Fcategories&post=4630"},{"taxonomy":"post_tag","embeddable":true,"href":"https:\/\/alcaldiaalbertoadriani.com\/index.php?rest_route=%2Fwp%2Fv2%2Ftags&post=4630"}],"curies":[{"name":"wp","href":"https:\/\/api.w.org\/{rel}","templated":true}]}}