{"id":4569,"date":"2023-11-24T00:19:23","date_gmt":"2023-11-24T00:19:23","guid":{"rendered":"https:\/\/alcaldiaalbertoadriani.com\/?p=4569"},"modified":"2023-11-24T00:19:28","modified_gmt":"2023-11-24T00:19:28","slug":"festival-cancion-el-vigia-finalistas","status":"publish","type":"post","link":"https:\/\/alcaldiaalbertoadriani.com\/?p=4569","title":{"rendered":"Festival \u201cUna canci\u00f3n para El Vig\u00eda\u201d clasific\u00f3 a 11 finalistas"},"content":{"rendered":"\n<p>Este jueves en rueda de prensa los miembros del comit\u00e9 organizador y jurado calificador del <a href=\"https:\/\/alcaldiaalbertoadriani.com\/?p=4537\" target=\"_blank\" rel=\"noreferrer noopener\">Festival \u201cUna Canci\u00f3n para El Vig\u00eda\u201d<\/a>, dieron a conocer los finalistas de las audiciones hechas los d\u00edas 21 y 22 de noviembre en Asodegaa.\u00a0<\/p>\n\n\n\n<p>En este sentido, para la gran final clasificaron tres en la categor\u00eda infantil, cuatro en Amateur y cuatro en la categor\u00eda profesional.<\/p>\n\n\n\n<p>Keibert Rojas, presidente del <a href=\"https:\/\/alcaldiaalbertoadriani.com\/?p=4539\" target=\"_blank\" rel=\"noreferrer noopener\">Instituto Municipal de la Cultura (Iamcaa)<\/a> agradeci\u00f3 \u201cal <a href=\"https:\/\/www.instagram.com\/lisandrosegura02\/\" target=\"_blank\" rel=\"noreferrer noopener\">alcalde Lisandro Segura<\/a> la confianza para hacer el evento, as\u00ed como a todos los participantes por su esfuerzo, dedicaci\u00f3n y por hacer historia\u201d.<\/p>\n\n\n\n<p>Destac\u00f3 el talento de los participantes y la importancia de impulsar la cultura en el municipio, pues <a href=\"https:\/\/alcaldiaalbertoadriani.com\/?p=4539\" target=\"_blank\" rel=\"noreferrer noopener\">\u201cEl Festival Una canci\u00f3n para El Vig\u00eda<\/a> es una muestra del gran potencial que tiene nuestra tierra\u201d.<\/p>\n\n\n\n<figure class=\"wp-block-image size-large\"><img loading=\"lazy\" decoding=\"async\" width=\"1024\" height=\"768\" src=\"https:\/\/alcaldiaalbertoadriani.com\/wp-content\/uploads\/2023\/11\/photo_5114166938765995290_y-1024x768.jpg\" alt=\"\" class=\"wp-image-4571\" srcset=\"https:\/\/alcaldiaalbertoadriani.com\/wp-content\/uploads\/2023\/11\/photo_5114166938765995290_y-1024x768.jpg 1024w, https:\/\/alcaldiaalbertoadriani.com\/wp-content\/uploads\/2023\/11\/photo_5114166938765995290_y-980x735.jpg 980w, https:\/\/alcaldiaalbertoadriani.com\/wp-content\/uploads\/2023\/11\/photo_5114166938765995290_y-480x360.jpg 480w\" sizes=\"auto, (min-width: 0px) and (max-width: 480px) 480px, (min-width: 481px) and (max-width: 980px) 980px, (min-width: 981px) 1024px, 100vw\" \/><\/figure>\n\n\n\n<!--more-->\n\n\n\n<h2 class=\"wp-block-heading\">Once participantes para la final<\/h2>\n\n\n\n<p>Orlando Carvajal, Cronista y miembro del comit\u00e9 organizador, reiter\u00f3 que el momento quedar\u00e1 para la historia local. Agradeci\u00f3 a los m\u00fasicos e int\u00e9rpretes que hicieron posible que todo fuera un \u00e9xito, \u201cuna actividad que comenz\u00f3 hace ya 4 meses\u201d.<\/p>\n\n\n\n<p>Refiri\u00f3 que el festival se organiz\u00f3 con tres categor\u00edas, infantil, amateur y profesional, \u201cen un principio iban a clasificar 10 para la gran final, pero en vista que hubo un empate en dos temas acordamos con el alcalde, llevar el otro tema tambi\u00e9n, es decir, ser\u00e1n 11 participantes que se presentar\u00e1n este s\u00e1bado 25 de noviembre, en el acto del encendido de las luces de la plaza Bol\u00edvar. Adem\u00e1s, se tom\u00f3 la decisi\u00f3n de premiar la mejor letra del festival\u201d, apunt\u00f3.<\/p>\n\n\n\n<figure class=\"wp-block-image size-large\"><img loading=\"lazy\" decoding=\"async\" width=\"1024\" height=\"768\" src=\"https:\/\/alcaldiaalbertoadriani.com\/wp-content\/uploads\/2023\/11\/photo_5114166938765995289_y-1024x768.jpg\" alt=\"\" class=\"wp-image-4572\" srcset=\"https:\/\/alcaldiaalbertoadriani.com\/wp-content\/uploads\/2023\/11\/photo_5114166938765995289_y-1024x768.jpg 1024w, https:\/\/alcaldiaalbertoadriani.com\/wp-content\/uploads\/2023\/11\/photo_5114166938765995289_y-980x735.jpg 980w, https:\/\/alcaldiaalbertoadriani.com\/wp-content\/uploads\/2023\/11\/photo_5114166938765995289_y-480x360.jpg 480w\" sizes=\"auto, (min-width: 0px) and (max-width: 480px) 480px, (min-width: 481px) and (max-width: 980px) 980px, (min-width: 981px) 1024px, 100vw\" \/><\/figure>\n\n\n\n<h2 class=\"wp-block-heading\">Aspectos evaluados<\/h2>\n\n\n\n<p>Alexander Ram\u00edrez, presidente del jurado, subray\u00f3 la calidad de las interpretaciones e indic\u00f3 entre los aspectos evaluados durante las audiciones \u201cla voz, la dicci\u00f3n, afinaci\u00f3n, cuadratura y performance\u201d. Fueron cinco \u00edtems con una ponderaci\u00f3n del 1 al 10 para una sumatoria de 50 puntos cada uno.&nbsp;<\/p>\n\n\n\n<h2 class=\"wp-block-heading\">Clasificados<\/h2>\n\n\n\n<p>Reina Quintero, presidente de la mesa t\u00e9cnica, inform\u00f3 sobre los clasificados entre ellos: en la categor\u00eda infantil \u00c1ngela Luc\u00eda Mu\u00f1et\u00f3n con el tema \u201cVig\u00eda Se\u00f1orial\u201d, g\u00e9nero pasaje de m\u00fasica venezolana; Edi Jos\u00e9 P\u00e9rez con el tema \u201cVersos para El Vig\u00eda\u201d, g\u00e9nero llanero &#8211; ambos del autor Abel Contreras-; Yaimara Valeria P\u00e9rez con el tema \u201cUna Flor para El Vig\u00eda\u201d, autor Luis Escalante en el g\u00e9nero de la m\u00fasica venezolana.<\/p>\n\n\n\n<p>En la categor\u00eda Amateur, Said Urdaneta con el tema \u201cD\u00eda de El Vig\u00eda\u201d en el g\u00e9nero Hip hop urbano; El\u00edas Alejandro Guerrero, tema \u201cVig\u00eda de mis Sue\u00f1os\u201d, autor Abel Contreras en el g\u00e9nero llanero; Eirenis Daniela M\u00e1rquez con el tema \u201cUna Canci\u00f3n a El Vig\u00eda\u201d de Michael Mendoza en el g\u00e9nero pasaje; participante Gerson Fern\u00e1ndez con \u201cHomenaje a El Vig\u00eda, municipio Alberto Adriani\u201d del autor Carlos Fern\u00e1ndez, g\u00e9nero campesino.<\/p>\n\n\n\n<p>Finalmente, en la categor\u00eda profesional la participante Venus Parra con \u201cRecordando el Ayer\u201d, de William Alcal\u00e1 en el g\u00e9nero de la danza zuliana; Richard Salcedo en el g\u00e9nero vals con el tema \u201cVig\u00eda Deseante\u201d; Luis B\u00e1ez con el tema \u201cEl Vig\u00eda llano m\u00edo\u201d, g\u00e9nero vals-pasaje y participante Luis Dubaldo M\u00e1rquez \u201cCultoria Vig\u00eda intro\u201d, g\u00e9nero m\u00fasica campesina.<\/p>\n\n\n\n<p>Importante destacar que se escogieron tres lugares para el infantil, cuatro para amateur y cuatro lugares para profesional.<\/p>\n\n\n\n<p>Entretanto, la canci\u00f3n o letra In\u00e9dita con mayor puntuaci\u00f3n de acuerdo con los indicadores es la escrita por Bernal Ortiz Rosales, con el tema \u201cRecuerdos de mi Vig\u00eda&#8221;<\/p>\n\n\n\n<figure class=\"wp-block-image size-large\"><img loading=\"lazy\" decoding=\"async\" width=\"1024\" height=\"768\" src=\"https:\/\/alcaldiaalbertoadriani.com\/wp-content\/uploads\/2023\/11\/photo_5114166938765995291_y-1024x768.jpg\" alt=\"\" class=\"wp-image-4573\" srcset=\"https:\/\/alcaldiaalbertoadriani.com\/wp-content\/uploads\/2023\/11\/photo_5114166938765995291_y-1024x768.jpg 1024w, https:\/\/alcaldiaalbertoadriani.com\/wp-content\/uploads\/2023\/11\/photo_5114166938765995291_y-980x735.jpg 980w, https:\/\/alcaldiaalbertoadriani.com\/wp-content\/uploads\/2023\/11\/photo_5114166938765995291_y-480x360.jpg 480w\" sizes=\"auto, (min-width: 0px) and (max-width: 480px) 480px, (min-width: 481px) and (max-width: 980px) 980px, (min-width: 981px) 1024px, 100vw\" \/><\/figure>\n\n\n\n<h2 class=\"wp-block-heading\">Premiaci\u00f3n<\/h2>\n\n\n\n<p>Nixon Carvajal, inform\u00f3 sobre los premios en met\u00e1lico que ser\u00e1n otorgados por la alcald\u00eda, \u201cpara los cuartos lugares ser\u00e1n 300$; los ganadores del tercer lugar 450 $ m\u00e1s estatuilla hecha por Juan Valero; los segundos lugares 700$ m\u00e1s estatuilla y los primeros lugares el premio ser\u00e1 de 1000 $ m\u00e1s la estatuilla&#8221;. Por supuesto, la producci\u00f3n discogr\u00e1fica que ser\u00e1 lo m\u00e1s significativo, un importante legado para el municipio. <strong>Prensa <a href=\"https:\/\/www.tiktok.com\/@alcaldia_aa\" target=\"_blank\" rel=\"noreferrer noopener\">Alcald\u00eda Alberto Adriani<\/a>\/ Claribel Zambrano CNP:11.843\/ Fotos: Catalina Contreras.<\/strong><\/p>\n\n\n\n<figure class=\"wp-block-gallery has-nested-images columns-default is-cropped wp-block-gallery-1 is-layout-flex wp-block-gallery-is-layout-flex\">\n<figure class=\"wp-block-image size-large\"><img loading=\"lazy\" decoding=\"async\" width=\"1024\" height=\"768\" data-id=\"4574\" src=\"https:\/\/alcaldiaalbertoadriani.com\/wp-content\/uploads\/2023\/11\/photo_5114126609023086314_y-1024x768.jpg\" alt=\"\" class=\"wp-image-4574\" srcset=\"https:\/\/alcaldiaalbertoadriani.com\/wp-content\/uploads\/2023\/11\/photo_5114126609023086314_y-1024x768.jpg 1024w, https:\/\/alcaldiaalbertoadriani.com\/wp-content\/uploads\/2023\/11\/photo_5114126609023086314_y-980x735.jpg 980w, https:\/\/alcaldiaalbertoadriani.com\/wp-content\/uploads\/2023\/11\/photo_5114126609023086314_y-480x360.jpg 480w\" sizes=\"auto, (min-width: 0px) and (max-width: 480px) 480px, (min-width: 481px) and (max-width: 980px) 980px, (min-width: 981px) 1024px, 100vw\" \/><\/figure>\n\n\n\n<figure class=\"wp-block-image size-large\"><img loading=\"lazy\" decoding=\"async\" width=\"1024\" height=\"768\" data-id=\"4576\" src=\"https:\/\/alcaldiaalbertoadriani.com\/wp-content\/uploads\/2023\/11\/photo_5114126609023086331_y-1024x768.jpg\" alt=\"\" class=\"wp-image-4576\" srcset=\"https:\/\/alcaldiaalbertoadriani.com\/wp-content\/uploads\/2023\/11\/photo_5114126609023086331_y-1024x768.jpg 1024w, https:\/\/alcaldiaalbertoadriani.com\/wp-content\/uploads\/2023\/11\/photo_5114126609023086331_y-980x735.jpg 980w, https:\/\/alcaldiaalbertoadriani.com\/wp-content\/uploads\/2023\/11\/photo_5114126609023086331_y-480x360.jpg 480w\" sizes=\"auto, (min-width: 0px) and (max-width: 480px) 480px, (min-width: 481px) and (max-width: 980px) 980px, (min-width: 981px) 1024px, 100vw\" \/><\/figure>\n\n\n\n<figure class=\"wp-block-image size-large\"><img loading=\"lazy\" decoding=\"async\" width=\"1024\" height=\"768\" data-id=\"4575\" src=\"https:\/\/alcaldiaalbertoadriani.com\/wp-content\/uploads\/2023\/11\/photo_5114166938765995287_y-1024x768.jpg\" alt=\"\" class=\"wp-image-4575\" srcset=\"https:\/\/alcaldiaalbertoadriani.com\/wp-content\/uploads\/2023\/11\/photo_5114166938765995287_y-1024x768.jpg 1024w, https:\/\/alcaldiaalbertoadriani.com\/wp-content\/uploads\/2023\/11\/photo_5114166938765995287_y-980x735.jpg 980w, https:\/\/alcaldiaalbertoadriani.com\/wp-content\/uploads\/2023\/11\/photo_5114166938765995287_y-480x360.jpg 480w\" sizes=\"auto, (min-width: 0px) and (max-width: 480px) 480px, (min-width: 481px) and (max-width: 980px) 980px, (min-width: 981px) 1024px, 100vw\" \/><\/figure>\n<\/figure>\n","protected":false},"excerpt":{"rendered":"<p>Este jueves en rueda de prensa los miembros del comit\u00e9 organizador y jurado calificador del Festival \u201cUna Canci\u00f3n para El Vig\u00eda\u201d, dieron a conocer los finalistas de las audiciones hechas [&hellip;]<\/p>\n","protected":false},"author":2,"featured_media":4570,"comment_status":"closed","ping_status":"closed","sticky":false,"template":"","format":"standard","meta":{"_et_pb_use_builder":"off","_et_pb_old_content":"","_et_gb_content_width":"","footnotes":""},"categories":[39,341,78,77,314,25],"tags":[31,11,12,15,29,28,570],"class_list":["post-4569","post","type-post","status-publish","format-standard","has-post-thumbnail","hentry","category-actividades-sociales","category-alcaldia-alberto-adriani","category-cultura","category-iamcaa","category-medios-de-comunicacion","category-nuestro-municipio","tag-alcalde","tag-alcaldia","tag-alcaldiaalbertoadriani","tag-elvigia","tag-municipioquenosmerecemos","tag-porelrenacer","tag-festival-cancion-el-vigia-finalistas"],"yoast_head":"<!-- This site is optimized with the Yoast SEO plugin v19.13 - https:\/\/yoast.com\/wordpress\/plugins\/seo\/ -->\n<title>Festival \u201cUna canci\u00f3n para El Vig\u00eda\u201d clasific\u00f3 a 11 finalistas - Alcaldia Alberto Adriani<\/title>\n<meta name=\"description\" content=\"Los miembros del comit\u00e9 organizador y jurado calificador del Festival \u201cUna Canci\u00f3n para El Vig\u00eda\u201d, dieron a conocer los finalistas de las audiciones.\" \/>\n<meta name=\"robots\" content=\"index, follow, max-snippet:-1, max-image-preview:large, max-video-preview:-1\" \/>\n<link rel=\"canonical\" href=\"https:\/\/alcaldiaalbertoadriani.com\/?p=4569\" \/>\n<meta property=\"og:locale\" content=\"es_ES\" \/>\n<meta property=\"og:type\" content=\"article\" \/>\n<meta property=\"og:title\" content=\"Festival \u201cUna canci\u00f3n para El Vig\u00eda\u201d clasific\u00f3 a 11 finalistas - Alcaldia Alberto Adriani\" \/>\n<meta property=\"og:description\" content=\"Los miembros del comit\u00e9 organizador y jurado calificador del Festival \u201cUna Canci\u00f3n para El Vig\u00eda\u201d, dieron a conocer los finalistas de las audiciones.\" \/>\n<meta property=\"og:url\" content=\"https:\/\/alcaldiaalbertoadriani.com\/?p=4569\" \/>\n<meta property=\"og:site_name\" content=\"Alcaldia Alberto Adriani\" \/>\n<meta property=\"article:published_time\" content=\"2023-11-24T00:19:23+00:00\" \/>\n<meta property=\"article:modified_time\" content=\"2023-11-24T00:19:28+00:00\" \/>\n<meta property=\"og:image\" content=\"https:\/\/alcaldiaalbertoadriani.com\/wp-content\/uploads\/2023\/11\/photo_5114126609023086293_y.jpg\" \/>\n\t<meta property=\"og:image:width\" content=\"1280\" \/>\n\t<meta property=\"og:image:height\" content=\"960\" \/>\n\t<meta property=\"og:image:type\" content=\"image\/jpeg\" \/>\n<meta name=\"author\" content=\"Prensa\" \/>\n<meta name=\"twitter:card\" content=\"summary_large_image\" \/>\n<meta name=\"twitter:label1\" content=\"Escrito por\" \/>\n\t<meta name=\"twitter:data1\" content=\"Prensa\" \/>\n\t<meta name=\"twitter:label2\" content=\"Tiempo de lectura\" \/>\n\t<meta name=\"twitter:data2\" content=\"5 minutos\" \/>\n<script type=\"application\/ld+json\" class=\"yoast-schema-graph\">{\"@context\":\"https:\/\/schema.org\",\"@graph\":[{\"@type\":\"WebPage\",\"@id\":\"https:\/\/alcaldiaalbertoadriani.com\/?p=4569\",\"url\":\"https:\/\/alcaldiaalbertoadriani.com\/?p=4569\",\"name\":\"Festival \u201cUna canci\u00f3n para El Vig\u00eda\u201d clasific\u00f3 a 11 finalistas - Alcaldia Alberto Adriani\",\"isPartOf\":{\"@id\":\"https:\/\/alcaldiaalbertoadriani.com\/#website\"},\"datePublished\":\"2023-11-24T00:19:23+00:00\",\"dateModified\":\"2023-11-24T00:19:28+00:00\",\"author\":{\"@id\":\"https:\/\/alcaldiaalbertoadriani.com\/#\/schema\/person\/549b4483ff8999ac780deeea78795fc9\"},\"description\":\"Los miembros del comit\u00e9 organizador y jurado calificador del Festival \u201cUna Canci\u00f3n para El Vig\u00eda\u201d, dieron a conocer los finalistas de las audiciones.\",\"breadcrumb\":{\"@id\":\"https:\/\/alcaldiaalbertoadriani.com\/?p=4569#breadcrumb\"},\"inLanguage\":\"es\",\"potentialAction\":[{\"@type\":\"ReadAction\",\"target\":[\"https:\/\/alcaldiaalbertoadriani.com\/?p=4569\"]}]},{\"@type\":\"BreadcrumbList\",\"@id\":\"https:\/\/alcaldiaalbertoadriani.com\/?p=4569#breadcrumb\",\"itemListElement\":[{\"@type\":\"ListItem\",\"position\":1,\"name\":\"Portada\",\"item\":\"https:\/\/alcaldiaalbertoadriani.com\/\"},{\"@type\":\"ListItem\",\"position\":2,\"name\":\"Festival \u201cUna canci\u00f3n para El Vig\u00eda\u201d clasific\u00f3 a 11 finalistas\"}]},{\"@type\":\"WebSite\",\"@id\":\"https:\/\/alcaldiaalbertoadriani.com\/#website\",\"url\":\"https:\/\/alcaldiaalbertoadriani.com\/\",\"name\":\"Alcaldia Alberto Adriani\",\"description\":\"\",\"potentialAction\":[{\"@type\":\"SearchAction\",\"target\":{\"@type\":\"EntryPoint\",\"urlTemplate\":\"https:\/\/alcaldiaalbertoadriani.com\/?s={search_term_string}\"},\"query-input\":\"required name=search_term_string\"}],\"inLanguage\":\"es\"},{\"@type\":\"Person\",\"@id\":\"https:\/\/alcaldiaalbertoadriani.com\/#\/schema\/person\/549b4483ff8999ac780deeea78795fc9\",\"name\":\"Prensa\",\"image\":{\"@type\":\"ImageObject\",\"inLanguage\":\"es\",\"@id\":\"https:\/\/alcaldiaalbertoadriani.com\/#\/schema\/person\/image\/\",\"url\":\"https:\/\/secure.gravatar.com\/avatar\/ea1cb567ea992a29627f4eee1c2eb185ec16decec6342d508fdf18dedb56c9de?s=96&d=mm&r=g\",\"contentUrl\":\"https:\/\/secure.gravatar.com\/avatar\/ea1cb567ea992a29627f4eee1c2eb185ec16decec6342d508fdf18dedb56c9de?s=96&d=mm&r=g\",\"caption\":\"Prensa\"},\"url\":\"https:\/\/alcaldiaalbertoadriani.com\/?author=2\"}]}<\/script>\n<!-- \/ Yoast SEO plugin. -->","yoast_head_json":{"title":"Festival \u201cUna canci\u00f3n para El Vig\u00eda\u201d clasific\u00f3 a 11 finalistas - Alcaldia Alberto Adriani","description":"Los miembros del comit\u00e9 organizador y jurado calificador del Festival \u201cUna Canci\u00f3n para El Vig\u00eda\u201d, dieron a conocer los finalistas de las audiciones.","robots":{"index":"index","follow":"follow","max-snippet":"max-snippet:-1","max-image-preview":"max-image-preview:large","max-video-preview":"max-video-preview:-1"},"canonical":"https:\/\/alcaldiaalbertoadriani.com\/?p=4569","og_locale":"es_ES","og_type":"article","og_title":"Festival \u201cUna canci\u00f3n para El Vig\u00eda\u201d clasific\u00f3 a 11 finalistas - Alcaldia Alberto Adriani","og_description":"Los miembros del comit\u00e9 organizador y jurado calificador del Festival \u201cUna Canci\u00f3n para El Vig\u00eda\u201d, dieron a conocer los finalistas de las audiciones.","og_url":"https:\/\/alcaldiaalbertoadriani.com\/?p=4569","og_site_name":"Alcaldia Alberto Adriani","article_published_time":"2023-11-24T00:19:23+00:00","article_modified_time":"2023-11-24T00:19:28+00:00","og_image":[{"width":1280,"height":960,"url":"https:\/\/alcaldiaalbertoadriani.com\/wp-content\/uploads\/2023\/11\/photo_5114126609023086293_y.jpg","type":"image\/jpeg"}],"author":"Prensa","twitter_card":"summary_large_image","twitter_misc":{"Escrito por":"Prensa","Tiempo de lectura":"5 minutos"},"schema":{"@context":"https:\/\/schema.org","@graph":[{"@type":"WebPage","@id":"https:\/\/alcaldiaalbertoadriani.com\/?p=4569","url":"https:\/\/alcaldiaalbertoadriani.com\/?p=4569","name":"Festival \u201cUna canci\u00f3n para El Vig\u00eda\u201d clasific\u00f3 a 11 finalistas - Alcaldia Alberto Adriani","isPartOf":{"@id":"https:\/\/alcaldiaalbertoadriani.com\/#website"},"datePublished":"2023-11-24T00:19:23+00:00","dateModified":"2023-11-24T00:19:28+00:00","author":{"@id":"https:\/\/alcaldiaalbertoadriani.com\/#\/schema\/person\/549b4483ff8999ac780deeea78795fc9"},"description":"Los miembros del comit\u00e9 organizador y jurado calificador del Festival \u201cUna Canci\u00f3n para El Vig\u00eda\u201d, dieron a conocer los finalistas de las audiciones.","breadcrumb":{"@id":"https:\/\/alcaldiaalbertoadriani.com\/?p=4569#breadcrumb"},"inLanguage":"es","potentialAction":[{"@type":"ReadAction","target":["https:\/\/alcaldiaalbertoadriani.com\/?p=4569"]}]},{"@type":"BreadcrumbList","@id":"https:\/\/alcaldiaalbertoadriani.com\/?p=4569#breadcrumb","itemListElement":[{"@type":"ListItem","position":1,"name":"Portada","item":"https:\/\/alcaldiaalbertoadriani.com\/"},{"@type":"ListItem","position":2,"name":"Festival \u201cUna canci\u00f3n para El Vig\u00eda\u201d clasific\u00f3 a 11 finalistas"}]},{"@type":"WebSite","@id":"https:\/\/alcaldiaalbertoadriani.com\/#website","url":"https:\/\/alcaldiaalbertoadriani.com\/","name":"Alcaldia Alberto Adriani","description":"","potentialAction":[{"@type":"SearchAction","target":{"@type":"EntryPoint","urlTemplate":"https:\/\/alcaldiaalbertoadriani.com\/?s={search_term_string}"},"query-input":"required name=search_term_string"}],"inLanguage":"es"},{"@type":"Person","@id":"https:\/\/alcaldiaalbertoadriani.com\/#\/schema\/person\/549b4483ff8999ac780deeea78795fc9","name":"Prensa","image":{"@type":"ImageObject","inLanguage":"es","@id":"https:\/\/alcaldiaalbertoadriani.com\/#\/schema\/person\/image\/","url":"https:\/\/secure.gravatar.com\/avatar\/ea1cb567ea992a29627f4eee1c2eb185ec16decec6342d508fdf18dedb56c9de?s=96&d=mm&r=g","contentUrl":"https:\/\/secure.gravatar.com\/avatar\/ea1cb567ea992a29627f4eee1c2eb185ec16decec6342d508fdf18dedb56c9de?s=96&d=mm&r=g","caption":"Prensa"},"url":"https:\/\/alcaldiaalbertoadriani.com\/?author=2"}]}},"_links":{"self":[{"href":"https:\/\/alcaldiaalbertoadriani.com\/index.php?rest_route=\/wp\/v2\/posts\/4569","targetHints":{"allow":["GET"]}}],"collection":[{"href":"https:\/\/alcaldiaalbertoadriani.com\/index.php?rest_route=\/wp\/v2\/posts"}],"about":[{"href":"https:\/\/alcaldiaalbertoadriani.com\/index.php?rest_route=\/wp\/v2\/types\/post"}],"author":[{"embeddable":true,"href":"https:\/\/alcaldiaalbertoadriani.com\/index.php?rest_route=\/wp\/v2\/users\/2"}],"replies":[{"embeddable":true,"href":"https:\/\/alcaldiaalbertoadriani.com\/index.php?rest_route=%2Fwp%2Fv2%2Fcomments&post=4569"}],"version-history":[{"count":1,"href":"https:\/\/alcaldiaalbertoadriani.com\/index.php?rest_route=\/wp\/v2\/posts\/4569\/revisions"}],"predecessor-version":[{"id":4577,"href":"https:\/\/alcaldiaalbertoadriani.com\/index.php?rest_route=\/wp\/v2\/posts\/4569\/revisions\/4577"}],"wp:featuredmedia":[{"embeddable":true,"href":"https:\/\/alcaldiaalbertoadriani.com\/index.php?rest_route=\/wp\/v2\/media\/4570"}],"wp:attachment":[{"href":"https:\/\/alcaldiaalbertoadriani.com\/index.php?rest_route=%2Fwp%2Fv2%2Fmedia&parent=4569"}],"wp:term":[{"taxonomy":"category","embeddable":true,"href":"https:\/\/alcaldiaalbertoadriani.com\/index.php?rest_route=%2Fwp%2Fv2%2Fcategories&post=4569"},{"taxonomy":"post_tag","embeddable":true,"href":"https:\/\/alcaldiaalbertoadriani.com\/index.php?rest_route=%2Fwp%2Fv2%2Ftags&post=4569"}],"curies":[{"name":"wp","href":"https:\/\/api.w.org\/{rel}","templated":true}]}}