{"id":4539,"date":"2023-11-22T22:46:19","date_gmt":"2023-11-22T22:46:19","guid":{"rendered":"https:\/\/alcaldiaalbertoadriani.com\/?p=4539"},"modified":"2023-11-22T22:46:23","modified_gmt":"2023-11-22T22:46:23","slug":"audiciones-festival-cancion-el-vigia","status":"publish","type":"post","link":"https:\/\/alcaldiaalbertoadriani.com\/?p=4539","title":{"rendered":"Iamcaa inici\u00f3 audiciones del Festival &#8220;Una Canci\u00f3n para El Vig\u00eda&#8221;"},"content":{"rendered":"<div class=\"wp-block-post-excerpt\"><p class=\"wp-block-post-excerpt__excerpt\">El evento cont\u00f3 con la presencia del alcalde Lisandro Segura <\/p><\/div>\n\n\n<p>Con un derroche de talento este martes 21 de noviembre, el <a href=\"https:\/\/alcaldiaalbertoadriani.com\/?p=2526\" target=\"_blank\" rel=\"noreferrer noopener\">Instituto Aut\u00f3nomo Municipal de la Cultura -Iamcaa-<\/a>, inici\u00f3 las audiciones del <a href=\"https:\/\/alcaldiaalbertoadriani.com\/?p=3287\">Festival &#8220;Una Canci\u00f3n para El Vig\u00eda&#8221;<\/a>. La actividad se efectu\u00f3 en el auditorio &#8220;Eduardo Escalante&#8221; de la <a href=\"https:\/\/alcaldiaalbertoadriani.com\/?p=2783\" target=\"_blank\" rel=\"noreferrer noopener\">Asociaci\u00f3n de Ganaderos y Agricultores de Alberto Adriani \u2013Asodegaa-<\/a>.<\/p>\n\n\n\n<h2 class=\"wp-block-heading\">Audiciones del Festival &#8220;Una Canci\u00f3n para El Vig\u00eda&#8221;<\/h2>\n\n\n\n<p>Al respecto, Keibert Rojas, presidente del <a href=\"https:\/\/alcaldiaalbertoadriani.com\/?p=2271\" target=\"_blank\" rel=\"noreferrer noopener\">Iamcaa<\/a>, se\u00f1al\u00f3 que un total de 17 artistas se presentaron en los turnos de la ma\u00f1ana y tarde, con sus respectivas letras en las diferentes categor\u00edas y g\u00e9neros.<\/p>\n\n\n\n<p>Vale destacar que la jornada consta de dos etapas y se desarrollar\u00e1n entre los d\u00edas 21 y 22 de noviembre en el referido lugar.<\/p>\n\n\n\n<figure class=\"wp-block-image size-large\"><img loading=\"lazy\" decoding=\"async\" width=\"1024\" height=\"768\" src=\"https:\/\/alcaldiaalbertoadriani.com\/wp-content\/uploads\/2023\/11\/photo_5109793330618805410_y-1024x768.jpg\" alt=\"\" class=\"wp-image-4541\" srcset=\"https:\/\/alcaldiaalbertoadriani.com\/wp-content\/uploads\/2023\/11\/photo_5109793330618805410_y-1024x768.jpg 1024w, https:\/\/alcaldiaalbertoadriani.com\/wp-content\/uploads\/2023\/11\/photo_5109793330618805410_y-980x735.jpg 980w, https:\/\/alcaldiaalbertoadriani.com\/wp-content\/uploads\/2023\/11\/photo_5109793330618805410_y-480x360.jpg 480w\" sizes=\"auto, (min-width: 0px) and (max-width: 480px) 480px, (min-width: 481px) and (max-width: 980px) 980px, (min-width: 981px) 1024px, 100vw\" \/><\/figure>\n\n\n\n<!--more-->\n\n\n\n<h2 class=\"wp-block-heading\">Turno de la ma\u00f1ana<\/h2>\n\n\n\n<p>Explic\u00f3 Keibert Rojas que en el turno de la ma\u00f1ana disfrutaron de las categor\u00edas infantil, amateur y profesional, quienes interpretaron los temas &#8220;Una flor para El Vig\u00eda&#8221;; &#8220;Vig\u00eda de mis Ensue\u00f1os&#8221;; &#8220;Sol de mi Vig\u00eda&#8221;, &#8220;Esplendor Vig\u00edense&#8221;; &#8220;Una Canci\u00f3n para El Vig\u00eda&#8221;; &#8220;Rapsodia de La Vig\u00eda&#8221;; &#8220;El Vig\u00eda Llano M\u00edo&#8221;; &#8220;Vig\u00eda Se\u00f1orial&#8221;; &#8220;El Vig\u00eda Flor del Sur del Lago&#8221;; &#8220;Vig\u00eda Deseante&#8221; y &#8220;A\u00f1oranza&#8221;.<\/p>\n\n\n\n<figure class=\"wp-block-image size-large\"><img loading=\"lazy\" decoding=\"async\" width=\"1024\" height=\"768\" src=\"https:\/\/alcaldiaalbertoadriani.com\/wp-content\/uploads\/2023\/11\/photo_5109793330618805444_y-1024x768.jpg\" alt=\"\" class=\"wp-image-4542\" srcset=\"https:\/\/alcaldiaalbertoadriani.com\/wp-content\/uploads\/2023\/11\/photo_5109793330618805444_y-1024x768.jpg 1024w, https:\/\/alcaldiaalbertoadriani.com\/wp-content\/uploads\/2023\/11\/photo_5109793330618805444_y-980x735.jpg 980w, https:\/\/alcaldiaalbertoadriani.com\/wp-content\/uploads\/2023\/11\/photo_5109793330618805444_y-480x360.jpg 480w\" sizes=\"auto, (min-width: 0px) and (max-width: 480px) 480px, (min-width: 481px) and (max-width: 980px) 980px, (min-width: 981px) 1024px, 100vw\" \/><\/figure>\n\n\n\n<h2 class=\"wp-block-heading\">Turno de la tarde<\/h2>\n\n\n\n<p>Acot\u00f3 el funcionario que, en el turno de la tarde le correspondi\u00f3 a las categor\u00edas amateur y profesional, representado en los g\u00e9neros venezolanos, vals, gaitas, d\u00e9cima, danza zuliana y pop baladas.<\/p>\n\n\n\n<h2 class=\"wp-block-heading\">Agradecimientos<\/h2>\n\n\n\n<p>Rojas agradeci\u00f3 la presencia del <a href=\"https:\/\/www.facebook.com\/LisandroRamirezSegura\" target=\"_blank\" rel=\"noreferrer noopener\">alcalde Lisandro Segura<\/a> y Alfredo Mendoza, director General del ente municipal, asimismo a Orlando Carvajal, Cronista del municipio Alberto Adriani y Pedro Parra, director del Archivo Hist\u00f3rico.<\/p>\n\n\n\n<p>&#8220;Tambi\u00e9n el Jurado Calificador que nos acompa\u00f1\u00f3 en los dos turnos de la ma\u00f1ana y tarde para evaluar a cada uno de los participantes&#8221;, refiri\u00f3. Para concluir, el titular del Iamcaa, recalc\u00f3 que el instituto ha venido marcando varios precedentes, &#8220;primero con las dos actividades que tuvimos con las galer\u00edas de artes, luego el primer Encuentro Municipal de Danza y ahora el <a href=\"https:\/\/alcaldiaalbertoadriani.com\/?p=4503\" target=\"_blank\" rel=\"noreferrer noopener\">Festival &#8220;Una Canci\u00f3n para El Vig\u00eda&#8221;<\/a>. <strong>Prensa <a href=\"https:\/\/www.facebook.com\/alcaldiaaa\" target=\"_blank\" rel=\"noreferrer noopener\">Alcald\u00eda Alberto Adriani<\/a>\/Edgar Mendoza CNP.25.736\/Fotos: Yorman Parra.<\/strong><\/p>\n\n\n\n<figure class=\"wp-block-gallery has-nested-images columns-default is-cropped wp-block-gallery-1 is-layout-flex wp-block-gallery-is-layout-flex\">\n<figure class=\"wp-block-image size-large\"><img loading=\"lazy\" decoding=\"async\" width=\"1024\" height=\"768\" data-id=\"4543\" src=\"https:\/\/alcaldiaalbertoadriani.com\/wp-content\/uploads\/2023\/11\/photo_5109793330618805373_y-1024x768.jpg\" alt=\"\" class=\"wp-image-4543\" srcset=\"https:\/\/alcaldiaalbertoadriani.com\/wp-content\/uploads\/2023\/11\/photo_5109793330618805373_y-1024x768.jpg 1024w, https:\/\/alcaldiaalbertoadriani.com\/wp-content\/uploads\/2023\/11\/photo_5109793330618805373_y-980x735.jpg 980w, https:\/\/alcaldiaalbertoadriani.com\/wp-content\/uploads\/2023\/11\/photo_5109793330618805373_y-480x360.jpg 480w\" sizes=\"auto, (min-width: 0px) and (max-width: 480px) 480px, (min-width: 481px) and (max-width: 980px) 980px, (min-width: 981px) 1024px, 100vw\" \/><\/figure>\n\n\n\n<figure class=\"wp-block-image size-large\"><img loading=\"lazy\" decoding=\"async\" width=\"1024\" height=\"768\" data-id=\"4545\" src=\"https:\/\/alcaldiaalbertoadriani.com\/wp-content\/uploads\/2023\/11\/photo_5109793330618805391_y-1024x768.jpg\" alt=\"\" class=\"wp-image-4545\" srcset=\"https:\/\/alcaldiaalbertoadriani.com\/wp-content\/uploads\/2023\/11\/photo_5109793330618805391_y-1024x768.jpg 1024w, https:\/\/alcaldiaalbertoadriani.com\/wp-content\/uploads\/2023\/11\/photo_5109793330618805391_y-980x735.jpg 980w, https:\/\/alcaldiaalbertoadriani.com\/wp-content\/uploads\/2023\/11\/photo_5109793330618805391_y-480x360.jpg 480w\" sizes=\"auto, (min-width: 0px) and (max-width: 480px) 480px, (min-width: 481px) and (max-width: 980px) 980px, (min-width: 981px) 1024px, 100vw\" \/><\/figure>\n\n\n\n<figure class=\"wp-block-image size-large\"><img loading=\"lazy\" decoding=\"async\" width=\"1024\" height=\"768\" data-id=\"4546\" src=\"https:\/\/alcaldiaalbertoadriani.com\/wp-content\/uploads\/2023\/11\/photo_5109793330618805416_y-1024x768.jpg\" alt=\"\" class=\"wp-image-4546\" srcset=\"https:\/\/alcaldiaalbertoadriani.com\/wp-content\/uploads\/2023\/11\/photo_5109793330618805416_y-1024x768.jpg 1024w, https:\/\/alcaldiaalbertoadriani.com\/wp-content\/uploads\/2023\/11\/photo_5109793330618805416_y-980x735.jpg 980w, https:\/\/alcaldiaalbertoadriani.com\/wp-content\/uploads\/2023\/11\/photo_5109793330618805416_y-480x360.jpg 480w\" sizes=\"auto, (min-width: 0px) and (max-width: 480px) 480px, (min-width: 481px) and (max-width: 980px) 980px, (min-width: 981px) 1024px, 100vw\" \/><\/figure>\n\n\n\n<figure class=\"wp-block-image size-large\"><img loading=\"lazy\" decoding=\"async\" width=\"1024\" height=\"768\" data-id=\"4549\" src=\"https:\/\/alcaldiaalbertoadriani.com\/wp-content\/uploads\/2023\/11\/photo_5109793330618805419_y-1024x768.jpg\" alt=\"\" class=\"wp-image-4549\" srcset=\"https:\/\/alcaldiaalbertoadriani.com\/wp-content\/uploads\/2023\/11\/photo_5109793330618805419_y-1024x768.jpg 1024w, https:\/\/alcaldiaalbertoadriani.com\/wp-content\/uploads\/2023\/11\/photo_5109793330618805419_y-980x735.jpg 980w, https:\/\/alcaldiaalbertoadriani.com\/wp-content\/uploads\/2023\/11\/photo_5109793330618805419_y-480x360.jpg 480w\" sizes=\"auto, (min-width: 0px) and (max-width: 480px) 480px, (min-width: 481px) and (max-width: 980px) 980px, (min-width: 981px) 1024px, 100vw\" \/><\/figure>\n\n\n\n<figure class=\"wp-block-image size-large\"><img loading=\"lazy\" decoding=\"async\" width=\"1024\" height=\"768\" data-id=\"4544\" src=\"https:\/\/alcaldiaalbertoadriani.com\/wp-content\/uploads\/2023\/11\/photo_5109793330618805436_y-1024x768.jpg\" alt=\"\" class=\"wp-image-4544\" srcset=\"https:\/\/alcaldiaalbertoadriani.com\/wp-content\/uploads\/2023\/11\/photo_5109793330618805436_y-1024x768.jpg 1024w, https:\/\/alcaldiaalbertoadriani.com\/wp-content\/uploads\/2023\/11\/photo_5109793330618805436_y-980x735.jpg 980w, https:\/\/alcaldiaalbertoadriani.com\/wp-content\/uploads\/2023\/11\/photo_5109793330618805436_y-480x360.jpg 480w\" sizes=\"auto, (min-width: 0px) and (max-width: 480px) 480px, (min-width: 481px) and (max-width: 980px) 980px, (min-width: 981px) 1024px, 100vw\" \/><\/figure>\n\n\n\n<figure class=\"wp-block-image size-large\"><img loading=\"lazy\" decoding=\"async\" width=\"1024\" height=\"768\" data-id=\"4552\" src=\"https:\/\/alcaldiaalbertoadriani.com\/wp-content\/uploads\/2023\/11\/photo_5109793330618805450_y-1024x768.jpg\" alt=\"\" class=\"wp-image-4552\" srcset=\"https:\/\/alcaldiaalbertoadriani.com\/wp-content\/uploads\/2023\/11\/photo_5109793330618805450_y-1024x768.jpg 1024w, https:\/\/alcaldiaalbertoadriani.com\/wp-content\/uploads\/2023\/11\/photo_5109793330618805450_y-980x735.jpg 980w, https:\/\/alcaldiaalbertoadriani.com\/wp-content\/uploads\/2023\/11\/photo_5109793330618805450_y-480x360.jpg 480w\" sizes=\"auto, (min-width: 0px) and (max-width: 480px) 480px, (min-width: 481px) and (max-width: 980px) 980px, (min-width: 981px) 1024px, 100vw\" \/><\/figure>\n\n\n\n<figure class=\"wp-block-image size-large\"><img loading=\"lazy\" decoding=\"async\" width=\"1024\" height=\"768\" data-id=\"4553\" src=\"https:\/\/alcaldiaalbertoadriani.com\/wp-content\/uploads\/2023\/11\/photo_5109793330618805462_y-1024x768.jpg\" alt=\"\" class=\"wp-image-4553\" srcset=\"https:\/\/alcaldiaalbertoadriani.com\/wp-content\/uploads\/2023\/11\/photo_5109793330618805462_y-1024x768.jpg 1024w, https:\/\/alcaldiaalbertoadriani.com\/wp-content\/uploads\/2023\/11\/photo_5109793330618805462_y-980x735.jpg 980w, https:\/\/alcaldiaalbertoadriani.com\/wp-content\/uploads\/2023\/11\/photo_5109793330618805462_y-480x360.jpg 480w\" sizes=\"auto, (min-width: 0px) and (max-width: 480px) 480px, (min-width: 481px) and (max-width: 980px) 980px, (min-width: 981px) 1024px, 100vw\" \/><\/figure>\n\n\n\n<figure class=\"wp-block-image size-large\"><img loading=\"lazy\" decoding=\"async\" width=\"1024\" height=\"768\" data-id=\"4547\" src=\"https:\/\/alcaldiaalbertoadriani.com\/wp-content\/uploads\/2023\/11\/photo_5109793330618805485_y-1024x768.jpg\" alt=\"\" class=\"wp-image-4547\" srcset=\"https:\/\/alcaldiaalbertoadriani.com\/wp-content\/uploads\/2023\/11\/photo_5109793330618805485_y-1024x768.jpg 1024w, https:\/\/alcaldiaalbertoadriani.com\/wp-content\/uploads\/2023\/11\/photo_5109793330618805485_y-980x735.jpg 980w, https:\/\/alcaldiaalbertoadriani.com\/wp-content\/uploads\/2023\/11\/photo_5109793330618805485_y-480x360.jpg 480w\" sizes=\"auto, (min-width: 0px) and (max-width: 480px) 480px, (min-width: 481px) and (max-width: 980px) 980px, (min-width: 981px) 1024px, 100vw\" \/><\/figure>\n\n\n\n<figure class=\"wp-block-image size-large\"><img loading=\"lazy\" decoding=\"async\" width=\"1024\" height=\"768\" data-id=\"4551\" src=\"https:\/\/alcaldiaalbertoadriani.com\/wp-content\/uploads\/2023\/11\/photo_5111730395229039932_y-1024x768.jpg\" alt=\"\" class=\"wp-image-4551\" srcset=\"https:\/\/alcaldiaalbertoadriani.com\/wp-content\/uploads\/2023\/11\/photo_5111730395229039932_y-1024x768.jpg 1024w, https:\/\/alcaldiaalbertoadriani.com\/wp-content\/uploads\/2023\/11\/photo_5111730395229039932_y-980x735.jpg 980w, https:\/\/alcaldiaalbertoadriani.com\/wp-content\/uploads\/2023\/11\/photo_5111730395229039932_y-480x360.jpg 480w\" sizes=\"auto, (min-width: 0px) and (max-width: 480px) 480px, (min-width: 481px) and (max-width: 980px) 980px, (min-width: 981px) 1024px, 100vw\" \/><\/figure>\n\n\n\n<figure class=\"wp-block-image size-large\"><img loading=\"lazy\" decoding=\"async\" width=\"1024\" height=\"768\" data-id=\"4550\" src=\"https:\/\/alcaldiaalbertoadriani.com\/wp-content\/uploads\/2023\/11\/photo_5111730395229039940_y-1024x768.jpg\" alt=\"\" class=\"wp-image-4550\" srcset=\"https:\/\/alcaldiaalbertoadriani.com\/wp-content\/uploads\/2023\/11\/photo_5111730395229039940_y-1024x768.jpg 1024w, https:\/\/alcaldiaalbertoadriani.com\/wp-content\/uploads\/2023\/11\/photo_5111730395229039940_y-980x735.jpg 980w, https:\/\/alcaldiaalbertoadriani.com\/wp-content\/uploads\/2023\/11\/photo_5111730395229039940_y-480x360.jpg 480w\" sizes=\"auto, (min-width: 0px) and (max-width: 480px) 480px, (min-width: 481px) and (max-width: 980px) 980px, (min-width: 981px) 1024px, 100vw\" \/><\/figure>\n\n\n\n<figure class=\"wp-block-image size-large\"><img loading=\"lazy\" decoding=\"async\" width=\"1024\" height=\"768\" data-id=\"4548\" src=\"https:\/\/alcaldiaalbertoadriani.com\/wp-content\/uploads\/2023\/11\/photo_5111730395229039952_y-1024x768.jpg\" alt=\"\" class=\"wp-image-4548\" srcset=\"https:\/\/alcaldiaalbertoadriani.com\/wp-content\/uploads\/2023\/11\/photo_5111730395229039952_y-1024x768.jpg 1024w, https:\/\/alcaldiaalbertoadriani.com\/wp-content\/uploads\/2023\/11\/photo_5111730395229039952_y-980x735.jpg 980w, https:\/\/alcaldiaalbertoadriani.com\/wp-content\/uploads\/2023\/11\/photo_5111730395229039952_y-480x360.jpg 480w\" sizes=\"auto, (min-width: 0px) and (max-width: 480px) 480px, (min-width: 481px) and (max-width: 980px) 980px, (min-width: 981px) 1024px, 100vw\" \/><\/figure>\n<\/figure>\n","protected":false},"excerpt":{"rendered":"<p><em><strong>El evento cont\u00f3 con la presencia del alcalde Lisandro Segura<\/strong><\/em><\/p>\n","protected":false},"author":2,"featured_media":4540,"comment_status":"closed","ping_status":"closed","sticky":false,"template":"","format":"standard","meta":{"_et_pb_use_builder":"off","_et_pb_old_content":"","_et_gb_content_width":"","footnotes":""},"categories":[39,341,78,175,77,25],"tags":[31,11,12,15,30,29,28,567],"class_list":["post-4539","post","type-post","status-publish","format-standard","has-post-thumbnail","hentry","category-actividades-sociales","category-alcaldia-alberto-adriani","category-cultura","category-gestion-municipal","category-iamcaa","category-nuestro-municipio","tag-alcalde","tag-alcaldia","tag-alcaldiaalbertoadriani","tag-elvigia","tag-lisandrosegura","tag-municipioquenosmerecemos","tag-porelrenacer","tag-audiciones-festival-cancion-el-vigia"],"yoast_head":"<!-- This site is optimized with the Yoast SEO plugin v19.13 - https:\/\/yoast.com\/wordpress\/plugins\/seo\/ -->\n<title>Iamcaa inici\u00f3 audiciones del Festival &quot;Una Canci\u00f3n para El Vig\u00eda&quot; - Alcaldia Alberto Adriani<\/title>\n<meta name=\"description\" content=\"Este martes 21 de noviembre, el Instituto Aut\u00f3nomo Municipal de la Cultura, inici\u00f3 las audiciones del Festival &quot;Una Canci\u00f3n para El Vig\u00eda&quot;.\" \/>\n<meta name=\"robots\" content=\"index, follow, max-snippet:-1, max-image-preview:large, max-video-preview:-1\" \/>\n<link rel=\"canonical\" href=\"https:\/\/alcaldiaalbertoadriani.com\/?p=4539\" \/>\n<meta property=\"og:locale\" content=\"es_ES\" \/>\n<meta property=\"og:type\" content=\"article\" \/>\n<meta property=\"og:title\" content=\"Iamcaa inici\u00f3 audiciones del Festival &quot;Una Canci\u00f3n para El Vig\u00eda&quot; - Alcaldia Alberto Adriani\" \/>\n<meta property=\"og:description\" content=\"Este martes 21 de noviembre, el Instituto Aut\u00f3nomo Municipal de la Cultura, inici\u00f3 las audiciones del Festival &quot;Una Canci\u00f3n para El Vig\u00eda&quot;.\" \/>\n<meta property=\"og:url\" content=\"https:\/\/alcaldiaalbertoadriani.com\/?p=4539\" \/>\n<meta property=\"og:site_name\" content=\"Alcaldia Alberto Adriani\" \/>\n<meta property=\"article:published_time\" content=\"2023-11-22T22:46:19+00:00\" \/>\n<meta property=\"article:modified_time\" content=\"2023-11-22T22:46:23+00:00\" \/>\n<meta property=\"og:image\" content=\"https:\/\/alcaldiaalbertoadriani.com\/wp-content\/uploads\/2023\/11\/photo_5109793330618805497_y.jpg\" \/>\n\t<meta property=\"og:image:width\" content=\"1280\" \/>\n\t<meta property=\"og:image:height\" content=\"960\" \/>\n\t<meta property=\"og:image:type\" content=\"image\/jpeg\" \/>\n<meta name=\"author\" content=\"Prensa\" \/>\n<meta name=\"twitter:card\" content=\"summary_large_image\" \/>\n<meta name=\"twitter:label1\" content=\"Escrito por\" \/>\n\t<meta name=\"twitter:data1\" content=\"Prensa\" \/>\n\t<meta name=\"twitter:label2\" content=\"Tiempo de lectura\" \/>\n\t<meta name=\"twitter:data2\" content=\"5 minutos\" \/>\n<script type=\"application\/ld+json\" class=\"yoast-schema-graph\">{\"@context\":\"https:\/\/schema.org\",\"@graph\":[{\"@type\":\"WebPage\",\"@id\":\"https:\/\/alcaldiaalbertoadriani.com\/?p=4539\",\"url\":\"https:\/\/alcaldiaalbertoadriani.com\/?p=4539\",\"name\":\"Iamcaa inici\u00f3 audiciones del Festival \\\"Una Canci\u00f3n para El Vig\u00eda\\\" - Alcaldia Alberto Adriani\",\"isPartOf\":{\"@id\":\"https:\/\/alcaldiaalbertoadriani.com\/#website\"},\"datePublished\":\"2023-11-22T22:46:19+00:00\",\"dateModified\":\"2023-11-22T22:46:23+00:00\",\"author\":{\"@id\":\"https:\/\/alcaldiaalbertoadriani.com\/#\/schema\/person\/549b4483ff8999ac780deeea78795fc9\"},\"description\":\"Este martes 21 de noviembre, el Instituto Aut\u00f3nomo Municipal de la Cultura, inici\u00f3 las audiciones del Festival \\\"Una Canci\u00f3n para El Vig\u00eda\\\".\",\"breadcrumb\":{\"@id\":\"https:\/\/alcaldiaalbertoadriani.com\/?p=4539#breadcrumb\"},\"inLanguage\":\"es\",\"potentialAction\":[{\"@type\":\"ReadAction\",\"target\":[\"https:\/\/alcaldiaalbertoadriani.com\/?p=4539\"]}]},{\"@type\":\"BreadcrumbList\",\"@id\":\"https:\/\/alcaldiaalbertoadriani.com\/?p=4539#breadcrumb\",\"itemListElement\":[{\"@type\":\"ListItem\",\"position\":1,\"name\":\"Portada\",\"item\":\"https:\/\/alcaldiaalbertoadriani.com\/\"},{\"@type\":\"ListItem\",\"position\":2,\"name\":\"Iamcaa inici\u00f3 audiciones del Festival &#8220;Una Canci\u00f3n para El Vig\u00eda&#8221;\"}]},{\"@type\":\"WebSite\",\"@id\":\"https:\/\/alcaldiaalbertoadriani.com\/#website\",\"url\":\"https:\/\/alcaldiaalbertoadriani.com\/\",\"name\":\"Alcaldia Alberto Adriani\",\"description\":\"\",\"potentialAction\":[{\"@type\":\"SearchAction\",\"target\":{\"@type\":\"EntryPoint\",\"urlTemplate\":\"https:\/\/alcaldiaalbertoadriani.com\/?s={search_term_string}\"},\"query-input\":\"required name=search_term_string\"}],\"inLanguage\":\"es\"},{\"@type\":\"Person\",\"@id\":\"https:\/\/alcaldiaalbertoadriani.com\/#\/schema\/person\/549b4483ff8999ac780deeea78795fc9\",\"name\":\"Prensa\",\"image\":{\"@type\":\"ImageObject\",\"inLanguage\":\"es\",\"@id\":\"https:\/\/alcaldiaalbertoadriani.com\/#\/schema\/person\/image\/\",\"url\":\"https:\/\/secure.gravatar.com\/avatar\/ea1cb567ea992a29627f4eee1c2eb185ec16decec6342d508fdf18dedb56c9de?s=96&d=mm&r=g\",\"contentUrl\":\"https:\/\/secure.gravatar.com\/avatar\/ea1cb567ea992a29627f4eee1c2eb185ec16decec6342d508fdf18dedb56c9de?s=96&d=mm&r=g\",\"caption\":\"Prensa\"},\"url\":\"https:\/\/alcaldiaalbertoadriani.com\/?author=2\"}]}<\/script>\n<!-- \/ Yoast SEO plugin. -->","yoast_head_json":{"title":"Iamcaa inici\u00f3 audiciones del Festival \"Una Canci\u00f3n para El Vig\u00eda\" - Alcaldia Alberto Adriani","description":"Este martes 21 de noviembre, el Instituto Aut\u00f3nomo Municipal de la Cultura, inici\u00f3 las audiciones del Festival \"Una Canci\u00f3n para El Vig\u00eda\".","robots":{"index":"index","follow":"follow","max-snippet":"max-snippet:-1","max-image-preview":"max-image-preview:large","max-video-preview":"max-video-preview:-1"},"canonical":"https:\/\/alcaldiaalbertoadriani.com\/?p=4539","og_locale":"es_ES","og_type":"article","og_title":"Iamcaa inici\u00f3 audiciones del Festival \"Una Canci\u00f3n para El Vig\u00eda\" - Alcaldia Alberto Adriani","og_description":"Este martes 21 de noviembre, el Instituto Aut\u00f3nomo Municipal de la Cultura, inici\u00f3 las audiciones del Festival \"Una Canci\u00f3n para El Vig\u00eda\".","og_url":"https:\/\/alcaldiaalbertoadriani.com\/?p=4539","og_site_name":"Alcaldia Alberto Adriani","article_published_time":"2023-11-22T22:46:19+00:00","article_modified_time":"2023-11-22T22:46:23+00:00","og_image":[{"width":1280,"height":960,"url":"https:\/\/alcaldiaalbertoadriani.com\/wp-content\/uploads\/2023\/11\/photo_5109793330618805497_y.jpg","type":"image\/jpeg"}],"author":"Prensa","twitter_card":"summary_large_image","twitter_misc":{"Escrito por":"Prensa","Tiempo de lectura":"5 minutos"},"schema":{"@context":"https:\/\/schema.org","@graph":[{"@type":"WebPage","@id":"https:\/\/alcaldiaalbertoadriani.com\/?p=4539","url":"https:\/\/alcaldiaalbertoadriani.com\/?p=4539","name":"Iamcaa inici\u00f3 audiciones del Festival \"Una Canci\u00f3n para El Vig\u00eda\" - Alcaldia Alberto Adriani","isPartOf":{"@id":"https:\/\/alcaldiaalbertoadriani.com\/#website"},"datePublished":"2023-11-22T22:46:19+00:00","dateModified":"2023-11-22T22:46:23+00:00","author":{"@id":"https:\/\/alcaldiaalbertoadriani.com\/#\/schema\/person\/549b4483ff8999ac780deeea78795fc9"},"description":"Este martes 21 de noviembre, el Instituto Aut\u00f3nomo Municipal de la Cultura, inici\u00f3 las audiciones del Festival \"Una Canci\u00f3n para El Vig\u00eda\".","breadcrumb":{"@id":"https:\/\/alcaldiaalbertoadriani.com\/?p=4539#breadcrumb"},"inLanguage":"es","potentialAction":[{"@type":"ReadAction","target":["https:\/\/alcaldiaalbertoadriani.com\/?p=4539"]}]},{"@type":"BreadcrumbList","@id":"https:\/\/alcaldiaalbertoadriani.com\/?p=4539#breadcrumb","itemListElement":[{"@type":"ListItem","position":1,"name":"Portada","item":"https:\/\/alcaldiaalbertoadriani.com\/"},{"@type":"ListItem","position":2,"name":"Iamcaa inici\u00f3 audiciones del Festival &#8220;Una Canci\u00f3n para El Vig\u00eda&#8221;"}]},{"@type":"WebSite","@id":"https:\/\/alcaldiaalbertoadriani.com\/#website","url":"https:\/\/alcaldiaalbertoadriani.com\/","name":"Alcaldia Alberto Adriani","description":"","potentialAction":[{"@type":"SearchAction","target":{"@type":"EntryPoint","urlTemplate":"https:\/\/alcaldiaalbertoadriani.com\/?s={search_term_string}"},"query-input":"required name=search_term_string"}],"inLanguage":"es"},{"@type":"Person","@id":"https:\/\/alcaldiaalbertoadriani.com\/#\/schema\/person\/549b4483ff8999ac780deeea78795fc9","name":"Prensa","image":{"@type":"ImageObject","inLanguage":"es","@id":"https:\/\/alcaldiaalbertoadriani.com\/#\/schema\/person\/image\/","url":"https:\/\/secure.gravatar.com\/avatar\/ea1cb567ea992a29627f4eee1c2eb185ec16decec6342d508fdf18dedb56c9de?s=96&d=mm&r=g","contentUrl":"https:\/\/secure.gravatar.com\/avatar\/ea1cb567ea992a29627f4eee1c2eb185ec16decec6342d508fdf18dedb56c9de?s=96&d=mm&r=g","caption":"Prensa"},"url":"https:\/\/alcaldiaalbertoadriani.com\/?author=2"}]}},"_links":{"self":[{"href":"https:\/\/alcaldiaalbertoadriani.com\/index.php?rest_route=\/wp\/v2\/posts\/4539","targetHints":{"allow":["GET"]}}],"collection":[{"href":"https:\/\/alcaldiaalbertoadriani.com\/index.php?rest_route=\/wp\/v2\/posts"}],"about":[{"href":"https:\/\/alcaldiaalbertoadriani.com\/index.php?rest_route=\/wp\/v2\/types\/post"}],"author":[{"embeddable":true,"href":"https:\/\/alcaldiaalbertoadriani.com\/index.php?rest_route=\/wp\/v2\/users\/2"}],"replies":[{"embeddable":true,"href":"https:\/\/alcaldiaalbertoadriani.com\/index.php?rest_route=%2Fwp%2Fv2%2Fcomments&post=4539"}],"version-history":[{"count":1,"href":"https:\/\/alcaldiaalbertoadriani.com\/index.php?rest_route=\/wp\/v2\/posts\/4539\/revisions"}],"predecessor-version":[{"id":4554,"href":"https:\/\/alcaldiaalbertoadriani.com\/index.php?rest_route=\/wp\/v2\/posts\/4539\/revisions\/4554"}],"wp:featuredmedia":[{"embeddable":true,"href":"https:\/\/alcaldiaalbertoadriani.com\/index.php?rest_route=\/wp\/v2\/media\/4540"}],"wp:attachment":[{"href":"https:\/\/alcaldiaalbertoadriani.com\/index.php?rest_route=%2Fwp%2Fv2%2Fmedia&parent=4539"}],"wp:term":[{"taxonomy":"category","embeddable":true,"href":"https:\/\/alcaldiaalbertoadriani.com\/index.php?rest_route=%2Fwp%2Fv2%2Fcategories&post=4539"},{"taxonomy":"post_tag","embeddable":true,"href":"https:\/\/alcaldiaalbertoadriani.com\/index.php?rest_route=%2Fwp%2Fv2%2Ftags&post=4539"}],"curies":[{"name":"wp","href":"https:\/\/api.w.org\/{rel}","templated":true}]}}