{"id":4537,"date":"2023-11-23T02:11:08","date_gmt":"2023-11-23T02:11:08","guid":{"rendered":"https:\/\/alcaldiaalbertoadriani.com\/?p=4537"},"modified":"2023-11-23T02:11:12","modified_gmt":"2023-11-23T02:11:12","slug":"culminaron-audiociones-cancion-el-vigia","status":"publish","type":"post","link":"https:\/\/alcaldiaalbertoadriani.com\/?p=4537","title":{"rendered":"Culminaron con \u00e9xito audiciones del Festival Una Canci\u00f3n para El Vig\u00eda"},"content":{"rendered":"<div class=\"wp-block-post-excerpt\"><p class=\"wp-block-post-excerpt__excerpt\">Los resultados ser\u00e1n dados a conocer este jueves <\/p><\/div>\n\n\n<p>Entre alegr\u00eda y emoci\u00f3n este 22 de noviembre, el <a href=\"https:\/\/alcaldiaalbertoadriani.com\/?p=2526\">Instituto Aut\u00f3nomo Municipal de la Cultura -Iamcaa-<\/a>, di\u00f3 por culminada las audiciones del <a href=\"https:\/\/alcaldiaalbertoadriani.com\/?p=3287\">Festival Una Canci\u00f3n para El Vig\u00eda<\/a>. La actividad se efectu\u00f3 en el auditorio Eduardo Escalante de la <a href=\"https:\/\/alcaldiaalbertoadriani.com\/?p=2849\">Asociaci\u00f3n de Ganaderos y Agricultores de Alberto Adriani \u2013Asodegaa-<\/a>.<\/p>\n\n\n\n<p>Keibert Rojas, presidente del Iamcaa, se\u00f1al\u00f3 que un total de 13 artistas se presentaron en los turnos de la ma\u00f1ana y tarde, con sus respectivas letras en las diferentes categor\u00edas y g\u00e9neros.<\/p>\n\n\n\n<p>Vale recordar que la jornada const\u00f3 de dos etapas y se desarrollaron durante dos d\u00edas&nbsp; en el referido lugar.<\/p>\n\n\n\n<figure class=\"wp-block-image size-large\"><img loading=\"lazy\" decoding=\"async\" width=\"1024\" height=\"576\" src=\"https:\/\/alcaldiaalbertoadriani.com\/wp-content\/uploads\/2023\/11\/photo_2023-11-22_18-56-41-1024x576.jpg\" alt=\"\" class=\"wp-image-4562\" srcset=\"https:\/\/alcaldiaalbertoadriani.com\/wp-content\/uploads\/2023\/11\/photo_2023-11-22_18-56-41-1024x576.jpg 1024w, https:\/\/alcaldiaalbertoadriani.com\/wp-content\/uploads\/2023\/11\/photo_2023-11-22_18-56-41-980x551.jpg 980w, https:\/\/alcaldiaalbertoadriani.com\/wp-content\/uploads\/2023\/11\/photo_2023-11-22_18-56-41-480x270.jpg 480w\" sizes=\"auto, (min-width: 0px) and (max-width: 480px) 480px, (min-width: 481px) and (max-width: 980px) 980px, (min-width: 981px) 1024px, 100vw\" \/><\/figure>\n\n\n\n<!--more-->\n\n\n\n<h2 class=\"wp-block-heading\">Turno de la ma\u00f1ana<\/h2>\n\n\n\n<p>Explic\u00f3 Keibert Rojas que en el turno de la ma\u00f1ana de este mi\u00e9rcoles disfrutaron los g\u00e9neros campesino, porro pop y pop baladas, quienes interpretaron Aquellos Tiempos;&nbsp; Homenaje a El Vig\u00eda; Homenaje al municipio Alberto Adriani; Mi Pueblo Querido; Mi Querido Vig\u00eda; Tu Historia Vig\u00eda Intro y Qu\u00e9 Col\u00edfero.<\/p>\n\n\n\n<figure class=\"wp-block-image size-large\"><img loading=\"lazy\" decoding=\"async\" width=\"1024\" height=\"768\" src=\"https:\/\/alcaldiaalbertoadriani.com\/wp-content\/uploads\/2023\/11\/photo_2023-11-22_18-56-42-2-1024x768.jpg\" alt=\"\" class=\"wp-image-4563\" srcset=\"https:\/\/alcaldiaalbertoadriani.com\/wp-content\/uploads\/2023\/11\/photo_2023-11-22_18-56-42-2-1024x768.jpg 1024w, https:\/\/alcaldiaalbertoadriani.com\/wp-content\/uploads\/2023\/11\/photo_2023-11-22_18-56-42-2-980x735.jpg 980w, https:\/\/alcaldiaalbertoadriani.com\/wp-content\/uploads\/2023\/11\/photo_2023-11-22_18-56-42-2-480x360.jpg 480w\" sizes=\"auto, (min-width: 0px) and (max-width: 480px) 480px, (min-width: 481px) and (max-width: 980px) 980px, (min-width: 981px) 1024px, 100vw\" \/><\/figure>\n\n\n\n<h2 class=\"wp-block-heading\">Turno de la tarde<\/h2>\n\n\n\n<p>Acot\u00f3 el funcionario que, en el turno de la tarde fue propicio para los g\u00e9neros merengue, urbano, hip hop y pop alternativo, quienes interpretaron Mi Ed\u00e9n, Mi Casa, Mi Hogar; Homenaje a El Vig\u00eda; Tierra Amada; D\u00edas de El Vig\u00eda y Vig\u00eda Tierra Bendita.<\/p>\n\n\n\n<p>Rojas agradeci\u00f3 la presencia del alcalde Lisandro Segura, asimismo a Edgar Uzc\u00e1tegui, presidente de Asodegaa por prestar dichas instalaciones para las audiciones.<\/p>\n\n\n\n<p>Tambi\u00e9n agradeci\u00f3 a Mariela D\u00e1vila, del Comit\u00e9 de Damas de Asodegaa; Orlando Carvajal, Cronista del municipio Alberto Adriani y a Pedro Parra, director del Archivo Hist\u00f3rico. Al Jurado Calificador y al alcalde por el apoyo brindado. Por \u00faltimo, Keibert Rojas, acot\u00f3 que aprovecharon la ocasi\u00f3n para celebrar el D\u00eda del M\u00fasico e indic\u00f3 que los resultados de los ganadores ser\u00e1n dados a conocer este 23 de noviembre en rueda de prensa desde el auditorio \u00d3scar Guill\u00e9n del ente municipal. <strong>Prensa Alcald\u00eda Alberto Adriani AdrianiEdgar Mendoza CNP.25.736Fotos Anthony Molina.<\/strong><\/p>\n\n\n\n<figure class=\"wp-block-gallery has-nested-images columns-default is-cropped wp-block-gallery-1 is-layout-flex wp-block-gallery-is-layout-flex\">\n<figure class=\"wp-block-image size-large\"><img loading=\"lazy\" decoding=\"async\" width=\"1024\" height=\"768\" data-id=\"4566\" src=\"https:\/\/alcaldiaalbertoadriani.com\/wp-content\/uploads\/2023\/11\/photo_2023-11-22_18-50-20-2-1024x768.jpg\" alt=\"\" class=\"wp-image-4566\" srcset=\"https:\/\/alcaldiaalbertoadriani.com\/wp-content\/uploads\/2023\/11\/photo_2023-11-22_18-50-20-2-1024x768.jpg 1024w, https:\/\/alcaldiaalbertoadriani.com\/wp-content\/uploads\/2023\/11\/photo_2023-11-22_18-50-20-2-980x735.jpg 980w, https:\/\/alcaldiaalbertoadriani.com\/wp-content\/uploads\/2023\/11\/photo_2023-11-22_18-50-20-2-480x360.jpg 480w\" sizes=\"auto, (min-width: 0px) and (max-width: 480px) 480px, (min-width: 481px) and (max-width: 980px) 980px, (min-width: 981px) 1024px, 100vw\" \/><\/figure>\n\n\n\n<figure class=\"wp-block-image size-large\"><img loading=\"lazy\" decoding=\"async\" width=\"1024\" height=\"768\" data-id=\"4564\" src=\"https:\/\/alcaldiaalbertoadriani.com\/wp-content\/uploads\/2023\/11\/photo_2023-11-22_18-56-40-1024x768.jpg\" alt=\"\" class=\"wp-image-4564\" srcset=\"https:\/\/alcaldiaalbertoadriani.com\/wp-content\/uploads\/2023\/11\/photo_2023-11-22_18-56-40-1024x768.jpg 1024w, https:\/\/alcaldiaalbertoadriani.com\/wp-content\/uploads\/2023\/11\/photo_2023-11-22_18-56-40-980x735.jpg 980w, https:\/\/alcaldiaalbertoadriani.com\/wp-content\/uploads\/2023\/11\/photo_2023-11-22_18-56-40-480x360.jpg 480w\" sizes=\"auto, (min-width: 0px) and (max-width: 480px) 480px, (min-width: 481px) and (max-width: 980px) 980px, (min-width: 981px) 1024px, 100vw\" \/><\/figure>\n\n\n\n<figure class=\"wp-block-image size-large\"><img loading=\"lazy\" decoding=\"async\" width=\"1024\" height=\"768\" data-id=\"4565\" src=\"https:\/\/alcaldiaalbertoadriani.com\/wp-content\/uploads\/2023\/11\/photo_2023-11-22_18-56-43-1024x768.jpg\" alt=\"\" class=\"wp-image-4565\" srcset=\"https:\/\/alcaldiaalbertoadriani.com\/wp-content\/uploads\/2023\/11\/photo_2023-11-22_18-56-43-1024x768.jpg 1024w, https:\/\/alcaldiaalbertoadriani.com\/wp-content\/uploads\/2023\/11\/photo_2023-11-22_18-56-43-980x735.jpg 980w, https:\/\/alcaldiaalbertoadriani.com\/wp-content\/uploads\/2023\/11\/photo_2023-11-22_18-56-43-480x360.jpg 480w\" sizes=\"auto, (min-width: 0px) and (max-width: 480px) 480px, (min-width: 481px) and (max-width: 980px) 980px, (min-width: 981px) 1024px, 100vw\" \/><\/figure>\n\n\n\n<figure class=\"wp-block-image size-large\"><img loading=\"lazy\" decoding=\"async\" width=\"1024\" height=\"576\" data-id=\"4567\" src=\"https:\/\/alcaldiaalbertoadriani.com\/wp-content\/uploads\/2023\/11\/photo_2023-11-22_18-56-45-1024x576.jpg\" alt=\"\" class=\"wp-image-4567\" srcset=\"https:\/\/alcaldiaalbertoadriani.com\/wp-content\/uploads\/2023\/11\/photo_2023-11-22_18-56-45-1024x576.jpg 1024w, https:\/\/alcaldiaalbertoadriani.com\/wp-content\/uploads\/2023\/11\/photo_2023-11-22_18-56-45-980x551.jpg 980w, https:\/\/alcaldiaalbertoadriani.com\/wp-content\/uploads\/2023\/11\/photo_2023-11-22_18-56-45-480x270.jpg 480w\" sizes=\"auto, (min-width: 0px) and (max-width: 480px) 480px, (min-width: 481px) and (max-width: 980px) 980px, (min-width: 981px) 1024px, 100vw\" \/><\/figure>\n<\/figure>\n","protected":false},"excerpt":{"rendered":"<p><em><strong>Los resultados ser\u00e1n dados a conocer este jueves<\/strong><\/em><\/p>\n","protected":false},"author":2,"featured_media":4561,"comment_status":"closed","ping_status":"closed","sticky":false,"template":"","format":"standard","meta":{"_et_pb_use_builder":"off","_et_pb_old_content":"","_et_gb_content_width":"","footnotes":""},"categories":[39,341,78,77,25],"tags":[31,11,12,15,30,29,28,569],"class_list":["post-4537","post","type-post","status-publish","format-standard","has-post-thumbnail","hentry","category-actividades-sociales","category-alcaldia-alberto-adriani","category-cultura","category-iamcaa","category-nuestro-municipio","tag-alcalde","tag-alcaldia","tag-alcaldiaalbertoadriani","tag-elvigia","tag-lisandrosegura","tag-municipioquenosmerecemos","tag-porelrenacer","tag-culminaron-audiociones-cancion-el-vigia"],"yoast_head":"<!-- This site is optimized with the Yoast SEO plugin v19.13 - https:\/\/yoast.com\/wordpress\/plugins\/seo\/ -->\n<title>Culminaron con \u00e9xito audiciones del Festival Una Canci\u00f3n para El Vig\u00eda - Alcaldia Alberto Adriani<\/title>\n<meta name=\"description\" content=\"Entre alegr\u00eda y emoci\u00f3n culminar\u00f3n las audiciones del Festival Una Canci\u00f3n para El Vig\u00eda, auditorio Eduardo Escalante de Asodegaa.\" \/>\n<meta name=\"robots\" content=\"index, follow, max-snippet:-1, max-image-preview:large, max-video-preview:-1\" \/>\n<link rel=\"canonical\" href=\"https:\/\/alcaldiaalbertoadriani.com\/?p=4537\" \/>\n<meta property=\"og:locale\" content=\"es_ES\" \/>\n<meta property=\"og:type\" content=\"article\" \/>\n<meta property=\"og:title\" content=\"Culminaron con \u00e9xito audiciones del Festival Una Canci\u00f3n para El Vig\u00eda - Alcaldia Alberto Adriani\" \/>\n<meta property=\"og:description\" content=\"Entre alegr\u00eda y emoci\u00f3n culminar\u00f3n las audiciones del Festival Una Canci\u00f3n para El Vig\u00eda, auditorio Eduardo Escalante de Asodegaa.\" \/>\n<meta property=\"og:url\" content=\"https:\/\/alcaldiaalbertoadriani.com\/?p=4537\" \/>\n<meta property=\"og:site_name\" content=\"Alcaldia Alberto Adriani\" \/>\n<meta property=\"article:published_time\" content=\"2023-11-23T02:11:08+00:00\" \/>\n<meta property=\"article:modified_time\" content=\"2023-11-23T02:11:12+00:00\" \/>\n<meta property=\"og:image\" content=\"https:\/\/alcaldiaalbertoadriani.com\/wp-content\/uploads\/2023\/11\/photo_2023-11-22_18-56-40-2.jpg\" \/>\n\t<meta property=\"og:image:width\" content=\"1280\" \/>\n\t<meta property=\"og:image:height\" content=\"720\" \/>\n\t<meta property=\"og:image:type\" content=\"image\/jpeg\" \/>\n<meta name=\"author\" content=\"Prensa\" \/>\n<meta name=\"twitter:card\" content=\"summary_large_image\" \/>\n<meta name=\"twitter:label1\" content=\"Escrito por\" \/>\n\t<meta name=\"twitter:data1\" content=\"Prensa\" \/>\n\t<meta name=\"twitter:label2\" content=\"Tiempo de lectura\" \/>\n\t<meta name=\"twitter:data2\" content=\"3 minutos\" \/>\n<script type=\"application\/ld+json\" class=\"yoast-schema-graph\">{\"@context\":\"https:\/\/schema.org\",\"@graph\":[{\"@type\":\"WebPage\",\"@id\":\"https:\/\/alcaldiaalbertoadriani.com\/?p=4537\",\"url\":\"https:\/\/alcaldiaalbertoadriani.com\/?p=4537\",\"name\":\"Culminaron con \u00e9xito audiciones del Festival Una Canci\u00f3n para El Vig\u00eda - Alcaldia Alberto Adriani\",\"isPartOf\":{\"@id\":\"https:\/\/alcaldiaalbertoadriani.com\/#website\"},\"datePublished\":\"2023-11-23T02:11:08+00:00\",\"dateModified\":\"2023-11-23T02:11:12+00:00\",\"author\":{\"@id\":\"https:\/\/alcaldiaalbertoadriani.com\/#\/schema\/person\/549b4483ff8999ac780deeea78795fc9\"},\"description\":\"Entre alegr\u00eda y emoci\u00f3n culminar\u00f3n las audiciones del Festival Una Canci\u00f3n para El Vig\u00eda, auditorio Eduardo Escalante de Asodegaa.\",\"breadcrumb\":{\"@id\":\"https:\/\/alcaldiaalbertoadriani.com\/?p=4537#breadcrumb\"},\"inLanguage\":\"es\",\"potentialAction\":[{\"@type\":\"ReadAction\",\"target\":[\"https:\/\/alcaldiaalbertoadriani.com\/?p=4537\"]}]},{\"@type\":\"BreadcrumbList\",\"@id\":\"https:\/\/alcaldiaalbertoadriani.com\/?p=4537#breadcrumb\",\"itemListElement\":[{\"@type\":\"ListItem\",\"position\":1,\"name\":\"Portada\",\"item\":\"https:\/\/alcaldiaalbertoadriani.com\/\"},{\"@type\":\"ListItem\",\"position\":2,\"name\":\"Culminaron con \u00e9xito audiciones del Festival Una Canci\u00f3n para El Vig\u00eda\"}]},{\"@type\":\"WebSite\",\"@id\":\"https:\/\/alcaldiaalbertoadriani.com\/#website\",\"url\":\"https:\/\/alcaldiaalbertoadriani.com\/\",\"name\":\"Alcaldia Alberto Adriani\",\"description\":\"\",\"potentialAction\":[{\"@type\":\"SearchAction\",\"target\":{\"@type\":\"EntryPoint\",\"urlTemplate\":\"https:\/\/alcaldiaalbertoadriani.com\/?s={search_term_string}\"},\"query-input\":\"required name=search_term_string\"}],\"inLanguage\":\"es\"},{\"@type\":\"Person\",\"@id\":\"https:\/\/alcaldiaalbertoadriani.com\/#\/schema\/person\/549b4483ff8999ac780deeea78795fc9\",\"name\":\"Prensa\",\"image\":{\"@type\":\"ImageObject\",\"inLanguage\":\"es\",\"@id\":\"https:\/\/alcaldiaalbertoadriani.com\/#\/schema\/person\/image\/\",\"url\":\"https:\/\/secure.gravatar.com\/avatar\/ea1cb567ea992a29627f4eee1c2eb185ec16decec6342d508fdf18dedb56c9de?s=96&d=mm&r=g\",\"contentUrl\":\"https:\/\/secure.gravatar.com\/avatar\/ea1cb567ea992a29627f4eee1c2eb185ec16decec6342d508fdf18dedb56c9de?s=96&d=mm&r=g\",\"caption\":\"Prensa\"},\"url\":\"https:\/\/alcaldiaalbertoadriani.com\/?author=2\"}]}<\/script>\n<!-- \/ Yoast SEO plugin. -->","yoast_head_json":{"title":"Culminaron con \u00e9xito audiciones del Festival Una Canci\u00f3n para El Vig\u00eda - Alcaldia Alberto Adriani","description":"Entre alegr\u00eda y emoci\u00f3n culminar\u00f3n las audiciones del Festival Una Canci\u00f3n para El Vig\u00eda, auditorio Eduardo Escalante de Asodegaa.","robots":{"index":"index","follow":"follow","max-snippet":"max-snippet:-1","max-image-preview":"max-image-preview:large","max-video-preview":"max-video-preview:-1"},"canonical":"https:\/\/alcaldiaalbertoadriani.com\/?p=4537","og_locale":"es_ES","og_type":"article","og_title":"Culminaron con \u00e9xito audiciones del Festival Una Canci\u00f3n para El Vig\u00eda - Alcaldia Alberto Adriani","og_description":"Entre alegr\u00eda y emoci\u00f3n culminar\u00f3n las audiciones del Festival Una Canci\u00f3n para El Vig\u00eda, auditorio Eduardo Escalante de Asodegaa.","og_url":"https:\/\/alcaldiaalbertoadriani.com\/?p=4537","og_site_name":"Alcaldia Alberto Adriani","article_published_time":"2023-11-23T02:11:08+00:00","article_modified_time":"2023-11-23T02:11:12+00:00","og_image":[{"width":1280,"height":720,"url":"https:\/\/alcaldiaalbertoadriani.com\/wp-content\/uploads\/2023\/11\/photo_2023-11-22_18-56-40-2.jpg","type":"image\/jpeg"}],"author":"Prensa","twitter_card":"summary_large_image","twitter_misc":{"Escrito por":"Prensa","Tiempo de lectura":"3 minutos"},"schema":{"@context":"https:\/\/schema.org","@graph":[{"@type":"WebPage","@id":"https:\/\/alcaldiaalbertoadriani.com\/?p=4537","url":"https:\/\/alcaldiaalbertoadriani.com\/?p=4537","name":"Culminaron con \u00e9xito audiciones del Festival Una Canci\u00f3n para El Vig\u00eda - Alcaldia Alberto Adriani","isPartOf":{"@id":"https:\/\/alcaldiaalbertoadriani.com\/#website"},"datePublished":"2023-11-23T02:11:08+00:00","dateModified":"2023-11-23T02:11:12+00:00","author":{"@id":"https:\/\/alcaldiaalbertoadriani.com\/#\/schema\/person\/549b4483ff8999ac780deeea78795fc9"},"description":"Entre alegr\u00eda y emoci\u00f3n culminar\u00f3n las audiciones del Festival Una Canci\u00f3n para El Vig\u00eda, auditorio Eduardo Escalante de Asodegaa.","breadcrumb":{"@id":"https:\/\/alcaldiaalbertoadriani.com\/?p=4537#breadcrumb"},"inLanguage":"es","potentialAction":[{"@type":"ReadAction","target":["https:\/\/alcaldiaalbertoadriani.com\/?p=4537"]}]},{"@type":"BreadcrumbList","@id":"https:\/\/alcaldiaalbertoadriani.com\/?p=4537#breadcrumb","itemListElement":[{"@type":"ListItem","position":1,"name":"Portada","item":"https:\/\/alcaldiaalbertoadriani.com\/"},{"@type":"ListItem","position":2,"name":"Culminaron con \u00e9xito audiciones del Festival Una Canci\u00f3n para El Vig\u00eda"}]},{"@type":"WebSite","@id":"https:\/\/alcaldiaalbertoadriani.com\/#website","url":"https:\/\/alcaldiaalbertoadriani.com\/","name":"Alcaldia Alberto Adriani","description":"","potentialAction":[{"@type":"SearchAction","target":{"@type":"EntryPoint","urlTemplate":"https:\/\/alcaldiaalbertoadriani.com\/?s={search_term_string}"},"query-input":"required name=search_term_string"}],"inLanguage":"es"},{"@type":"Person","@id":"https:\/\/alcaldiaalbertoadriani.com\/#\/schema\/person\/549b4483ff8999ac780deeea78795fc9","name":"Prensa","image":{"@type":"ImageObject","inLanguage":"es","@id":"https:\/\/alcaldiaalbertoadriani.com\/#\/schema\/person\/image\/","url":"https:\/\/secure.gravatar.com\/avatar\/ea1cb567ea992a29627f4eee1c2eb185ec16decec6342d508fdf18dedb56c9de?s=96&d=mm&r=g","contentUrl":"https:\/\/secure.gravatar.com\/avatar\/ea1cb567ea992a29627f4eee1c2eb185ec16decec6342d508fdf18dedb56c9de?s=96&d=mm&r=g","caption":"Prensa"},"url":"https:\/\/alcaldiaalbertoadriani.com\/?author=2"}]}},"_links":{"self":[{"href":"https:\/\/alcaldiaalbertoadriani.com\/index.php?rest_route=\/wp\/v2\/posts\/4537","targetHints":{"allow":["GET"]}}],"collection":[{"href":"https:\/\/alcaldiaalbertoadriani.com\/index.php?rest_route=\/wp\/v2\/posts"}],"about":[{"href":"https:\/\/alcaldiaalbertoadriani.com\/index.php?rest_route=\/wp\/v2\/types\/post"}],"author":[{"embeddable":true,"href":"https:\/\/alcaldiaalbertoadriani.com\/index.php?rest_route=\/wp\/v2\/users\/2"}],"replies":[{"embeddable":true,"href":"https:\/\/alcaldiaalbertoadriani.com\/index.php?rest_route=%2Fwp%2Fv2%2Fcomments&post=4537"}],"version-history":[{"count":2,"href":"https:\/\/alcaldiaalbertoadriani.com\/index.php?rest_route=\/wp\/v2\/posts\/4537\/revisions"}],"predecessor-version":[{"id":4568,"href":"https:\/\/alcaldiaalbertoadriani.com\/index.php?rest_route=\/wp\/v2\/posts\/4537\/revisions\/4568"}],"wp:featuredmedia":[{"embeddable":true,"href":"https:\/\/alcaldiaalbertoadriani.com\/index.php?rest_route=\/wp\/v2\/media\/4561"}],"wp:attachment":[{"href":"https:\/\/alcaldiaalbertoadriani.com\/index.php?rest_route=%2Fwp%2Fv2%2Fmedia&parent=4537"}],"wp:term":[{"taxonomy":"category","embeddable":true,"href":"https:\/\/alcaldiaalbertoadriani.com\/index.php?rest_route=%2Fwp%2Fv2%2Fcategories&post=4537"},{"taxonomy":"post_tag","embeddable":true,"href":"https:\/\/alcaldiaalbertoadriani.com\/index.php?rest_route=%2Fwp%2Fv2%2Ftags&post=4537"}],"curies":[{"name":"wp","href":"https:\/\/api.w.org\/{rel}","templated":true}]}}