{"id":4491,"date":"2023-11-15T01:42:21","date_gmt":"2023-11-15T01:42:21","guid":{"rendered":"https:\/\/alcaldiaalbertoadriani.com\/?p=4491"},"modified":"2023-11-15T01:42:25","modified_gmt":"2023-11-15T01:42:25","slug":"festival-de-bandas-show","status":"publish","type":"post","link":"https:\/\/alcaldiaalbertoadriani.com\/?p=4491","title":{"rendered":"Festival de Bandas Show en El Vig\u00eda: una fiesta de la cultura"},"content":{"rendered":"<div class=\"wp-block-post-excerpt\"><p class=\"wp-block-post-excerpt__excerpt\">El evento reunir\u00e1 a m\u00e1s de 220 artistas <\/p><\/div>\n\n\n<p>El <a href=\"https:\/\/www.instagram.com\/alcaldia_aa\/\" target=\"_blank\" rel=\"noreferrer noopener\">municipio Alberto Adriani,<\/a> en el estado M\u00e9rida, se prepara para celebrar un evento cultural que promete ser una fiesta para toda la comunidad: el Festival de Bandas Show. El evento se llevar\u00e1 a cabo el pr\u00f3ximo 8 de diciembre en las instalaciones del Gimnasio de Boxeo de El Vig\u00eda.<\/p>\n\n\n\n<p>El festival contar\u00e1 con la participaci\u00f3n de cuatro agrupaciones: la Banda Show del Liceo Miguel Antonio Caro, la Banda Show del Liceo Rafael Rangel, la Banda Show de la Escuela T\u00e9cnica Industrial y la Banda Show de la Escuela de M\u00fasica de la Alcald\u00eda. En total, m\u00e1s de 220 artistas entre m\u00fasicos y bailarines estar\u00e1n en escena.<\/p>\n\n\n\n<p>Adem\u00e1s de las bandas, el festival contar\u00e1 con la participaci\u00f3n de otros artistas locales. El evento comenzar\u00e1 a las 4:00 p.m. y tendr\u00e1 una duraci\u00f3n de aproximadamente cuatro horas.<\/p>\n\n\n\n<!--more-->\n\n\n\n<h2 class=\"wp-block-heading\">Un incentivo para las bandas show<\/h2>\n\n\n\n<p>El festival es una oportunidad para que las bandas show de la regi\u00f3n se re\u00fanan y compartan su talento. Tambi\u00e9n es un incentivo para que las nuevas generaciones se interesen por esta forma de expresi\u00f3n art\u00edstica.<\/p>\n\n\n\n<p>&#8220;Este es un evento muy importante para el municipio&#8221;, dijo Keibert Rojas, presidente del<a href=\"https:\/\/alcaldiaalbertoadriani.com\/?p=2526\" target=\"_blank\" rel=\"noreferrer noopener\"> Instituto Municipal de la Cultura del Municipio Alberto Adriani<\/a>. &#8220;Es la primera vez en mucho tiempo que se hace un festival de bandas show en El Vig\u00eda. Es un incentivo para que las bandas se reactiven y para que los j\u00f3venes se interesen por la m\u00fasica y la danza&#8221;.<\/p>\n\n\n\n<h2 class=\"wp-block-heading\">Entradas a la venta<\/h2>\n\n\n\n<p>Las entradas para el festival ya est\u00e1n a la venta. El costo es de $2 para un adulto y dos ni\u00f1os menores de 12 a\u00f1os. Los fondos recaudados ser\u00e1n destinados a las bandas show participantes.<\/p>\n\n\n\n<p>&#8220;Estamos invitando a toda la comunidad a que se sume a esta fiesta de la cultura&#8221;, dijo Rojas. &#8220;Es un evento para toda la familia&#8221;.<strong>(Prensa <a href=\"https:\/\/www.instagram.com\/alcaldia_aa\/\" target=\"_blank\" rel=\"noreferrer noopener\">Alcald\u00eda de Alberto Adriani<\/a> &#8211; CNP 16.478)<\/strong><\/p>\n","protected":false},"excerpt":{"rendered":"<p><em><strong>El evento reunir\u00e1 a m\u00e1s de 220 artistas<\/strong><\/em><\/p>\n","protected":false},"author":2,"featured_media":4492,"comment_status":"closed","ping_status":"closed","sticky":false,"template":"","format":"standard","meta":{"_et_pb_use_builder":"off","_et_pb_old_content":"","_et_gb_content_width":"","footnotes":""},"categories":[39,341,78,77,314,25],"tags":[31,11,12,15,30,29,28],"class_list":["post-4491","post","type-post","status-publish","format-standard","has-post-thumbnail","hentry","category-actividades-sociales","category-alcaldia-alberto-adriani","category-cultura","category-iamcaa","category-medios-de-comunicacion","category-nuestro-municipio","tag-alcalde","tag-alcaldia","tag-alcaldiaalbertoadriani","tag-elvigia","tag-lisandrosegura","tag-municipioquenosmerecemos","tag-porelrenacer"],"yoast_head":"<!-- This site is optimized with the Yoast SEO plugin v19.13 - https:\/\/yoast.com\/wordpress\/plugins\/seo\/ -->\n<title>Festival de Bandas Show en El Vig\u00eda: una fiesta de la cultura - Alcaldia Alberto Adriani<\/title>\n<meta name=\"description\" content=\"El Vig\u00eda se prepara para celebrar un evento cultural que promete ser una fiesta para toda la comunidad: el Festival de Bandas Show.\" \/>\n<meta name=\"robots\" content=\"index, follow, max-snippet:-1, max-image-preview:large, max-video-preview:-1\" \/>\n<link rel=\"canonical\" href=\"https:\/\/alcaldiaalbertoadriani.com\/?p=4491\" \/>\n<meta property=\"og:locale\" content=\"es_ES\" \/>\n<meta property=\"og:type\" content=\"article\" \/>\n<meta property=\"og:title\" content=\"Festival de Bandas Show en El Vig\u00eda: una fiesta de la cultura - Alcaldia Alberto Adriani\" \/>\n<meta property=\"og:description\" content=\"El Vig\u00eda se prepara para celebrar un evento cultural que promete ser una fiesta para toda la comunidad: el Festival de Bandas Show.\" \/>\n<meta property=\"og:url\" content=\"https:\/\/alcaldiaalbertoadriani.com\/?p=4491\" \/>\n<meta property=\"og:site_name\" content=\"Alcaldia Alberto Adriani\" \/>\n<meta property=\"article:published_time\" content=\"2023-11-15T01:42:21+00:00\" \/>\n<meta property=\"article:modified_time\" content=\"2023-11-15T01:42:25+00:00\" \/>\n<meta property=\"og:image\" content=\"https:\/\/alcaldiaalbertoadriani.com\/wp-content\/uploads\/2023\/11\/photo_2023-11-14_21-32-29.jpg\" \/>\n\t<meta property=\"og:image:width\" content=\"1280\" \/>\n\t<meta property=\"og:image:height\" content=\"960\" \/>\n\t<meta property=\"og:image:type\" content=\"image\/jpeg\" \/>\n<meta name=\"author\" content=\"Prensa\" \/>\n<meta name=\"twitter:card\" content=\"summary_large_image\" \/>\n<meta name=\"twitter:label1\" content=\"Escrito por\" \/>\n\t<meta name=\"twitter:data1\" content=\"Prensa\" \/>\n\t<meta name=\"twitter:label2\" content=\"Tiempo de lectura\" \/>\n\t<meta name=\"twitter:data2\" content=\"2 minutos\" \/>\n<script type=\"application\/ld+json\" class=\"yoast-schema-graph\">{\"@context\":\"https:\/\/schema.org\",\"@graph\":[{\"@type\":\"WebPage\",\"@id\":\"https:\/\/alcaldiaalbertoadriani.com\/?p=4491\",\"url\":\"https:\/\/alcaldiaalbertoadriani.com\/?p=4491\",\"name\":\"Festival de Bandas Show en El Vig\u00eda: una fiesta de la cultura - Alcaldia Alberto Adriani\",\"isPartOf\":{\"@id\":\"https:\/\/alcaldiaalbertoadriani.com\/#website\"},\"datePublished\":\"2023-11-15T01:42:21+00:00\",\"dateModified\":\"2023-11-15T01:42:25+00:00\",\"author\":{\"@id\":\"https:\/\/alcaldiaalbertoadriani.com\/#\/schema\/person\/549b4483ff8999ac780deeea78795fc9\"},\"description\":\"El Vig\u00eda se prepara para celebrar un evento cultural que promete ser una fiesta para toda la comunidad: el Festival de Bandas Show.\",\"breadcrumb\":{\"@id\":\"https:\/\/alcaldiaalbertoadriani.com\/?p=4491#breadcrumb\"},\"inLanguage\":\"es\",\"potentialAction\":[{\"@type\":\"ReadAction\",\"target\":[\"https:\/\/alcaldiaalbertoadriani.com\/?p=4491\"]}]},{\"@type\":\"BreadcrumbList\",\"@id\":\"https:\/\/alcaldiaalbertoadriani.com\/?p=4491#breadcrumb\",\"itemListElement\":[{\"@type\":\"ListItem\",\"position\":1,\"name\":\"Portada\",\"item\":\"https:\/\/alcaldiaalbertoadriani.com\/\"},{\"@type\":\"ListItem\",\"position\":2,\"name\":\"Festival de Bandas Show en El Vig\u00eda: una fiesta de la cultura\"}]},{\"@type\":\"WebSite\",\"@id\":\"https:\/\/alcaldiaalbertoadriani.com\/#website\",\"url\":\"https:\/\/alcaldiaalbertoadriani.com\/\",\"name\":\"Alcaldia Alberto Adriani\",\"description\":\"\",\"potentialAction\":[{\"@type\":\"SearchAction\",\"target\":{\"@type\":\"EntryPoint\",\"urlTemplate\":\"https:\/\/alcaldiaalbertoadriani.com\/?s={search_term_string}\"},\"query-input\":\"required name=search_term_string\"}],\"inLanguage\":\"es\"},{\"@type\":\"Person\",\"@id\":\"https:\/\/alcaldiaalbertoadriani.com\/#\/schema\/person\/549b4483ff8999ac780deeea78795fc9\",\"name\":\"Prensa\",\"image\":{\"@type\":\"ImageObject\",\"inLanguage\":\"es\",\"@id\":\"https:\/\/alcaldiaalbertoadriani.com\/#\/schema\/person\/image\/\",\"url\":\"https:\/\/secure.gravatar.com\/avatar\/ea1cb567ea992a29627f4eee1c2eb185ec16decec6342d508fdf18dedb56c9de?s=96&d=mm&r=g\",\"contentUrl\":\"https:\/\/secure.gravatar.com\/avatar\/ea1cb567ea992a29627f4eee1c2eb185ec16decec6342d508fdf18dedb56c9de?s=96&d=mm&r=g\",\"caption\":\"Prensa\"},\"url\":\"https:\/\/alcaldiaalbertoadriani.com\/?author=2\"}]}<\/script>\n<!-- \/ Yoast SEO plugin. -->","yoast_head_json":{"title":"Festival de Bandas Show en El Vig\u00eda: una fiesta de la cultura - Alcaldia Alberto Adriani","description":"El Vig\u00eda se prepara para celebrar un evento cultural que promete ser una fiesta para toda la comunidad: el Festival de Bandas Show.","robots":{"index":"index","follow":"follow","max-snippet":"max-snippet:-1","max-image-preview":"max-image-preview:large","max-video-preview":"max-video-preview:-1"},"canonical":"https:\/\/alcaldiaalbertoadriani.com\/?p=4491","og_locale":"es_ES","og_type":"article","og_title":"Festival de Bandas Show en El Vig\u00eda: una fiesta de la cultura - Alcaldia Alberto Adriani","og_description":"El Vig\u00eda se prepara para celebrar un evento cultural que promete ser una fiesta para toda la comunidad: el Festival de Bandas Show.","og_url":"https:\/\/alcaldiaalbertoadriani.com\/?p=4491","og_site_name":"Alcaldia Alberto Adriani","article_published_time":"2023-11-15T01:42:21+00:00","article_modified_time":"2023-11-15T01:42:25+00:00","og_image":[{"width":1280,"height":960,"url":"https:\/\/alcaldiaalbertoadriani.com\/wp-content\/uploads\/2023\/11\/photo_2023-11-14_21-32-29.jpg","type":"image\/jpeg"}],"author":"Prensa","twitter_card":"summary_large_image","twitter_misc":{"Escrito por":"Prensa","Tiempo de lectura":"2 minutos"},"schema":{"@context":"https:\/\/schema.org","@graph":[{"@type":"WebPage","@id":"https:\/\/alcaldiaalbertoadriani.com\/?p=4491","url":"https:\/\/alcaldiaalbertoadriani.com\/?p=4491","name":"Festival de Bandas Show en El Vig\u00eda: una fiesta de la cultura - Alcaldia Alberto Adriani","isPartOf":{"@id":"https:\/\/alcaldiaalbertoadriani.com\/#website"},"datePublished":"2023-11-15T01:42:21+00:00","dateModified":"2023-11-15T01:42:25+00:00","author":{"@id":"https:\/\/alcaldiaalbertoadriani.com\/#\/schema\/person\/549b4483ff8999ac780deeea78795fc9"},"description":"El Vig\u00eda se prepara para celebrar un evento cultural que promete ser una fiesta para toda la comunidad: el Festival de Bandas Show.","breadcrumb":{"@id":"https:\/\/alcaldiaalbertoadriani.com\/?p=4491#breadcrumb"},"inLanguage":"es","potentialAction":[{"@type":"ReadAction","target":["https:\/\/alcaldiaalbertoadriani.com\/?p=4491"]}]},{"@type":"BreadcrumbList","@id":"https:\/\/alcaldiaalbertoadriani.com\/?p=4491#breadcrumb","itemListElement":[{"@type":"ListItem","position":1,"name":"Portada","item":"https:\/\/alcaldiaalbertoadriani.com\/"},{"@type":"ListItem","position":2,"name":"Festival de Bandas Show en El Vig\u00eda: una fiesta de la cultura"}]},{"@type":"WebSite","@id":"https:\/\/alcaldiaalbertoadriani.com\/#website","url":"https:\/\/alcaldiaalbertoadriani.com\/","name":"Alcaldia Alberto Adriani","description":"","potentialAction":[{"@type":"SearchAction","target":{"@type":"EntryPoint","urlTemplate":"https:\/\/alcaldiaalbertoadriani.com\/?s={search_term_string}"},"query-input":"required name=search_term_string"}],"inLanguage":"es"},{"@type":"Person","@id":"https:\/\/alcaldiaalbertoadriani.com\/#\/schema\/person\/549b4483ff8999ac780deeea78795fc9","name":"Prensa","image":{"@type":"ImageObject","inLanguage":"es","@id":"https:\/\/alcaldiaalbertoadriani.com\/#\/schema\/person\/image\/","url":"https:\/\/secure.gravatar.com\/avatar\/ea1cb567ea992a29627f4eee1c2eb185ec16decec6342d508fdf18dedb56c9de?s=96&d=mm&r=g","contentUrl":"https:\/\/secure.gravatar.com\/avatar\/ea1cb567ea992a29627f4eee1c2eb185ec16decec6342d508fdf18dedb56c9de?s=96&d=mm&r=g","caption":"Prensa"},"url":"https:\/\/alcaldiaalbertoadriani.com\/?author=2"}]}},"_links":{"self":[{"href":"https:\/\/alcaldiaalbertoadriani.com\/index.php?rest_route=\/wp\/v2\/posts\/4491","targetHints":{"allow":["GET"]}}],"collection":[{"href":"https:\/\/alcaldiaalbertoadriani.com\/index.php?rest_route=\/wp\/v2\/posts"}],"about":[{"href":"https:\/\/alcaldiaalbertoadriani.com\/index.php?rest_route=\/wp\/v2\/types\/post"}],"author":[{"embeddable":true,"href":"https:\/\/alcaldiaalbertoadriani.com\/index.php?rest_route=\/wp\/v2\/users\/2"}],"replies":[{"embeddable":true,"href":"https:\/\/alcaldiaalbertoadriani.com\/index.php?rest_route=%2Fwp%2Fv2%2Fcomments&post=4491"}],"version-history":[{"count":1,"href":"https:\/\/alcaldiaalbertoadriani.com\/index.php?rest_route=\/wp\/v2\/posts\/4491\/revisions"}],"predecessor-version":[{"id":4493,"href":"https:\/\/alcaldiaalbertoadriani.com\/index.php?rest_route=\/wp\/v2\/posts\/4491\/revisions\/4493"}],"wp:featuredmedia":[{"embeddable":true,"href":"https:\/\/alcaldiaalbertoadriani.com\/index.php?rest_route=\/wp\/v2\/media\/4492"}],"wp:attachment":[{"href":"https:\/\/alcaldiaalbertoadriani.com\/index.php?rest_route=%2Fwp%2Fv2%2Fmedia&parent=4491"}],"wp:term":[{"taxonomy":"category","embeddable":true,"href":"https:\/\/alcaldiaalbertoadriani.com\/index.php?rest_route=%2Fwp%2Fv2%2Fcategories&post=4491"},{"taxonomy":"post_tag","embeddable":true,"href":"https:\/\/alcaldiaalbertoadriani.com\/index.php?rest_route=%2Fwp%2Fv2%2Ftags&post=4491"}],"curies":[{"name":"wp","href":"https:\/\/api.w.org\/{rel}","templated":true}]}}