{"id":4448,"date":"2023-11-05T00:26:34","date_gmt":"2023-11-05T00:26:34","guid":{"rendered":"https:\/\/alcaldiaalbertoadriani.com\/?p=4448"},"modified":"2023-11-05T00:26:40","modified_gmt":"2023-11-05T00:26:40","slug":"plan-renacer-vigia-querido","status":"publish","type":"post","link":"https:\/\/alcaldiaalbertoadriani.com\/?p=4448","title":{"rendered":"Plan Renacer de mi Vig\u00eda Querido realiz\u00f3 mantenimiento en \u00e1reas verdes del n\u00facleo de la ULA"},"content":{"rendered":"\n<p>La <a href=\"https:\/\/www.instagram.com\/alcaldia_aa\/\" target=\"_blank\" rel=\"noreferrer noopener\">alcald\u00eda de Alberto Adriani<\/a> a trav\u00e9s de las <a href=\"https:\/\/alcaldiaalbertoadriani.com\/?p=4302\" target=\"_blank\" rel=\"noreferrer noopener\">cuadrillas del Plan Renacer de Mi Vig\u00eda Querido<\/a>, realiz\u00f3 labores de mantenimiento en las \u00e1reas verdes del N\u00facleo Universitario Alberto Adriani (NUAA) de la Universidad de Los Andes (ULA).<\/p>\n\n\n\n<p>La informaci\u00f3n la dio a conocer Yorman Altamiranda, coordinador del <a href=\"https:\/\/alcaldiaalbertoadriani.com\/?p=4074\" target=\"_blank\" rel=\"noreferrer noopener\">Plan Renacer<\/a>, quien se\u00f1al\u00f3 que \u201csiguiendo las pol\u00edticas p\u00fablicas del <a href=\"https:\/\/www.instagram.com\/lisandrosegura02\/\" target=\"_blank\" rel=\"noreferrer noopener\">alcalde Lisandro Segura<\/a>, nos trasladamos con dos cuadrillas externas del Plan Renacer hacia la universidad, para realizar el mantenimiento general de todas las \u00e1reas verdes y en atenci\u00f3n a la solicitud que nos hiciera el Vicerrector Decano, Domingo Alarc\u00f3n y los estudiantes del n\u00facleo de la ULA&#8221;.<\/p>\n\n\n\n<p>Entre las labores de limpieza y mantenimiento, destac\u00f3 \u201cla poda en general, tanto de sus \u00e1rboles, arbustos y todo lo relacionado a la jardiner\u00eda; asimismo, limpieza y desmalezamiento del engramado con guada\u00f1as, es decir, se hizo una limpieza profunda de punta a punta en todo el n\u00facleo universitario\u201d, detall\u00f3.<\/p>\n\n\n\n<figure class=\"wp-block-image size-large\"><img loading=\"lazy\" decoding=\"async\" width=\"1024\" height=\"768\" src=\"https:\/\/alcaldiaalbertoadriani.com\/wp-content\/uploads\/2023\/11\/photo_2023-11-04_20-03-11-1024x768.jpg\" alt=\"\" class=\"wp-image-4450\" srcset=\"https:\/\/alcaldiaalbertoadriani.com\/wp-content\/uploads\/2023\/11\/photo_2023-11-04_20-03-11-1024x768.jpg 1024w, https:\/\/alcaldiaalbertoadriani.com\/wp-content\/uploads\/2023\/11\/photo_2023-11-04_20-03-11-980x735.jpg 980w, https:\/\/alcaldiaalbertoadriani.com\/wp-content\/uploads\/2023\/11\/photo_2023-11-04_20-03-11-480x360.jpg 480w\" sizes=\"auto, (min-width: 0px) and (max-width: 480px) 480px, (min-width: 481px) and (max-width: 980px) 980px, (min-width: 981px) 1024px, 100vw\" \/><\/figure>\n\n\n\n<!--more-->\n\n\n\n<p>Refiri\u00f3 que la gesti\u00f3n municipal de <a href=\"https:\/\/www.instagram.com\/lisandrosegura02\/\" target=\"_blank\" rel=\"noreferrer noopener\">Lisandro Segura<\/a>, apoya a las comunidades educativas, y queda demostrado mediante las limpiezas que ha hecho a varias instituciones educativas por toda la geograf\u00eda del municipio.<\/p>\n\n\n\n<p><strong>Familia Ulandina agradecida<\/strong> Por su lado, Domingo Alarc\u00f3n, Vicerrector Decano del NUAA, expres\u00f3 que recibi\u00f3 el apoyo de la alcald\u00eda por medio de las cuadrillas \u201ccon una gran jornada de limpieza profunda de las \u00e1reas verdes de nuestras instalaciones, por ello, toda la familia Ulandina del n\u00facleo ULA \u2013 El Vig\u00eda como estudiantes y personal, estamos agradecidos por esta acci\u00f3n de la alcald\u00eda en apoyo a nuestro n\u00facleo\u201d, apunt\u00f3. <strong>Prensa <a href=\"https:\/\/www.instagram.com\/alcaldia_aa\/\" target=\"_blank\" rel=\"noreferrer noopener\">Alcald\u00eda Alberto Adriani<\/a>\/ Claribel Zambrano CNP: 11.843\/ Fotos: Plan Renacer de mi Vig\u00eda Querido.<\/strong><\/p>\n\n\n\n<figure class=\"wp-block-gallery has-nested-images columns-default is-cropped wp-block-gallery-1 is-layout-flex wp-block-gallery-is-layout-flex\">\n<figure class=\"wp-block-image size-large\"><img loading=\"lazy\" decoding=\"async\" width=\"1000\" height=\"750\" data-id=\"4456\" src=\"https:\/\/alcaldiaalbertoadriani.com\/wp-content\/uploads\/2023\/11\/photo_2023-11-04_20-02-42.jpg\" alt=\"\" class=\"wp-image-4456\" srcset=\"https:\/\/alcaldiaalbertoadriani.com\/wp-content\/uploads\/2023\/11\/photo_2023-11-04_20-02-42.jpg 1000w, https:\/\/alcaldiaalbertoadriani.com\/wp-content\/uploads\/2023\/11\/photo_2023-11-04_20-02-42-980x735.jpg 980w, https:\/\/alcaldiaalbertoadriani.com\/wp-content\/uploads\/2023\/11\/photo_2023-11-04_20-02-42-480x360.jpg 480w\" sizes=\"auto, (min-width: 0px) and (max-width: 480px) 480px, (min-width: 481px) and (max-width: 980px) 980px, (min-width: 981px) 1000px, 100vw\" \/><\/figure>\n\n\n\n<figure class=\"wp-block-image size-large\"><img loading=\"lazy\" decoding=\"async\" width=\"1024\" height=\"768\" data-id=\"4451\" src=\"https:\/\/alcaldiaalbertoadriani.com\/wp-content\/uploads\/2023\/11\/photo_2023-11-04_20-02-45-1024x768.jpg\" alt=\"\" class=\"wp-image-4451\" srcset=\"https:\/\/alcaldiaalbertoadriani.com\/wp-content\/uploads\/2023\/11\/photo_2023-11-04_20-02-45-1024x768.jpg 1024w, https:\/\/alcaldiaalbertoadriani.com\/wp-content\/uploads\/2023\/11\/photo_2023-11-04_20-02-45-980x735.jpg 980w, https:\/\/alcaldiaalbertoadriani.com\/wp-content\/uploads\/2023\/11\/photo_2023-11-04_20-02-45-480x360.jpg 480w\" sizes=\"auto, (min-width: 0px) and (max-width: 480px) 480px, (min-width: 481px) and (max-width: 980px) 980px, (min-width: 981px) 1024px, 100vw\" \/><\/figure>\n\n\n\n<figure class=\"wp-block-image size-large\"><img loading=\"lazy\" decoding=\"async\" width=\"1024\" height=\"768\" data-id=\"4458\" src=\"https:\/\/alcaldiaalbertoadriani.com\/wp-content\/uploads\/2023\/11\/photo_2023-11-04_20-02-47-1024x768.jpg\" alt=\"\" class=\"wp-image-4458\" srcset=\"https:\/\/alcaldiaalbertoadriani.com\/wp-content\/uploads\/2023\/11\/photo_2023-11-04_20-02-47-1024x768.jpg 1024w, https:\/\/alcaldiaalbertoadriani.com\/wp-content\/uploads\/2023\/11\/photo_2023-11-04_20-02-47-980x735.jpg 980w, https:\/\/alcaldiaalbertoadriani.com\/wp-content\/uploads\/2023\/11\/photo_2023-11-04_20-02-47-480x360.jpg 480w\" sizes=\"auto, (min-width: 0px) and (max-width: 480px) 480px, (min-width: 481px) and (max-width: 980px) 980px, (min-width: 981px) 1024px, 100vw\" \/><\/figure>\n\n\n\n<figure class=\"wp-block-image size-large\"><img loading=\"lazy\" decoding=\"async\" width=\"1000\" height=\"750\" data-id=\"4455\" src=\"https:\/\/alcaldiaalbertoadriani.com\/wp-content\/uploads\/2023\/11\/photo_2023-11-04_20-02-54.jpg\" alt=\"\" class=\"wp-image-4455\" srcset=\"https:\/\/alcaldiaalbertoadriani.com\/wp-content\/uploads\/2023\/11\/photo_2023-11-04_20-02-54.jpg 1000w, https:\/\/alcaldiaalbertoadriani.com\/wp-content\/uploads\/2023\/11\/photo_2023-11-04_20-02-54-980x735.jpg 980w, https:\/\/alcaldiaalbertoadriani.com\/wp-content\/uploads\/2023\/11\/photo_2023-11-04_20-02-54-480x360.jpg 480w\" sizes=\"auto, (min-width: 0px) and (max-width: 480px) 480px, (min-width: 481px) and (max-width: 980px) 980px, (min-width: 981px) 1000px, 100vw\" \/><\/figure>\n\n\n\n<figure class=\"wp-block-image size-large\"><img loading=\"lazy\" decoding=\"async\" width=\"1000\" height=\"750\" data-id=\"4453\" src=\"https:\/\/alcaldiaalbertoadriani.com\/wp-content\/uploads\/2023\/11\/photo_2023-11-04_20-02-57.jpg\" alt=\"\" class=\"wp-image-4453\" srcset=\"https:\/\/alcaldiaalbertoadriani.com\/wp-content\/uploads\/2023\/11\/photo_2023-11-04_20-02-57.jpg 1000w, https:\/\/alcaldiaalbertoadriani.com\/wp-content\/uploads\/2023\/11\/photo_2023-11-04_20-02-57-980x735.jpg 980w, https:\/\/alcaldiaalbertoadriani.com\/wp-content\/uploads\/2023\/11\/photo_2023-11-04_20-02-57-480x360.jpg 480w\" sizes=\"auto, (min-width: 0px) and (max-width: 480px) 480px, (min-width: 481px) and (max-width: 980px) 980px, (min-width: 981px) 1000px, 100vw\" \/><\/figure>\n\n\n\n<figure class=\"wp-block-image size-large\"><img loading=\"lazy\" decoding=\"async\" width=\"1000\" height=\"750\" data-id=\"4452\" src=\"https:\/\/alcaldiaalbertoadriani.com\/wp-content\/uploads\/2023\/11\/photo_2023-11-04_20-03-01.jpg\" alt=\"\" class=\"wp-image-4452\" srcset=\"https:\/\/alcaldiaalbertoadriani.com\/wp-content\/uploads\/2023\/11\/photo_2023-11-04_20-03-01.jpg 1000w, https:\/\/alcaldiaalbertoadriani.com\/wp-content\/uploads\/2023\/11\/photo_2023-11-04_20-03-01-980x735.jpg 980w, https:\/\/alcaldiaalbertoadriani.com\/wp-content\/uploads\/2023\/11\/photo_2023-11-04_20-03-01-480x360.jpg 480w\" sizes=\"auto, (min-width: 0px) and (max-width: 480px) 480px, (min-width: 481px) and (max-width: 980px) 980px, (min-width: 981px) 1000px, 100vw\" \/><\/figure>\n\n\n\n<figure class=\"wp-block-image size-large\"><img loading=\"lazy\" decoding=\"async\" width=\"1000\" height=\"750\" data-id=\"4454\" src=\"https:\/\/alcaldiaalbertoadriani.com\/wp-content\/uploads\/2023\/11\/photo_2023-11-04_20-03-02.jpg\" alt=\"\" class=\"wp-image-4454\" srcset=\"https:\/\/alcaldiaalbertoadriani.com\/wp-content\/uploads\/2023\/11\/photo_2023-11-04_20-03-02.jpg 1000w, https:\/\/alcaldiaalbertoadriani.com\/wp-content\/uploads\/2023\/11\/photo_2023-11-04_20-03-02-980x735.jpg 980w, https:\/\/alcaldiaalbertoadriani.com\/wp-content\/uploads\/2023\/11\/photo_2023-11-04_20-03-02-480x360.jpg 480w\" sizes=\"auto, (min-width: 0px) and (max-width: 480px) 480px, (min-width: 481px) and (max-width: 980px) 980px, (min-width: 981px) 1000px, 100vw\" \/><\/figure>\n\n\n\n<figure class=\"wp-block-image size-large\"><img loading=\"lazy\" decoding=\"async\" width=\"1000\" height=\"750\" data-id=\"4457\" src=\"https:\/\/alcaldiaalbertoadriani.com\/wp-content\/uploads\/2023\/11\/photo_2023-11-04_20-03-03.jpg\" alt=\"\" class=\"wp-image-4457\" srcset=\"https:\/\/alcaldiaalbertoadriani.com\/wp-content\/uploads\/2023\/11\/photo_2023-11-04_20-03-03.jpg 1000w, https:\/\/alcaldiaalbertoadriani.com\/wp-content\/uploads\/2023\/11\/photo_2023-11-04_20-03-03-980x735.jpg 980w, https:\/\/alcaldiaalbertoadriani.com\/wp-content\/uploads\/2023\/11\/photo_2023-11-04_20-03-03-480x360.jpg 480w\" sizes=\"auto, (min-width: 0px) and (max-width: 480px) 480px, (min-width: 481px) and (max-width: 980px) 980px, (min-width: 981px) 1000px, 100vw\" \/><\/figure>\n<\/figure>\n","protected":false},"excerpt":{"rendered":"<p>La alcald\u00eda de Alberto Adriani a trav\u00e9s de las cuadrillas del Plan Renacer de Mi Vig\u00eda Querido, realiz\u00f3 labores de mantenimiento en las \u00e1reas verdes del N\u00facleo Universitario Alberto Adriani [&hellip;]<\/p>\n","protected":false},"author":2,"featured_media":4449,"comment_status":"closed","ping_status":"closed","sticky":false,"template":"","format":"standard","meta":{"_et_pb_use_builder":"off","_et_pb_old_content":"","_et_gb_content_width":"","footnotes":""},"categories":[341,25,24,189,512],"tags":[31,11,12,15,30,29,28,562],"class_list":["post-4448","post","type-post","status-publish","format-standard","has-post-thumbnail","hentry","category-alcaldia-alberto-adriani","category-nuestro-municipio","category-recuperacion-de-espacios","category-renacer-de-mi-vigia-querido","category-terminal-de-pasajeros-abelardo-pernia","tag-alcalde","tag-alcaldia","tag-alcaldiaalbertoadriani","tag-elvigia","tag-lisandrosegura","tag-municipioquenosmerecemos","tag-porelrenacer","tag-plan-renacer-vigia-querido"],"yoast_head":"<!-- This site is optimized with the Yoast SEO plugin v19.13 - https:\/\/yoast.com\/wordpress\/plugins\/seo\/ -->\n<title>Plan Renacer de mi Vig\u00eda Querido realiz\u00f3 mantenimiento en \u00e1reas verdes del n\u00facleo de la ULA - Alcaldia Alberto Adriani<\/title>\n<meta name=\"description\" content=\"Plan Renacer de Mi Vig\u00eda Querido, realiz\u00f3 labores de mantenimiento en las \u00e1reas verdes del N\u00facleo Universitario Alberto Adriani.\" \/>\n<meta name=\"robots\" content=\"index, follow, max-snippet:-1, max-image-preview:large, max-video-preview:-1\" \/>\n<link rel=\"canonical\" href=\"https:\/\/alcaldiaalbertoadriani.com\/?p=4448\" \/>\n<meta property=\"og:locale\" content=\"es_ES\" \/>\n<meta property=\"og:type\" content=\"article\" \/>\n<meta property=\"og:title\" content=\"Plan Renacer de mi Vig\u00eda Querido realiz\u00f3 mantenimiento en \u00e1reas verdes del n\u00facleo de la ULA - Alcaldia Alberto Adriani\" \/>\n<meta property=\"og:description\" content=\"Plan Renacer de Mi Vig\u00eda Querido, realiz\u00f3 labores de mantenimiento en las \u00e1reas verdes del N\u00facleo Universitario Alberto Adriani.\" \/>\n<meta property=\"og:url\" content=\"https:\/\/alcaldiaalbertoadriani.com\/?p=4448\" \/>\n<meta property=\"og:site_name\" content=\"Alcaldia Alberto Adriani\" \/>\n<meta property=\"article:published_time\" content=\"2023-11-05T00:26:34+00:00\" \/>\n<meta property=\"article:modified_time\" content=\"2023-11-05T00:26:40+00:00\" \/>\n<meta property=\"og:image\" content=\"https:\/\/alcaldiaalbertoadriani.com\/wp-content\/uploads\/2023\/11\/photo_2023-11-04_20-03-06.jpg\" \/>\n\t<meta property=\"og:image:width\" content=\"1080\" \/>\n\t<meta property=\"og:image:height\" content=\"810\" \/>\n\t<meta property=\"og:image:type\" content=\"image\/jpeg\" \/>\n<meta name=\"author\" content=\"Prensa\" \/>\n<meta name=\"twitter:card\" content=\"summary_large_image\" \/>\n<meta name=\"twitter:label1\" content=\"Escrito por\" \/>\n\t<meta name=\"twitter:data1\" content=\"Prensa\" \/>\n\t<meta name=\"twitter:label2\" content=\"Tiempo de lectura\" \/>\n\t<meta name=\"twitter:data2\" content=\"4 minutos\" \/>\n<script type=\"application\/ld+json\" class=\"yoast-schema-graph\">{\"@context\":\"https:\/\/schema.org\",\"@graph\":[{\"@type\":\"WebPage\",\"@id\":\"https:\/\/alcaldiaalbertoadriani.com\/?p=4448\",\"url\":\"https:\/\/alcaldiaalbertoadriani.com\/?p=4448\",\"name\":\"Plan Renacer de mi Vig\u00eda Querido realiz\u00f3 mantenimiento en \u00e1reas verdes del n\u00facleo de la ULA - Alcaldia Alberto Adriani\",\"isPartOf\":{\"@id\":\"https:\/\/alcaldiaalbertoadriani.com\/#website\"},\"datePublished\":\"2023-11-05T00:26:34+00:00\",\"dateModified\":\"2023-11-05T00:26:40+00:00\",\"author\":{\"@id\":\"https:\/\/alcaldiaalbertoadriani.com\/#\/schema\/person\/549b4483ff8999ac780deeea78795fc9\"},\"description\":\"Plan Renacer de Mi Vig\u00eda Querido, realiz\u00f3 labores de mantenimiento en las \u00e1reas verdes del N\u00facleo Universitario Alberto Adriani.\",\"breadcrumb\":{\"@id\":\"https:\/\/alcaldiaalbertoadriani.com\/?p=4448#breadcrumb\"},\"inLanguage\":\"es\",\"potentialAction\":[{\"@type\":\"ReadAction\",\"target\":[\"https:\/\/alcaldiaalbertoadriani.com\/?p=4448\"]}]},{\"@type\":\"BreadcrumbList\",\"@id\":\"https:\/\/alcaldiaalbertoadriani.com\/?p=4448#breadcrumb\",\"itemListElement\":[{\"@type\":\"ListItem\",\"position\":1,\"name\":\"Portada\",\"item\":\"https:\/\/alcaldiaalbertoadriani.com\/\"},{\"@type\":\"ListItem\",\"position\":2,\"name\":\"Plan Renacer de mi Vig\u00eda Querido realiz\u00f3 mantenimiento en \u00e1reas verdes del n\u00facleo de la ULA\"}]},{\"@type\":\"WebSite\",\"@id\":\"https:\/\/alcaldiaalbertoadriani.com\/#website\",\"url\":\"https:\/\/alcaldiaalbertoadriani.com\/\",\"name\":\"Alcaldia Alberto Adriani\",\"description\":\"\",\"potentialAction\":[{\"@type\":\"SearchAction\",\"target\":{\"@type\":\"EntryPoint\",\"urlTemplate\":\"https:\/\/alcaldiaalbertoadriani.com\/?s={search_term_string}\"},\"query-input\":\"required name=search_term_string\"}],\"inLanguage\":\"es\"},{\"@type\":\"Person\",\"@id\":\"https:\/\/alcaldiaalbertoadriani.com\/#\/schema\/person\/549b4483ff8999ac780deeea78795fc9\",\"name\":\"Prensa\",\"image\":{\"@type\":\"ImageObject\",\"inLanguage\":\"es\",\"@id\":\"https:\/\/alcaldiaalbertoadriani.com\/#\/schema\/person\/image\/\",\"url\":\"https:\/\/secure.gravatar.com\/avatar\/ea1cb567ea992a29627f4eee1c2eb185ec16decec6342d508fdf18dedb56c9de?s=96&d=mm&r=g\",\"contentUrl\":\"https:\/\/secure.gravatar.com\/avatar\/ea1cb567ea992a29627f4eee1c2eb185ec16decec6342d508fdf18dedb56c9de?s=96&d=mm&r=g\",\"caption\":\"Prensa\"},\"url\":\"https:\/\/alcaldiaalbertoadriani.com\/?author=2\"}]}<\/script>\n<!-- \/ Yoast SEO plugin. -->","yoast_head_json":{"title":"Plan Renacer de mi Vig\u00eda Querido realiz\u00f3 mantenimiento en \u00e1reas verdes del n\u00facleo de la ULA - Alcaldia Alberto Adriani","description":"Plan Renacer de Mi Vig\u00eda Querido, realiz\u00f3 labores de mantenimiento en las \u00e1reas verdes del N\u00facleo Universitario Alberto Adriani.","robots":{"index":"index","follow":"follow","max-snippet":"max-snippet:-1","max-image-preview":"max-image-preview:large","max-video-preview":"max-video-preview:-1"},"canonical":"https:\/\/alcaldiaalbertoadriani.com\/?p=4448","og_locale":"es_ES","og_type":"article","og_title":"Plan Renacer de mi Vig\u00eda Querido realiz\u00f3 mantenimiento en \u00e1reas verdes del n\u00facleo de la ULA - Alcaldia Alberto Adriani","og_description":"Plan Renacer de Mi Vig\u00eda Querido, realiz\u00f3 labores de mantenimiento en las \u00e1reas verdes del N\u00facleo Universitario Alberto Adriani.","og_url":"https:\/\/alcaldiaalbertoadriani.com\/?p=4448","og_site_name":"Alcaldia Alberto Adriani","article_published_time":"2023-11-05T00:26:34+00:00","article_modified_time":"2023-11-05T00:26:40+00:00","og_image":[{"width":1080,"height":810,"url":"https:\/\/alcaldiaalbertoadriani.com\/wp-content\/uploads\/2023\/11\/photo_2023-11-04_20-03-06.jpg","type":"image\/jpeg"}],"author":"Prensa","twitter_card":"summary_large_image","twitter_misc":{"Escrito por":"Prensa","Tiempo de lectura":"4 minutos"},"schema":{"@context":"https:\/\/schema.org","@graph":[{"@type":"WebPage","@id":"https:\/\/alcaldiaalbertoadriani.com\/?p=4448","url":"https:\/\/alcaldiaalbertoadriani.com\/?p=4448","name":"Plan Renacer de mi Vig\u00eda Querido realiz\u00f3 mantenimiento en \u00e1reas verdes del n\u00facleo de la ULA - Alcaldia Alberto Adriani","isPartOf":{"@id":"https:\/\/alcaldiaalbertoadriani.com\/#website"},"datePublished":"2023-11-05T00:26:34+00:00","dateModified":"2023-11-05T00:26:40+00:00","author":{"@id":"https:\/\/alcaldiaalbertoadriani.com\/#\/schema\/person\/549b4483ff8999ac780deeea78795fc9"},"description":"Plan Renacer de Mi Vig\u00eda Querido, realiz\u00f3 labores de mantenimiento en las \u00e1reas verdes del N\u00facleo Universitario Alberto Adriani.","breadcrumb":{"@id":"https:\/\/alcaldiaalbertoadriani.com\/?p=4448#breadcrumb"},"inLanguage":"es","potentialAction":[{"@type":"ReadAction","target":["https:\/\/alcaldiaalbertoadriani.com\/?p=4448"]}]},{"@type":"BreadcrumbList","@id":"https:\/\/alcaldiaalbertoadriani.com\/?p=4448#breadcrumb","itemListElement":[{"@type":"ListItem","position":1,"name":"Portada","item":"https:\/\/alcaldiaalbertoadriani.com\/"},{"@type":"ListItem","position":2,"name":"Plan Renacer de mi Vig\u00eda Querido realiz\u00f3 mantenimiento en \u00e1reas verdes del n\u00facleo de la ULA"}]},{"@type":"WebSite","@id":"https:\/\/alcaldiaalbertoadriani.com\/#website","url":"https:\/\/alcaldiaalbertoadriani.com\/","name":"Alcaldia Alberto Adriani","description":"","potentialAction":[{"@type":"SearchAction","target":{"@type":"EntryPoint","urlTemplate":"https:\/\/alcaldiaalbertoadriani.com\/?s={search_term_string}"},"query-input":"required name=search_term_string"}],"inLanguage":"es"},{"@type":"Person","@id":"https:\/\/alcaldiaalbertoadriani.com\/#\/schema\/person\/549b4483ff8999ac780deeea78795fc9","name":"Prensa","image":{"@type":"ImageObject","inLanguage":"es","@id":"https:\/\/alcaldiaalbertoadriani.com\/#\/schema\/person\/image\/","url":"https:\/\/secure.gravatar.com\/avatar\/ea1cb567ea992a29627f4eee1c2eb185ec16decec6342d508fdf18dedb56c9de?s=96&d=mm&r=g","contentUrl":"https:\/\/secure.gravatar.com\/avatar\/ea1cb567ea992a29627f4eee1c2eb185ec16decec6342d508fdf18dedb56c9de?s=96&d=mm&r=g","caption":"Prensa"},"url":"https:\/\/alcaldiaalbertoadriani.com\/?author=2"}]}},"_links":{"self":[{"href":"https:\/\/alcaldiaalbertoadriani.com\/index.php?rest_route=\/wp\/v2\/posts\/4448","targetHints":{"allow":["GET"]}}],"collection":[{"href":"https:\/\/alcaldiaalbertoadriani.com\/index.php?rest_route=\/wp\/v2\/posts"}],"about":[{"href":"https:\/\/alcaldiaalbertoadriani.com\/index.php?rest_route=\/wp\/v2\/types\/post"}],"author":[{"embeddable":true,"href":"https:\/\/alcaldiaalbertoadriani.com\/index.php?rest_route=\/wp\/v2\/users\/2"}],"replies":[{"embeddable":true,"href":"https:\/\/alcaldiaalbertoadriani.com\/index.php?rest_route=%2Fwp%2Fv2%2Fcomments&post=4448"}],"version-history":[{"count":1,"href":"https:\/\/alcaldiaalbertoadriani.com\/index.php?rest_route=\/wp\/v2\/posts\/4448\/revisions"}],"predecessor-version":[{"id":4459,"href":"https:\/\/alcaldiaalbertoadriani.com\/index.php?rest_route=\/wp\/v2\/posts\/4448\/revisions\/4459"}],"wp:featuredmedia":[{"embeddable":true,"href":"https:\/\/alcaldiaalbertoadriani.com\/index.php?rest_route=\/wp\/v2\/media\/4449"}],"wp:attachment":[{"href":"https:\/\/alcaldiaalbertoadriani.com\/index.php?rest_route=%2Fwp%2Fv2%2Fmedia&parent=4448"}],"wp:term":[{"taxonomy":"category","embeddable":true,"href":"https:\/\/alcaldiaalbertoadriani.com\/index.php?rest_route=%2Fwp%2Fv2%2Fcategories&post=4448"},{"taxonomy":"post_tag","embeddable":true,"href":"https:\/\/alcaldiaalbertoadriani.com\/index.php?rest_route=%2Fwp%2Fv2%2Ftags&post=4448"}],"curies":[{"name":"wp","href":"https:\/\/api.w.org\/{rel}","templated":true}]}}