{"id":4261,"date":"2023-10-21T16:56:53","date_gmt":"2023-10-21T16:56:53","guid":{"rendered":"https:\/\/alcaldiaalbertoadriani.com\/?p=4261"},"modified":"2023-10-21T16:57:00","modified_gmt":"2023-10-21T16:57:00","slug":"plan-de-inversion-2024","status":"publish","type":"post","link":"https:\/\/alcaldiaalbertoadriani.com\/?p=4261","title":{"rendered":"Consejo Local de Planificaci\u00f3n P\u00fablica de Alberto Adriani aprob\u00f3 Plan de Inversi\u00f3n 2024"},"content":{"rendered":"<div class=\"wp-block-post-excerpt\"><p class=\"wp-block-post-excerpt__excerpt\">Con 26 votos a favor se aprob\u00f3 el Plan de Inversi\u00f3n <\/p><\/div>\n\n\n<p>En una reuni\u00f3n celebrada este viernes 20 de octubre la mayor\u00eda de la plenaria del <a href=\"https:\/\/alcaldiaalbertoadriani.com\/?p=3637\" target=\"_blank\" rel=\"noreferrer noopener\">Consejo Local de Planificaci\u00f3n P\u00fablica (Clpp) de Alberto Adriani<\/a>, aprob\u00f3 el Plan de Inversi\u00f3n para el a\u00f1o 2024. <\/p>\n\n\n\n<h2 class=\"wp-block-heading\">Plan de Inversi\u00f3n 2024 <\/h2>\n\n\n\n<p>El plan incluye las obras prioritarias que surgieron del diagn\u00f3stico participativo a\u00f1o 2023-2024 y, que fueron evaluadas por la Sala T\u00e9cnica del ente planificador. <\/p>\n\n\n\n<p>Los detalles los dio a conocer el alcalde y presidente del Clpp, <a href=\"https:\/\/www.instagram.com\/lisandrosegura02\/\" target=\"_blank\" rel=\"noreferrer noopener\">Lisandro Segura<\/a>, quien se\u00f1al\u00f3 que de acuerdo con la din\u00e1mica y el r\u00e9gimen de debates del ente planificador, \u201cse cumpli\u00f3 con la agenda planteada que comprendi\u00f3 la presentaci\u00f3n del informe, resumen de obras a cargo de la ingeniero Luzmila Qui\u00f1ones, coordinadora de la sala t\u00e9cnica; discusi\u00f3n y aprobaci\u00f3n de las propuestas derivadas del informe y la reubicaci\u00f3n del proyecto denominado construcci\u00f3n de pozo profundo en la parroquia R\u00f3mulo Gallegos&#8221;.<\/p>\n\n\n\n<figure class=\"wp-block-image size-large\"><img loading=\"lazy\" decoding=\"async\" width=\"1024\" height=\"768\" src=\"https:\/\/alcaldiaalbertoadriani.com\/wp-content\/uploads\/2023\/10\/photo_2023-10-21_12-07-11-2-1024x768.jpg\" alt=\"\" class=\"wp-image-4263\" srcset=\"https:\/\/alcaldiaalbertoadriani.com\/wp-content\/uploads\/2023\/10\/photo_2023-10-21_12-07-11-2-1024x768.jpg 1024w, https:\/\/alcaldiaalbertoadriani.com\/wp-content\/uploads\/2023\/10\/photo_2023-10-21_12-07-11-2-980x735.jpg 980w, https:\/\/alcaldiaalbertoadriani.com\/wp-content\/uploads\/2023\/10\/photo_2023-10-21_12-07-11-2-480x360.jpg 480w\" sizes=\"auto, (min-width: 0px) and (max-width: 480px) 480px, (min-width: 481px) and (max-width: 980px) 980px, (min-width: 981px) 1024px, 100vw\" \/><\/figure>\n\n\n\n<!--more-->\n\n\n\n<h2 class=\"wp-block-heading\">Unanimidad<\/h2>\n\n\n\n<p>En este sentido, <a href=\"https:\/\/www.instagram.com\/lisandrosegura02\/\" target=\"_blank\" rel=\"noreferrer noopener\">Lisandro Segura<\/a> recalc\u00f3 que la aprobaci\u00f3n del plan de inversi\u00f3n pr\u00e1cticamente se produjo por unanimidad, &#8220;pues cont\u00f3 con una importante participaci\u00f3n de la gran mayor\u00eda de los consejeros\u201d. Dijo sentirse satisfecho de poder avanzar a otra etapa del proceso de <a href=\"https:\/\/alcaldiaalbertoadriani.com\/?p=2810\" target=\"_blank\" rel=\"noreferrer noopener\">planificaci\u00f3n del consejo local<\/a>.<\/p>\n\n\n\n<p>Asimismo, acot\u00f3 que las obras del plan surgieron de los problemas formulados en el diagn\u00f3stico participativo realizado en 200 asambleas de ciudadanos que permitieron llegar a 320 comunidades del <a href=\"https:\/\/www.instagram.com\/alcaldia_aa\/\" target=\"_blank\" rel=\"noreferrer noopener\">municipio Alberto Adriani<\/a>, en donde \u201cla gente prioriz\u00f3 el asfaltado, alumbrado p\u00fablico, as\u00ed como la recuperaci\u00f3n de caminos rurales y urbanos, entre otras \u00e1reas\u201d, precis\u00f3.<\/p>\n\n\n\n<figure class=\"wp-block-image size-large\"><img loading=\"lazy\" decoding=\"async\" width=\"1024\" height=\"768\" src=\"https:\/\/alcaldiaalbertoadriani.com\/wp-content\/uploads\/2023\/10\/photo_2023-10-21_12-07-02-2-1024x768.jpg\" alt=\"\" class=\"wp-image-4264\" srcset=\"https:\/\/alcaldiaalbertoadriani.com\/wp-content\/uploads\/2023\/10\/photo_2023-10-21_12-07-02-2-1024x768.jpg 1024w, https:\/\/alcaldiaalbertoadriani.com\/wp-content\/uploads\/2023\/10\/photo_2023-10-21_12-07-02-2-980x735.jpg 980w, https:\/\/alcaldiaalbertoadriani.com\/wp-content\/uploads\/2023\/10\/photo_2023-10-21_12-07-02-2-480x360.jpg 480w\" sizes=\"auto, (min-width: 0px) and (max-width: 480px) 480px, (min-width: 481px) and (max-width: 980px) 980px, (min-width: 981px) 1024px, 100vw\" \/><\/figure>\n\n\n\n<h2 class=\"wp-block-heading\">Proyectos ante el FCI<\/h2>\n\n\n\n<p>Destac\u00f3 el presidente del Clpp que, en la reuni\u00f3n adem\u00e1s de la propuesta de obras que se ejecutar\u00e1n con recursos propios del municipio, tambi\u00e9n se aprobaron los proyectos para ser presentados ante el Fondo de Compensaci\u00f3n Interterritorial (FCI) a fin de buscar su financiamiento y ejecuci\u00f3n para el pr\u00f3ximo per\u00edodo 2024.<\/p>\n\n\n\n<h2 class=\"wp-block-heading\">Reubicaci\u00f3n del proyecto de construcci\u00f3n de pozo profundo<\/h2>\n\n\n\n<p>Finalmente, se discuti\u00f3 la reubicaci\u00f3n del proyecto \u201cconstrucci\u00f3n de pozo profundo para la extracci\u00f3n de agua potable subterr\u00e1nea en la urbanizaci\u00f3n Lago Sur, de la parroquia R\u00f3mulo Gallegos\u201d, pues de acuerdo con el informe t\u00e9cnico presentado ante dicha instancia, el mismo determin\u00f3 que desde el punto de vista t\u00e9cnico y econ\u00f3mico no es viable, &#8220;por lo cual la gerencia de Proyectos present\u00f3 una nueva alternativa para la inversi\u00f3n de ese recurso, direccionado en el mismo sector de agua y en la misma parroquia R\u00f3mulo Gallegos para no privarla del beneficio&#8221;.<\/p>\n\n\n\n<p>La nueva alternativa de construcci\u00f3n ser\u00e1 del pozo profundo para la extracci\u00f3n de agua potable subterr\u00e1nea en la comunidad 16 de julio, de la parroquia R\u00f3mulo Gallegos, por cuanto el Clpp aprob\u00f3 la reubicaci\u00f3n de la obra para ejecutarla este a\u00f1o, \u201clo que permitir\u00e1 proveerles de agua a unas 120 familias aproximadamente de condiciones econ\u00f3micas bastante vulnerables&#8221;, a\u00f1adi\u00f3 el presidente del Clpp.<strong> Prensa <a href=\"https:\/\/www.instagram.com\/alcaldia_aa\/\" target=\"_blank\" rel=\"noreferrer noopener\">Alcald\u00eda Alberto Adriani<\/a>\/Claribel Zambrano CNP:11.843\/Fotos: Catalina Contreras.<\/strong><\/p>\n\n\n\n<figure class=\"wp-block-gallery has-nested-images columns-default is-cropped wp-block-gallery-1 is-layout-flex wp-block-gallery-is-layout-flex\">\n<figure class=\"wp-block-image size-large\"><img loading=\"lazy\" decoding=\"async\" width=\"1024\" height=\"768\" data-id=\"4265\" src=\"https:\/\/alcaldiaalbertoadriani.com\/wp-content\/uploads\/2023\/10\/photo_2023-10-21_12-04-09-2-1024x768.jpg\" alt=\"\" class=\"wp-image-4265\" srcset=\"https:\/\/alcaldiaalbertoadriani.com\/wp-content\/uploads\/2023\/10\/photo_2023-10-21_12-04-09-2-1024x768.jpg 1024w, https:\/\/alcaldiaalbertoadriani.com\/wp-content\/uploads\/2023\/10\/photo_2023-10-21_12-04-09-2-980x735.jpg 980w, https:\/\/alcaldiaalbertoadriani.com\/wp-content\/uploads\/2023\/10\/photo_2023-10-21_12-04-09-2-480x360.jpg 480w\" sizes=\"auto, (min-width: 0px) and (max-width: 480px) 480px, (min-width: 481px) and (max-width: 980px) 980px, (min-width: 981px) 1024px, 100vw\" \/><\/figure>\n\n\n\n<figure class=\"wp-block-image size-large\"><img loading=\"lazy\" decoding=\"async\" width=\"1024\" height=\"768\" data-id=\"4269\" src=\"https:\/\/alcaldiaalbertoadriani.com\/wp-content\/uploads\/2023\/10\/photo_2023-10-21_12-04-10-2-1024x768.jpg\" alt=\"\" class=\"wp-image-4269\" srcset=\"https:\/\/alcaldiaalbertoadriani.com\/wp-content\/uploads\/2023\/10\/photo_2023-10-21_12-04-10-2-1024x768.jpg 1024w, https:\/\/alcaldiaalbertoadriani.com\/wp-content\/uploads\/2023\/10\/photo_2023-10-21_12-04-10-2-980x735.jpg 980w, https:\/\/alcaldiaalbertoadriani.com\/wp-content\/uploads\/2023\/10\/photo_2023-10-21_12-04-10-2-480x360.jpg 480w\" sizes=\"auto, (min-width: 0px) and (max-width: 480px) 480px, (min-width: 481px) and (max-width: 980px) 980px, (min-width: 981px) 1024px, 100vw\" \/><\/figure>\n\n\n\n<figure class=\"wp-block-image size-large\"><img loading=\"lazy\" decoding=\"async\" width=\"1024\" height=\"576\" data-id=\"4266\" src=\"https:\/\/alcaldiaalbertoadriani.com\/wp-content\/uploads\/2023\/10\/photo_2023-10-21_12-04-23-1024x576.jpg\" alt=\"\" class=\"wp-image-4266\" srcset=\"https:\/\/alcaldiaalbertoadriani.com\/wp-content\/uploads\/2023\/10\/photo_2023-10-21_12-04-23-1024x576.jpg 1024w, https:\/\/alcaldiaalbertoadriani.com\/wp-content\/uploads\/2023\/10\/photo_2023-10-21_12-04-23-980x551.jpg 980w, https:\/\/alcaldiaalbertoadriani.com\/wp-content\/uploads\/2023\/10\/photo_2023-10-21_12-04-23-480x270.jpg 480w\" sizes=\"auto, (min-width: 0px) and (max-width: 480px) 480px, (min-width: 481px) and (max-width: 980px) 980px, (min-width: 981px) 1024px, 100vw\" \/><\/figure>\n\n\n\n<figure class=\"wp-block-image size-large\"><img loading=\"lazy\" decoding=\"async\" width=\"1024\" height=\"768\" data-id=\"4267\" src=\"https:\/\/alcaldiaalbertoadriani.com\/wp-content\/uploads\/2023\/10\/photo_2023-10-21_12-04-54-2-1024x768.jpg\" alt=\"\" class=\"wp-image-4267\" srcset=\"https:\/\/alcaldiaalbertoadriani.com\/wp-content\/uploads\/2023\/10\/photo_2023-10-21_12-04-54-2-1024x768.jpg 1024w, https:\/\/alcaldiaalbertoadriani.com\/wp-content\/uploads\/2023\/10\/photo_2023-10-21_12-04-54-2-980x735.jpg 980w, https:\/\/alcaldiaalbertoadriani.com\/wp-content\/uploads\/2023\/10\/photo_2023-10-21_12-04-54-2-480x360.jpg 480w\" sizes=\"auto, (min-width: 0px) and (max-width: 480px) 480px, (min-width: 481px) and (max-width: 980px) 980px, (min-width: 981px) 1024px, 100vw\" \/><\/figure>\n\n\n\n<figure class=\"wp-block-image size-large\"><img loading=\"lazy\" decoding=\"async\" width=\"1024\" height=\"768\" data-id=\"4268\" src=\"https:\/\/alcaldiaalbertoadriani.com\/wp-content\/uploads\/2023\/10\/photo_2023-10-21_12-05-06-2-1024x768.jpg\" alt=\"\" class=\"wp-image-4268\" srcset=\"https:\/\/alcaldiaalbertoadriani.com\/wp-content\/uploads\/2023\/10\/photo_2023-10-21_12-05-06-2-1024x768.jpg 1024w, https:\/\/alcaldiaalbertoadriani.com\/wp-content\/uploads\/2023\/10\/photo_2023-10-21_12-05-06-2-980x735.jpg 980w, https:\/\/alcaldiaalbertoadriani.com\/wp-content\/uploads\/2023\/10\/photo_2023-10-21_12-05-06-2-480x360.jpg 480w\" sizes=\"auto, (min-width: 0px) and (max-width: 480px) 480px, (min-width: 481px) and (max-width: 980px) 980px, (min-width: 981px) 1024px, 100vw\" \/><\/figure>\n\n\n\n<figure class=\"wp-block-image size-large\"><img loading=\"lazy\" decoding=\"async\" width=\"1024\" height=\"768\" data-id=\"4270\" src=\"https:\/\/alcaldiaalbertoadriani.com\/wp-content\/uploads\/2023\/10\/photo_2023-10-21_12-05-41-2-1024x768.jpg\" alt=\"\" class=\"wp-image-4270\" srcset=\"https:\/\/alcaldiaalbertoadriani.com\/wp-content\/uploads\/2023\/10\/photo_2023-10-21_12-05-41-2-1024x768.jpg 1024w, https:\/\/alcaldiaalbertoadriani.com\/wp-content\/uploads\/2023\/10\/photo_2023-10-21_12-05-41-2-980x735.jpg 980w, https:\/\/alcaldiaalbertoadriani.com\/wp-content\/uploads\/2023\/10\/photo_2023-10-21_12-05-41-2-480x360.jpg 480w\" sizes=\"auto, (min-width: 0px) and (max-width: 480px) 480px, (min-width: 481px) and (max-width: 980px) 980px, (min-width: 981px) 1024px, 100vw\" \/><\/figure>\n<\/figure>\n","protected":false},"excerpt":{"rendered":"<p><strong><em>Con 26 votos a favor se aprob\u00f3 el Plan de Inversi\u00f3n<\/em><\/strong><\/p>\n","protected":false},"author":2,"featured_media":4262,"comment_status":"closed","ping_status":"closed","sticky":false,"template":"","format":"standard","meta":{"_et_pb_use_builder":"off","_et_pb_old_content":"","_et_gb_content_width":"","footnotes":""},"categories":[341,56,175,25],"tags":[31,11,12,15,30,29,28,543],"class_list":["post-4261","post","type-post","status-publish","format-standard","has-post-thumbnail","hentry","category-alcaldia-alberto-adriani","category-clpp","category-gestion-municipal","category-nuestro-municipio","tag-alcalde","tag-alcaldia","tag-alcaldiaalbertoadriani","tag-elvigia","tag-lisandrosegura","tag-municipioquenosmerecemos","tag-porelrenacer","tag-plan-de-inversion-2024"],"yoast_head":"<!-- This site is optimized with the Yoast SEO plugin v19.13 - https:\/\/yoast.com\/wordpress\/plugins\/seo\/ -->\n<title>Consejo Local de Planificaci\u00f3n P\u00fablica de Alberto Adriani aprob\u00f3 Plan de Inversi\u00f3n 2024 - Alcaldia Alberto Adriani<\/title>\n<meta name=\"description\" content=\"La mayor\u00eda de la plenaria del Consejo Local de Planificaci\u00f3n P\u00fablica (Clpp) de Alberto Adriani, aprob\u00f3 el Plan de Inversi\u00f3n para el a\u00f1o 2024.\" \/>\n<meta name=\"robots\" content=\"index, follow, max-snippet:-1, max-image-preview:large, max-video-preview:-1\" \/>\n<link rel=\"canonical\" href=\"https:\/\/alcaldiaalbertoadriani.com\/?p=4261\" \/>\n<meta property=\"og:locale\" content=\"es_ES\" \/>\n<meta property=\"og:type\" content=\"article\" \/>\n<meta property=\"og:title\" content=\"Consejo Local de Planificaci\u00f3n P\u00fablica de Alberto Adriani aprob\u00f3 Plan de Inversi\u00f3n 2024 - Alcaldia Alberto Adriani\" \/>\n<meta property=\"og:description\" content=\"La mayor\u00eda de la plenaria del Consejo Local de Planificaci\u00f3n P\u00fablica (Clpp) de Alberto Adriani, aprob\u00f3 el Plan de Inversi\u00f3n para el a\u00f1o 2024.\" \/>\n<meta property=\"og:url\" content=\"https:\/\/alcaldiaalbertoadriani.com\/?p=4261\" \/>\n<meta property=\"og:site_name\" content=\"Alcaldia Alberto Adriani\" \/>\n<meta property=\"article:published_time\" content=\"2023-10-21T16:56:53+00:00\" \/>\n<meta property=\"article:modified_time\" content=\"2023-10-21T16:57:00+00:00\" \/>\n<meta property=\"og:image\" content=\"https:\/\/alcaldiaalbertoadriani.com\/wp-content\/uploads\/2023\/10\/photo_2023-10-21_12-05-33-2.jpg\" \/>\n\t<meta property=\"og:image:width\" content=\"1280\" \/>\n\t<meta property=\"og:image:height\" content=\"960\" \/>\n\t<meta property=\"og:image:type\" content=\"image\/jpeg\" \/>\n<meta name=\"author\" content=\"Prensa\" \/>\n<meta name=\"twitter:card\" content=\"summary_large_image\" \/>\n<meta name=\"twitter:label1\" content=\"Escrito por\" \/>\n\t<meta name=\"twitter:data1\" content=\"Prensa\" \/>\n\t<meta name=\"twitter:label2\" content=\"Tiempo de lectura\" \/>\n\t<meta name=\"twitter:data2\" content=\"4 minutos\" \/>\n<script type=\"application\/ld+json\" class=\"yoast-schema-graph\">{\"@context\":\"https:\/\/schema.org\",\"@graph\":[{\"@type\":\"WebPage\",\"@id\":\"https:\/\/alcaldiaalbertoadriani.com\/?p=4261\",\"url\":\"https:\/\/alcaldiaalbertoadriani.com\/?p=4261\",\"name\":\"Consejo Local de Planificaci\u00f3n P\u00fablica de Alberto Adriani aprob\u00f3 Plan de Inversi\u00f3n 2024 - Alcaldia Alberto Adriani\",\"isPartOf\":{\"@id\":\"https:\/\/alcaldiaalbertoadriani.com\/#website\"},\"datePublished\":\"2023-10-21T16:56:53+00:00\",\"dateModified\":\"2023-10-21T16:57:00+00:00\",\"author\":{\"@id\":\"https:\/\/alcaldiaalbertoadriani.com\/#\/schema\/person\/549b4483ff8999ac780deeea78795fc9\"},\"description\":\"La mayor\u00eda de la plenaria del Consejo Local de Planificaci\u00f3n P\u00fablica (Clpp) de Alberto Adriani, aprob\u00f3 el Plan de Inversi\u00f3n para el a\u00f1o 2024.\",\"breadcrumb\":{\"@id\":\"https:\/\/alcaldiaalbertoadriani.com\/?p=4261#breadcrumb\"},\"inLanguage\":\"es\",\"potentialAction\":[{\"@type\":\"ReadAction\",\"target\":[\"https:\/\/alcaldiaalbertoadriani.com\/?p=4261\"]}]},{\"@type\":\"BreadcrumbList\",\"@id\":\"https:\/\/alcaldiaalbertoadriani.com\/?p=4261#breadcrumb\",\"itemListElement\":[{\"@type\":\"ListItem\",\"position\":1,\"name\":\"Portada\",\"item\":\"https:\/\/alcaldiaalbertoadriani.com\/\"},{\"@type\":\"ListItem\",\"position\":2,\"name\":\"Consejo Local de Planificaci\u00f3n P\u00fablica de Alberto Adriani aprob\u00f3 Plan de Inversi\u00f3n 2024\"}]},{\"@type\":\"WebSite\",\"@id\":\"https:\/\/alcaldiaalbertoadriani.com\/#website\",\"url\":\"https:\/\/alcaldiaalbertoadriani.com\/\",\"name\":\"Alcaldia Alberto Adriani\",\"description\":\"\",\"potentialAction\":[{\"@type\":\"SearchAction\",\"target\":{\"@type\":\"EntryPoint\",\"urlTemplate\":\"https:\/\/alcaldiaalbertoadriani.com\/?s={search_term_string}\"},\"query-input\":\"required name=search_term_string\"}],\"inLanguage\":\"es\"},{\"@type\":\"Person\",\"@id\":\"https:\/\/alcaldiaalbertoadriani.com\/#\/schema\/person\/549b4483ff8999ac780deeea78795fc9\",\"name\":\"Prensa\",\"image\":{\"@type\":\"ImageObject\",\"inLanguage\":\"es\",\"@id\":\"https:\/\/alcaldiaalbertoadriani.com\/#\/schema\/person\/image\/\",\"url\":\"https:\/\/secure.gravatar.com\/avatar\/ea1cb567ea992a29627f4eee1c2eb185ec16decec6342d508fdf18dedb56c9de?s=96&d=mm&r=g\",\"contentUrl\":\"https:\/\/secure.gravatar.com\/avatar\/ea1cb567ea992a29627f4eee1c2eb185ec16decec6342d508fdf18dedb56c9de?s=96&d=mm&r=g\",\"caption\":\"Prensa\"},\"url\":\"https:\/\/alcaldiaalbertoadriani.com\/?author=2\"}]}<\/script>\n<!-- \/ Yoast SEO plugin. -->","yoast_head_json":{"title":"Consejo Local de Planificaci\u00f3n P\u00fablica de Alberto Adriani aprob\u00f3 Plan de Inversi\u00f3n 2024 - Alcaldia Alberto Adriani","description":"La mayor\u00eda de la plenaria del Consejo Local de Planificaci\u00f3n P\u00fablica (Clpp) de Alberto Adriani, aprob\u00f3 el Plan de Inversi\u00f3n para el a\u00f1o 2024.","robots":{"index":"index","follow":"follow","max-snippet":"max-snippet:-1","max-image-preview":"max-image-preview:large","max-video-preview":"max-video-preview:-1"},"canonical":"https:\/\/alcaldiaalbertoadriani.com\/?p=4261","og_locale":"es_ES","og_type":"article","og_title":"Consejo Local de Planificaci\u00f3n P\u00fablica de Alberto Adriani aprob\u00f3 Plan de Inversi\u00f3n 2024 - Alcaldia Alberto Adriani","og_description":"La mayor\u00eda de la plenaria del Consejo Local de Planificaci\u00f3n P\u00fablica (Clpp) de Alberto Adriani, aprob\u00f3 el Plan de Inversi\u00f3n para el a\u00f1o 2024.","og_url":"https:\/\/alcaldiaalbertoadriani.com\/?p=4261","og_site_name":"Alcaldia Alberto Adriani","article_published_time":"2023-10-21T16:56:53+00:00","article_modified_time":"2023-10-21T16:57:00+00:00","og_image":[{"width":1280,"height":960,"url":"https:\/\/alcaldiaalbertoadriani.com\/wp-content\/uploads\/2023\/10\/photo_2023-10-21_12-05-33-2.jpg","type":"image\/jpeg"}],"author":"Prensa","twitter_card":"summary_large_image","twitter_misc":{"Escrito por":"Prensa","Tiempo de lectura":"4 minutos"},"schema":{"@context":"https:\/\/schema.org","@graph":[{"@type":"WebPage","@id":"https:\/\/alcaldiaalbertoadriani.com\/?p=4261","url":"https:\/\/alcaldiaalbertoadriani.com\/?p=4261","name":"Consejo Local de Planificaci\u00f3n P\u00fablica de Alberto Adriani aprob\u00f3 Plan de Inversi\u00f3n 2024 - Alcaldia Alberto Adriani","isPartOf":{"@id":"https:\/\/alcaldiaalbertoadriani.com\/#website"},"datePublished":"2023-10-21T16:56:53+00:00","dateModified":"2023-10-21T16:57:00+00:00","author":{"@id":"https:\/\/alcaldiaalbertoadriani.com\/#\/schema\/person\/549b4483ff8999ac780deeea78795fc9"},"description":"La mayor\u00eda de la plenaria del Consejo Local de Planificaci\u00f3n P\u00fablica (Clpp) de Alberto Adriani, aprob\u00f3 el Plan de Inversi\u00f3n para el a\u00f1o 2024.","breadcrumb":{"@id":"https:\/\/alcaldiaalbertoadriani.com\/?p=4261#breadcrumb"},"inLanguage":"es","potentialAction":[{"@type":"ReadAction","target":["https:\/\/alcaldiaalbertoadriani.com\/?p=4261"]}]},{"@type":"BreadcrumbList","@id":"https:\/\/alcaldiaalbertoadriani.com\/?p=4261#breadcrumb","itemListElement":[{"@type":"ListItem","position":1,"name":"Portada","item":"https:\/\/alcaldiaalbertoadriani.com\/"},{"@type":"ListItem","position":2,"name":"Consejo Local de Planificaci\u00f3n P\u00fablica de Alberto Adriani aprob\u00f3 Plan de Inversi\u00f3n 2024"}]},{"@type":"WebSite","@id":"https:\/\/alcaldiaalbertoadriani.com\/#website","url":"https:\/\/alcaldiaalbertoadriani.com\/","name":"Alcaldia Alberto Adriani","description":"","potentialAction":[{"@type":"SearchAction","target":{"@type":"EntryPoint","urlTemplate":"https:\/\/alcaldiaalbertoadriani.com\/?s={search_term_string}"},"query-input":"required name=search_term_string"}],"inLanguage":"es"},{"@type":"Person","@id":"https:\/\/alcaldiaalbertoadriani.com\/#\/schema\/person\/549b4483ff8999ac780deeea78795fc9","name":"Prensa","image":{"@type":"ImageObject","inLanguage":"es","@id":"https:\/\/alcaldiaalbertoadriani.com\/#\/schema\/person\/image\/","url":"https:\/\/secure.gravatar.com\/avatar\/ea1cb567ea992a29627f4eee1c2eb185ec16decec6342d508fdf18dedb56c9de?s=96&d=mm&r=g","contentUrl":"https:\/\/secure.gravatar.com\/avatar\/ea1cb567ea992a29627f4eee1c2eb185ec16decec6342d508fdf18dedb56c9de?s=96&d=mm&r=g","caption":"Prensa"},"url":"https:\/\/alcaldiaalbertoadriani.com\/?author=2"}]}},"_links":{"self":[{"href":"https:\/\/alcaldiaalbertoadriani.com\/index.php?rest_route=\/wp\/v2\/posts\/4261","targetHints":{"allow":["GET"]}}],"collection":[{"href":"https:\/\/alcaldiaalbertoadriani.com\/index.php?rest_route=\/wp\/v2\/posts"}],"about":[{"href":"https:\/\/alcaldiaalbertoadriani.com\/index.php?rest_route=\/wp\/v2\/types\/post"}],"author":[{"embeddable":true,"href":"https:\/\/alcaldiaalbertoadriani.com\/index.php?rest_route=\/wp\/v2\/users\/2"}],"replies":[{"embeddable":true,"href":"https:\/\/alcaldiaalbertoadriani.com\/index.php?rest_route=%2Fwp%2Fv2%2Fcomments&post=4261"}],"version-history":[{"count":1,"href":"https:\/\/alcaldiaalbertoadriani.com\/index.php?rest_route=\/wp\/v2\/posts\/4261\/revisions"}],"predecessor-version":[{"id":4271,"href":"https:\/\/alcaldiaalbertoadriani.com\/index.php?rest_route=\/wp\/v2\/posts\/4261\/revisions\/4271"}],"wp:featuredmedia":[{"embeddable":true,"href":"https:\/\/alcaldiaalbertoadriani.com\/index.php?rest_route=\/wp\/v2\/media\/4262"}],"wp:attachment":[{"href":"https:\/\/alcaldiaalbertoadriani.com\/index.php?rest_route=%2Fwp%2Fv2%2Fmedia&parent=4261"}],"wp:term":[{"taxonomy":"category","embeddable":true,"href":"https:\/\/alcaldiaalbertoadriani.com\/index.php?rest_route=%2Fwp%2Fv2%2Fcategories&post=4261"},{"taxonomy":"post_tag","embeddable":true,"href":"https:\/\/alcaldiaalbertoadriani.com\/index.php?rest_route=%2Fwp%2Fv2%2Ftags&post=4261"}],"curies":[{"name":"wp","href":"https:\/\/api.w.org\/{rel}","templated":true}]}}