{"id":4141,"date":"2023-10-14T04:17:24","date_gmt":"2023-10-14T04:17:24","guid":{"rendered":"https:\/\/alcaldiaalbertoadriani.com\/?p=4141"},"modified":"2023-10-14T04:17:31","modified_gmt":"2023-10-14T04:17:31","slug":"habitantes-12-octubre-aniversario","status":"publish","type":"post","link":"https:\/\/alcaldiaalbertoadriani.com\/?p=4141","title":{"rendered":"Habitantes del 12 de Octubre celebraron 51 Aniversario de fundado"},"content":{"rendered":"<div class=\"wp-block-post-excerpt\"><p class=\"wp-block-post-excerpt__excerpt\">La alcald\u00eda Alberto Adriani impulsa la recuperaci\u00f3n de las tradiciones locales <\/p><\/div>\n\n\n<p>Habitantes del sector 12 de Octubre, de la parroquia Pulido M\u00e9ndez, celebraron este mi\u00e9rcoles su 51 Aniversario de fundado con una serie de actividades organizadas por los mismos vecinos y el apoyo de la <a href=\"https:\/\/www.tiktok.com\/@alcaldia_aa\" target=\"_blank\" rel=\"noreferrer noopener\">alcald\u00eda Alberto Adrian<\/a>i.<\/p>\n\n\n\n<p>El presidente del <a href=\"https:\/\/alcaldiaalbertoadriani.com\/?p=1615\" target=\"_blank\" rel=\"noreferrer noopener\">Concejo Municipal<\/a>, Rodolfo Molina, acompa\u00f1\u00f3 los actos en donde destac\u00f3 el apoyo del <a href=\"https:\/\/twitter.com\/lisandrosegura\" target=\"_blank\" rel=\"noreferrer noopener\">alcalde Lisandro Segura<\/a> para recuperar y mantener las tradiciones en todas las parroquias.\u00a0<\/p>\n\n\n\n<p>Asimismo, aprovech\u00f3 la ocasi\u00f3n para felicitar a los habitantes del sector y agradecer tambi\u00e9n el apoyo del consejo comunal 12 de Octubre, parte alta.<\/p>\n\n\n\n<h2 class=\"wp-block-heading\">Habitantes del 12 Octubre celebraron su aniversario<\/h2>\n\n\n\n<p>\u201cEl <a href=\"https:\/\/twitter.com\/lisandrosegura\" target=\"_blank\" rel=\"noreferrer noopener\">alcalde Segura<\/a> nos ha hecho un gran aporte a prop\u00f3sito de esta celebraci\u00f3n, ya que dentro de sus pol\u00edticas p\u00fablicas tiene como objetivo recuperar, realzar y mantener las tradiciones de todas las parroquias del <a href=\"https:\/\/www.tiktok.com\/@alcaldia_aa\" target=\"_blank\" rel=\"noreferrer noopener\">municipio Alberto Adriani<\/a>\u201d, dijo Molina.<\/p>\n\n\n\n<p>Las actividades de celebraci\u00f3n comenzaron con una misa de acci\u00f3n de gracias en la iglesia San Jos\u00e9 de La Blanca. Luego, se realiz\u00f3 un recorrido y desfile por las calles de la comunidad con la banda show de la parroquia Pulido M\u00e9ndez.<\/p>\n\n\n\n<p>De igual manera, se desarrollaron actividades deportivas y recreativas en varias disciplinas.&nbsp;<\/p>\n\n\n\n<figure class=\"wp-block-image size-large\"><img loading=\"lazy\" decoding=\"async\" width=\"1024\" height=\"768\" src=\"https:\/\/alcaldiaalbertoadriani.com\/wp-content\/uploads\/2023\/10\/photo_2023-10-13_23-59-29-2-1024x768.jpg\" alt=\"\" class=\"wp-image-4143\" srcset=\"https:\/\/alcaldiaalbertoadriani.com\/wp-content\/uploads\/2023\/10\/photo_2023-10-13_23-59-29-2-1024x768.jpg 1024w, https:\/\/alcaldiaalbertoadriani.com\/wp-content\/uploads\/2023\/10\/photo_2023-10-13_23-59-29-2-980x735.jpg 980w, https:\/\/alcaldiaalbertoadriani.com\/wp-content\/uploads\/2023\/10\/photo_2023-10-13_23-59-29-2-480x360.jpg 480w\" sizes=\"auto, (min-width: 0px) and (max-width: 480px) 480px, (min-width: 481px) and (max-width: 980px) 980px, (min-width: 981px) 1024px, 100vw\" \/><\/figure>\n\n\n\n<!--more-->\n\n\n\n<h2 class=\"wp-block-heading\">Coronaci\u00f3n<\/h2>\n\n\n\n<p>En la noche, al son del tambor urbano, con la presencia de la reina saliente del 50 aniversario, se desarroll\u00f3 la coronaci\u00f3n de la ni\u00f1a Gabriela Semeco, reina 12 de Octubre 2023; Karioby Valero, reina de la Cultura, Kenberli Hern\u00e1ndez, reina del Deporte.&nbsp;<\/p>\n\n\n\n<h2 class=\"wp-block-heading\">Reconocimientos y premiaciones<\/h2>\n\n\n\n<p>La <a href=\"https:\/\/www.tiktok.com\/@alcaldia_aa\" target=\"_blank\" rel=\"noreferrer noopener\">alcald\u00eda de Alberto Adriani<\/a> entreg\u00f3 merecidos certificados de reconocimiento a los participantes de los eventos culturales y recreativos, as\u00ed como tambi\u00e9n, entrega de premiaciones al primer y segundo lugar de los participantes en los juegos deportivos en las disciplinas de f\u00fatbol, voleibol y pelotica de goma.<\/p>\n\n\n\n<p>El evento concluy\u00f3 con m\u00fasica mexicana, campesina y urbana en la voz del talento local y de la zona, quienes pusieron a bailar al p\u00fablico presente e invitados especiales. <strong>Prensa <a href=\"https:\/\/www.tiktok.com\/@alcaldia_aa\" target=\"_blank\" rel=\"noreferrer noopener\">Alcald\u00eda Alberto Adriani<\/a>\/Fotos: Catalina Contreras y Danny Ru\u00edz.<\/strong><\/p>\n\n\n\n<figure class=\"wp-block-gallery has-nested-images columns-default is-cropped wp-block-gallery-1 is-layout-flex wp-block-gallery-is-layout-flex\">\n<figure class=\"wp-block-image size-large\"><img loading=\"lazy\" decoding=\"async\" width=\"1024\" height=\"768\" data-id=\"4145\" src=\"https:\/\/alcaldiaalbertoadriani.com\/wp-content\/uploads\/2023\/10\/photo_2023-10-13_23-59-29-1024x768.jpg\" alt=\"\" class=\"wp-image-4145\" srcset=\"https:\/\/alcaldiaalbertoadriani.com\/wp-content\/uploads\/2023\/10\/photo_2023-10-13_23-59-29-1024x768.jpg 1024w, https:\/\/alcaldiaalbertoadriani.com\/wp-content\/uploads\/2023\/10\/photo_2023-10-13_23-59-29-980x735.jpg 980w, https:\/\/alcaldiaalbertoadriani.com\/wp-content\/uploads\/2023\/10\/photo_2023-10-13_23-59-29-480x360.jpg 480w\" sizes=\"auto, (min-width: 0px) and (max-width: 480px) 480px, (min-width: 481px) and (max-width: 980px) 980px, (min-width: 981px) 1024px, 100vw\" \/><\/figure>\n\n\n\n<figure class=\"wp-block-image size-large\"><img loading=\"lazy\" decoding=\"async\" width=\"1024\" height=\"768\" data-id=\"4148\" src=\"https:\/\/alcaldiaalbertoadriani.com\/wp-content\/uploads\/2023\/10\/photo_2023-10-13_23-59-30-2-1024x768.jpg\" alt=\"\" class=\"wp-image-4148\" srcset=\"https:\/\/alcaldiaalbertoadriani.com\/wp-content\/uploads\/2023\/10\/photo_2023-10-13_23-59-30-2-1024x768.jpg 1024w, https:\/\/alcaldiaalbertoadriani.com\/wp-content\/uploads\/2023\/10\/photo_2023-10-13_23-59-30-2-980x735.jpg 980w, https:\/\/alcaldiaalbertoadriani.com\/wp-content\/uploads\/2023\/10\/photo_2023-10-13_23-59-30-2-480x360.jpg 480w\" sizes=\"auto, (min-width: 0px) and (max-width: 480px) 480px, (min-width: 481px) and (max-width: 980px) 980px, (min-width: 981px) 1024px, 100vw\" \/><\/figure>\n\n\n\n<figure class=\"wp-block-image size-large\"><img loading=\"lazy\" decoding=\"async\" width=\"1024\" height=\"768\" data-id=\"4150\" src=\"https:\/\/alcaldiaalbertoadriani.com\/wp-content\/uploads\/2023\/10\/photo_2023-10-13_23-59-30-1024x768.jpg\" alt=\"\" class=\"wp-image-4150\" srcset=\"https:\/\/alcaldiaalbertoadriani.com\/wp-content\/uploads\/2023\/10\/photo_2023-10-13_23-59-30-1024x768.jpg 1024w, https:\/\/alcaldiaalbertoadriani.com\/wp-content\/uploads\/2023\/10\/photo_2023-10-13_23-59-30-980x735.jpg 980w, https:\/\/alcaldiaalbertoadriani.com\/wp-content\/uploads\/2023\/10\/photo_2023-10-13_23-59-30-480x360.jpg 480w\" sizes=\"auto, (min-width: 0px) and (max-width: 480px) 480px, (min-width: 481px) and (max-width: 980px) 980px, (min-width: 981px) 1024px, 100vw\" \/><\/figure>\n\n\n\n<figure class=\"wp-block-image size-large\"><img loading=\"lazy\" decoding=\"async\" width=\"1024\" height=\"768\" data-id=\"4146\" src=\"https:\/\/alcaldiaalbertoadriani.com\/wp-content\/uploads\/2023\/10\/photo_2023-10-13_23-59-31-1024x768.jpg\" alt=\"\" class=\"wp-image-4146\" srcset=\"https:\/\/alcaldiaalbertoadriani.com\/wp-content\/uploads\/2023\/10\/photo_2023-10-13_23-59-31-1024x768.jpg 1024w, https:\/\/alcaldiaalbertoadriani.com\/wp-content\/uploads\/2023\/10\/photo_2023-10-13_23-59-31-980x735.jpg 980w, https:\/\/alcaldiaalbertoadriani.com\/wp-content\/uploads\/2023\/10\/photo_2023-10-13_23-59-31-480x360.jpg 480w\" sizes=\"auto, (min-width: 0px) and (max-width: 480px) 480px, (min-width: 481px) and (max-width: 980px) 980px, (min-width: 981px) 1024px, 100vw\" \/><\/figure>\n\n\n\n<figure class=\"wp-block-image size-large\"><img loading=\"lazy\" decoding=\"async\" width=\"1024\" height=\"768\" data-id=\"4151\" src=\"https:\/\/alcaldiaalbertoadriani.com\/wp-content\/uploads\/2023\/10\/photo_2023-10-13_23-59-32-1024x768.jpg\" alt=\"\" class=\"wp-image-4151\" srcset=\"https:\/\/alcaldiaalbertoadriani.com\/wp-content\/uploads\/2023\/10\/photo_2023-10-13_23-59-32-1024x768.jpg 1024w, https:\/\/alcaldiaalbertoadriani.com\/wp-content\/uploads\/2023\/10\/photo_2023-10-13_23-59-32-980x735.jpg 980w, https:\/\/alcaldiaalbertoadriani.com\/wp-content\/uploads\/2023\/10\/photo_2023-10-13_23-59-32-480x360.jpg 480w\" sizes=\"auto, (min-width: 0px) and (max-width: 480px) 480px, (min-width: 481px) and (max-width: 980px) 980px, (min-width: 981px) 1024px, 100vw\" \/><\/figure>\n\n\n\n<figure class=\"wp-block-image size-large\"><img loading=\"lazy\" decoding=\"async\" width=\"1024\" height=\"768\" data-id=\"4149\" src=\"https:\/\/alcaldiaalbertoadriani.com\/wp-content\/uploads\/2023\/10\/photo_2023-10-13_23-59-33-1024x768.jpg\" alt=\"\" class=\"wp-image-4149\" srcset=\"https:\/\/alcaldiaalbertoadriani.com\/wp-content\/uploads\/2023\/10\/photo_2023-10-13_23-59-33-1024x768.jpg 1024w, https:\/\/alcaldiaalbertoadriani.com\/wp-content\/uploads\/2023\/10\/photo_2023-10-13_23-59-33-980x735.jpg 980w, https:\/\/alcaldiaalbertoadriani.com\/wp-content\/uploads\/2023\/10\/photo_2023-10-13_23-59-33-480x360.jpg 480w\" sizes=\"auto, (min-width: 0px) and (max-width: 480px) 480px, (min-width: 481px) and (max-width: 980px) 980px, (min-width: 981px) 1024px, 100vw\" \/><\/figure>\n\n\n\n<figure class=\"wp-block-image size-large\"><img loading=\"lazy\" decoding=\"async\" width=\"1024\" height=\"768\" data-id=\"4147\" src=\"https:\/\/alcaldiaalbertoadriani.com\/wp-content\/uploads\/2023\/10\/photo_2023-10-13_23-59-34-1024x768.jpg\" alt=\"\" class=\"wp-image-4147\" srcset=\"https:\/\/alcaldiaalbertoadriani.com\/wp-content\/uploads\/2023\/10\/photo_2023-10-13_23-59-34-1024x768.jpg 1024w, https:\/\/alcaldiaalbertoadriani.com\/wp-content\/uploads\/2023\/10\/photo_2023-10-13_23-59-34-980x735.jpg 980w, https:\/\/alcaldiaalbertoadriani.com\/wp-content\/uploads\/2023\/10\/photo_2023-10-13_23-59-34-480x360.jpg 480w\" sizes=\"auto, (min-width: 0px) and (max-width: 480px) 480px, (min-width: 481px) and (max-width: 980px) 980px, (min-width: 981px) 1024px, 100vw\" \/><\/figure>\n\n\n\n<figure class=\"wp-block-image size-large\"><img loading=\"lazy\" decoding=\"async\" width=\"1024\" height=\"768\" data-id=\"4144\" src=\"https:\/\/alcaldiaalbertoadriani.com\/wp-content\/uploads\/2023\/10\/photo_2023-10-13_23-59-35-1024x768.jpg\" alt=\"\" class=\"wp-image-4144\" srcset=\"https:\/\/alcaldiaalbertoadriani.com\/wp-content\/uploads\/2023\/10\/photo_2023-10-13_23-59-35-1024x768.jpg 1024w, https:\/\/alcaldiaalbertoadriani.com\/wp-content\/uploads\/2023\/10\/photo_2023-10-13_23-59-35-980x735.jpg 980w, https:\/\/alcaldiaalbertoadriani.com\/wp-content\/uploads\/2023\/10\/photo_2023-10-13_23-59-35-480x360.jpg 480w\" sizes=\"auto, (min-width: 0px) and (max-width: 480px) 480px, (min-width: 481px) and (max-width: 980px) 980px, (min-width: 981px) 1024px, 100vw\" \/><\/figure>\n<\/figure>\n","protected":false},"excerpt":{"rendered":"<p><em><strong>La alcald\u00eda Alberto Adriani impulsa la recuperaci\u00f3n de las tradiciones locales<\/strong><\/em><\/p>\n","protected":false},"author":2,"featured_media":4142,"comment_status":"closed","ping_status":"closed","sticky":false,"template":"","format":"standard","meta":{"_et_pb_use_builder":"off","_et_pb_old_content":"","_et_gb_content_width":"","footnotes":""},"categories":[39,341,78,25],"tags":[31,11,12,15,30,29,28,533],"class_list":["post-4141","post","type-post","status-publish","format-standard","has-post-thumbnail","hentry","category-actividades-sociales","category-alcaldia-alberto-adriani","category-cultura","category-nuestro-municipio","tag-alcalde","tag-alcaldia","tag-alcaldiaalbertoadriani","tag-elvigia","tag-lisandrosegura","tag-municipioquenosmerecemos","tag-porelrenacer","tag-habitantes-12-octubre-aniversario"],"yoast_head":"<!-- This site is optimized with the Yoast SEO plugin v19.13 - https:\/\/yoast.com\/wordpress\/plugins\/seo\/ -->\n<title>Habitantes del 12 de Octubre celebraron 51 Aniversario de fundado - Alcaldia Alberto Adriani<\/title>\n<meta name=\"description\" content=\"Habitantes del sector 12 de Octubre, de la parroquia Pulido M\u00e9ndez, celebraron este mi\u00e9rcoles su 51 Aniversario de fundado.\" \/>\n<meta name=\"robots\" content=\"index, follow, max-snippet:-1, max-image-preview:large, max-video-preview:-1\" \/>\n<link rel=\"canonical\" href=\"https:\/\/alcaldiaalbertoadriani.com\/?p=4141\" \/>\n<meta property=\"og:locale\" content=\"es_ES\" \/>\n<meta property=\"og:type\" content=\"article\" \/>\n<meta property=\"og:title\" content=\"Habitantes del 12 de Octubre celebraron 51 Aniversario de fundado - Alcaldia Alberto Adriani\" \/>\n<meta property=\"og:description\" content=\"Habitantes del sector 12 de Octubre, de la parroquia Pulido M\u00e9ndez, celebraron este mi\u00e9rcoles su 51 Aniversario de fundado.\" \/>\n<meta property=\"og:url\" content=\"https:\/\/alcaldiaalbertoadriani.com\/?p=4141\" \/>\n<meta property=\"og:site_name\" content=\"Alcaldia Alberto Adriani\" \/>\n<meta property=\"article:published_time\" content=\"2023-10-14T04:17:24+00:00\" \/>\n<meta property=\"article:modified_time\" content=\"2023-10-14T04:17:31+00:00\" \/>\n<meta property=\"og:image\" content=\"https:\/\/alcaldiaalbertoadriani.com\/wp-content\/uploads\/2023\/10\/photo_2023-10-13_23-59-27.jpg\" \/>\n\t<meta property=\"og:image:width\" content=\"1280\" \/>\n\t<meta property=\"og:image:height\" content=\"960\" \/>\n\t<meta property=\"og:image:type\" content=\"image\/jpeg\" \/>\n<meta name=\"author\" content=\"Prensa\" \/>\n<meta name=\"twitter:card\" content=\"summary_large_image\" \/>\n<meta name=\"twitter:label1\" content=\"Escrito por\" \/>\n\t<meta name=\"twitter:data1\" content=\"Prensa\" \/>\n\t<meta name=\"twitter:label2\" content=\"Tiempo de lectura\" \/>\n\t<meta name=\"twitter:data2\" content=\"4 minutos\" \/>\n<script type=\"application\/ld+json\" class=\"yoast-schema-graph\">{\"@context\":\"https:\/\/schema.org\",\"@graph\":[{\"@type\":\"WebPage\",\"@id\":\"https:\/\/alcaldiaalbertoadriani.com\/?p=4141\",\"url\":\"https:\/\/alcaldiaalbertoadriani.com\/?p=4141\",\"name\":\"Habitantes del 12 de Octubre celebraron 51 Aniversario de fundado - Alcaldia Alberto Adriani\",\"isPartOf\":{\"@id\":\"https:\/\/alcaldiaalbertoadriani.com\/#website\"},\"datePublished\":\"2023-10-14T04:17:24+00:00\",\"dateModified\":\"2023-10-14T04:17:31+00:00\",\"author\":{\"@id\":\"https:\/\/alcaldiaalbertoadriani.com\/#\/schema\/person\/549b4483ff8999ac780deeea78795fc9\"},\"description\":\"Habitantes del sector 12 de Octubre, de la parroquia Pulido M\u00e9ndez, celebraron este mi\u00e9rcoles su 51 Aniversario de fundado.\",\"breadcrumb\":{\"@id\":\"https:\/\/alcaldiaalbertoadriani.com\/?p=4141#breadcrumb\"},\"inLanguage\":\"es\",\"potentialAction\":[{\"@type\":\"ReadAction\",\"target\":[\"https:\/\/alcaldiaalbertoadriani.com\/?p=4141\"]}]},{\"@type\":\"BreadcrumbList\",\"@id\":\"https:\/\/alcaldiaalbertoadriani.com\/?p=4141#breadcrumb\",\"itemListElement\":[{\"@type\":\"ListItem\",\"position\":1,\"name\":\"Portada\",\"item\":\"https:\/\/alcaldiaalbertoadriani.com\/\"},{\"@type\":\"ListItem\",\"position\":2,\"name\":\"Habitantes del 12 de Octubre celebraron 51 Aniversario de fundado\"}]},{\"@type\":\"WebSite\",\"@id\":\"https:\/\/alcaldiaalbertoadriani.com\/#website\",\"url\":\"https:\/\/alcaldiaalbertoadriani.com\/\",\"name\":\"Alcaldia Alberto Adriani\",\"description\":\"\",\"potentialAction\":[{\"@type\":\"SearchAction\",\"target\":{\"@type\":\"EntryPoint\",\"urlTemplate\":\"https:\/\/alcaldiaalbertoadriani.com\/?s={search_term_string}\"},\"query-input\":\"required name=search_term_string\"}],\"inLanguage\":\"es\"},{\"@type\":\"Person\",\"@id\":\"https:\/\/alcaldiaalbertoadriani.com\/#\/schema\/person\/549b4483ff8999ac780deeea78795fc9\",\"name\":\"Prensa\",\"image\":{\"@type\":\"ImageObject\",\"inLanguage\":\"es\",\"@id\":\"https:\/\/alcaldiaalbertoadriani.com\/#\/schema\/person\/image\/\",\"url\":\"https:\/\/secure.gravatar.com\/avatar\/ea1cb567ea992a29627f4eee1c2eb185ec16decec6342d508fdf18dedb56c9de?s=96&d=mm&r=g\",\"contentUrl\":\"https:\/\/secure.gravatar.com\/avatar\/ea1cb567ea992a29627f4eee1c2eb185ec16decec6342d508fdf18dedb56c9de?s=96&d=mm&r=g\",\"caption\":\"Prensa\"},\"url\":\"https:\/\/alcaldiaalbertoadriani.com\/?author=2\"}]}<\/script>\n<!-- \/ Yoast SEO plugin. -->","yoast_head_json":{"title":"Habitantes del 12 de Octubre celebraron 51 Aniversario de fundado - Alcaldia Alberto Adriani","description":"Habitantes del sector 12 de Octubre, de la parroquia Pulido M\u00e9ndez, celebraron este mi\u00e9rcoles su 51 Aniversario de fundado.","robots":{"index":"index","follow":"follow","max-snippet":"max-snippet:-1","max-image-preview":"max-image-preview:large","max-video-preview":"max-video-preview:-1"},"canonical":"https:\/\/alcaldiaalbertoadriani.com\/?p=4141","og_locale":"es_ES","og_type":"article","og_title":"Habitantes del 12 de Octubre celebraron 51 Aniversario de fundado - Alcaldia Alberto Adriani","og_description":"Habitantes del sector 12 de Octubre, de la parroquia Pulido M\u00e9ndez, celebraron este mi\u00e9rcoles su 51 Aniversario de fundado.","og_url":"https:\/\/alcaldiaalbertoadriani.com\/?p=4141","og_site_name":"Alcaldia Alberto Adriani","article_published_time":"2023-10-14T04:17:24+00:00","article_modified_time":"2023-10-14T04:17:31+00:00","og_image":[{"width":1280,"height":960,"url":"https:\/\/alcaldiaalbertoadriani.com\/wp-content\/uploads\/2023\/10\/photo_2023-10-13_23-59-27.jpg","type":"image\/jpeg"}],"author":"Prensa","twitter_card":"summary_large_image","twitter_misc":{"Escrito por":"Prensa","Tiempo de lectura":"4 minutos"},"schema":{"@context":"https:\/\/schema.org","@graph":[{"@type":"WebPage","@id":"https:\/\/alcaldiaalbertoadriani.com\/?p=4141","url":"https:\/\/alcaldiaalbertoadriani.com\/?p=4141","name":"Habitantes del 12 de Octubre celebraron 51 Aniversario de fundado - Alcaldia Alberto Adriani","isPartOf":{"@id":"https:\/\/alcaldiaalbertoadriani.com\/#website"},"datePublished":"2023-10-14T04:17:24+00:00","dateModified":"2023-10-14T04:17:31+00:00","author":{"@id":"https:\/\/alcaldiaalbertoadriani.com\/#\/schema\/person\/549b4483ff8999ac780deeea78795fc9"},"description":"Habitantes del sector 12 de Octubre, de la parroquia Pulido M\u00e9ndez, celebraron este mi\u00e9rcoles su 51 Aniversario de fundado.","breadcrumb":{"@id":"https:\/\/alcaldiaalbertoadriani.com\/?p=4141#breadcrumb"},"inLanguage":"es","potentialAction":[{"@type":"ReadAction","target":["https:\/\/alcaldiaalbertoadriani.com\/?p=4141"]}]},{"@type":"BreadcrumbList","@id":"https:\/\/alcaldiaalbertoadriani.com\/?p=4141#breadcrumb","itemListElement":[{"@type":"ListItem","position":1,"name":"Portada","item":"https:\/\/alcaldiaalbertoadriani.com\/"},{"@type":"ListItem","position":2,"name":"Habitantes del 12 de Octubre celebraron 51 Aniversario de fundado"}]},{"@type":"WebSite","@id":"https:\/\/alcaldiaalbertoadriani.com\/#website","url":"https:\/\/alcaldiaalbertoadriani.com\/","name":"Alcaldia Alberto Adriani","description":"","potentialAction":[{"@type":"SearchAction","target":{"@type":"EntryPoint","urlTemplate":"https:\/\/alcaldiaalbertoadriani.com\/?s={search_term_string}"},"query-input":"required name=search_term_string"}],"inLanguage":"es"},{"@type":"Person","@id":"https:\/\/alcaldiaalbertoadriani.com\/#\/schema\/person\/549b4483ff8999ac780deeea78795fc9","name":"Prensa","image":{"@type":"ImageObject","inLanguage":"es","@id":"https:\/\/alcaldiaalbertoadriani.com\/#\/schema\/person\/image\/","url":"https:\/\/secure.gravatar.com\/avatar\/ea1cb567ea992a29627f4eee1c2eb185ec16decec6342d508fdf18dedb56c9de?s=96&d=mm&r=g","contentUrl":"https:\/\/secure.gravatar.com\/avatar\/ea1cb567ea992a29627f4eee1c2eb185ec16decec6342d508fdf18dedb56c9de?s=96&d=mm&r=g","caption":"Prensa"},"url":"https:\/\/alcaldiaalbertoadriani.com\/?author=2"}]}},"_links":{"self":[{"href":"https:\/\/alcaldiaalbertoadriani.com\/index.php?rest_route=\/wp\/v2\/posts\/4141","targetHints":{"allow":["GET"]}}],"collection":[{"href":"https:\/\/alcaldiaalbertoadriani.com\/index.php?rest_route=\/wp\/v2\/posts"}],"about":[{"href":"https:\/\/alcaldiaalbertoadriani.com\/index.php?rest_route=\/wp\/v2\/types\/post"}],"author":[{"embeddable":true,"href":"https:\/\/alcaldiaalbertoadriani.com\/index.php?rest_route=\/wp\/v2\/users\/2"}],"replies":[{"embeddable":true,"href":"https:\/\/alcaldiaalbertoadriani.com\/index.php?rest_route=%2Fwp%2Fv2%2Fcomments&post=4141"}],"version-history":[{"count":1,"href":"https:\/\/alcaldiaalbertoadriani.com\/index.php?rest_route=\/wp\/v2\/posts\/4141\/revisions"}],"predecessor-version":[{"id":4152,"href":"https:\/\/alcaldiaalbertoadriani.com\/index.php?rest_route=\/wp\/v2\/posts\/4141\/revisions\/4152"}],"wp:featuredmedia":[{"embeddable":true,"href":"https:\/\/alcaldiaalbertoadriani.com\/index.php?rest_route=\/wp\/v2\/media\/4142"}],"wp:attachment":[{"href":"https:\/\/alcaldiaalbertoadriani.com\/index.php?rest_route=%2Fwp%2Fv2%2Fmedia&parent=4141"}],"wp:term":[{"taxonomy":"category","embeddable":true,"href":"https:\/\/alcaldiaalbertoadriani.com\/index.php?rest_route=%2Fwp%2Fv2%2Fcategories&post=4141"},{"taxonomy":"post_tag","embeddable":true,"href":"https:\/\/alcaldiaalbertoadriani.com\/index.php?rest_route=%2Fwp%2Fv2%2Ftags&post=4141"}],"curies":[{"name":"wp","href":"https:\/\/api.w.org\/{rel}","templated":true}]}}