{"id":414,"date":"2022-08-03T23:03:12","date_gmt":"2022-08-03T23:03:12","guid":{"rendered":"https:\/\/alcaldiaalbertoadriani.com\/?p=414"},"modified":"2022-08-03T23:03:23","modified_gmt":"2022-08-03T23:03:23","slug":"la-obra-escrita-por-el-investigador-e-historiador-luis-ramirez-mendez-contempla-varios-tomos-y-es-de-acceso-gratuito-a-traves-de-internet-en-formatos-pdf-descargables","status":"publish","type":"post","link":"https:\/\/alcaldiaalbertoadriani.com\/?p=414","title":{"rendered":"La obra escrita por el investigador e historiador Lu\u00eds Ram\u00edrez M\u00e9ndez, contempla varios tomos y es de acceso gratuito a trav\u00e9s de Internet en formatos PDF descargables."},"content":{"rendered":"\n<p>(El Vig\u00eda, 30\/7\/2022).- El libro \u201cLa tierra prometida del Sur del Lago de Maracaibo\u201d se bautiz\u00f3 y present\u00f3 por el alcalde Lisandro Segura. Esta obra, que recoge una serie de investigaciones sobre la historia de la regi\u00f3n, es de autor\u00eda del historiador, Lu\u00eds Ram\u00edrez M\u00e9ndez. El acto se ejecut\u00f3 en los espacios del Auditorio \u201cGuillermo Brice\u00f1o\u201d, reci\u00e9n habilitados en la Casa del Ni\u00f1o Trabajador, \u201cH\u00e9ctor Rodr\u00edguez Dugarte\u201d.<\/p>\n\n\n\n<p>El reconocido investigador, explic\u00f3 que su trabajo se orienta en funci\u00f3n de que los habitantes de la zona, sean conscientes de su historia. Ram\u00edrez dijo que \u201ces una obra que est\u00e1 recomendada a todas las personas y sobre todo a los docentes, cuyo contenido les ayuda a preparar clases y complementar investigaciones propias\u201d. En su presentaci\u00f3n, dijo que los habitantes de una regi\u00f3n, deben conocer su historia, lo cual les ayudar\u00e1 en su desarrollo.<\/p>\n\n\n\n<p>La historia del Sur del Lago<\/p>\n\n\n\n<p>\u201cLa tierra prometida del Sur del Lago de Maracaibo\u201d, se divide en varios tomos y es de acceso gratuito a trav\u00e9s de Internet. Ram\u00edrez M\u00e9ndez desarrolla temas relacionados con la Villa y el Puerto de San Antonio de Gibraltar, en su Tomo I. Explica como en la \u00e9poca colonial, fue el puerto m\u00e1s importante de Venezuela, adem\u00e1s de la crisis que produjo su decadencia.<\/p>\n\n\n\n<!--more-->\n\n\n\n<p>En los siguientes ejemplares, describe la competencia y conflictos entre las etnias blancas e ind\u00edgenas, por el control del territorio. Las relaciones en los valles surlagunenses, en zonas como los Valles de Tucan\u00ed, Castro o San Pedro Mojaj\u00e1n, Santa Mar\u00eda y Bobures. Tambi\u00e9n se adentra a aspectos de la historia contempor\u00e1nea.<\/p>\n\n\n\n<p>Recomienda la lectura de \u201cLa tierra prometida del Sur del Lago de Maracaibo y los valles de Chama, Onia, Culigr\u00eda y Guaror\u00edes\u201d. Toda la obra se soporta en archivos de documentos existentes en Venezuela y Colombia. Las personas pueden acceder gratuitamente a estos libros a partir del siguiente enlace:&nbsp;<a href=\"https:\/\/www.redib.org\/Record\/oai_libro42341-la-tierra-prometida-del-sur-del-lago-de-maracaibo-y-la-villa-y-puerto-de-san-antonio-de-gibraltar-siglos-xvi-xvii--tomo-i\" target=\"_blank\" rel=\"noreferrer noopener\">https:\/\/www.redib.org\/Record\/oai_libro42341-la-tierra-prometida-del-sur-del-lago-de-maracaibo-y-la-villa-y-puerto-de-san-antonio-de-gibraltar-siglos-xvi-xvii&#8211;tomo-i<\/a><\/p>\n\n\n\n<p>Rescate de valores culturales e hist\u00f3ricos<\/p>\n\n\n\n<p>El alcalde Lisandro Segura, preocupado por el rescate del acervo hist\u00f3rico, propuso que se sumen otros investigadores. El prop\u00f3sito es lograr publicaciones que contemplen la historia completa que permiti\u00f3 la formaci\u00f3n de El Vig\u00eda, desde el siglo XVI al XXI. Esta propuesta fue bien recibida por los intelectuales presentes en el acto, entre ellos, Orlando Carvajal Callejas, cronista del municipio Alberto Adriani.<\/p>\n\n\n\n<p>El acto de presentaci\u00f3n de este libro, se hizo en el marco de la celebraci\u00f3n del 130\u00ba aniversario de El Vig\u00eda. Lo anterior coincide con el desarrollo de las Ferias y Fiestas 2022, en honor a la santa patrona Nuestra Se\u00f1ora del Perpetuo Socorro. Prensa Alcald\u00eda de Alberto Adriani\/ Fotos: Yorman Parra.<\/p>\n\n\n\n<figure class=\"wp-block-gallery has-nested-images columns-default is-cropped wp-block-gallery-1 is-layout-flex wp-block-gallery-is-layout-flex\">\n<figure class=\"wp-block-image size-large\"><img loading=\"lazy\" decoding=\"async\" width=\"1024\" height=\"473\" data-id=\"417\" src=\"https:\/\/alcaldiaalbertoadriani.com\/wp-content\/uploads\/2022\/08\/photo_2022-07-30_14-44-50-1024x473.jpg\" alt=\"\" class=\"wp-image-417\" srcset=\"https:\/\/alcaldiaalbertoadriani.com\/wp-content\/uploads\/2022\/08\/photo_2022-07-30_14-44-50-1024x473.jpg 1024w, https:\/\/alcaldiaalbertoadriani.com\/wp-content\/uploads\/2022\/08\/photo_2022-07-30_14-44-50-980x452.jpg 980w, https:\/\/alcaldiaalbertoadriani.com\/wp-content\/uploads\/2022\/08\/photo_2022-07-30_14-44-50-480x222.jpg 480w\" sizes=\"auto, (min-width: 0px) and (max-width: 480px) 480px, (min-width: 481px) and (max-width: 980px) 980px, (min-width: 981px) 1024px, 100vw\" \/><\/figure>\n\n\n\n<figure class=\"wp-block-image size-large\"><img loading=\"lazy\" decoding=\"async\" width=\"1024\" height=\"473\" data-id=\"416\" src=\"https:\/\/alcaldiaalbertoadriani.com\/wp-content\/uploads\/2022\/08\/photo_2022-07-30_14-45-00-1024x473.jpg\" alt=\"\" class=\"wp-image-416\" srcset=\"https:\/\/alcaldiaalbertoadriani.com\/wp-content\/uploads\/2022\/08\/photo_2022-07-30_14-45-00-1024x473.jpg 1024w, https:\/\/alcaldiaalbertoadriani.com\/wp-content\/uploads\/2022\/08\/photo_2022-07-30_14-45-00-980x452.jpg 980w, https:\/\/alcaldiaalbertoadriani.com\/wp-content\/uploads\/2022\/08\/photo_2022-07-30_14-45-00-480x222.jpg 480w\" sizes=\"auto, (min-width: 0px) and (max-width: 480px) 480px, (min-width: 481px) and (max-width: 980px) 980px, (min-width: 981px) 1024px, 100vw\" \/><\/figure>\n\n\n\n<figure class=\"wp-block-image size-large\"><img loading=\"lazy\" decoding=\"async\" width=\"1024\" height=\"473\" data-id=\"418\" src=\"https:\/\/alcaldiaalbertoadriani.com\/wp-content\/uploads\/2022\/08\/photo_2022-07-30_14-44-35-1024x473.jpg\" alt=\"\" class=\"wp-image-418\" srcset=\"https:\/\/alcaldiaalbertoadriani.com\/wp-content\/uploads\/2022\/08\/photo_2022-07-30_14-44-35-1024x473.jpg 1024w, https:\/\/alcaldiaalbertoadriani.com\/wp-content\/uploads\/2022\/08\/photo_2022-07-30_14-44-35-980x452.jpg 980w, https:\/\/alcaldiaalbertoadriani.com\/wp-content\/uploads\/2022\/08\/photo_2022-07-30_14-44-35-480x222.jpg 480w\" sizes=\"auto, (min-width: 0px) and (max-width: 480px) 480px, (min-width: 481px) and (max-width: 980px) 980px, (min-width: 981px) 1024px, 100vw\" \/><\/figure>\n\n\n\n<figure class=\"wp-block-image size-large\"><img loading=\"lazy\" decoding=\"async\" width=\"1024\" height=\"473\" data-id=\"415\" src=\"https:\/\/alcaldiaalbertoadriani.com\/wp-content\/uploads\/2022\/08\/photo_2022-07-29_21-23-06-1024x473.jpg\" alt=\"\" class=\"wp-image-415\" srcset=\"https:\/\/alcaldiaalbertoadriani.com\/wp-content\/uploads\/2022\/08\/photo_2022-07-29_21-23-06-1024x473.jpg 1024w, https:\/\/alcaldiaalbertoadriani.com\/wp-content\/uploads\/2022\/08\/photo_2022-07-29_21-23-06-980x452.jpg 980w, https:\/\/alcaldiaalbertoadriani.com\/wp-content\/uploads\/2022\/08\/photo_2022-07-29_21-23-06-480x222.jpg 480w\" sizes=\"auto, (min-width: 0px) and (max-width: 480px) 480px, (min-width: 481px) and (max-width: 980px) 980px, (min-width: 981px) 1024px, 100vw\" \/><\/figure>\n<\/figure>\n","protected":false},"excerpt":{"rendered":"<p>(El Vig\u00eda, 30\/7\/2022).- El libro \u201cLa tierra prometida del Sur del Lago de Maracaibo\u201d se bautiz\u00f3 y present\u00f3 por el alcalde Lisandro Segura. Esta obra, que recoge una serie de [&hellip;]<\/p>\n","protected":false},"author":2,"featured_media":419,"comment_status":"closed","ping_status":"closed","sticky":false,"template":"","format":"standard","meta":{"_et_pb_use_builder":"off","_et_pb_old_content":"","_et_gb_content_width":"","footnotes":""},"categories":[23,25],"tags":[31,11,12,15,30,29,28,40,41],"class_list":["post-414","post","type-post","status-publish","format-standard","has-post-thumbnail","hentry","category-casa-del-nino-trabajador","category-nuestro-municipio","tag-alcalde","tag-alcaldia","tag-alcaldiaalbertoadriani","tag-elvigia","tag-lisandrosegura","tag-municipioquenosmerecemos","tag-porelrenacer","tag-casadelninotrabajador","tag-libro"],"yoast_head":"<!-- This site is optimized with the Yoast SEO plugin v19.13 - https:\/\/yoast.com\/wordpress\/plugins\/seo\/ -->\n<title>La obra escrita por el investigador e historiador Lu\u00eds Ram\u00edrez M\u00e9ndez, contempla varios tomos y es de acceso gratuito a trav\u00e9s de Internet en formatos PDF descargables. - Alcaldia Alberto Adriani<\/title>\n<meta name=\"robots\" content=\"index, follow, max-snippet:-1, max-image-preview:large, max-video-preview:-1\" \/>\n<link rel=\"canonical\" href=\"https:\/\/alcaldiaalbertoadriani.com\/?p=414\" \/>\n<meta property=\"og:locale\" content=\"es_ES\" \/>\n<meta property=\"og:type\" content=\"article\" \/>\n<meta property=\"og:title\" content=\"La obra escrita por el investigador e historiador Lu\u00eds Ram\u00edrez M\u00e9ndez, contempla varios tomos y es de acceso gratuito a trav\u00e9s de Internet en formatos PDF descargables. - Alcaldia Alberto Adriani\" \/>\n<meta property=\"og:description\" content=\"(El Vig\u00eda, 30\/7\/2022).- El libro \u201cLa tierra prometida del Sur del Lago de Maracaibo\u201d se bautiz\u00f3 y present\u00f3 por el alcalde Lisandro Segura. Esta obra, que recoge una serie de [&hellip;]\" \/>\n<meta property=\"og:url\" content=\"https:\/\/alcaldiaalbertoadriani.com\/?p=414\" \/>\n<meta property=\"og:site_name\" content=\"Alcaldia Alberto Adriani\" \/>\n<meta property=\"article:published_time\" content=\"2022-08-03T23:03:12+00:00\" \/>\n<meta property=\"article:modified_time\" content=\"2022-08-03T23:03:23+00:00\" \/>\n<meta property=\"og:image\" content=\"https:\/\/alcaldiaalbertoadriani.com\/wp-content\/uploads\/2022\/08\/photo_2022-07-30_14-44-38.jpg\" \/>\n\t<meta property=\"og:image:width\" content=\"1280\" \/>\n\t<meta property=\"og:image:height\" content=\"591\" \/>\n\t<meta property=\"og:image:type\" content=\"image\/jpeg\" \/>\n<meta name=\"author\" content=\"Prensa\" \/>\n<meta name=\"twitter:card\" content=\"summary_large_image\" \/>\n<meta name=\"twitter:label1\" content=\"Escrito por\" \/>\n\t<meta name=\"twitter:data1\" content=\"Prensa\" \/>\n\t<meta name=\"twitter:label2\" content=\"Tiempo de lectura\" \/>\n\t<meta name=\"twitter:data2\" content=\"2 minutos\" \/>\n<script type=\"application\/ld+json\" class=\"yoast-schema-graph\">{\"@context\":\"https:\/\/schema.org\",\"@graph\":[{\"@type\":\"WebPage\",\"@id\":\"https:\/\/alcaldiaalbertoadriani.com\/?p=414\",\"url\":\"https:\/\/alcaldiaalbertoadriani.com\/?p=414\",\"name\":\"La obra escrita por el investigador e historiador Lu\u00eds Ram\u00edrez M\u00e9ndez, contempla varios tomos y es de acceso gratuito a trav\u00e9s de Internet en formatos PDF descargables. - Alcaldia Alberto Adriani\",\"isPartOf\":{\"@id\":\"https:\/\/alcaldiaalbertoadriani.com\/#website\"},\"datePublished\":\"2022-08-03T23:03:12+00:00\",\"dateModified\":\"2022-08-03T23:03:23+00:00\",\"author\":{\"@id\":\"https:\/\/alcaldiaalbertoadriani.com\/#\/schema\/person\/549b4483ff8999ac780deeea78795fc9\"},\"breadcrumb\":{\"@id\":\"https:\/\/alcaldiaalbertoadriani.com\/?p=414#breadcrumb\"},\"inLanguage\":\"es\",\"potentialAction\":[{\"@type\":\"ReadAction\",\"target\":[\"https:\/\/alcaldiaalbertoadriani.com\/?p=414\"]}]},{\"@type\":\"BreadcrumbList\",\"@id\":\"https:\/\/alcaldiaalbertoadriani.com\/?p=414#breadcrumb\",\"itemListElement\":[{\"@type\":\"ListItem\",\"position\":1,\"name\":\"Portada\",\"item\":\"https:\/\/alcaldiaalbertoadriani.com\/\"},{\"@type\":\"ListItem\",\"position\":2,\"name\":\"La obra escrita por el investigador e historiador Lu\u00eds Ram\u00edrez M\u00e9ndez, contempla varios tomos y es de acceso gratuito a trav\u00e9s de Internet en formatos PDF descargables.\"}]},{\"@type\":\"WebSite\",\"@id\":\"https:\/\/alcaldiaalbertoadriani.com\/#website\",\"url\":\"https:\/\/alcaldiaalbertoadriani.com\/\",\"name\":\"Alcaldia Alberto Adriani\",\"description\":\"\",\"potentialAction\":[{\"@type\":\"SearchAction\",\"target\":{\"@type\":\"EntryPoint\",\"urlTemplate\":\"https:\/\/alcaldiaalbertoadriani.com\/?s={search_term_string}\"},\"query-input\":\"required name=search_term_string\"}],\"inLanguage\":\"es\"},{\"@type\":\"Person\",\"@id\":\"https:\/\/alcaldiaalbertoadriani.com\/#\/schema\/person\/549b4483ff8999ac780deeea78795fc9\",\"name\":\"Prensa\",\"image\":{\"@type\":\"ImageObject\",\"inLanguage\":\"es\",\"@id\":\"https:\/\/alcaldiaalbertoadriani.com\/#\/schema\/person\/image\/\",\"url\":\"https:\/\/secure.gravatar.com\/avatar\/ea1cb567ea992a29627f4eee1c2eb185ec16decec6342d508fdf18dedb56c9de?s=96&d=mm&r=g\",\"contentUrl\":\"https:\/\/secure.gravatar.com\/avatar\/ea1cb567ea992a29627f4eee1c2eb185ec16decec6342d508fdf18dedb56c9de?s=96&d=mm&r=g\",\"caption\":\"Prensa\"},\"url\":\"https:\/\/alcaldiaalbertoadriani.com\/?author=2\"}]}<\/script>\n<!-- \/ Yoast SEO plugin. -->","yoast_head_json":{"title":"La obra escrita por el investigador e historiador Lu\u00eds Ram\u00edrez M\u00e9ndez, contempla varios tomos y es de acceso gratuito a trav\u00e9s de Internet en formatos PDF descargables. - Alcaldia Alberto Adriani","robots":{"index":"index","follow":"follow","max-snippet":"max-snippet:-1","max-image-preview":"max-image-preview:large","max-video-preview":"max-video-preview:-1"},"canonical":"https:\/\/alcaldiaalbertoadriani.com\/?p=414","og_locale":"es_ES","og_type":"article","og_title":"La obra escrita por el investigador e historiador Lu\u00eds Ram\u00edrez M\u00e9ndez, contempla varios tomos y es de acceso gratuito a trav\u00e9s de Internet en formatos PDF descargables. - Alcaldia Alberto Adriani","og_description":"(El Vig\u00eda, 30\/7\/2022).- El libro \u201cLa tierra prometida del Sur del Lago de Maracaibo\u201d se bautiz\u00f3 y present\u00f3 por el alcalde Lisandro Segura. Esta obra, que recoge una serie de [&hellip;]","og_url":"https:\/\/alcaldiaalbertoadriani.com\/?p=414","og_site_name":"Alcaldia Alberto Adriani","article_published_time":"2022-08-03T23:03:12+00:00","article_modified_time":"2022-08-03T23:03:23+00:00","og_image":[{"width":1280,"height":591,"url":"https:\/\/alcaldiaalbertoadriani.com\/wp-content\/uploads\/2022\/08\/photo_2022-07-30_14-44-38.jpg","type":"image\/jpeg"}],"author":"Prensa","twitter_card":"summary_large_image","twitter_misc":{"Escrito por":"Prensa","Tiempo de lectura":"2 minutos"},"schema":{"@context":"https:\/\/schema.org","@graph":[{"@type":"WebPage","@id":"https:\/\/alcaldiaalbertoadriani.com\/?p=414","url":"https:\/\/alcaldiaalbertoadriani.com\/?p=414","name":"La obra escrita por el investigador e historiador Lu\u00eds Ram\u00edrez M\u00e9ndez, contempla varios tomos y es de acceso gratuito a trav\u00e9s de Internet en formatos PDF descargables. - Alcaldia Alberto Adriani","isPartOf":{"@id":"https:\/\/alcaldiaalbertoadriani.com\/#website"},"datePublished":"2022-08-03T23:03:12+00:00","dateModified":"2022-08-03T23:03:23+00:00","author":{"@id":"https:\/\/alcaldiaalbertoadriani.com\/#\/schema\/person\/549b4483ff8999ac780deeea78795fc9"},"breadcrumb":{"@id":"https:\/\/alcaldiaalbertoadriani.com\/?p=414#breadcrumb"},"inLanguage":"es","potentialAction":[{"@type":"ReadAction","target":["https:\/\/alcaldiaalbertoadriani.com\/?p=414"]}]},{"@type":"BreadcrumbList","@id":"https:\/\/alcaldiaalbertoadriani.com\/?p=414#breadcrumb","itemListElement":[{"@type":"ListItem","position":1,"name":"Portada","item":"https:\/\/alcaldiaalbertoadriani.com\/"},{"@type":"ListItem","position":2,"name":"La obra escrita por el investigador e historiador Lu\u00eds Ram\u00edrez M\u00e9ndez, contempla varios tomos y es de acceso gratuito a trav\u00e9s de Internet en formatos PDF descargables."}]},{"@type":"WebSite","@id":"https:\/\/alcaldiaalbertoadriani.com\/#website","url":"https:\/\/alcaldiaalbertoadriani.com\/","name":"Alcaldia Alberto Adriani","description":"","potentialAction":[{"@type":"SearchAction","target":{"@type":"EntryPoint","urlTemplate":"https:\/\/alcaldiaalbertoadriani.com\/?s={search_term_string}"},"query-input":"required name=search_term_string"}],"inLanguage":"es"},{"@type":"Person","@id":"https:\/\/alcaldiaalbertoadriani.com\/#\/schema\/person\/549b4483ff8999ac780deeea78795fc9","name":"Prensa","image":{"@type":"ImageObject","inLanguage":"es","@id":"https:\/\/alcaldiaalbertoadriani.com\/#\/schema\/person\/image\/","url":"https:\/\/secure.gravatar.com\/avatar\/ea1cb567ea992a29627f4eee1c2eb185ec16decec6342d508fdf18dedb56c9de?s=96&d=mm&r=g","contentUrl":"https:\/\/secure.gravatar.com\/avatar\/ea1cb567ea992a29627f4eee1c2eb185ec16decec6342d508fdf18dedb56c9de?s=96&d=mm&r=g","caption":"Prensa"},"url":"https:\/\/alcaldiaalbertoadriani.com\/?author=2"}]}},"_links":{"self":[{"href":"https:\/\/alcaldiaalbertoadriani.com\/index.php?rest_route=\/wp\/v2\/posts\/414","targetHints":{"allow":["GET"]}}],"collection":[{"href":"https:\/\/alcaldiaalbertoadriani.com\/index.php?rest_route=\/wp\/v2\/posts"}],"about":[{"href":"https:\/\/alcaldiaalbertoadriani.com\/index.php?rest_route=\/wp\/v2\/types\/post"}],"author":[{"embeddable":true,"href":"https:\/\/alcaldiaalbertoadriani.com\/index.php?rest_route=\/wp\/v2\/users\/2"}],"replies":[{"embeddable":true,"href":"https:\/\/alcaldiaalbertoadriani.com\/index.php?rest_route=%2Fwp%2Fv2%2Fcomments&post=414"}],"version-history":[{"count":1,"href":"https:\/\/alcaldiaalbertoadriani.com\/index.php?rest_route=\/wp\/v2\/posts\/414\/revisions"}],"predecessor-version":[{"id":420,"href":"https:\/\/alcaldiaalbertoadriani.com\/index.php?rest_route=\/wp\/v2\/posts\/414\/revisions\/420"}],"wp:featuredmedia":[{"embeddable":true,"href":"https:\/\/alcaldiaalbertoadriani.com\/index.php?rest_route=\/wp\/v2\/media\/419"}],"wp:attachment":[{"href":"https:\/\/alcaldiaalbertoadriani.com\/index.php?rest_route=%2Fwp%2Fv2%2Fmedia&parent=414"}],"wp:term":[{"taxonomy":"category","embeddable":true,"href":"https:\/\/alcaldiaalbertoadriani.com\/index.php?rest_route=%2Fwp%2Fv2%2Fcategories&post=414"},{"taxonomy":"post_tag","embeddable":true,"href":"https:\/\/alcaldiaalbertoadriani.com\/index.php?rest_route=%2Fwp%2Fv2%2Ftags&post=414"}],"curies":[{"name":"wp","href":"https:\/\/api.w.org\/{rel}","templated":true}]}}