{"id":4074,"date":"2023-10-07T01:52:15","date_gmt":"2023-10-07T01:52:15","guid":{"rendered":"https:\/\/alcaldiaalbertoadriani.com\/?p=4074"},"modified":"2023-10-07T01:52:22","modified_gmt":"2023-10-07T01:52:22","slug":"atender-sectores-afectados-lluvias","status":"publish","type":"post","link":"https:\/\/alcaldiaalbertoadriani.com\/?p=4074","title":{"rendered":"Lisandro Segura despleg\u00f3 personal de Ugradmaa y Plan Renacer para atender sectores afectados por lluvias"},"content":{"rendered":"\n<p>El <a href=\"https:\/\/www.instagram.com\/lisandrosegura02\/\" target=\"_blank\" rel=\"noreferrer noopener\">alcalde Lisandro Segura<\/a> despleg\u00f3 desde tempranas horas de este viernes al personal de la <a href=\"https:\/\/alcaldiaalbertoadriani.com\/?p=3904\" target=\"_blank\" rel=\"noreferrer noopener\">Unidad de Gesti\u00f3n de Riesgo y Administraci\u00f3n de Desastres (Ugradmaa)<\/a> y cuadrillas del Plan Renacer de mi Vig\u00eda Querido, con el fin de atender a varios sectores afectados por las lluvias.<\/p>\n\n\n\n<h2 class=\"wp-block-heading\">Se despleg\u00f3 personal para atender sectores afectados por lluvias<\/h2>\n\n\n\n<p>Inform\u00f3 el regente municipal que, en el sector La Cascarita &#8211; 5 de Julio de la parroquia R\u00f3mulo Gallegos, el desplome de un talud llen\u00f3 varias casas de lodo, por lo que obreros del Plan Renacer de manera inmediata con pico y pala sacaron el lodo y luego con camiones levantaron el material.<\/p>\n\n\n\n<p>Por otro lado, en la v\u00eda que comunica a Barrio Ajuro con Cueva del Humo, se desplom\u00f3 otro talud, por lo que la autoridad civil orient\u00f3 el env\u00edo de la m\u00e1quina tipo retro para despejar la v\u00eda.<\/p>\n\n\n\n<figure class=\"wp-block-image size-full\"><img loading=\"lazy\" decoding=\"async\" width=\"1000\" height=\"563\" src=\"https:\/\/alcaldiaalbertoadriani.com\/wp-content\/uploads\/2023\/10\/WhatsApp-Image-2023-10-06-at-11.34.23-AM-1.jpeg\" alt=\"\" class=\"wp-image-4076\" srcset=\"https:\/\/alcaldiaalbertoadriani.com\/wp-content\/uploads\/2023\/10\/WhatsApp-Image-2023-10-06-at-11.34.23-AM-1.jpeg 1000w, https:\/\/alcaldiaalbertoadriani.com\/wp-content\/uploads\/2023\/10\/WhatsApp-Image-2023-10-06-at-11.34.23-AM-1-980x552.jpeg 980w, https:\/\/alcaldiaalbertoadriani.com\/wp-content\/uploads\/2023\/10\/WhatsApp-Image-2023-10-06-at-11.34.23-AM-1-480x270.jpeg 480w\" sizes=\"auto, (min-width: 0px) and (max-width: 480px) 480px, (min-width: 481px) and (max-width: 980px) 980px, (min-width: 981px) 1000px, 100vw\" \/><\/figure>\n\n\n\n<!--more-->\n\n\n\n<p>Entretanto, <a href=\"https:\/\/alcaldiaalbertoadriani.com\/?p=3864\" target=\"_blank\" rel=\"noreferrer noopener\">funcionarios de Ugradmaa<\/a>, tambi\u00e9n se desplegaron en las zonas afectadas para realizar las respectivas inspecciones, y dar asistencia a las comunidades.<\/p>\n\n\n\n<p>En el sector Eligia J\u00e1ctiva se realiz\u00f3 una inspecci\u00f3n ocular en las losas del ca\u00f1o Bubuqu\u00ed que se desprendieron tras la crecida de este viernes, as\u00ed como tambi\u00e9n al final de la Av., \u201cafortunadamente el agua entr\u00f3 y sali\u00f3 de las viviendas\u201d, dijo el coordinador de Ugradmaa Jonh Torres. <strong>Prensa <a href=\"https:\/\/www.instagram.com\/alcaldia_aa\/\" target=\"_blank\" rel=\"noreferrer noopener\">Alcald\u00eda Alberto Adriani<\/a>\/ Claribel Zambrano CNP: 11.843\/ Fotos: Plan Renacer y Ugradmaa.<\/strong><\/p>\n\n\n\n<figure class=\"wp-block-gallery has-nested-images columns-default is-cropped wp-block-gallery-1 is-layout-flex wp-block-gallery-is-layout-flex\">\n<figure class=\"wp-block-image size-large\"><img loading=\"lazy\" decoding=\"async\" width=\"1024\" height=\"768\" data-id=\"4081\" src=\"https:\/\/alcaldiaalbertoadriani.com\/wp-content\/uploads\/2023\/10\/photo_2023-10-06_20-29-36-2-1024x768.jpg\" alt=\"\" class=\"wp-image-4081\" srcset=\"https:\/\/alcaldiaalbertoadriani.com\/wp-content\/uploads\/2023\/10\/photo_2023-10-06_20-29-36-2-1024x768.jpg 1024w, https:\/\/alcaldiaalbertoadriani.com\/wp-content\/uploads\/2023\/10\/photo_2023-10-06_20-29-36-2-980x735.jpg 980w, https:\/\/alcaldiaalbertoadriani.com\/wp-content\/uploads\/2023\/10\/photo_2023-10-06_20-29-36-2-480x360.jpg 480w\" sizes=\"auto, (min-width: 0px) and (max-width: 480px) 480px, (min-width: 481px) and (max-width: 980px) 980px, (min-width: 981px) 1024px, 100vw\" \/><\/figure>\n\n\n\n<figure class=\"wp-block-image size-large\"><img loading=\"lazy\" decoding=\"async\" width=\"1024\" height=\"768\" data-id=\"4079\" src=\"https:\/\/alcaldiaalbertoadriani.com\/wp-content\/uploads\/2023\/10\/photo_2023-10-06_20-29-40-1024x768.jpg\" alt=\"\" class=\"wp-image-4079\" srcset=\"https:\/\/alcaldiaalbertoadriani.com\/wp-content\/uploads\/2023\/10\/photo_2023-10-06_20-29-40-1024x768.jpg 1024w, https:\/\/alcaldiaalbertoadriani.com\/wp-content\/uploads\/2023\/10\/photo_2023-10-06_20-29-40-980x735.jpg 980w, https:\/\/alcaldiaalbertoadriani.com\/wp-content\/uploads\/2023\/10\/photo_2023-10-06_20-29-40-480x360.jpg 480w\" sizes=\"auto, (min-width: 0px) and (max-width: 480px) 480px, (min-width: 481px) and (max-width: 980px) 980px, (min-width: 981px) 1024px, 100vw\" \/><\/figure>\n\n\n\n<figure class=\"wp-block-image size-large\"><img loading=\"lazy\" decoding=\"async\" width=\"1024\" height=\"766\" data-id=\"4080\" src=\"https:\/\/alcaldiaalbertoadriani.com\/wp-content\/uploads\/2023\/10\/photo_4972075058243677188_y-1024x766.jpg\" alt=\"\" class=\"wp-image-4080\" srcset=\"https:\/\/alcaldiaalbertoadriani.com\/wp-content\/uploads\/2023\/10\/photo_4972075058243677188_y-1024x766.jpg 1024w, https:\/\/alcaldiaalbertoadriani.com\/wp-content\/uploads\/2023\/10\/photo_4972075058243677188_y-980x733.jpg 980w, https:\/\/alcaldiaalbertoadriani.com\/wp-content\/uploads\/2023\/10\/photo_4972075058243677188_y-480x359.jpg 480w\" sizes=\"auto, (min-width: 0px) and (max-width: 480px) 480px, (min-width: 481px) and (max-width: 980px) 980px, (min-width: 981px) 1024px, 100vw\" \/><\/figure>\n\n\n\n<figure class=\"wp-block-image size-large\"><img loading=\"lazy\" decoding=\"async\" width=\"1024\" height=\"768\" data-id=\"4078\" src=\"https:\/\/alcaldiaalbertoadriani.com\/wp-content\/uploads\/2023\/10\/WhatsApp-Image-2023-10-06-at-10.08.30-AM-2-1024x768.jpeg\" alt=\"\" class=\"wp-image-4078\" srcset=\"https:\/\/alcaldiaalbertoadriani.com\/wp-content\/uploads\/2023\/10\/WhatsApp-Image-2023-10-06-at-10.08.30-AM-2-1024x768.jpeg 1024w, https:\/\/alcaldiaalbertoadriani.com\/wp-content\/uploads\/2023\/10\/WhatsApp-Image-2023-10-06-at-10.08.30-AM-2-980x735.jpeg 980w, https:\/\/alcaldiaalbertoadriani.com\/wp-content\/uploads\/2023\/10\/WhatsApp-Image-2023-10-06-at-10.08.30-AM-2-480x360.jpeg 480w\" sizes=\"auto, (min-width: 0px) and (max-width: 480px) 480px, (min-width: 481px) and (max-width: 980px) 980px, (min-width: 981px) 1024px, 100vw\" \/><\/figure>\n\n\n\n<figure class=\"wp-block-image size-large\"><img loading=\"lazy\" decoding=\"async\" width=\"960\" height=\"540\" data-id=\"4077\" src=\"https:\/\/alcaldiaalbertoadriani.com\/wp-content\/uploads\/2023\/10\/WhatsApp-Image-2023-10-06-at-11.34.24-AM.jpeg\" alt=\"\" class=\"wp-image-4077\" srcset=\"https:\/\/alcaldiaalbertoadriani.com\/wp-content\/uploads\/2023\/10\/WhatsApp-Image-2023-10-06-at-11.34.24-AM.jpeg 960w, https:\/\/alcaldiaalbertoadriani.com\/wp-content\/uploads\/2023\/10\/WhatsApp-Image-2023-10-06-at-11.34.24-AM-480x270.jpeg 480w\" sizes=\"auto, (min-width: 0px) and (max-width: 480px) 480px, (min-width: 481px) 960px, 100vw\" \/><\/figure>\n<\/figure>\n","protected":false},"excerpt":{"rendered":"<p>El alcalde Lisandro Segura despleg\u00f3 desde tempranas horas de este viernes al personal de la Unidad de Gesti\u00f3n de Riesgo y Administraci\u00f3n de Desastres (Ugradmaa) y cuadrillas del Plan Renacer [&hellip;]<\/p>\n","protected":false},"author":2,"featured_media":4075,"comment_status":"closed","ping_status":"closed","sticky":false,"template":"","format":"standard","meta":{"_et_pb_use_builder":"off","_et_pb_old_content":"","_et_gb_content_width":"","footnotes":""},"categories":[341,175,25,24,189,311],"tags":[31,11,12,15,30,29,28,527],"class_list":["post-4074","post","type-post","status-publish","format-standard","has-post-thumbnail","hentry","category-alcaldia-alberto-adriani","category-gestion-municipal","category-nuestro-municipio","category-recuperacion-de-espacios","category-renacer-de-mi-vigia-querido","category-ugradmaa","tag-alcalde","tag-alcaldia","tag-alcaldiaalbertoadriani","tag-elvigia","tag-lisandrosegura","tag-municipioquenosmerecemos","tag-porelrenacer","tag-atender-sectores-afectados-lluvias"],"yoast_head":"<!-- This site is optimized with the Yoast SEO plugin v19.13 - https:\/\/yoast.com\/wordpress\/plugins\/seo\/ -->\n<title>Lisandro Segura despleg\u00f3 personal de Ugradmaa y Plan Renacer para atender sectores afectados por lluvias - Alcaldia Alberto Adriani<\/title>\n<meta name=\"description\" content=\"Lisandro Segura despleg\u00f3 desde tempranas horas de este viernes personal con el fin de atender a varios sectores afectados por las lluvias.\" \/>\n<meta name=\"robots\" content=\"index, follow, max-snippet:-1, max-image-preview:large, max-video-preview:-1\" \/>\n<link rel=\"canonical\" href=\"https:\/\/alcaldiaalbertoadriani.com\/?p=4074\" \/>\n<meta property=\"og:locale\" content=\"es_ES\" \/>\n<meta property=\"og:type\" content=\"article\" \/>\n<meta property=\"og:title\" content=\"Lisandro Segura despleg\u00f3 personal de Ugradmaa y Plan Renacer para atender sectores afectados por lluvias - Alcaldia Alberto Adriani\" \/>\n<meta property=\"og:description\" content=\"Lisandro Segura despleg\u00f3 desde tempranas horas de este viernes personal con el fin de atender a varios sectores afectados por las lluvias.\" \/>\n<meta property=\"og:url\" content=\"https:\/\/alcaldiaalbertoadriani.com\/?p=4074\" \/>\n<meta property=\"og:site_name\" content=\"Alcaldia Alberto Adriani\" \/>\n<meta property=\"article:published_time\" content=\"2023-10-07T01:52:15+00:00\" \/>\n<meta property=\"article:modified_time\" content=\"2023-10-07T01:52:22+00:00\" \/>\n<meta property=\"og:image\" content=\"https:\/\/alcaldiaalbertoadriani.com\/wp-content\/uploads\/2023\/10\/photo_2023-10-06_20-29-42-2.jpg\" \/>\n\t<meta property=\"og:image:width\" content=\"1280\" \/>\n\t<meta property=\"og:image:height\" content=\"960\" \/>\n\t<meta property=\"og:image:type\" content=\"image\/jpeg\" \/>\n<meta name=\"author\" content=\"Prensa\" \/>\n<meta name=\"twitter:card\" content=\"summary_large_image\" \/>\n<meta name=\"twitter:label1\" content=\"Escrito por\" \/>\n\t<meta name=\"twitter:data1\" content=\"Prensa\" \/>\n\t<meta name=\"twitter:label2\" content=\"Tiempo de lectura\" \/>\n\t<meta name=\"twitter:data2\" content=\"3 minutos\" \/>\n<script type=\"application\/ld+json\" class=\"yoast-schema-graph\">{\"@context\":\"https:\/\/schema.org\",\"@graph\":[{\"@type\":\"WebPage\",\"@id\":\"https:\/\/alcaldiaalbertoadriani.com\/?p=4074\",\"url\":\"https:\/\/alcaldiaalbertoadriani.com\/?p=4074\",\"name\":\"Lisandro Segura despleg\u00f3 personal de Ugradmaa y Plan Renacer para atender sectores afectados por lluvias - Alcaldia Alberto Adriani\",\"isPartOf\":{\"@id\":\"https:\/\/alcaldiaalbertoadriani.com\/#website\"},\"datePublished\":\"2023-10-07T01:52:15+00:00\",\"dateModified\":\"2023-10-07T01:52:22+00:00\",\"author\":{\"@id\":\"https:\/\/alcaldiaalbertoadriani.com\/#\/schema\/person\/549b4483ff8999ac780deeea78795fc9\"},\"description\":\"Lisandro Segura despleg\u00f3 desde tempranas horas de este viernes personal con el fin de atender a varios sectores afectados por las lluvias.\",\"breadcrumb\":{\"@id\":\"https:\/\/alcaldiaalbertoadriani.com\/?p=4074#breadcrumb\"},\"inLanguage\":\"es\",\"potentialAction\":[{\"@type\":\"ReadAction\",\"target\":[\"https:\/\/alcaldiaalbertoadriani.com\/?p=4074\"]}]},{\"@type\":\"BreadcrumbList\",\"@id\":\"https:\/\/alcaldiaalbertoadriani.com\/?p=4074#breadcrumb\",\"itemListElement\":[{\"@type\":\"ListItem\",\"position\":1,\"name\":\"Portada\",\"item\":\"https:\/\/alcaldiaalbertoadriani.com\/\"},{\"@type\":\"ListItem\",\"position\":2,\"name\":\"Lisandro Segura despleg\u00f3 personal de Ugradmaa y Plan Renacer para atender sectores afectados por lluvias\"}]},{\"@type\":\"WebSite\",\"@id\":\"https:\/\/alcaldiaalbertoadriani.com\/#website\",\"url\":\"https:\/\/alcaldiaalbertoadriani.com\/\",\"name\":\"Alcaldia Alberto Adriani\",\"description\":\"\",\"potentialAction\":[{\"@type\":\"SearchAction\",\"target\":{\"@type\":\"EntryPoint\",\"urlTemplate\":\"https:\/\/alcaldiaalbertoadriani.com\/?s={search_term_string}\"},\"query-input\":\"required name=search_term_string\"}],\"inLanguage\":\"es\"},{\"@type\":\"Person\",\"@id\":\"https:\/\/alcaldiaalbertoadriani.com\/#\/schema\/person\/549b4483ff8999ac780deeea78795fc9\",\"name\":\"Prensa\",\"image\":{\"@type\":\"ImageObject\",\"inLanguage\":\"es\",\"@id\":\"https:\/\/alcaldiaalbertoadriani.com\/#\/schema\/person\/image\/\",\"url\":\"https:\/\/secure.gravatar.com\/avatar\/ea1cb567ea992a29627f4eee1c2eb185ec16decec6342d508fdf18dedb56c9de?s=96&d=mm&r=g\",\"contentUrl\":\"https:\/\/secure.gravatar.com\/avatar\/ea1cb567ea992a29627f4eee1c2eb185ec16decec6342d508fdf18dedb56c9de?s=96&d=mm&r=g\",\"caption\":\"Prensa\"},\"url\":\"https:\/\/alcaldiaalbertoadriani.com\/?author=2\"}]}<\/script>\n<!-- \/ Yoast SEO plugin. -->","yoast_head_json":{"title":"Lisandro Segura despleg\u00f3 personal de Ugradmaa y Plan Renacer para atender sectores afectados por lluvias - Alcaldia Alberto Adriani","description":"Lisandro Segura despleg\u00f3 desde tempranas horas de este viernes personal con el fin de atender a varios sectores afectados por las lluvias.","robots":{"index":"index","follow":"follow","max-snippet":"max-snippet:-1","max-image-preview":"max-image-preview:large","max-video-preview":"max-video-preview:-1"},"canonical":"https:\/\/alcaldiaalbertoadriani.com\/?p=4074","og_locale":"es_ES","og_type":"article","og_title":"Lisandro Segura despleg\u00f3 personal de Ugradmaa y Plan Renacer para atender sectores afectados por lluvias - Alcaldia Alberto Adriani","og_description":"Lisandro Segura despleg\u00f3 desde tempranas horas de este viernes personal con el fin de atender a varios sectores afectados por las lluvias.","og_url":"https:\/\/alcaldiaalbertoadriani.com\/?p=4074","og_site_name":"Alcaldia Alberto Adriani","article_published_time":"2023-10-07T01:52:15+00:00","article_modified_time":"2023-10-07T01:52:22+00:00","og_image":[{"width":1280,"height":960,"url":"https:\/\/alcaldiaalbertoadriani.com\/wp-content\/uploads\/2023\/10\/photo_2023-10-06_20-29-42-2.jpg","type":"image\/jpeg"}],"author":"Prensa","twitter_card":"summary_large_image","twitter_misc":{"Escrito por":"Prensa","Tiempo de lectura":"3 minutos"},"schema":{"@context":"https:\/\/schema.org","@graph":[{"@type":"WebPage","@id":"https:\/\/alcaldiaalbertoadriani.com\/?p=4074","url":"https:\/\/alcaldiaalbertoadriani.com\/?p=4074","name":"Lisandro Segura despleg\u00f3 personal de Ugradmaa y Plan Renacer para atender sectores afectados por lluvias - Alcaldia Alberto Adriani","isPartOf":{"@id":"https:\/\/alcaldiaalbertoadriani.com\/#website"},"datePublished":"2023-10-07T01:52:15+00:00","dateModified":"2023-10-07T01:52:22+00:00","author":{"@id":"https:\/\/alcaldiaalbertoadriani.com\/#\/schema\/person\/549b4483ff8999ac780deeea78795fc9"},"description":"Lisandro Segura despleg\u00f3 desde tempranas horas de este viernes personal con el fin de atender a varios sectores afectados por las lluvias.","breadcrumb":{"@id":"https:\/\/alcaldiaalbertoadriani.com\/?p=4074#breadcrumb"},"inLanguage":"es","potentialAction":[{"@type":"ReadAction","target":["https:\/\/alcaldiaalbertoadriani.com\/?p=4074"]}]},{"@type":"BreadcrumbList","@id":"https:\/\/alcaldiaalbertoadriani.com\/?p=4074#breadcrumb","itemListElement":[{"@type":"ListItem","position":1,"name":"Portada","item":"https:\/\/alcaldiaalbertoadriani.com\/"},{"@type":"ListItem","position":2,"name":"Lisandro Segura despleg\u00f3 personal de Ugradmaa y Plan Renacer para atender sectores afectados por lluvias"}]},{"@type":"WebSite","@id":"https:\/\/alcaldiaalbertoadriani.com\/#website","url":"https:\/\/alcaldiaalbertoadriani.com\/","name":"Alcaldia Alberto Adriani","description":"","potentialAction":[{"@type":"SearchAction","target":{"@type":"EntryPoint","urlTemplate":"https:\/\/alcaldiaalbertoadriani.com\/?s={search_term_string}"},"query-input":"required name=search_term_string"}],"inLanguage":"es"},{"@type":"Person","@id":"https:\/\/alcaldiaalbertoadriani.com\/#\/schema\/person\/549b4483ff8999ac780deeea78795fc9","name":"Prensa","image":{"@type":"ImageObject","inLanguage":"es","@id":"https:\/\/alcaldiaalbertoadriani.com\/#\/schema\/person\/image\/","url":"https:\/\/secure.gravatar.com\/avatar\/ea1cb567ea992a29627f4eee1c2eb185ec16decec6342d508fdf18dedb56c9de?s=96&d=mm&r=g","contentUrl":"https:\/\/secure.gravatar.com\/avatar\/ea1cb567ea992a29627f4eee1c2eb185ec16decec6342d508fdf18dedb56c9de?s=96&d=mm&r=g","caption":"Prensa"},"url":"https:\/\/alcaldiaalbertoadriani.com\/?author=2"}]}},"_links":{"self":[{"href":"https:\/\/alcaldiaalbertoadriani.com\/index.php?rest_route=\/wp\/v2\/posts\/4074","targetHints":{"allow":["GET"]}}],"collection":[{"href":"https:\/\/alcaldiaalbertoadriani.com\/index.php?rest_route=\/wp\/v2\/posts"}],"about":[{"href":"https:\/\/alcaldiaalbertoadriani.com\/index.php?rest_route=\/wp\/v2\/types\/post"}],"author":[{"embeddable":true,"href":"https:\/\/alcaldiaalbertoadriani.com\/index.php?rest_route=\/wp\/v2\/users\/2"}],"replies":[{"embeddable":true,"href":"https:\/\/alcaldiaalbertoadriani.com\/index.php?rest_route=%2Fwp%2Fv2%2Fcomments&post=4074"}],"version-history":[{"count":1,"href":"https:\/\/alcaldiaalbertoadriani.com\/index.php?rest_route=\/wp\/v2\/posts\/4074\/revisions"}],"predecessor-version":[{"id":4082,"href":"https:\/\/alcaldiaalbertoadriani.com\/index.php?rest_route=\/wp\/v2\/posts\/4074\/revisions\/4082"}],"wp:featuredmedia":[{"embeddable":true,"href":"https:\/\/alcaldiaalbertoadriani.com\/index.php?rest_route=\/wp\/v2\/media\/4075"}],"wp:attachment":[{"href":"https:\/\/alcaldiaalbertoadriani.com\/index.php?rest_route=%2Fwp%2Fv2%2Fmedia&parent=4074"}],"wp:term":[{"taxonomy":"category","embeddable":true,"href":"https:\/\/alcaldiaalbertoadriani.com\/index.php?rest_route=%2Fwp%2Fv2%2Fcategories&post=4074"},{"taxonomy":"post_tag","embeddable":true,"href":"https:\/\/alcaldiaalbertoadriani.com\/index.php?rest_route=%2Fwp%2Fv2%2Ftags&post=4074"}],"curies":[{"name":"wp","href":"https:\/\/api.w.org\/{rel}","templated":true}]}}