{"id":401,"date":"2022-08-03T23:00:09","date_gmt":"2022-08-03T23:00:09","guid":{"rendered":"https:\/\/alcaldiaalbertoadriani.com\/?p=401"},"modified":"2022-08-03T23:00:19","modified_gmt":"2022-08-03T23:00:19","slug":"alcaldia-beneficio-a-mas-de-2250-personas-en-mega-jornada-medica-social","status":"publish","type":"post","link":"https:\/\/alcaldiaalbertoadriani.com\/?p=401","title":{"rendered":"Alcald\u00eda benefici\u00f3 a m\u00e1s de 2250 personas en Mega jornada m\u00e9dica-social"},"content":{"rendered":"\n<p>***Con las megas jornadas se atendieron con desparasitaci\u00f3n a 579 personas; 133 pacientes por optometr\u00eda, de los cuales se donaron 89 lentes; medicina general atendi\u00f3 a 382 personas; 137 ni\u00f1os en pediatr\u00eda, 36 pacientes en Dermatolog\u00eda, nutrici\u00f3n a 26 ni\u00f1os, 174 inmunizaciones, control de tensi\u00f3n arterial a 292 personas y 185 control de glicemia; 220 entre ni\u00f1os y adultos con barber\u00eda, entre otros beneficios.<\/p>\n\n\n\n<p>Con diez especialidades m\u00e9dicas, m\u00e1s de dos mil doscientas cincuenta personas fueron atendidas y beneficiadas con las mega jornadas m\u00e9dica social efectuada en la Casa del Ni\u00f1o Trabajador &#8220;Dr. H\u00e9ctor Rodr\u00edguez Dugarte&#8221;, tras ser reinaugurados sus espacios.<\/p>\n\n\n\n<p>La informaci\u00f3n la dio a conocer el alcalde del municipio Alberto Adriani, Lisandro Segura, al se\u00f1alar que luego de la reinauguraci\u00f3n fueron atendidos de manera especial, entre los d\u00edas viernes 29 y s\u00e1bado 30 de julio, la ciudadan\u00eda en general en dichas mega jornadas m\u00e9dico social.<\/p>\n\n\n\n<!--more-->\n\n\n\n<p>Diez especialidades<\/p>\n\n\n\n<p>Por su parte, Brenda Hern\u00e1ndez, gerente de Desarrollo Social, detall\u00f3 que la mega jornada social cont\u00f3 con diez especialidades, entre ellas: Medicina General, Pediatr\u00eda, Optometr\u00eda, Psicolog\u00eda, Inmunizaci\u00f3n, Dermatolog\u00eda, Epidemiolog\u00eda, Desparasitaci\u00f3n y Nutrici\u00f3n, adem\u00e1s, control de tensi\u00f3n arterial y glicemia.<\/p>\n\n\n\n<p>Entregaron 43 ayudas econ\u00f3micas y t\u00e9cnicas<\/p>\n\n\n\n<p>En ese sentido, y como parte de la actividad de los d\u00eda jueves y viernes, V\u00edctor Ram\u00edrez, presidente del Instituto de Bienestar Social (Inbies), inform\u00f3 que hizo la entrega de veintiocho (28) ayudas t\u00e9cnicas, a saber: muletas, bastones tipo punto y un bast\u00f3n rastrero, as\u00ed como colchonetas, andaderas y sillas de rueda.<\/p>\n\n\n\n<p>Asimismo, indic\u00f3 el funcionario que en cuanto a las ayudas econ\u00f3micas designaron quince (15) ayudas econ\u00f3micas, para la realizaci\u00f3n de ex\u00e1menes de laboratorio, Rayos \u201cX\u201d, Resonancias, Ecos, Tomograf\u00edas e insumos quir\u00fargicos.<\/p>\n\n\n\n<p>De manera mancomunada con la empresa privada<\/p>\n\n\n\n<p>Importante destacar la participaci\u00f3n de las empresas Farmatodo Pluxandes y \u00d3ptica S\u00e1nchez.<\/p>\n\n\n\n<p>Igualmente, el personal del Hospital II Ad\u00e1n Mu\u00f1oz Calleja, a trav\u00e9s del \u00e1rea de Promoci\u00f3n Social, Epidemiologia e Inmunizaci\u00f3n del Eje territorial, aplicaron 174 dosis entre ni\u00f1os y adultos quienes se beneficiaron con polio, trivalente, antigripal, Covid, entre otros.<\/p>\n\n\n\n<p>En ese mismo contexto, mediante alianzas estrat\u00e9gicas se dispuso parte del personal de salud del Centro Diagn\u00f3stico Integral (CDI) de Buenos Aires y la Farmacia comunitaria ubicada en la instituci\u00f3n, con algunos medicamentos.<\/p>\n\n\n\n<p>Instituciones que se sumaron<\/p>\n\n\n\n<p>En la jornada se sumaron esfuerzos de la Fundaci\u00f3n Ni\u00f1os Color de mi Tierra, presidida por la Primera Dama, Yudith Parra, tambi\u00e9n funcionarios del Consejo Municipal de Derechos del Ni\u00f1o, Ni\u00f1a y Adolescente (Cmdnna), Consejo de Protecci\u00f3n (Cpnna), Registro Civil, Turismo, Inbies, Unidad de Gesti\u00f3n de Riesgo y de la Unidad Municipal para las Personas con Discapacidad (Umpdis).<\/p>\n\n\n\n<p>Asimismo, se cont\u00f3 con el apoyo del Instituto Municipal de la Juventud (Imjaa), Instituto Municipal de la Mujer e Igualdad de G\u00e9nero (Immigaa), Servicio Aut\u00f3nomo de Administraci\u00f3n Tributaria (Samat), Seguridad Ciudadana, Fundaci\u00f3n Bocadito para Venezuela, para el \u00e9xito total de la jornada. Prensa Alcald\u00eda Alberto Adriani\/Edgar Mendoza\/Fotos: Yorman Parra y Romny Ram\u00edrez.<\/p>\n\n\n\n<figure class=\"wp-block-gallery has-nested-images columns-default is-cropped wp-block-gallery-1 is-layout-flex wp-block-gallery-is-layout-flex\">\n<figure class=\"wp-block-image size-large\"><img loading=\"lazy\" decoding=\"async\" width=\"1024\" height=\"473\" data-id=\"407\" src=\"https:\/\/alcaldiaalbertoadriani.com\/wp-content\/uploads\/2022\/08\/photo_2022-07-30_18-10-04-1024x473.jpg\" alt=\"\" class=\"wp-image-407\" srcset=\"https:\/\/alcaldiaalbertoadriani.com\/wp-content\/uploads\/2022\/08\/photo_2022-07-30_18-10-04-1024x473.jpg 1024w, https:\/\/alcaldiaalbertoadriani.com\/wp-content\/uploads\/2022\/08\/photo_2022-07-30_18-10-04-980x452.jpg 980w, https:\/\/alcaldiaalbertoadriani.com\/wp-content\/uploads\/2022\/08\/photo_2022-07-30_18-10-04-480x222.jpg 480w\" sizes=\"auto, (min-width: 0px) and (max-width: 480px) 480px, (min-width: 481px) and (max-width: 980px) 980px, (min-width: 981px) 1024px, 100vw\" \/><\/figure>\n\n\n\n<figure class=\"wp-block-image size-large\"><img loading=\"lazy\" decoding=\"async\" width=\"1024\" height=\"473\" data-id=\"411\" src=\"https:\/\/alcaldiaalbertoadriani.com\/wp-content\/uploads\/2022\/08\/photo_2022-07-30_18-10-46-1-1024x473.jpg\" alt=\"\" class=\"wp-image-411\" srcset=\"https:\/\/alcaldiaalbertoadriani.com\/wp-content\/uploads\/2022\/08\/photo_2022-07-30_18-10-46-1-1024x473.jpg 1024w, https:\/\/alcaldiaalbertoadriani.com\/wp-content\/uploads\/2022\/08\/photo_2022-07-30_18-10-46-1-980x452.jpg 980w, https:\/\/alcaldiaalbertoadriani.com\/wp-content\/uploads\/2022\/08\/photo_2022-07-30_18-10-46-1-480x222.jpg 480w\" sizes=\"auto, (min-width: 0px) and (max-width: 480px) 480px, (min-width: 481px) and (max-width: 980px) 980px, (min-width: 981px) 1024px, 100vw\" \/><\/figure>\n\n\n\n<figure class=\"wp-block-image size-large\"><img loading=\"lazy\" decoding=\"async\" width=\"1024\" height=\"473\" data-id=\"410\" src=\"https:\/\/alcaldiaalbertoadriani.com\/wp-content\/uploads\/2022\/08\/photo_2022-07-30_13-29-34-1024x473.jpg\" alt=\"\" class=\"wp-image-410\" srcset=\"https:\/\/alcaldiaalbertoadriani.com\/wp-content\/uploads\/2022\/08\/photo_2022-07-30_13-29-34-1024x473.jpg 1024w, https:\/\/alcaldiaalbertoadriani.com\/wp-content\/uploads\/2022\/08\/photo_2022-07-30_13-29-34-980x452.jpg 980w, https:\/\/alcaldiaalbertoadriani.com\/wp-content\/uploads\/2022\/08\/photo_2022-07-30_13-29-34-480x222.jpg 480w\" sizes=\"auto, (min-width: 0px) and (max-width: 480px) 480px, (min-width: 481px) and (max-width: 980px) 980px, (min-width: 981px) 1024px, 100vw\" \/><\/figure>\n\n\n\n<figure class=\"wp-block-image size-large\"><img loading=\"lazy\" decoding=\"async\" width=\"1024\" height=\"473\" data-id=\"408\" src=\"https:\/\/alcaldiaalbertoadriani.com\/wp-content\/uploads\/2022\/08\/photo_2022-07-30_13-30-04-1024x473.jpg\" alt=\"\" class=\"wp-image-408\" srcset=\"https:\/\/alcaldiaalbertoadriani.com\/wp-content\/uploads\/2022\/08\/photo_2022-07-30_13-30-04-1024x473.jpg 1024w, https:\/\/alcaldiaalbertoadriani.com\/wp-content\/uploads\/2022\/08\/photo_2022-07-30_13-30-04-980x452.jpg 980w, https:\/\/alcaldiaalbertoadriani.com\/wp-content\/uploads\/2022\/08\/photo_2022-07-30_13-30-04-480x222.jpg 480w\" sizes=\"auto, (min-width: 0px) and (max-width: 480px) 480px, (min-width: 481px) and (max-width: 980px) 980px, (min-width: 981px) 1024px, 100vw\" \/><\/figure>\n\n\n\n<figure class=\"wp-block-image size-large\"><img loading=\"lazy\" decoding=\"async\" width=\"1024\" height=\"473\" data-id=\"405\" src=\"https:\/\/alcaldiaalbertoadriani.com\/wp-content\/uploads\/2022\/08\/photo_2022-07-30_18-09-48-1024x473.jpg\" alt=\"\" class=\"wp-image-405\" srcset=\"https:\/\/alcaldiaalbertoadriani.com\/wp-content\/uploads\/2022\/08\/photo_2022-07-30_18-09-48-1024x473.jpg 1024w, https:\/\/alcaldiaalbertoadriani.com\/wp-content\/uploads\/2022\/08\/photo_2022-07-30_18-09-48-980x452.jpg 980w, https:\/\/alcaldiaalbertoadriani.com\/wp-content\/uploads\/2022\/08\/photo_2022-07-30_18-09-48-480x222.jpg 480w\" sizes=\"auto, (min-width: 0px) and (max-width: 480px) 480px, (min-width: 481px) and (max-width: 980px) 980px, (min-width: 981px) 1024px, 100vw\" \/><\/figure>\n\n\n\n<figure class=\"wp-block-image size-large\"><img loading=\"lazy\" decoding=\"async\" width=\"1024\" height=\"576\" data-id=\"412\" src=\"https:\/\/alcaldiaalbertoadriani.com\/wp-content\/uploads\/2022\/08\/photo_2022-07-30_18-19-45-1024x576.jpg\" alt=\"\" class=\"wp-image-412\" srcset=\"https:\/\/alcaldiaalbertoadriani.com\/wp-content\/uploads\/2022\/08\/photo_2022-07-30_18-19-45-1024x576.jpg 1024w, https:\/\/alcaldiaalbertoadriani.com\/wp-content\/uploads\/2022\/08\/photo_2022-07-30_18-19-45-980x551.jpg 980w, https:\/\/alcaldiaalbertoadriani.com\/wp-content\/uploads\/2022\/08\/photo_2022-07-30_18-19-45-480x270.jpg 480w\" sizes=\"auto, (min-width: 0px) and (max-width: 480px) 480px, (min-width: 481px) and (max-width: 980px) 980px, (min-width: 981px) 1024px, 100vw\" \/><\/figure>\n\n\n\n<figure class=\"wp-block-image size-large\"><img loading=\"lazy\" decoding=\"async\" width=\"1024\" height=\"576\" data-id=\"409\" src=\"https:\/\/alcaldiaalbertoadriani.com\/wp-content\/uploads\/2022\/08\/photo_2022-07-30_18-19-43-1024x576.jpg\" alt=\"\" class=\"wp-image-409\" srcset=\"https:\/\/alcaldiaalbertoadriani.com\/wp-content\/uploads\/2022\/08\/photo_2022-07-30_18-19-43-1024x576.jpg 1024w, https:\/\/alcaldiaalbertoadriani.com\/wp-content\/uploads\/2022\/08\/photo_2022-07-30_18-19-43-980x551.jpg 980w, https:\/\/alcaldiaalbertoadriani.com\/wp-content\/uploads\/2022\/08\/photo_2022-07-30_18-19-43-480x270.jpg 480w\" sizes=\"auto, (min-width: 0px) and (max-width: 480px) 480px, (min-width: 481px) and (max-width: 980px) 980px, (min-width: 981px) 1024px, 100vw\" \/><\/figure>\n\n\n\n<figure class=\"wp-block-image size-large\"><img loading=\"lazy\" decoding=\"async\" width=\"1024\" height=\"576\" data-id=\"404\" src=\"https:\/\/alcaldiaalbertoadriani.com\/wp-content\/uploads\/2022\/08\/photo_2022-07-30_18-19-41-1024x576.jpg\" alt=\"\" class=\"wp-image-404\" srcset=\"https:\/\/alcaldiaalbertoadriani.com\/wp-content\/uploads\/2022\/08\/photo_2022-07-30_18-19-41-1024x576.jpg 1024w, https:\/\/alcaldiaalbertoadriani.com\/wp-content\/uploads\/2022\/08\/photo_2022-07-30_18-19-41-980x551.jpg 980w, https:\/\/alcaldiaalbertoadriani.com\/wp-content\/uploads\/2022\/08\/photo_2022-07-30_18-19-41-480x270.jpg 480w\" sizes=\"auto, (min-width: 0px) and (max-width: 480px) 480px, (min-width: 481px) and (max-width: 980px) 980px, (min-width: 981px) 1024px, 100vw\" \/><\/figure>\n\n\n\n<figure class=\"wp-block-image size-large\"><img loading=\"lazy\" decoding=\"async\" width=\"1024\" height=\"576\" data-id=\"406\" src=\"https:\/\/alcaldiaalbertoadriani.com\/wp-content\/uploads\/2022\/08\/photo_2022-07-30_18-19-42-2-1024x576.jpg\" alt=\"\" class=\"wp-image-406\" srcset=\"https:\/\/alcaldiaalbertoadriani.com\/wp-content\/uploads\/2022\/08\/photo_2022-07-30_18-19-42-2-1024x576.jpg 1024w, https:\/\/alcaldiaalbertoadriani.com\/wp-content\/uploads\/2022\/08\/photo_2022-07-30_18-19-42-2-980x551.jpg 980w, https:\/\/alcaldiaalbertoadriani.com\/wp-content\/uploads\/2022\/08\/photo_2022-07-30_18-19-42-2-480x270.jpg 480w\" sizes=\"auto, (min-width: 0px) and (max-width: 480px) 480px, (min-width: 481px) and (max-width: 980px) 980px, (min-width: 981px) 1024px, 100vw\" \/><\/figure>\n<\/figure>\n","protected":false},"excerpt":{"rendered":"<p>***Con las megas jornadas se atendieron con desparasitaci\u00f3n a 579 personas; 133 pacientes por optometr\u00eda, de los cuales se donaron 89 lentes; medicina general atendi\u00f3 a 382 personas; 137 ni\u00f1os [&hellip;]<\/p>\n","protected":false},"author":2,"featured_media":403,"comment_status":"closed","ping_status":"closed","sticky":false,"template":"","format":"standard","meta":{"_et_pb_use_builder":"off","_et_pb_old_content":"","_et_gb_content_width":"","footnotes":""},"categories":[39,23,22,25],"tags":[31,11,12,15,30,29,28,26,38,35,27,37],"class_list":["post-401","post","type-post","status-publish","format-standard","has-post-thumbnail","hentry","category-actividades-sociales","category-casa-del-nino-trabajador","category-fundacion-ninos-color-de-mi-tierra","category-nuestro-municipio","tag-alcalde","tag-alcaldia","tag-alcaldiaalbertoadriani","tag-elvigia","tag-lisandrosegura","tag-municipioquenosmerecemos","tag-porelrenacer","tag-fundacion","tag-medica","tag-mega-jornada","tag-ninoscolordemitierra","tag-social"],"yoast_head":"<!-- This site is optimized with the Yoast SEO plugin v19.13 - https:\/\/yoast.com\/wordpress\/plugins\/seo\/ -->\n<title>Alcald\u00eda benefici\u00f3 a m\u00e1s de 2250 personas en Mega jornada m\u00e9dica-social - Alcaldia Alberto Adriani<\/title>\n<meta name=\"robots\" content=\"index, follow, max-snippet:-1, max-image-preview:large, max-video-preview:-1\" \/>\n<link rel=\"canonical\" href=\"https:\/\/alcaldiaalbertoadriani.com\/?p=401\" \/>\n<meta property=\"og:locale\" content=\"es_ES\" \/>\n<meta property=\"og:type\" content=\"article\" \/>\n<meta property=\"og:title\" content=\"Alcald\u00eda benefici\u00f3 a m\u00e1s de 2250 personas en Mega jornada m\u00e9dica-social - Alcaldia Alberto Adriani\" \/>\n<meta property=\"og:description\" content=\"***Con las megas jornadas se atendieron con desparasitaci\u00f3n a 579 personas; 133 pacientes por optometr\u00eda, de los cuales se donaron 89 lentes; medicina general atendi\u00f3 a 382 personas; 137 ni\u00f1os [&hellip;]\" \/>\n<meta property=\"og:url\" content=\"https:\/\/alcaldiaalbertoadriani.com\/?p=401\" \/>\n<meta property=\"og:site_name\" content=\"Alcaldia Alberto Adriani\" \/>\n<meta property=\"article:published_time\" content=\"2022-08-03T23:00:09+00:00\" \/>\n<meta property=\"article:modified_time\" content=\"2022-08-03T23:00:19+00:00\" \/>\n<meta property=\"og:image\" content=\"https:\/\/alcaldiaalbertoadriani.com\/wp-content\/uploads\/2022\/08\/photo_2022-07-30_13-25-29.jpg\" \/>\n\t<meta property=\"og:image:width\" content=\"1280\" \/>\n\t<meta property=\"og:image:height\" content=\"591\" \/>\n\t<meta property=\"og:image:type\" content=\"image\/jpeg\" \/>\n<meta name=\"author\" content=\"Prensa\" \/>\n<meta name=\"twitter:card\" content=\"summary_large_image\" \/>\n<meta name=\"twitter:label1\" content=\"Escrito por\" \/>\n\t<meta name=\"twitter:data1\" content=\"Prensa\" \/>\n\t<meta name=\"twitter:label2\" content=\"Tiempo de lectura\" \/>\n\t<meta name=\"twitter:data2\" content=\"3 minutos\" \/>\n<script type=\"application\/ld+json\" class=\"yoast-schema-graph\">{\"@context\":\"https:\/\/schema.org\",\"@graph\":[{\"@type\":\"WebPage\",\"@id\":\"https:\/\/alcaldiaalbertoadriani.com\/?p=401\",\"url\":\"https:\/\/alcaldiaalbertoadriani.com\/?p=401\",\"name\":\"Alcald\u00eda benefici\u00f3 a m\u00e1s de 2250 personas en Mega jornada m\u00e9dica-social - Alcaldia Alberto Adriani\",\"isPartOf\":{\"@id\":\"https:\/\/alcaldiaalbertoadriani.com\/#website\"},\"datePublished\":\"2022-08-03T23:00:09+00:00\",\"dateModified\":\"2022-08-03T23:00:19+00:00\",\"author\":{\"@id\":\"https:\/\/alcaldiaalbertoadriani.com\/#\/schema\/person\/549b4483ff8999ac780deeea78795fc9\"},\"breadcrumb\":{\"@id\":\"https:\/\/alcaldiaalbertoadriani.com\/?p=401#breadcrumb\"},\"inLanguage\":\"es\",\"potentialAction\":[{\"@type\":\"ReadAction\",\"target\":[\"https:\/\/alcaldiaalbertoadriani.com\/?p=401\"]}]},{\"@type\":\"BreadcrumbList\",\"@id\":\"https:\/\/alcaldiaalbertoadriani.com\/?p=401#breadcrumb\",\"itemListElement\":[{\"@type\":\"ListItem\",\"position\":1,\"name\":\"Portada\",\"item\":\"https:\/\/alcaldiaalbertoadriani.com\/\"},{\"@type\":\"ListItem\",\"position\":2,\"name\":\"Alcald\u00eda benefici\u00f3 a m\u00e1s de 2250 personas en Mega jornada m\u00e9dica-social\"}]},{\"@type\":\"WebSite\",\"@id\":\"https:\/\/alcaldiaalbertoadriani.com\/#website\",\"url\":\"https:\/\/alcaldiaalbertoadriani.com\/\",\"name\":\"Alcaldia Alberto Adriani\",\"description\":\"\",\"potentialAction\":[{\"@type\":\"SearchAction\",\"target\":{\"@type\":\"EntryPoint\",\"urlTemplate\":\"https:\/\/alcaldiaalbertoadriani.com\/?s={search_term_string}\"},\"query-input\":\"required name=search_term_string\"}],\"inLanguage\":\"es\"},{\"@type\":\"Person\",\"@id\":\"https:\/\/alcaldiaalbertoadriani.com\/#\/schema\/person\/549b4483ff8999ac780deeea78795fc9\",\"name\":\"Prensa\",\"image\":{\"@type\":\"ImageObject\",\"inLanguage\":\"es\",\"@id\":\"https:\/\/alcaldiaalbertoadriani.com\/#\/schema\/person\/image\/\",\"url\":\"https:\/\/secure.gravatar.com\/avatar\/ea1cb567ea992a29627f4eee1c2eb185ec16decec6342d508fdf18dedb56c9de?s=96&d=mm&r=g\",\"contentUrl\":\"https:\/\/secure.gravatar.com\/avatar\/ea1cb567ea992a29627f4eee1c2eb185ec16decec6342d508fdf18dedb56c9de?s=96&d=mm&r=g\",\"caption\":\"Prensa\"},\"url\":\"https:\/\/alcaldiaalbertoadriani.com\/?author=2\"}]}<\/script>\n<!-- \/ Yoast SEO plugin. -->","yoast_head_json":{"title":"Alcald\u00eda benefici\u00f3 a m\u00e1s de 2250 personas en Mega jornada m\u00e9dica-social - Alcaldia Alberto Adriani","robots":{"index":"index","follow":"follow","max-snippet":"max-snippet:-1","max-image-preview":"max-image-preview:large","max-video-preview":"max-video-preview:-1"},"canonical":"https:\/\/alcaldiaalbertoadriani.com\/?p=401","og_locale":"es_ES","og_type":"article","og_title":"Alcald\u00eda benefici\u00f3 a m\u00e1s de 2250 personas en Mega jornada m\u00e9dica-social - Alcaldia Alberto Adriani","og_description":"***Con las megas jornadas se atendieron con desparasitaci\u00f3n a 579 personas; 133 pacientes por optometr\u00eda, de los cuales se donaron 89 lentes; medicina general atendi\u00f3 a 382 personas; 137 ni\u00f1os [&hellip;]","og_url":"https:\/\/alcaldiaalbertoadriani.com\/?p=401","og_site_name":"Alcaldia Alberto Adriani","article_published_time":"2022-08-03T23:00:09+00:00","article_modified_time":"2022-08-03T23:00:19+00:00","og_image":[{"width":1280,"height":591,"url":"https:\/\/alcaldiaalbertoadriani.com\/wp-content\/uploads\/2022\/08\/photo_2022-07-30_13-25-29.jpg","type":"image\/jpeg"}],"author":"Prensa","twitter_card":"summary_large_image","twitter_misc":{"Escrito por":"Prensa","Tiempo de lectura":"3 minutos"},"schema":{"@context":"https:\/\/schema.org","@graph":[{"@type":"WebPage","@id":"https:\/\/alcaldiaalbertoadriani.com\/?p=401","url":"https:\/\/alcaldiaalbertoadriani.com\/?p=401","name":"Alcald\u00eda benefici\u00f3 a m\u00e1s de 2250 personas en Mega jornada m\u00e9dica-social - Alcaldia Alberto Adriani","isPartOf":{"@id":"https:\/\/alcaldiaalbertoadriani.com\/#website"},"datePublished":"2022-08-03T23:00:09+00:00","dateModified":"2022-08-03T23:00:19+00:00","author":{"@id":"https:\/\/alcaldiaalbertoadriani.com\/#\/schema\/person\/549b4483ff8999ac780deeea78795fc9"},"breadcrumb":{"@id":"https:\/\/alcaldiaalbertoadriani.com\/?p=401#breadcrumb"},"inLanguage":"es","potentialAction":[{"@type":"ReadAction","target":["https:\/\/alcaldiaalbertoadriani.com\/?p=401"]}]},{"@type":"BreadcrumbList","@id":"https:\/\/alcaldiaalbertoadriani.com\/?p=401#breadcrumb","itemListElement":[{"@type":"ListItem","position":1,"name":"Portada","item":"https:\/\/alcaldiaalbertoadriani.com\/"},{"@type":"ListItem","position":2,"name":"Alcald\u00eda benefici\u00f3 a m\u00e1s de 2250 personas en Mega jornada m\u00e9dica-social"}]},{"@type":"WebSite","@id":"https:\/\/alcaldiaalbertoadriani.com\/#website","url":"https:\/\/alcaldiaalbertoadriani.com\/","name":"Alcaldia Alberto Adriani","description":"","potentialAction":[{"@type":"SearchAction","target":{"@type":"EntryPoint","urlTemplate":"https:\/\/alcaldiaalbertoadriani.com\/?s={search_term_string}"},"query-input":"required name=search_term_string"}],"inLanguage":"es"},{"@type":"Person","@id":"https:\/\/alcaldiaalbertoadriani.com\/#\/schema\/person\/549b4483ff8999ac780deeea78795fc9","name":"Prensa","image":{"@type":"ImageObject","inLanguage":"es","@id":"https:\/\/alcaldiaalbertoadriani.com\/#\/schema\/person\/image\/","url":"https:\/\/secure.gravatar.com\/avatar\/ea1cb567ea992a29627f4eee1c2eb185ec16decec6342d508fdf18dedb56c9de?s=96&d=mm&r=g","contentUrl":"https:\/\/secure.gravatar.com\/avatar\/ea1cb567ea992a29627f4eee1c2eb185ec16decec6342d508fdf18dedb56c9de?s=96&d=mm&r=g","caption":"Prensa"},"url":"https:\/\/alcaldiaalbertoadriani.com\/?author=2"}]}},"_links":{"self":[{"href":"https:\/\/alcaldiaalbertoadriani.com\/index.php?rest_route=\/wp\/v2\/posts\/401","targetHints":{"allow":["GET"]}}],"collection":[{"href":"https:\/\/alcaldiaalbertoadriani.com\/index.php?rest_route=\/wp\/v2\/posts"}],"about":[{"href":"https:\/\/alcaldiaalbertoadriani.com\/index.php?rest_route=\/wp\/v2\/types\/post"}],"author":[{"embeddable":true,"href":"https:\/\/alcaldiaalbertoadriani.com\/index.php?rest_route=\/wp\/v2\/users\/2"}],"replies":[{"embeddable":true,"href":"https:\/\/alcaldiaalbertoadriani.com\/index.php?rest_route=%2Fwp%2Fv2%2Fcomments&post=401"}],"version-history":[{"count":1,"href":"https:\/\/alcaldiaalbertoadriani.com\/index.php?rest_route=\/wp\/v2\/posts\/401\/revisions"}],"predecessor-version":[{"id":413,"href":"https:\/\/alcaldiaalbertoadriani.com\/index.php?rest_route=\/wp\/v2\/posts\/401\/revisions\/413"}],"wp:featuredmedia":[{"embeddable":true,"href":"https:\/\/alcaldiaalbertoadriani.com\/index.php?rest_route=\/wp\/v2\/media\/403"}],"wp:attachment":[{"href":"https:\/\/alcaldiaalbertoadriani.com\/index.php?rest_route=%2Fwp%2Fv2%2Fmedia&parent=401"}],"wp:term":[{"taxonomy":"category","embeddable":true,"href":"https:\/\/alcaldiaalbertoadriani.com\/index.php?rest_route=%2Fwp%2Fv2%2Fcategories&post=401"},{"taxonomy":"post_tag","embeddable":true,"href":"https:\/\/alcaldiaalbertoadriani.com\/index.php?rest_route=%2Fwp%2Fv2%2Ftags&post=401"}],"curies":[{"name":"wp","href":"https:\/\/api.w.org\/{rel}","templated":true}]}}