{"id":3939,"date":"2023-09-27T20:12:42","date_gmt":"2023-09-27T20:12:42","guid":{"rendered":"https:\/\/alcaldiaalbertoadriani.com\/?p=3939"},"modified":"2023-09-27T20:12:47","modified_gmt":"2023-09-27T20:12:47","slug":"lisandro-segura-material-construccion-escuela","status":"publish","type":"post","link":"https:\/\/alcaldiaalbertoadriani.com\/?p=3939","title":{"rendered":"Lisandro Segura entreg\u00f3 material para la construcci\u00f3n de Escuela Municipal en Ca\u00f1o Balza"},"content":{"rendered":"<div class=\"wp-block-post-excerpt\"><p class=\"wp-block-post-excerpt__excerpt\">La solicitud de la obra surgi\u00f3 de la comunidad durante el diagn\u00f3stico para el presupuesto participativo 2022 <\/p><\/div>\n\n\n<p>Tal y como estaba planificado el <a href=\"https:\/\/twitter.com\/lisandrosegura\" target=\"_blank\" rel=\"noreferrer noopener\">alcalde Lisandro Segura<\/a> entreg\u00f3 este martes material a la comunidad de Ca\u00f1o Balza, parroquia H\u00e9ctor Amable Mora, para la construcci\u00f3n de una escuela municipal del referido lugar.<\/p>\n\n\n\n<h2 class=\"wp-block-heading\">Lisandro Segura entreg\u00f3 material para construcci\u00f3n<\/h2>\n\n\n\n<p>En la entrega le acompa\u00f1aron el presidente de la C\u00e1mara Municipal, Rodolfo Molina y el director General de la <a href=\"https:\/\/twitter.com\/alcaldiaaa\" target=\"_blank\" rel=\"noreferrer noopener\">alcald\u00eda<\/a>, Alfredo Mendoza.<\/p>\n\n\n\n<p>Expres\u00f3 el <a href=\"https:\/\/twitter.com\/lisandrosegura\" target=\"_blank\" rel=\"noreferrer noopener\">alcalde<\/a> que hizo entrega al consejo comunal de Ca\u00f1o Balza, \u201cparte de los materiales para iniciar la construcci\u00f3n de la escuela de esta comunidad, en donde residen aproximadamente 350 familias, pues la educaci\u00f3n es una prioridad para el Gobierno municipal. De esta manera cumplimos el compromiso asumido y avanzamos en la construcci\u00f3n del municipio que nos merecemos&#8221;, se\u00f1al\u00f3.<\/p>\n\n\n\n<p>Vale destacar que la solicitud de construcci\u00f3n de la escuela surgi\u00f3 de la misma comunidad de Ca\u00f1o Balza durante el diagn\u00f3stico para el presupuesto participativo 2022, por lo cual, la gesti\u00f3n municipal honra el compromiso para el inicio de la obra que se ejecutar\u00e1 mediante el Plan de Inversi\u00f3n 2023.<\/p>\n\n\n\n<p>Entre los materiales entregados se encuentran mil 515 bloques vibrados de 10; treinta tubos rectangulares de 2&#215;1 calibre 1.5; siete tubos rectangulares de 80&#215;40 calibre 3.0; siete tubos cuadrados 100&#215;100 calibre 3.0; veinticinco cabillas de 12 mil\u00edmetros y 41 cabillas de 10 mil\u00edmetros.<\/p>\n\n\n\n<figure class=\"wp-block-image size-large\"><img loading=\"lazy\" decoding=\"async\" width=\"1024\" height=\"768\" src=\"https:\/\/alcaldiaalbertoadriani.com\/wp-content\/uploads\/2023\/09\/photo_4942724497283329045_y-1024x768.jpg\" alt=\"\" class=\"wp-image-3941\" srcset=\"https:\/\/alcaldiaalbertoadriani.com\/wp-content\/uploads\/2023\/09\/photo_4942724497283329045_y-1024x768.jpg 1024w, https:\/\/alcaldiaalbertoadriani.com\/wp-content\/uploads\/2023\/09\/photo_4942724497283329045_y-980x735.jpg 980w, https:\/\/alcaldiaalbertoadriani.com\/wp-content\/uploads\/2023\/09\/photo_4942724497283329045_y-480x360.jpg 480w\" sizes=\"auto, (min-width: 0px) and (max-width: 480px) 480px, (min-width: 481px) and (max-width: 980px) 980px, (min-width: 981px) 1024px, 100vw\" \/><\/figure>\n\n\n\n<!--more-->\n\n\n\n<h2 class=\"wp-block-heading\">&#8220;Era necesaria la escuela municipal en nuestra comunidad&#8221;<\/h2>\n\n\n\n<p>Yureima Herrera, representante financiera del consejo comunal de Ca\u00f1o Balza, agradeci\u00f3 \u201cprimeramente a Dios y al <a href=\"https:\/\/twitter.com\/lisandrosegura\" target=\"_blank\" rel=\"noreferrer noopener\">alcalde Lisandro Segura<\/a> por hacerse presente hoy y entregar el material para la construcci\u00f3n de la escuela, pues nos hac\u00eda mucha, falta porque hay bastantes ni\u00f1os que se trasladan hacia la Panamericana a estudiar y es algo riesgoso para ellos\u201d, expres\u00f3.<\/p>\n\n\n\n<p>Cabe acotar que, la construcci\u00f3n de la escuela municipal en Ca\u00f1o Balza, representar\u00e1 un avance importante para garantizar el derecho a la educaci\u00f3n de los ni\u00f1os de dicho sector. <strong>Prensa <a href=\"https:\/\/twitter.com\/alcaldiaaa\" target=\"_blank\" rel=\"noreferrer noopener\">Alcald\u00eda Alberto Adriani<\/a>\/ Claribel Zambrano CNP: 11.843\/ Fotos: Emmanuel M\u00e9ndez.<\/strong><\/p>\n\n\n\n<figure class=\"wp-block-gallery has-nested-images columns-default is-cropped wp-block-gallery-1 is-layout-flex wp-block-gallery-is-layout-flex\">\n<figure class=\"wp-block-image size-large\"><img loading=\"lazy\" decoding=\"async\" width=\"1024\" height=\"768\" data-id=\"3949\" src=\"https:\/\/alcaldiaalbertoadriani.com\/wp-content\/uploads\/2023\/09\/photo_4942724497283329062_y-1024x768.jpg\" alt=\"\" class=\"wp-image-3949\" srcset=\"https:\/\/alcaldiaalbertoadriani.com\/wp-content\/uploads\/2023\/09\/photo_4942724497283329062_y-1024x768.jpg 1024w, https:\/\/alcaldiaalbertoadriani.com\/wp-content\/uploads\/2023\/09\/photo_4942724497283329062_y-980x735.jpg 980w, https:\/\/alcaldiaalbertoadriani.com\/wp-content\/uploads\/2023\/09\/photo_4942724497283329062_y-480x360.jpg 480w\" sizes=\"auto, (min-width: 0px) and (max-width: 480px) 480px, (min-width: 481px) and (max-width: 980px) 980px, (min-width: 981px) 1024px, 100vw\" \/><\/figure>\n\n\n\n<figure class=\"wp-block-image size-large\"><img loading=\"lazy\" decoding=\"async\" width=\"1024\" height=\"768\" data-id=\"3942\" src=\"https:\/\/alcaldiaalbertoadriani.com\/wp-content\/uploads\/2023\/09\/photo_4942724497283329076_y-1024x768.jpg\" alt=\"\" class=\"wp-image-3942\" srcset=\"https:\/\/alcaldiaalbertoadriani.com\/wp-content\/uploads\/2023\/09\/photo_4942724497283329076_y-1024x768.jpg 1024w, https:\/\/alcaldiaalbertoadriani.com\/wp-content\/uploads\/2023\/09\/photo_4942724497283329076_y-980x735.jpg 980w, https:\/\/alcaldiaalbertoadriani.com\/wp-content\/uploads\/2023\/09\/photo_4942724497283329076_y-480x360.jpg 480w\" sizes=\"auto, (min-width: 0px) and (max-width: 480px) 480px, (min-width: 481px) and (max-width: 980px) 980px, (min-width: 981px) 1024px, 100vw\" \/><\/figure>\n\n\n\n<figure class=\"wp-block-image size-large\"><img loading=\"lazy\" decoding=\"async\" width=\"1024\" height=\"768\" data-id=\"3943\" src=\"https:\/\/alcaldiaalbertoadriani.com\/wp-content\/uploads\/2023\/09\/photo_4942724497283329084_y-1024x768.jpg\" alt=\"\" class=\"wp-image-3943\" srcset=\"https:\/\/alcaldiaalbertoadriani.com\/wp-content\/uploads\/2023\/09\/photo_4942724497283329084_y-1024x768.jpg 1024w, https:\/\/alcaldiaalbertoadriani.com\/wp-content\/uploads\/2023\/09\/photo_4942724497283329084_y-980x735.jpg 980w, https:\/\/alcaldiaalbertoadriani.com\/wp-content\/uploads\/2023\/09\/photo_4942724497283329084_y-480x360.jpg 480w\" sizes=\"auto, (min-width: 0px) and (max-width: 480px) 480px, (min-width: 481px) and (max-width: 980px) 980px, (min-width: 981px) 1024px, 100vw\" \/><\/figure>\n\n\n\n<figure class=\"wp-block-image size-large\"><img loading=\"lazy\" decoding=\"async\" width=\"1024\" height=\"768\" data-id=\"3948\" src=\"https:\/\/alcaldiaalbertoadriani.com\/wp-content\/uploads\/2023\/09\/photo_4942724497283329096_y-1024x768.jpg\" alt=\"\" class=\"wp-image-3948\" srcset=\"https:\/\/alcaldiaalbertoadriani.com\/wp-content\/uploads\/2023\/09\/photo_4942724497283329096_y-1024x768.jpg 1024w, https:\/\/alcaldiaalbertoadriani.com\/wp-content\/uploads\/2023\/09\/photo_4942724497283329096_y-980x735.jpg 980w, https:\/\/alcaldiaalbertoadriani.com\/wp-content\/uploads\/2023\/09\/photo_4942724497283329096_y-480x360.jpg 480w\" sizes=\"auto, (min-width: 0px) and (max-width: 480px) 480px, (min-width: 481px) and (max-width: 980px) 980px, (min-width: 981px) 1024px, 100vw\" \/><\/figure>\n\n\n\n<figure class=\"wp-block-image size-large\"><img loading=\"lazy\" decoding=\"async\" width=\"1024\" height=\"768\" data-id=\"3944\" src=\"https:\/\/alcaldiaalbertoadriani.com\/wp-content\/uploads\/2023\/09\/photo_4942724497283329098_y-1024x768.jpg\" alt=\"\" class=\"wp-image-3944\" srcset=\"https:\/\/alcaldiaalbertoadriani.com\/wp-content\/uploads\/2023\/09\/photo_4942724497283329098_y-1024x768.jpg 1024w, https:\/\/alcaldiaalbertoadriani.com\/wp-content\/uploads\/2023\/09\/photo_4942724497283329098_y-980x735.jpg 980w, https:\/\/alcaldiaalbertoadriani.com\/wp-content\/uploads\/2023\/09\/photo_4942724497283329098_y-480x360.jpg 480w\" sizes=\"auto, (min-width: 0px) and (max-width: 480px) 480px, (min-width: 481px) and (max-width: 980px) 980px, (min-width: 981px) 1024px, 100vw\" \/><\/figure>\n\n\n\n<figure class=\"wp-block-image size-large\"><img loading=\"lazy\" decoding=\"async\" width=\"1024\" height=\"768\" data-id=\"3945\" src=\"https:\/\/alcaldiaalbertoadriani.com\/wp-content\/uploads\/2023\/09\/photo_4942724497283329105_y-1024x768.jpg\" alt=\"\" class=\"wp-image-3945\" srcset=\"https:\/\/alcaldiaalbertoadriani.com\/wp-content\/uploads\/2023\/09\/photo_4942724497283329105_y-1024x768.jpg 1024w, https:\/\/alcaldiaalbertoadriani.com\/wp-content\/uploads\/2023\/09\/photo_4942724497283329105_y-980x735.jpg 980w, https:\/\/alcaldiaalbertoadriani.com\/wp-content\/uploads\/2023\/09\/photo_4942724497283329105_y-480x360.jpg 480w\" sizes=\"auto, (min-width: 0px) and (max-width: 480px) 480px, (min-width: 481px) and (max-width: 980px) 980px, (min-width: 981px) 1024px, 100vw\" \/><\/figure>\n\n\n\n<figure class=\"wp-block-image size-large\"><img loading=\"lazy\" decoding=\"async\" width=\"1024\" height=\"768\" data-id=\"3947\" src=\"https:\/\/alcaldiaalbertoadriani.com\/wp-content\/uploads\/2023\/09\/photo_4942724497283329106_y-1024x768.jpg\" alt=\"\" class=\"wp-image-3947\" srcset=\"https:\/\/alcaldiaalbertoadriani.com\/wp-content\/uploads\/2023\/09\/photo_4942724497283329106_y-1024x768.jpg 1024w, https:\/\/alcaldiaalbertoadriani.com\/wp-content\/uploads\/2023\/09\/photo_4942724497283329106_y-980x735.jpg 980w, https:\/\/alcaldiaalbertoadriani.com\/wp-content\/uploads\/2023\/09\/photo_4942724497283329106_y-480x360.jpg 480w\" sizes=\"auto, (min-width: 0px) and (max-width: 480px) 480px, (min-width: 481px) and (max-width: 980px) 980px, (min-width: 981px) 1024px, 100vw\" \/><\/figure>\n\n\n\n<figure class=\"wp-block-image size-large\"><img loading=\"lazy\" decoding=\"async\" width=\"1024\" height=\"768\" data-id=\"3946\" src=\"https:\/\/alcaldiaalbertoadriani.com\/wp-content\/uploads\/2023\/09\/photo_4942724497283329109_y-1024x768.jpg\" alt=\"\" class=\"wp-image-3946\" srcset=\"https:\/\/alcaldiaalbertoadriani.com\/wp-content\/uploads\/2023\/09\/photo_4942724497283329109_y-1024x768.jpg 1024w, https:\/\/alcaldiaalbertoadriani.com\/wp-content\/uploads\/2023\/09\/photo_4942724497283329109_y-980x735.jpg 980w, https:\/\/alcaldiaalbertoadriani.com\/wp-content\/uploads\/2023\/09\/photo_4942724497283329109_y-480x360.jpg 480w\" sizes=\"auto, (min-width: 0px) and (max-width: 480px) 480px, (min-width: 481px) and (max-width: 980px) 980px, (min-width: 981px) 1024px, 100vw\" \/><\/figure>\n<\/figure>\n","protected":false},"excerpt":{"rendered":"<p><em><strong>La solicitud de la obra surgi\u00f3 de la comunidad durante el diagn\u00f3stico para el presupuesto participativo 2022<\/strong><\/em><\/p>\n","protected":false},"author":2,"featured_media":3940,"comment_status":"closed","ping_status":"closed","sticky":false,"template":"","format":"standard","meta":{"_et_pb_use_builder":"off","_et_pb_old_content":"","_et_gb_content_width":"","footnotes":""},"categories":[341,51,175,25],"tags":[31,11,12,15,30,29,28,518],"class_list":["post-3939","post","type-post","status-publish","format-standard","has-post-thumbnail","hentry","category-alcaldia-alberto-adriani","category-ayuda-social","category-gestion-municipal","category-nuestro-municipio","tag-alcalde","tag-alcaldia","tag-alcaldiaalbertoadriani","tag-elvigia","tag-lisandrosegura","tag-municipioquenosmerecemos","tag-porelrenacer","tag-lisandro-segura-material-construccion-escuela"],"yoast_head":"<!-- This site is optimized with the Yoast SEO plugin v19.13 - https:\/\/yoast.com\/wordpress\/plugins\/seo\/ -->\n<title>Lisandro Segura entreg\u00f3 material para la construcci\u00f3n de Escuela Municipal en Ca\u00f1o Balza - Alcaldia Alberto Adriani<\/title>\n<meta name=\"description\" content=\"Alcalde Lisandro Segura entreg\u00f3 material a la comunidad de Ca\u00f1o Balza para la construcci\u00f3n de una escuela municipal.\" \/>\n<meta name=\"robots\" content=\"index, follow, max-snippet:-1, max-image-preview:large, max-video-preview:-1\" \/>\n<link rel=\"canonical\" href=\"https:\/\/alcaldiaalbertoadriani.com\/?p=3939\" \/>\n<meta property=\"og:locale\" content=\"es_ES\" \/>\n<meta property=\"og:type\" content=\"article\" \/>\n<meta property=\"og:title\" content=\"Lisandro Segura entreg\u00f3 material para la construcci\u00f3n de Escuela Municipal en Ca\u00f1o Balza - Alcaldia Alberto Adriani\" \/>\n<meta property=\"og:description\" content=\"Alcalde Lisandro Segura entreg\u00f3 material a la comunidad de Ca\u00f1o Balza para la construcci\u00f3n de una escuela municipal.\" \/>\n<meta property=\"og:url\" content=\"https:\/\/alcaldiaalbertoadriani.com\/?p=3939\" \/>\n<meta property=\"og:site_name\" content=\"Alcaldia Alberto Adriani\" \/>\n<meta property=\"article:published_time\" content=\"2023-09-27T20:12:42+00:00\" \/>\n<meta property=\"article:modified_time\" content=\"2023-09-27T20:12:47+00:00\" \/>\n<meta property=\"og:image\" content=\"https:\/\/alcaldiaalbertoadriani.com\/wp-content\/uploads\/2023\/09\/photo_4942724497283329052_y.jpg\" \/>\n\t<meta property=\"og:image:width\" content=\"1280\" \/>\n\t<meta property=\"og:image:height\" content=\"562\" \/>\n\t<meta property=\"og:image:type\" content=\"image\/jpeg\" \/>\n<meta name=\"author\" content=\"Prensa\" \/>\n<meta name=\"twitter:card\" content=\"summary_large_image\" \/>\n<meta name=\"twitter:label1\" content=\"Escrito por\" \/>\n\t<meta name=\"twitter:data1\" content=\"Prensa\" \/>\n\t<meta name=\"twitter:label2\" content=\"Tiempo de lectura\" \/>\n\t<meta name=\"twitter:data2\" content=\"4 minutos\" \/>\n<script type=\"application\/ld+json\" class=\"yoast-schema-graph\">{\"@context\":\"https:\/\/schema.org\",\"@graph\":[{\"@type\":\"WebPage\",\"@id\":\"https:\/\/alcaldiaalbertoadriani.com\/?p=3939\",\"url\":\"https:\/\/alcaldiaalbertoadriani.com\/?p=3939\",\"name\":\"Lisandro Segura entreg\u00f3 material para la construcci\u00f3n de Escuela Municipal en Ca\u00f1o Balza - Alcaldia Alberto Adriani\",\"isPartOf\":{\"@id\":\"https:\/\/alcaldiaalbertoadriani.com\/#website\"},\"datePublished\":\"2023-09-27T20:12:42+00:00\",\"dateModified\":\"2023-09-27T20:12:47+00:00\",\"author\":{\"@id\":\"https:\/\/alcaldiaalbertoadriani.com\/#\/schema\/person\/549b4483ff8999ac780deeea78795fc9\"},\"description\":\"Alcalde Lisandro Segura entreg\u00f3 material a la comunidad de Ca\u00f1o Balza para la construcci\u00f3n de una escuela municipal.\",\"breadcrumb\":{\"@id\":\"https:\/\/alcaldiaalbertoadriani.com\/?p=3939#breadcrumb\"},\"inLanguage\":\"es\",\"potentialAction\":[{\"@type\":\"ReadAction\",\"target\":[\"https:\/\/alcaldiaalbertoadriani.com\/?p=3939\"]}]},{\"@type\":\"BreadcrumbList\",\"@id\":\"https:\/\/alcaldiaalbertoadriani.com\/?p=3939#breadcrumb\",\"itemListElement\":[{\"@type\":\"ListItem\",\"position\":1,\"name\":\"Portada\",\"item\":\"https:\/\/alcaldiaalbertoadriani.com\/\"},{\"@type\":\"ListItem\",\"position\":2,\"name\":\"Lisandro Segura entreg\u00f3 material para la construcci\u00f3n de Escuela Municipal en Ca\u00f1o Balza\"}]},{\"@type\":\"WebSite\",\"@id\":\"https:\/\/alcaldiaalbertoadriani.com\/#website\",\"url\":\"https:\/\/alcaldiaalbertoadriani.com\/\",\"name\":\"Alcaldia Alberto Adriani\",\"description\":\"\",\"potentialAction\":[{\"@type\":\"SearchAction\",\"target\":{\"@type\":\"EntryPoint\",\"urlTemplate\":\"https:\/\/alcaldiaalbertoadriani.com\/?s={search_term_string}\"},\"query-input\":\"required name=search_term_string\"}],\"inLanguage\":\"es\"},{\"@type\":\"Person\",\"@id\":\"https:\/\/alcaldiaalbertoadriani.com\/#\/schema\/person\/549b4483ff8999ac780deeea78795fc9\",\"name\":\"Prensa\",\"image\":{\"@type\":\"ImageObject\",\"inLanguage\":\"es\",\"@id\":\"https:\/\/alcaldiaalbertoadriani.com\/#\/schema\/person\/image\/\",\"url\":\"https:\/\/secure.gravatar.com\/avatar\/ea1cb567ea992a29627f4eee1c2eb185ec16decec6342d508fdf18dedb56c9de?s=96&d=mm&r=g\",\"contentUrl\":\"https:\/\/secure.gravatar.com\/avatar\/ea1cb567ea992a29627f4eee1c2eb185ec16decec6342d508fdf18dedb56c9de?s=96&d=mm&r=g\",\"caption\":\"Prensa\"},\"url\":\"https:\/\/alcaldiaalbertoadriani.com\/?author=2\"}]}<\/script>\n<!-- \/ Yoast SEO plugin. -->","yoast_head_json":{"title":"Lisandro Segura entreg\u00f3 material para la construcci\u00f3n de Escuela Municipal en Ca\u00f1o Balza - Alcaldia Alberto Adriani","description":"Alcalde Lisandro Segura entreg\u00f3 material a la comunidad de Ca\u00f1o Balza para la construcci\u00f3n de una escuela municipal.","robots":{"index":"index","follow":"follow","max-snippet":"max-snippet:-1","max-image-preview":"max-image-preview:large","max-video-preview":"max-video-preview:-1"},"canonical":"https:\/\/alcaldiaalbertoadriani.com\/?p=3939","og_locale":"es_ES","og_type":"article","og_title":"Lisandro Segura entreg\u00f3 material para la construcci\u00f3n de Escuela Municipal en Ca\u00f1o Balza - Alcaldia Alberto Adriani","og_description":"Alcalde Lisandro Segura entreg\u00f3 material a la comunidad de Ca\u00f1o Balza para la construcci\u00f3n de una escuela municipal.","og_url":"https:\/\/alcaldiaalbertoadriani.com\/?p=3939","og_site_name":"Alcaldia Alberto Adriani","article_published_time":"2023-09-27T20:12:42+00:00","article_modified_time":"2023-09-27T20:12:47+00:00","og_image":[{"width":1280,"height":562,"url":"https:\/\/alcaldiaalbertoadriani.com\/wp-content\/uploads\/2023\/09\/photo_4942724497283329052_y.jpg","type":"image\/jpeg"}],"author":"Prensa","twitter_card":"summary_large_image","twitter_misc":{"Escrito por":"Prensa","Tiempo de lectura":"4 minutos"},"schema":{"@context":"https:\/\/schema.org","@graph":[{"@type":"WebPage","@id":"https:\/\/alcaldiaalbertoadriani.com\/?p=3939","url":"https:\/\/alcaldiaalbertoadriani.com\/?p=3939","name":"Lisandro Segura entreg\u00f3 material para la construcci\u00f3n de Escuela Municipal en Ca\u00f1o Balza - Alcaldia Alberto Adriani","isPartOf":{"@id":"https:\/\/alcaldiaalbertoadriani.com\/#website"},"datePublished":"2023-09-27T20:12:42+00:00","dateModified":"2023-09-27T20:12:47+00:00","author":{"@id":"https:\/\/alcaldiaalbertoadriani.com\/#\/schema\/person\/549b4483ff8999ac780deeea78795fc9"},"description":"Alcalde Lisandro Segura entreg\u00f3 material a la comunidad de Ca\u00f1o Balza para la construcci\u00f3n de una escuela municipal.","breadcrumb":{"@id":"https:\/\/alcaldiaalbertoadriani.com\/?p=3939#breadcrumb"},"inLanguage":"es","potentialAction":[{"@type":"ReadAction","target":["https:\/\/alcaldiaalbertoadriani.com\/?p=3939"]}]},{"@type":"BreadcrumbList","@id":"https:\/\/alcaldiaalbertoadriani.com\/?p=3939#breadcrumb","itemListElement":[{"@type":"ListItem","position":1,"name":"Portada","item":"https:\/\/alcaldiaalbertoadriani.com\/"},{"@type":"ListItem","position":2,"name":"Lisandro Segura entreg\u00f3 material para la construcci\u00f3n de Escuela Municipal en Ca\u00f1o Balza"}]},{"@type":"WebSite","@id":"https:\/\/alcaldiaalbertoadriani.com\/#website","url":"https:\/\/alcaldiaalbertoadriani.com\/","name":"Alcaldia Alberto Adriani","description":"","potentialAction":[{"@type":"SearchAction","target":{"@type":"EntryPoint","urlTemplate":"https:\/\/alcaldiaalbertoadriani.com\/?s={search_term_string}"},"query-input":"required name=search_term_string"}],"inLanguage":"es"},{"@type":"Person","@id":"https:\/\/alcaldiaalbertoadriani.com\/#\/schema\/person\/549b4483ff8999ac780deeea78795fc9","name":"Prensa","image":{"@type":"ImageObject","inLanguage":"es","@id":"https:\/\/alcaldiaalbertoadriani.com\/#\/schema\/person\/image\/","url":"https:\/\/secure.gravatar.com\/avatar\/ea1cb567ea992a29627f4eee1c2eb185ec16decec6342d508fdf18dedb56c9de?s=96&d=mm&r=g","contentUrl":"https:\/\/secure.gravatar.com\/avatar\/ea1cb567ea992a29627f4eee1c2eb185ec16decec6342d508fdf18dedb56c9de?s=96&d=mm&r=g","caption":"Prensa"},"url":"https:\/\/alcaldiaalbertoadriani.com\/?author=2"}]}},"_links":{"self":[{"href":"https:\/\/alcaldiaalbertoadriani.com\/index.php?rest_route=\/wp\/v2\/posts\/3939","targetHints":{"allow":["GET"]}}],"collection":[{"href":"https:\/\/alcaldiaalbertoadriani.com\/index.php?rest_route=\/wp\/v2\/posts"}],"about":[{"href":"https:\/\/alcaldiaalbertoadriani.com\/index.php?rest_route=\/wp\/v2\/types\/post"}],"author":[{"embeddable":true,"href":"https:\/\/alcaldiaalbertoadriani.com\/index.php?rest_route=\/wp\/v2\/users\/2"}],"replies":[{"embeddable":true,"href":"https:\/\/alcaldiaalbertoadriani.com\/index.php?rest_route=%2Fwp%2Fv2%2Fcomments&post=3939"}],"version-history":[{"count":1,"href":"https:\/\/alcaldiaalbertoadriani.com\/index.php?rest_route=\/wp\/v2\/posts\/3939\/revisions"}],"predecessor-version":[{"id":3950,"href":"https:\/\/alcaldiaalbertoadriani.com\/index.php?rest_route=\/wp\/v2\/posts\/3939\/revisions\/3950"}],"wp:featuredmedia":[{"embeddable":true,"href":"https:\/\/alcaldiaalbertoadriani.com\/index.php?rest_route=\/wp\/v2\/media\/3940"}],"wp:attachment":[{"href":"https:\/\/alcaldiaalbertoadriani.com\/index.php?rest_route=%2Fwp%2Fv2%2Fmedia&parent=3939"}],"wp:term":[{"taxonomy":"category","embeddable":true,"href":"https:\/\/alcaldiaalbertoadriani.com\/index.php?rest_route=%2Fwp%2Fv2%2Fcategories&post=3939"},{"taxonomy":"post_tag","embeddable":true,"href":"https:\/\/alcaldiaalbertoadriani.com\/index.php?rest_route=%2Fwp%2Fv2%2Ftags&post=3939"}],"curies":[{"name":"wp","href":"https:\/\/api.w.org\/{rel}","templated":true}]}}