{"id":3916,"date":"2023-09-26T22:22:54","date_gmt":"2023-09-26T22:22:54","guid":{"rendered":"https:\/\/alcaldiaalbertoadriani.com\/?p=3916"},"modified":"2023-09-26T22:23:02","modified_gmt":"2023-09-26T22:23:02","slug":"alcaldia-optimiza-recoleccion-desechos-solidos","status":"publish","type":"post","link":"https:\/\/alcaldiaalbertoadriani.com\/?p=3916","title":{"rendered":"Alcald\u00eda vig\u00edense optimiza recolecci\u00f3n de desechos s\u00f3lidos en el municipio"},"content":{"rendered":"<div class=\"wp-block-post-excerpt\"><p class=\"wp-block-post-excerpt__excerpt\">Los tres camiones recolectores fueron rehabilitados con recursos correspondientes al municipio a trav\u00e9s del Fondo de Compensaci\u00f3n Interterritorial <\/p><\/div>\n\n\n<p>La <a href=\"https:\/\/www.instagram.com\/alcaldia_aa\/\" target=\"_blank\" rel=\"noreferrer noopener\">Alcald\u00eda de Alberto Adriani<\/a> optimiza <a href=\"https:\/\/alcaldiaalbertoadriani.com\/?p=2602\" target=\"_blank\" rel=\"noreferrer noopener\">la recolecci\u00f3n de desechos s\u00f3lidos en el municipio<\/a>, luego de la incorporaci\u00f3n de tres camiones a la flota de recolectores de basura, que fueron rehabilitados a trav\u00e9s del Fondo de Compensaci\u00f3n Interterritorial (FCI).<\/p>\n\n\n\n<h2 class=\"wp-block-heading\">Alcald\u00eda optimiza recolecci\u00f3n desechos s\u00f3lidos<\/h2>\n\n\n\n<p>La informaci\u00f3n la suministr\u00f3 Leomar Vivas, coordinador del <a href=\"https:\/\/alcaldiaalbertoadriani.com\/?p=2602\" target=\"_blank\" rel=\"noreferrer noopener\">Aseo Urbano de la gerencia de Servicios P\u00fablicos<\/a>, quien se\u00f1al\u00f3 que \u201cdesde que se incorporaron los tres camiones recuperados gracias a la gesti\u00f3n del alcalde Lisandro Segura, se ha incrementado considerablemente la recolecci\u00f3n de la basura a lo largo y ancho del municipio, en las diversas parroquias\u201d.<\/p>\n\n\n\n<p>Explic\u00f3 que, \u201cantes de la inclusi\u00f3n de los camiones nuevos, se recolectaban aproximadamente 24.680 kg de desechos s\u00f3lidos por d\u00eda, y con la incorporaci\u00f3n del cami\u00f3n compactador Kodiak y los 2 volteos se aument\u00f3 a 39.720 kg por d\u00eda, &#8220;es decir m\u00e1s de 15 toneladas\u201d, destac\u00f3 Vivas.<\/p>\n\n\n\n<figure class=\"wp-block-image size-large\"><img loading=\"lazy\" decoding=\"async\" width=\"1024\" height=\"771\" src=\"https:\/\/alcaldiaalbertoadriani.com\/wp-content\/uploads\/2023\/09\/photo_4942724497283329021_y-1-1024x771.jpg\" alt=\"\" class=\"wp-image-3919\" srcset=\"https:\/\/alcaldiaalbertoadriani.com\/wp-content\/uploads\/2023\/09\/photo_4942724497283329021_y-1-1024x771.jpg 1024w, https:\/\/alcaldiaalbertoadriani.com\/wp-content\/uploads\/2023\/09\/photo_4942724497283329021_y-1-980x738.jpg 980w, https:\/\/alcaldiaalbertoadriani.com\/wp-content\/uploads\/2023\/09\/photo_4942724497283329021_y-1-480x362.jpg 480w\" sizes=\"auto, (min-width: 0px) and (max-width: 480px) 480px, (min-width: 481px) and (max-width: 980px) 980px, (min-width: 981px) 1024px, 100vw\" \/><\/figure>\n\n\n\n<!--more-->\n\n\n\n<h2 class=\"wp-block-heading\">Tres rutas diarias<\/h2>\n\n\n\n<p>El funcionario detall\u00f3 que est\u00e1n cumpliendo con 3 rutas diarias, debido a que tienen que hacer el recorrido por el Kil\u00f3metro 35. \u201cLos volteos recorren una ruta diaria cada uno, y el compactador Kodiak est\u00e1 haciendo dos rutas diarias, en la ma\u00f1ana y la nocturna que comprende las avenidas principales de la ciudad, el centro y los dos hospitales tanto el Hugo Ch\u00e1vez como el Hospital II El Vig\u00eda, de esta manera se avanza en <a href=\"https:\/\/alcaldiaalbertoadriani.com\/?p=3450\">la recolecci\u00f3n de los desechos s\u00f3lidos<\/a>\u201d, precis\u00f3.<\/p>\n\n\n\n<p>Sin embargo, \u201cesperamos que con la apertura del paso provisional por el puente Onia, se pueda cumplir con una ruta m\u00e1s para cada uno de los recolectores\u201d, lo que mejorar\u00eda sustancialmente el servicio de aseo urbano.<\/p>\n\n\n\n<p>Los tres camiones rehabilitados por el FCI gracias a la gesti\u00f3n del <a href=\"https:\/\/www.instagram.com\/lisandrosegura02\/\" target=\"_blank\" rel=\"noreferrer noopener\">alcalde Lisandro Segura<\/a>, est\u00e1n trabajando efectivamente, lo que ha significado un paso importante en la optimizaci\u00f3n del mencionado servicio p\u00fablico, pues ha permitido aumentar la cantidad de desechos recolectados. <strong>Prensa Alcald\u00eda Alberto Adriani\/ Claribel Zambrano CNP: 11.843\/Fotos: Catalina Contreras.<\/strong><\/p>\n\n\n\n<figure class=\"wp-block-gallery has-nested-images columns-default is-cropped wp-block-gallery-1 is-layout-flex wp-block-gallery-is-layout-flex\">\n<figure class=\"wp-block-image size-large\"><img loading=\"lazy\" decoding=\"async\" width=\"1024\" height=\"771\" data-id=\"3923\" src=\"https:\/\/alcaldiaalbertoadriani.com\/wp-content\/uploads\/2023\/09\/photo_4942907381285760104_y-1024x771.jpg\" alt=\"\" class=\"wp-image-3923\" srcset=\"https:\/\/alcaldiaalbertoadriani.com\/wp-content\/uploads\/2023\/09\/photo_4942907381285760104_y-1024x771.jpg 1024w, https:\/\/alcaldiaalbertoadriani.com\/wp-content\/uploads\/2023\/09\/photo_4942907381285760104_y-980x738.jpg 980w, https:\/\/alcaldiaalbertoadriani.com\/wp-content\/uploads\/2023\/09\/photo_4942907381285760104_y-480x362.jpg 480w\" sizes=\"auto, (min-width: 0px) and (max-width: 480px) 480px, (min-width: 481px) and (max-width: 980px) 980px, (min-width: 981px) 1024px, 100vw\" \/><\/figure>\n\n\n\n<figure class=\"wp-block-image size-large\"><img loading=\"lazy\" decoding=\"async\" width=\"1024\" height=\"768\" data-id=\"3922\" src=\"https:\/\/alcaldiaalbertoadriani.com\/wp-content\/uploads\/2023\/09\/photo_4942907381285760105_y-1024x768.jpg\" alt=\"\" class=\"wp-image-3922\" srcset=\"https:\/\/alcaldiaalbertoadriani.com\/wp-content\/uploads\/2023\/09\/photo_4942907381285760105_y-1024x768.jpg 1024w, https:\/\/alcaldiaalbertoadriani.com\/wp-content\/uploads\/2023\/09\/photo_4942907381285760105_y-980x735.jpg 980w, https:\/\/alcaldiaalbertoadriani.com\/wp-content\/uploads\/2023\/09\/photo_4942907381285760105_y-480x360.jpg 480w\" sizes=\"auto, (min-width: 0px) and (max-width: 480px) 480px, (min-width: 481px) and (max-width: 980px) 980px, (min-width: 981px) 1024px, 100vw\" \/><\/figure>\n\n\n\n<figure class=\"wp-block-image size-large\"><img loading=\"lazy\" decoding=\"async\" width=\"1024\" height=\"576\" data-id=\"3921\" src=\"https:\/\/alcaldiaalbertoadriani.com\/wp-content\/uploads\/2023\/09\/photo_5148170761784109979_y-1024x576.jpg\" alt=\"\" class=\"wp-image-3921\" srcset=\"https:\/\/alcaldiaalbertoadriani.com\/wp-content\/uploads\/2023\/09\/photo_5148170761784109979_y-1024x576.jpg 1024w, https:\/\/alcaldiaalbertoadriani.com\/wp-content\/uploads\/2023\/09\/photo_5148170761784109979_y-980x551.jpg 980w, https:\/\/alcaldiaalbertoadriani.com\/wp-content\/uploads\/2023\/09\/photo_5148170761784109979_y-480x270.jpg 480w\" sizes=\"auto, (min-width: 0px) and (max-width: 480px) 480px, (min-width: 481px) and (max-width: 980px) 980px, (min-width: 981px) 1024px, 100vw\" \/><\/figure>\n\n\n\n<figure class=\"wp-block-image size-large\"><img loading=\"lazy\" decoding=\"async\" width=\"1024\" height=\"771\" data-id=\"3920\" src=\"https:\/\/alcaldiaalbertoadriani.com\/wp-content\/uploads\/2023\/09\/photo_5148170761784109989_y-1024x771.jpg\" alt=\"\" class=\"wp-image-3920\" srcset=\"https:\/\/alcaldiaalbertoadriani.com\/wp-content\/uploads\/2023\/09\/photo_5148170761784109989_y-1024x771.jpg 1024w, https:\/\/alcaldiaalbertoadriani.com\/wp-content\/uploads\/2023\/09\/photo_5148170761784109989_y-980x738.jpg 980w, https:\/\/alcaldiaalbertoadriani.com\/wp-content\/uploads\/2023\/09\/photo_5148170761784109989_y-480x362.jpg 480w\" sizes=\"auto, (min-width: 0px) and (max-width: 480px) 480px, (min-width: 481px) and (max-width: 980px) 980px, (min-width: 981px) 1024px, 100vw\" \/><\/figure>\n<\/figure>\n","protected":false},"excerpt":{"rendered":"<p><strong><em>Los tres camiones recolectores fueron rehabilitados con recursos correspondientes al municipio a trav\u00e9s del Fondo de Compensaci\u00f3n Interterritorial<\/em><\/strong><\/p>\n","protected":false},"author":2,"featured_media":3917,"comment_status":"closed","ping_status":"closed","sticky":false,"template":"","format":"standard","meta":{"_et_pb_use_builder":"off","_et_pb_old_content":"","_et_gb_content_width":"","footnotes":""},"categories":[341,300,34,25,24],"tags":[31,11,12,15,30,29,28],"class_list":["post-3916","post","type-post","status-publish","format-standard","has-post-thumbnail","hentry","category-alcaldia-alberto-adriani","category-aseo","category-gerencia-de-servicios-publicos-municipales","category-nuestro-municipio","category-recuperacion-de-espacios","tag-alcalde","tag-alcaldia","tag-alcaldiaalbertoadriani","tag-elvigia","tag-lisandrosegura","tag-municipioquenosmerecemos","tag-porelrenacer"],"yoast_head":"<!-- This site is optimized with the Yoast SEO plugin v19.13 - https:\/\/yoast.com\/wordpress\/plugins\/seo\/ -->\n<title>Alcald\u00eda vig\u00edense optimiza recolecci\u00f3n de desechos s\u00f3lidos en el municipio - Alcaldia Alberto Adriani<\/title>\n<meta name=\"description\" content=\"La Alcald\u00eda de Alberto Adriani optimiza la recolecci\u00f3n de desechos s\u00f3lidos en el municipio, luego de la incorporaci\u00f3n de tres camiones.\" \/>\n<meta name=\"robots\" content=\"index, follow, max-snippet:-1, max-image-preview:large, max-video-preview:-1\" \/>\n<link rel=\"canonical\" href=\"https:\/\/alcaldiaalbertoadriani.com\/?p=3916\" \/>\n<meta property=\"og:locale\" content=\"es_ES\" \/>\n<meta property=\"og:type\" content=\"article\" \/>\n<meta property=\"og:title\" content=\"Alcald\u00eda vig\u00edense optimiza recolecci\u00f3n de desechos s\u00f3lidos en el municipio - Alcaldia Alberto Adriani\" \/>\n<meta property=\"og:description\" content=\"La Alcald\u00eda de Alberto Adriani optimiza la recolecci\u00f3n de desechos s\u00f3lidos en el municipio, luego de la incorporaci\u00f3n de tres camiones.\" \/>\n<meta property=\"og:url\" content=\"https:\/\/alcaldiaalbertoadriani.com\/?p=3916\" \/>\n<meta property=\"og:site_name\" content=\"Alcaldia Alberto Adriani\" \/>\n<meta property=\"article:published_time\" content=\"2023-09-26T22:22:54+00:00\" \/>\n<meta property=\"article:modified_time\" content=\"2023-09-26T22:23:02+00:00\" \/>\n<meta property=\"og:image\" content=\"https:\/\/alcaldiaalbertoadriani.com\/wp-content\/uploads\/2023\/09\/photo_4902437283140054412_y.jpg\" \/>\n\t<meta property=\"og:image:width\" content=\"1280\" \/>\n\t<meta property=\"og:image:height\" content=\"964\" \/>\n\t<meta property=\"og:image:type\" content=\"image\/jpeg\" \/>\n<meta name=\"author\" content=\"Prensa\" \/>\n<meta name=\"twitter:card\" content=\"summary_large_image\" \/>\n<meta name=\"twitter:label1\" content=\"Escrito por\" \/>\n\t<meta name=\"twitter:data1\" content=\"Prensa\" \/>\n\t<meta name=\"twitter:label2\" content=\"Tiempo de lectura\" \/>\n\t<meta name=\"twitter:data2\" content=\"3 minutos\" \/>\n<script type=\"application\/ld+json\" class=\"yoast-schema-graph\">{\"@context\":\"https:\/\/schema.org\",\"@graph\":[{\"@type\":\"WebPage\",\"@id\":\"https:\/\/alcaldiaalbertoadriani.com\/?p=3916\",\"url\":\"https:\/\/alcaldiaalbertoadriani.com\/?p=3916\",\"name\":\"Alcald\u00eda vig\u00edense optimiza recolecci\u00f3n de desechos s\u00f3lidos en el municipio - Alcaldia Alberto Adriani\",\"isPartOf\":{\"@id\":\"https:\/\/alcaldiaalbertoadriani.com\/#website\"},\"datePublished\":\"2023-09-26T22:22:54+00:00\",\"dateModified\":\"2023-09-26T22:23:02+00:00\",\"author\":{\"@id\":\"https:\/\/alcaldiaalbertoadriani.com\/#\/schema\/person\/549b4483ff8999ac780deeea78795fc9\"},\"description\":\"La Alcald\u00eda de Alberto Adriani optimiza la recolecci\u00f3n de desechos s\u00f3lidos en el municipio, luego de la incorporaci\u00f3n de tres camiones.\",\"breadcrumb\":{\"@id\":\"https:\/\/alcaldiaalbertoadriani.com\/?p=3916#breadcrumb\"},\"inLanguage\":\"es\",\"potentialAction\":[{\"@type\":\"ReadAction\",\"target\":[\"https:\/\/alcaldiaalbertoadriani.com\/?p=3916\"]}]},{\"@type\":\"BreadcrumbList\",\"@id\":\"https:\/\/alcaldiaalbertoadriani.com\/?p=3916#breadcrumb\",\"itemListElement\":[{\"@type\":\"ListItem\",\"position\":1,\"name\":\"Portada\",\"item\":\"https:\/\/alcaldiaalbertoadriani.com\/\"},{\"@type\":\"ListItem\",\"position\":2,\"name\":\"Alcald\u00eda vig\u00edense optimiza recolecci\u00f3n de desechos s\u00f3lidos en el municipio\"}]},{\"@type\":\"WebSite\",\"@id\":\"https:\/\/alcaldiaalbertoadriani.com\/#website\",\"url\":\"https:\/\/alcaldiaalbertoadriani.com\/\",\"name\":\"Alcaldia Alberto Adriani\",\"description\":\"\",\"potentialAction\":[{\"@type\":\"SearchAction\",\"target\":{\"@type\":\"EntryPoint\",\"urlTemplate\":\"https:\/\/alcaldiaalbertoadriani.com\/?s={search_term_string}\"},\"query-input\":\"required name=search_term_string\"}],\"inLanguage\":\"es\"},{\"@type\":\"Person\",\"@id\":\"https:\/\/alcaldiaalbertoadriani.com\/#\/schema\/person\/549b4483ff8999ac780deeea78795fc9\",\"name\":\"Prensa\",\"image\":{\"@type\":\"ImageObject\",\"inLanguage\":\"es\",\"@id\":\"https:\/\/alcaldiaalbertoadriani.com\/#\/schema\/person\/image\/\",\"url\":\"https:\/\/secure.gravatar.com\/avatar\/ea1cb567ea992a29627f4eee1c2eb185ec16decec6342d508fdf18dedb56c9de?s=96&d=mm&r=g\",\"contentUrl\":\"https:\/\/secure.gravatar.com\/avatar\/ea1cb567ea992a29627f4eee1c2eb185ec16decec6342d508fdf18dedb56c9de?s=96&d=mm&r=g\",\"caption\":\"Prensa\"},\"url\":\"https:\/\/alcaldiaalbertoadriani.com\/?author=2\"}]}<\/script>\n<!-- \/ Yoast SEO plugin. -->","yoast_head_json":{"title":"Alcald\u00eda vig\u00edense optimiza recolecci\u00f3n de desechos s\u00f3lidos en el municipio - Alcaldia Alberto Adriani","description":"La Alcald\u00eda de Alberto Adriani optimiza la recolecci\u00f3n de desechos s\u00f3lidos en el municipio, luego de la incorporaci\u00f3n de tres camiones.","robots":{"index":"index","follow":"follow","max-snippet":"max-snippet:-1","max-image-preview":"max-image-preview:large","max-video-preview":"max-video-preview:-1"},"canonical":"https:\/\/alcaldiaalbertoadriani.com\/?p=3916","og_locale":"es_ES","og_type":"article","og_title":"Alcald\u00eda vig\u00edense optimiza recolecci\u00f3n de desechos s\u00f3lidos en el municipio - Alcaldia Alberto Adriani","og_description":"La Alcald\u00eda de Alberto Adriani optimiza la recolecci\u00f3n de desechos s\u00f3lidos en el municipio, luego de la incorporaci\u00f3n de tres camiones.","og_url":"https:\/\/alcaldiaalbertoadriani.com\/?p=3916","og_site_name":"Alcaldia Alberto Adriani","article_published_time":"2023-09-26T22:22:54+00:00","article_modified_time":"2023-09-26T22:23:02+00:00","og_image":[{"width":1280,"height":964,"url":"https:\/\/alcaldiaalbertoadriani.com\/wp-content\/uploads\/2023\/09\/photo_4902437283140054412_y.jpg","type":"image\/jpeg"}],"author":"Prensa","twitter_card":"summary_large_image","twitter_misc":{"Escrito por":"Prensa","Tiempo de lectura":"3 minutos"},"schema":{"@context":"https:\/\/schema.org","@graph":[{"@type":"WebPage","@id":"https:\/\/alcaldiaalbertoadriani.com\/?p=3916","url":"https:\/\/alcaldiaalbertoadriani.com\/?p=3916","name":"Alcald\u00eda vig\u00edense optimiza recolecci\u00f3n de desechos s\u00f3lidos en el municipio - Alcaldia Alberto Adriani","isPartOf":{"@id":"https:\/\/alcaldiaalbertoadriani.com\/#website"},"datePublished":"2023-09-26T22:22:54+00:00","dateModified":"2023-09-26T22:23:02+00:00","author":{"@id":"https:\/\/alcaldiaalbertoadriani.com\/#\/schema\/person\/549b4483ff8999ac780deeea78795fc9"},"description":"La Alcald\u00eda de Alberto Adriani optimiza la recolecci\u00f3n de desechos s\u00f3lidos en el municipio, luego de la incorporaci\u00f3n de tres camiones.","breadcrumb":{"@id":"https:\/\/alcaldiaalbertoadriani.com\/?p=3916#breadcrumb"},"inLanguage":"es","potentialAction":[{"@type":"ReadAction","target":["https:\/\/alcaldiaalbertoadriani.com\/?p=3916"]}]},{"@type":"BreadcrumbList","@id":"https:\/\/alcaldiaalbertoadriani.com\/?p=3916#breadcrumb","itemListElement":[{"@type":"ListItem","position":1,"name":"Portada","item":"https:\/\/alcaldiaalbertoadriani.com\/"},{"@type":"ListItem","position":2,"name":"Alcald\u00eda vig\u00edense optimiza recolecci\u00f3n de desechos s\u00f3lidos en el municipio"}]},{"@type":"WebSite","@id":"https:\/\/alcaldiaalbertoadriani.com\/#website","url":"https:\/\/alcaldiaalbertoadriani.com\/","name":"Alcaldia Alberto Adriani","description":"","potentialAction":[{"@type":"SearchAction","target":{"@type":"EntryPoint","urlTemplate":"https:\/\/alcaldiaalbertoadriani.com\/?s={search_term_string}"},"query-input":"required name=search_term_string"}],"inLanguage":"es"},{"@type":"Person","@id":"https:\/\/alcaldiaalbertoadriani.com\/#\/schema\/person\/549b4483ff8999ac780deeea78795fc9","name":"Prensa","image":{"@type":"ImageObject","inLanguage":"es","@id":"https:\/\/alcaldiaalbertoadriani.com\/#\/schema\/person\/image\/","url":"https:\/\/secure.gravatar.com\/avatar\/ea1cb567ea992a29627f4eee1c2eb185ec16decec6342d508fdf18dedb56c9de?s=96&d=mm&r=g","contentUrl":"https:\/\/secure.gravatar.com\/avatar\/ea1cb567ea992a29627f4eee1c2eb185ec16decec6342d508fdf18dedb56c9de?s=96&d=mm&r=g","caption":"Prensa"},"url":"https:\/\/alcaldiaalbertoadriani.com\/?author=2"}]}},"_links":{"self":[{"href":"https:\/\/alcaldiaalbertoadriani.com\/index.php?rest_route=\/wp\/v2\/posts\/3916","targetHints":{"allow":["GET"]}}],"collection":[{"href":"https:\/\/alcaldiaalbertoadriani.com\/index.php?rest_route=\/wp\/v2\/posts"}],"about":[{"href":"https:\/\/alcaldiaalbertoadriani.com\/index.php?rest_route=\/wp\/v2\/types\/post"}],"author":[{"embeddable":true,"href":"https:\/\/alcaldiaalbertoadriani.com\/index.php?rest_route=\/wp\/v2\/users\/2"}],"replies":[{"embeddable":true,"href":"https:\/\/alcaldiaalbertoadriani.com\/index.php?rest_route=%2Fwp%2Fv2%2Fcomments&post=3916"}],"version-history":[{"count":1,"href":"https:\/\/alcaldiaalbertoadriani.com\/index.php?rest_route=\/wp\/v2\/posts\/3916\/revisions"}],"predecessor-version":[{"id":3924,"href":"https:\/\/alcaldiaalbertoadriani.com\/index.php?rest_route=\/wp\/v2\/posts\/3916\/revisions\/3924"}],"wp:featuredmedia":[{"embeddable":true,"href":"https:\/\/alcaldiaalbertoadriani.com\/index.php?rest_route=\/wp\/v2\/media\/3917"}],"wp:attachment":[{"href":"https:\/\/alcaldiaalbertoadriani.com\/index.php?rest_route=%2Fwp%2Fv2%2Fmedia&parent=3916"}],"wp:term":[{"taxonomy":"category","embeddable":true,"href":"https:\/\/alcaldiaalbertoadriani.com\/index.php?rest_route=%2Fwp%2Fv2%2Fcategories&post=3916"},{"taxonomy":"post_tag","embeddable":true,"href":"https:\/\/alcaldiaalbertoadriani.com\/index.php?rest_route=%2Fwp%2Fv2%2Ftags&post=3916"}],"curies":[{"name":"wp","href":"https:\/\/api.w.org\/{rel}","templated":true}]}}