{"id":3807,"date":"2023-09-17T01:02:42","date_gmt":"2023-09-17T01:02:42","guid":{"rendered":"https:\/\/alcaldiaalbertoadriani.com\/?p=3807"},"modified":"2023-09-18T20:58:48","modified_gmt":"2023-09-18T20:58:48","slug":"inaugurada-exposicion-descenso-130","status":"publish","type":"post","link":"https:\/\/alcaldiaalbertoadriani.com\/?p=3807","title":{"rendered":"Inaugurada Exposici\u00f3n Colectiva \u201cDescenso 130\u201d en El Vig\u00eda"},"content":{"rendered":"<div class=\"wp-block-post-excerpt\"><p class=\"wp-block-post-excerpt__excerpt\">Un total de 45 obras fueron presentadas y la exposici\u00f3n estar\u00e1 hasta el 18 de noviembre <\/p><\/div>\n\n\n<p>Personal del <a href=\"https:\/\/alcaldiaalbertoadriani.com\/?p=2526\" target=\"_blank\" rel=\"noreferrer noopener\">Instituto Aut\u00f3nomo Municipal de la Cultura -Iamcaa-<\/a>, junto con la academia Argos Galer\u00eda de Artes, inauguraron cinco importantes galerias de arte en el casco central de El Vig\u00eda.<\/p>\n\n\n\n<p>As\u00ed lo inform\u00f3 Keibert Rojas, presidente del Iamcaa, al se\u00f1alar que cumpliendo pol\u00edticas p\u00fablicas del <a href=\"https:\/\/www.instagram.com\/lisandrosegura02\/\" target=\"_blank\" rel=\"noreferrer noopener\">alcalde Lisandro Segura<\/a>, contin\u00faan promoviendo la cultura.&nbsp;&nbsp;<\/p>\n\n\n\n<p>Indic\u00f3 Rojas que la actividad se desarroll\u00f3 este s\u00e1bado 16 de septiembre desde las 10:00 de la ma\u00f1ana hasta las 6:00 de la noche.&nbsp;<\/p>\n\n\n\n<figure class=\"wp-block-image size-large\"><img loading=\"lazy\" decoding=\"async\" width=\"1024\" height=\"768\" src=\"https:\/\/alcaldiaalbertoadriani.com\/wp-content\/uploads\/2023\/09\/photo_2023-09-16_20-49-35-1024x768.jpg\" alt=\"\" class=\"wp-image-3809\" srcset=\"https:\/\/alcaldiaalbertoadriani.com\/wp-content\/uploads\/2023\/09\/photo_2023-09-16_20-49-35-1024x768.jpg 1024w, https:\/\/alcaldiaalbertoadriani.com\/wp-content\/uploads\/2023\/09\/photo_2023-09-16_20-49-35-980x735.jpg 980w, https:\/\/alcaldiaalbertoadriani.com\/wp-content\/uploads\/2023\/09\/photo_2023-09-16_20-49-35-480x360.jpg 480w\" sizes=\"auto, (min-width: 0px) and (max-width: 480px) 480px, (min-width: 481px) and (max-width: 980px) 980px, (min-width: 981px) 1024px, 100vw\" \/><\/figure>\n\n\n\n<!--more-->\n\n\n\n<h2 class=\"wp-block-heading\">Exposici\u00f3n y obras<\/h2>\n\n\n\n<p>Explic\u00f3 Keibert Rojas que la Exposici\u00f3n Colectiva \u201cDescenso 130\u201d, participaron 17 artistas pl\u00e1sticos provenientes de Alberto Adriani, Tovar, Santa Cruz de Mora y M\u00e9rida.\u00a0<\/p>\n\n\n\n<p>Dijo el funcionario que el primer espacio expositivo, estuvo encabezado por Pedro Rond\u00f3n, director de Argos Galer\u00eda de Artes y Carlos Rojas, curador, en la sede de la organizaci\u00f3n en menci\u00f3n, ubicada en avenida 16 de la ciudad.\u00a0\u00a0\u00a0\u00a0<\/p>\n\n\n\n<p>Asimismo, el segundo fue en Caribbean Tropic en el Centro Comercial \u201cPinedas Plaza\u201d, espec\u00edficamente frente a la plaza Bol\u00edvar.<\/p>\n\n\n\n<p>Acot\u00f3 Rojas que los otros tres espacios se dieron inicio en el Restobar Maui del C.C El Sol, ubicado en la avenida 16 entre calles 1 y 3 del centro; as\u00ed como en Bar\u00ed Hotel y M. Steak House by Molino&#8217;s,\u201d.\u00a0\u00a0\u00a0<\/p>\n\n\n\n<p>Para concluir, destac\u00f3 Rojas que un total de 45 obras de artes fueron presentadas, entre las cuales figuran diversos medios expresivos como pinturas, esculturas, ensamblajes, fotograf\u00edas y una instalaci\u00f3n. <strong>Prensa <a href=\"https:\/\/www.instagram.com\/alcaldia_aa\/\" target=\"_blank\" rel=\"noreferrer noopener\">Alcald\u00eda Alberto Adriani<\/a>\/Edgar Mendoza CNP. 25.736\/Fotos: Yorman Parra.<\/strong><\/p>\n\n\n\n<figure class=\"wp-block-gallery has-nested-images columns-default is-cropped wp-block-gallery-1 is-layout-flex wp-block-gallery-is-layout-flex\">\n<figure class=\"wp-block-image size-large\"><img loading=\"lazy\" decoding=\"async\" width=\"1024\" height=\"768\" data-id=\"3813\" src=\"https:\/\/alcaldiaalbertoadriani.com\/wp-content\/uploads\/2023\/09\/photo_2023-09-16_20-49-34-1-1024x768.jpg\" alt=\"\" class=\"wp-image-3813\" srcset=\"https:\/\/alcaldiaalbertoadriani.com\/wp-content\/uploads\/2023\/09\/photo_2023-09-16_20-49-34-1-1024x768.jpg 1024w, https:\/\/alcaldiaalbertoadriani.com\/wp-content\/uploads\/2023\/09\/photo_2023-09-16_20-49-34-1-980x735.jpg 980w, https:\/\/alcaldiaalbertoadriani.com\/wp-content\/uploads\/2023\/09\/photo_2023-09-16_20-49-34-1-480x360.jpg 480w\" sizes=\"auto, (min-width: 0px) and (max-width: 480px) 480px, (min-width: 481px) and (max-width: 980px) 980px, (min-width: 981px) 1024px, 100vw\" \/><\/figure>\n\n\n\n<figure class=\"wp-block-image size-large\"><img loading=\"lazy\" decoding=\"async\" width=\"1024\" height=\"768\" data-id=\"3815\" src=\"https:\/\/alcaldiaalbertoadriani.com\/wp-content\/uploads\/2023\/09\/photo_2023-09-16_20-49-36-2-1024x768.jpg\" alt=\"\" class=\"wp-image-3815\" srcset=\"https:\/\/alcaldiaalbertoadriani.com\/wp-content\/uploads\/2023\/09\/photo_2023-09-16_20-49-36-2-1024x768.jpg 1024w, https:\/\/alcaldiaalbertoadriani.com\/wp-content\/uploads\/2023\/09\/photo_2023-09-16_20-49-36-2-980x735.jpg 980w, https:\/\/alcaldiaalbertoadriani.com\/wp-content\/uploads\/2023\/09\/photo_2023-09-16_20-49-36-2-480x360.jpg 480w\" sizes=\"auto, (min-width: 0px) and (max-width: 480px) 480px, (min-width: 481px) and (max-width: 980px) 980px, (min-width: 981px) 1024px, 100vw\" \/><\/figure>\n\n\n\n<figure class=\"wp-block-image size-large\"><img loading=\"lazy\" decoding=\"async\" width=\"1024\" height=\"768\" data-id=\"3814\" src=\"https:\/\/alcaldiaalbertoadriani.com\/wp-content\/uploads\/2023\/09\/photo_2023-09-16_20-49-37-1024x768.jpg\" alt=\"\" class=\"wp-image-3814\" srcset=\"https:\/\/alcaldiaalbertoadriani.com\/wp-content\/uploads\/2023\/09\/photo_2023-09-16_20-49-37-1024x768.jpg 1024w, https:\/\/alcaldiaalbertoadriani.com\/wp-content\/uploads\/2023\/09\/photo_2023-09-16_20-49-37-980x735.jpg 980w, https:\/\/alcaldiaalbertoadriani.com\/wp-content\/uploads\/2023\/09\/photo_2023-09-16_20-49-37-480x360.jpg 480w\" sizes=\"auto, (min-width: 0px) and (max-width: 480px) 480px, (min-width: 481px) and (max-width: 980px) 980px, (min-width: 981px) 1024px, 100vw\" \/><\/figure>\n\n\n\n<figure class=\"wp-block-image size-large\"><img loading=\"lazy\" decoding=\"async\" width=\"1024\" height=\"768\" data-id=\"3816\" src=\"https:\/\/alcaldiaalbertoadriani.com\/wp-content\/uploads\/2023\/09\/photo_2023-09-16_20-49-38-1024x768.jpg\" alt=\"\" class=\"wp-image-3816\" srcset=\"https:\/\/alcaldiaalbertoadriani.com\/wp-content\/uploads\/2023\/09\/photo_2023-09-16_20-49-38-1024x768.jpg 1024w, https:\/\/alcaldiaalbertoadriani.com\/wp-content\/uploads\/2023\/09\/photo_2023-09-16_20-49-38-980x735.jpg 980w, https:\/\/alcaldiaalbertoadriani.com\/wp-content\/uploads\/2023\/09\/photo_2023-09-16_20-49-38-480x360.jpg 480w\" sizes=\"auto, (min-width: 0px) and (max-width: 480px) 480px, (min-width: 481px) and (max-width: 980px) 980px, (min-width: 981px) 1024px, 100vw\" \/><\/figure>\n\n\n\n<figure class=\"wp-block-image size-large\"><img loading=\"lazy\" decoding=\"async\" width=\"1024\" height=\"768\" data-id=\"3817\" src=\"https:\/\/alcaldiaalbertoadriani.com\/wp-content\/uploads\/2023\/09\/photo_2023-09-16_20-49-39-1024x768.jpg\" alt=\"\" class=\"wp-image-3817\" srcset=\"https:\/\/alcaldiaalbertoadriani.com\/wp-content\/uploads\/2023\/09\/photo_2023-09-16_20-49-39-1024x768.jpg 1024w, https:\/\/alcaldiaalbertoadriani.com\/wp-content\/uploads\/2023\/09\/photo_2023-09-16_20-49-39-980x735.jpg 980w, https:\/\/alcaldiaalbertoadriani.com\/wp-content\/uploads\/2023\/09\/photo_2023-09-16_20-49-39-480x360.jpg 480w\" sizes=\"auto, (min-width: 0px) and (max-width: 480px) 480px, (min-width: 481px) and (max-width: 980px) 980px, (min-width: 981px) 1024px, 100vw\" \/><\/figure>\n\n\n\n<figure class=\"wp-block-image size-large\"><img loading=\"lazy\" decoding=\"async\" width=\"1008\" height=\"756\" data-id=\"3811\" src=\"https:\/\/alcaldiaalbertoadriani.com\/wp-content\/uploads\/2023\/09\/photo_2023-09-16_20-49-40.jpg\" alt=\"\" class=\"wp-image-3811\" srcset=\"https:\/\/alcaldiaalbertoadriani.com\/wp-content\/uploads\/2023\/09\/photo_2023-09-16_20-49-40.jpg 1008w, https:\/\/alcaldiaalbertoadriani.com\/wp-content\/uploads\/2023\/09\/photo_2023-09-16_20-49-40-980x735.jpg 980w, https:\/\/alcaldiaalbertoadriani.com\/wp-content\/uploads\/2023\/09\/photo_2023-09-16_20-49-40-480x360.jpg 480w\" sizes=\"auto, (min-width: 0px) and (max-width: 480px) 480px, (min-width: 481px) and (max-width: 980px) 980px, (min-width: 981px) 1008px, 100vw\" \/><\/figure>\n\n\n\n<figure class=\"wp-block-image size-large\"><img loading=\"lazy\" decoding=\"async\" width=\"1008\" height=\"756\" data-id=\"3812\" src=\"https:\/\/alcaldiaalbertoadriani.com\/wp-content\/uploads\/2023\/09\/photo_2023-09-16_20-49-42.jpg\" alt=\"\" class=\"wp-image-3812\" srcset=\"https:\/\/alcaldiaalbertoadriani.com\/wp-content\/uploads\/2023\/09\/photo_2023-09-16_20-49-42.jpg 1008w, https:\/\/alcaldiaalbertoadriani.com\/wp-content\/uploads\/2023\/09\/photo_2023-09-16_20-49-42-980x735.jpg 980w, https:\/\/alcaldiaalbertoadriani.com\/wp-content\/uploads\/2023\/09\/photo_2023-09-16_20-49-42-480x360.jpg 480w\" sizes=\"auto, (min-width: 0px) and (max-width: 480px) 480px, (min-width: 481px) and (max-width: 980px) 980px, (min-width: 981px) 1008px, 100vw\" \/><\/figure>\n<\/figure>\n","protected":false},"excerpt":{"rendered":"<p><em><strong>Un total de 45 obras fueron presentadas y la exposici\u00f3n estar\u00e1 hasta el 18 de noviembre<\/strong><\/em><\/p>\n","protected":false},"author":2,"featured_media":3808,"comment_status":"closed","ping_status":"closed","sticky":false,"template":"","format":"standard","meta":{"_et_pb_use_builder":"off","_et_pb_old_content":"<!-- wp:post-excerpt \/-->\n\n<!-- wp:paragraph -->\n<p>Personal del <a href=\"https:\/\/alcaldiaalbertoadriani.com\/?p=2526\" target=\"_blank\" rel=\"noreferrer noopener\">Instituto Aut\u00f3nomo Municipal de la Cultura -Iamcaa-<\/a>, junto con la academia Argos Galer\u00eda de Artes, inauguraron cinco importantes galerias de arte en el casco central de El Vig\u00eda.\u00a0\u00a0<\/p>\n<!-- \/wp:paragraph -->\n\n<!-- wp:heading -->\n<h2>Inauguraron cinco galer\u00edas<\/h2>\n<!-- \/wp:heading -->\n\n<!-- wp:paragraph -->\n<p>As\u00ed lo inform\u00f3 Keibert Rojas, presidente del Iamcaa, al se\u00f1alar que cumpliendo pol\u00edticas p\u00fablicas del <a href=\"https:\/\/www.instagram.com\/lisandrosegura02\/\" target=\"_blank\" rel=\"noreferrer noopener\">alcalde Lisandro Segura<\/a>, contin\u00faan promoviendo la cultura.\u00a0\u00a0<\/p>\n<!-- \/wp:paragraph -->\n\n<!-- wp:paragraph -->\n<p>Indic\u00f3 Rojas que la actividad se desarroll\u00f3 este s\u00e1bado 16 de septiembre desde las 10:00 de la ma\u00f1ana hasta las 6:00 de la noche.&nbsp;<\/p>\n<!-- \/wp:paragraph -->\n\n<!-- wp:image {\"id\":3809,\"sizeSlug\":\"large\",\"linkDestination\":\"none\"} -->\n<figure class=\"wp-block-image size-large\"><img src=\"https:\/\/alcaldiaalbertoadriani.com\/wp-content\/uploads\/2023\/09\/photo_2023-09-16_20-49-35-1024x768.jpg\" alt=\"\" class=\"wp-image-3809\"\/><\/figure>\n<!-- \/wp:image -->\n\n<!-- wp:more -->\n<!--more-->\n<!-- \/wp:more -->\n\n<!-- wp:heading -->\n<h2>Cinco galer\u00edas<\/h2>\n<!-- \/wp:heading -->\n\n<!-- wp:paragraph -->\n<p>Explic\u00f3 Keibert Rojas que la primera galer\u00eda inaugurada estuvo encabezada por Pedro Rond\u00f3n, director de Argos Galer\u00eda de Artes y Carlos Rojas, curador, en la sede de la organizaci\u00f3n en menci\u00f3n, ubicada en avenida 16 de la ciudad.&nbsp;&nbsp;<\/p>\n<!-- \/wp:paragraph -->\n\n<!-- wp:paragraph -->\n<p>Asimismo, la segunda fue en Caribbean Tropic en el Centro Comercial \u201cLos Pinedas\u201d, espec\u00edficamente frente a la plaza Bol\u00edvar.&nbsp;<\/p>\n<!-- \/wp:paragraph -->\n\n<!-- wp:paragraph -->\n<p>Acot\u00f3 Rojas que las otras tres galer\u00edas se dieron inicio en el Restobar Maui del C.C El Sol, ubicado en la avenida 16 entre calles 1 y 3 del centro; as\u00ed como en Bar\u00ed Hotel, \u201cuna en el lobby del hotel y otra en Molinos Steakhousse\u201d.&nbsp;&nbsp;<\/p>\n<!-- \/wp:paragraph -->\n\n<!-- wp:image {\"id\":3810,\"sizeSlug\":\"large\",\"linkDestination\":\"none\"} -->\n<figure class=\"wp-block-image size-large\"><img src=\"https:\/\/alcaldiaalbertoadriani.com\/wp-content\/uploads\/2023\/09\/photo_2023-09-16_20-49-36-1024x768.jpg\" alt=\"\" class=\"wp-image-3810\"\/><\/figure>\n<!-- \/wp:image -->\n\n<!-- wp:heading -->\n<h2>Exposici\u00f3n de Arte<\/h2>\n<!-- \/wp:heading -->\n\n<!-- wp:paragraph -->\n<p>Agreg\u00f3 Keibert Rojas que durante la inauguraci\u00f3n de las galer\u00edas, tambi\u00e9n se dio la Exposici\u00f3n Colectiva \u201cDescenso 130\u201d, en la que participaron 17 artistas pl\u00e1sticos provenientes de <a href=\"https:\/\/www.instagram.com\/alcaldia_aa\/\" target=\"_blank\" rel=\"noreferrer noopener\">Alberto Adriani<\/a>, Tovar, Santa Cruz de Mora y M\u00e9rida.<\/p>\n<!-- \/wp:paragraph -->\n\n<!-- wp:paragraph -->\n<p>Para concluir, Rojas destac\u00f3 que fueron 45 obras presentadas entre Alberto Adriani y Valle del Mocot\u00edes, \u201cinvitaci\u00f3n que nos hizo Pedro Rond\u00f3n, director de Argos Galer\u00eda de Artes y que nosotros de inmediato apoyamos por segunda vez\u201d, acentu\u00f3 el presidente del Iamcaa. <strong>Prensa <a href=\"https:\/\/www.instagram.com\/alcaldia_aa\/\" target=\"_blank\" rel=\"noreferrer noopener\">Alcald\u00eda Alberto Adriani<\/a>\/Edgar Mendoza CNP. 25.736\/Fotos: Yorman Parra.<\/strong><\/p>\n<!-- \/wp:paragraph -->\n\n<!-- wp:gallery {\"linkTo\":\"none\"} -->\n<figure class=\"wp-block-gallery has-nested-images columns-default is-cropped\"><!-- wp:image {\"id\":3813,\"sizeSlug\":\"large\",\"linkDestination\":\"none\"} -->\n<figure class=\"wp-block-image size-large\"><img src=\"https:\/\/alcaldiaalbertoadriani.com\/wp-content\/uploads\/2023\/09\/photo_2023-09-16_20-49-34-1-1024x768.jpg\" alt=\"\" class=\"wp-image-3813\"\/><\/figure>\n<!-- \/wp:image -->\n\n<!-- wp:image {\"id\":3815,\"sizeSlug\":\"large\",\"linkDestination\":\"none\"} -->\n<figure class=\"wp-block-image size-large\"><img src=\"https:\/\/alcaldiaalbertoadriani.com\/wp-content\/uploads\/2023\/09\/photo_2023-09-16_20-49-36-2-1024x768.jpg\" alt=\"\" class=\"wp-image-3815\"\/><\/figure>\n<!-- \/wp:image -->\n\n<!-- wp:image {\"id\":3814,\"sizeSlug\":\"large\",\"linkDestination\":\"none\"} -->\n<figure class=\"wp-block-image size-large\"><img src=\"https:\/\/alcaldiaalbertoadriani.com\/wp-content\/uploads\/2023\/09\/photo_2023-09-16_20-49-37-1024x768.jpg\" alt=\"\" class=\"wp-image-3814\"\/><\/figure>\n<!-- \/wp:image -->\n\n<!-- wp:image {\"id\":3816,\"sizeSlug\":\"large\",\"linkDestination\":\"none\"} -->\n<figure class=\"wp-block-image size-large\"><img src=\"https:\/\/alcaldiaalbertoadriani.com\/wp-content\/uploads\/2023\/09\/photo_2023-09-16_20-49-38-1024x768.jpg\" alt=\"\" class=\"wp-image-3816\"\/><\/figure>\n<!-- \/wp:image -->\n\n<!-- wp:image {\"id\":3817,\"sizeSlug\":\"large\",\"linkDestination\":\"none\"} -->\n<figure class=\"wp-block-image size-large\"><img src=\"https:\/\/alcaldiaalbertoadriani.com\/wp-content\/uploads\/2023\/09\/photo_2023-09-16_20-49-39-1024x768.jpg\" alt=\"\" class=\"wp-image-3817\"\/><\/figure>\n<!-- \/wp:image -->\n\n<!-- wp:image {\"id\":3811,\"sizeSlug\":\"large\",\"linkDestination\":\"none\"} -->\n<figure class=\"wp-block-image size-large\"><img src=\"https:\/\/alcaldiaalbertoadriani.com\/wp-content\/uploads\/2023\/09\/photo_2023-09-16_20-49-40.jpg\" alt=\"\" class=\"wp-image-3811\"\/><\/figure>\n<!-- \/wp:image -->\n\n<!-- wp:image {\"id\":3812,\"sizeSlug\":\"large\",\"linkDestination\":\"none\"} -->\n<figure class=\"wp-block-image size-large\"><img src=\"https:\/\/alcaldiaalbertoadriani.com\/wp-content\/uploads\/2023\/09\/photo_2023-09-16_20-49-42.jpg\" alt=\"\" class=\"wp-image-3812\"\/><\/figure>\n<!-- \/wp:image --><\/figure>\n<!-- \/wp:gallery -->","_et_gb_content_width":"","footnotes":""},"categories":[39,78,77,25],"tags":[31,11,12,15,30,29,28,504],"class_list":["post-3807","post","type-post","status-publish","format-standard","has-post-thumbnail","hentry","category-actividades-sociales","category-cultura","category-iamcaa","category-nuestro-municipio","tag-alcalde","tag-alcaldia","tag-alcaldiaalbertoadriani","tag-elvigia","tag-lisandrosegura","tag-municipioquenosmerecemos","tag-porelrenacer","tag-inauguraron-cinco-galerias"],"yoast_head":"<!-- This site is optimized with the Yoast SEO plugin v19.13 - https:\/\/yoast.com\/wordpress\/plugins\/seo\/ -->\n<title>Inaugurada Exposici\u00f3n Colectiva \u201cDescenso 130\u201d en El Vig\u00eda - Alcaldia Alberto Adriani<\/title>\n<meta name=\"description\" content=\"Fue inaugurada exposici\u00f3n de arte nombrada como &quot;Descenso 130&quot; por el Iamcaa junto con la academia Argos Galer\u00eda de Artes en El Vig\u00eda.\" \/>\n<meta name=\"robots\" content=\"index, follow, max-snippet:-1, max-image-preview:large, max-video-preview:-1\" \/>\n<link rel=\"canonical\" href=\"https:\/\/alcaldiaalbertoadriani.com\/?p=3807\" \/>\n<meta property=\"og:locale\" content=\"es_ES\" \/>\n<meta property=\"og:type\" content=\"article\" \/>\n<meta property=\"og:title\" content=\"Inaugurada Exposici\u00f3n Colectiva \u201cDescenso 130\u201d en El Vig\u00eda - Alcaldia Alberto Adriani\" \/>\n<meta property=\"og:description\" content=\"Fue inaugurada exposici\u00f3n de arte nombrada como &quot;Descenso 130&quot; por el Iamcaa junto con la academia Argos Galer\u00eda de Artes en El Vig\u00eda.\" \/>\n<meta property=\"og:url\" content=\"https:\/\/alcaldiaalbertoadriani.com\/?p=3807\" \/>\n<meta property=\"og:site_name\" content=\"Alcaldia Alberto Adriani\" \/>\n<meta property=\"article:published_time\" content=\"2023-09-17T01:02:42+00:00\" \/>\n<meta property=\"article:modified_time\" content=\"2023-09-18T20:58:48+00:00\" \/>\n<meta property=\"og:image\" content=\"https:\/\/alcaldiaalbertoadriani.com\/wp-content\/uploads\/2023\/09\/photo_2023-09-16_20-49-34.jpg\" \/>\n\t<meta property=\"og:image:width\" content=\"1280\" \/>\n\t<meta property=\"og:image:height\" content=\"960\" \/>\n\t<meta property=\"og:image:type\" content=\"image\/jpeg\" \/>\n<meta name=\"author\" content=\"Prensa\" \/>\n<meta name=\"twitter:card\" content=\"summary_large_image\" \/>\n<meta name=\"twitter:label1\" content=\"Escrito por\" \/>\n\t<meta name=\"twitter:data1\" content=\"Prensa\" \/>\n\t<meta name=\"twitter:label2\" content=\"Tiempo de lectura\" \/>\n\t<meta name=\"twitter:data2\" content=\"3 minutos\" \/>\n<script type=\"application\/ld+json\" class=\"yoast-schema-graph\">{\"@context\":\"https:\/\/schema.org\",\"@graph\":[{\"@type\":\"WebPage\",\"@id\":\"https:\/\/alcaldiaalbertoadriani.com\/?p=3807\",\"url\":\"https:\/\/alcaldiaalbertoadriani.com\/?p=3807\",\"name\":\"Inaugurada Exposici\u00f3n Colectiva \u201cDescenso 130\u201d en El Vig\u00eda - Alcaldia Alberto Adriani\",\"isPartOf\":{\"@id\":\"https:\/\/alcaldiaalbertoadriani.com\/#website\"},\"datePublished\":\"2023-09-17T01:02:42+00:00\",\"dateModified\":\"2023-09-18T20:58:48+00:00\",\"author\":{\"@id\":\"https:\/\/alcaldiaalbertoadriani.com\/#\/schema\/person\/549b4483ff8999ac780deeea78795fc9\"},\"description\":\"Fue inaugurada exposici\u00f3n de arte nombrada como \\\"Descenso 130\\\" por el Iamcaa junto con la academia Argos Galer\u00eda de Artes en El Vig\u00eda.\",\"breadcrumb\":{\"@id\":\"https:\/\/alcaldiaalbertoadriani.com\/?p=3807#breadcrumb\"},\"inLanguage\":\"es\",\"potentialAction\":[{\"@type\":\"ReadAction\",\"target\":[\"https:\/\/alcaldiaalbertoadriani.com\/?p=3807\"]}]},{\"@type\":\"BreadcrumbList\",\"@id\":\"https:\/\/alcaldiaalbertoadriani.com\/?p=3807#breadcrumb\",\"itemListElement\":[{\"@type\":\"ListItem\",\"position\":1,\"name\":\"Portada\",\"item\":\"https:\/\/alcaldiaalbertoadriani.com\/\"},{\"@type\":\"ListItem\",\"position\":2,\"name\":\"Inaugurada Exposici\u00f3n Colectiva \u201cDescenso 130\u201d en El Vig\u00eda\"}]},{\"@type\":\"WebSite\",\"@id\":\"https:\/\/alcaldiaalbertoadriani.com\/#website\",\"url\":\"https:\/\/alcaldiaalbertoadriani.com\/\",\"name\":\"Alcaldia Alberto Adriani\",\"description\":\"\",\"potentialAction\":[{\"@type\":\"SearchAction\",\"target\":{\"@type\":\"EntryPoint\",\"urlTemplate\":\"https:\/\/alcaldiaalbertoadriani.com\/?s={search_term_string}\"},\"query-input\":\"required name=search_term_string\"}],\"inLanguage\":\"es\"},{\"@type\":\"Person\",\"@id\":\"https:\/\/alcaldiaalbertoadriani.com\/#\/schema\/person\/549b4483ff8999ac780deeea78795fc9\",\"name\":\"Prensa\",\"image\":{\"@type\":\"ImageObject\",\"inLanguage\":\"es\",\"@id\":\"https:\/\/alcaldiaalbertoadriani.com\/#\/schema\/person\/image\/\",\"url\":\"https:\/\/secure.gravatar.com\/avatar\/ea1cb567ea992a29627f4eee1c2eb185ec16decec6342d508fdf18dedb56c9de?s=96&d=mm&r=g\",\"contentUrl\":\"https:\/\/secure.gravatar.com\/avatar\/ea1cb567ea992a29627f4eee1c2eb185ec16decec6342d508fdf18dedb56c9de?s=96&d=mm&r=g\",\"caption\":\"Prensa\"},\"url\":\"https:\/\/alcaldiaalbertoadriani.com\/?author=2\"}]}<\/script>\n<!-- \/ Yoast SEO plugin. -->","yoast_head_json":{"title":"Inaugurada Exposici\u00f3n Colectiva \u201cDescenso 130\u201d en El Vig\u00eda - Alcaldia Alberto Adriani","description":"Fue inaugurada exposici\u00f3n de arte nombrada como \"Descenso 130\" por el Iamcaa junto con la academia Argos Galer\u00eda de Artes en El Vig\u00eda.","robots":{"index":"index","follow":"follow","max-snippet":"max-snippet:-1","max-image-preview":"max-image-preview:large","max-video-preview":"max-video-preview:-1"},"canonical":"https:\/\/alcaldiaalbertoadriani.com\/?p=3807","og_locale":"es_ES","og_type":"article","og_title":"Inaugurada Exposici\u00f3n Colectiva \u201cDescenso 130\u201d en El Vig\u00eda - Alcaldia Alberto Adriani","og_description":"Fue inaugurada exposici\u00f3n de arte nombrada como \"Descenso 130\" por el Iamcaa junto con la academia Argos Galer\u00eda de Artes en El Vig\u00eda.","og_url":"https:\/\/alcaldiaalbertoadriani.com\/?p=3807","og_site_name":"Alcaldia Alberto Adriani","article_published_time":"2023-09-17T01:02:42+00:00","article_modified_time":"2023-09-18T20:58:48+00:00","og_image":[{"width":1280,"height":960,"url":"https:\/\/alcaldiaalbertoadriani.com\/wp-content\/uploads\/2023\/09\/photo_2023-09-16_20-49-34.jpg","type":"image\/jpeg"}],"author":"Prensa","twitter_card":"summary_large_image","twitter_misc":{"Escrito por":"Prensa","Tiempo de lectura":"3 minutos"},"schema":{"@context":"https:\/\/schema.org","@graph":[{"@type":"WebPage","@id":"https:\/\/alcaldiaalbertoadriani.com\/?p=3807","url":"https:\/\/alcaldiaalbertoadriani.com\/?p=3807","name":"Inaugurada Exposici\u00f3n Colectiva \u201cDescenso 130\u201d en El Vig\u00eda - Alcaldia Alberto Adriani","isPartOf":{"@id":"https:\/\/alcaldiaalbertoadriani.com\/#website"},"datePublished":"2023-09-17T01:02:42+00:00","dateModified":"2023-09-18T20:58:48+00:00","author":{"@id":"https:\/\/alcaldiaalbertoadriani.com\/#\/schema\/person\/549b4483ff8999ac780deeea78795fc9"},"description":"Fue inaugurada exposici\u00f3n de arte nombrada como \"Descenso 130\" por el Iamcaa junto con la academia Argos Galer\u00eda de Artes en El Vig\u00eda.","breadcrumb":{"@id":"https:\/\/alcaldiaalbertoadriani.com\/?p=3807#breadcrumb"},"inLanguage":"es","potentialAction":[{"@type":"ReadAction","target":["https:\/\/alcaldiaalbertoadriani.com\/?p=3807"]}]},{"@type":"BreadcrumbList","@id":"https:\/\/alcaldiaalbertoadriani.com\/?p=3807#breadcrumb","itemListElement":[{"@type":"ListItem","position":1,"name":"Portada","item":"https:\/\/alcaldiaalbertoadriani.com\/"},{"@type":"ListItem","position":2,"name":"Inaugurada Exposici\u00f3n Colectiva \u201cDescenso 130\u201d en El Vig\u00eda"}]},{"@type":"WebSite","@id":"https:\/\/alcaldiaalbertoadriani.com\/#website","url":"https:\/\/alcaldiaalbertoadriani.com\/","name":"Alcaldia Alberto Adriani","description":"","potentialAction":[{"@type":"SearchAction","target":{"@type":"EntryPoint","urlTemplate":"https:\/\/alcaldiaalbertoadriani.com\/?s={search_term_string}"},"query-input":"required name=search_term_string"}],"inLanguage":"es"},{"@type":"Person","@id":"https:\/\/alcaldiaalbertoadriani.com\/#\/schema\/person\/549b4483ff8999ac780deeea78795fc9","name":"Prensa","image":{"@type":"ImageObject","inLanguage":"es","@id":"https:\/\/alcaldiaalbertoadriani.com\/#\/schema\/person\/image\/","url":"https:\/\/secure.gravatar.com\/avatar\/ea1cb567ea992a29627f4eee1c2eb185ec16decec6342d508fdf18dedb56c9de?s=96&d=mm&r=g","contentUrl":"https:\/\/secure.gravatar.com\/avatar\/ea1cb567ea992a29627f4eee1c2eb185ec16decec6342d508fdf18dedb56c9de?s=96&d=mm&r=g","caption":"Prensa"},"url":"https:\/\/alcaldiaalbertoadriani.com\/?author=2"}]}},"_links":{"self":[{"href":"https:\/\/alcaldiaalbertoadriani.com\/index.php?rest_route=\/wp\/v2\/posts\/3807","targetHints":{"allow":["GET"]}}],"collection":[{"href":"https:\/\/alcaldiaalbertoadriani.com\/index.php?rest_route=\/wp\/v2\/posts"}],"about":[{"href":"https:\/\/alcaldiaalbertoadriani.com\/index.php?rest_route=\/wp\/v2\/types\/post"}],"author":[{"embeddable":true,"href":"https:\/\/alcaldiaalbertoadriani.com\/index.php?rest_route=\/wp\/v2\/users\/2"}],"replies":[{"embeddable":true,"href":"https:\/\/alcaldiaalbertoadriani.com\/index.php?rest_route=%2Fwp%2Fv2%2Fcomments&post=3807"}],"version-history":[{"count":3,"href":"https:\/\/alcaldiaalbertoadriani.com\/index.php?rest_route=\/wp\/v2\/posts\/3807\/revisions"}],"predecessor-version":[{"id":3822,"href":"https:\/\/alcaldiaalbertoadriani.com\/index.php?rest_route=\/wp\/v2\/posts\/3807\/revisions\/3822"}],"wp:featuredmedia":[{"embeddable":true,"href":"https:\/\/alcaldiaalbertoadriani.com\/index.php?rest_route=\/wp\/v2\/media\/3808"}],"wp:attachment":[{"href":"https:\/\/alcaldiaalbertoadriani.com\/index.php?rest_route=%2Fwp%2Fv2%2Fmedia&parent=3807"}],"wp:term":[{"taxonomy":"category","embeddable":true,"href":"https:\/\/alcaldiaalbertoadriani.com\/index.php?rest_route=%2Fwp%2Fv2%2Fcategories&post=3807"},{"taxonomy":"post_tag","embeddable":true,"href":"https:\/\/alcaldiaalbertoadriani.com\/index.php?rest_route=%2Fwp%2Fv2%2Ftags&post=3807"}],"curies":[{"name":"wp","href":"https:\/\/api.w.org\/{rel}","templated":true}]}}