{"id":370,"date":"2022-07-30T01:10:19","date_gmt":"2022-07-30T01:10:19","guid":{"rendered":"https:\/\/alcaldiaalbertoadriani.com\/?p=370"},"modified":"2022-07-30T01:10:27","modified_gmt":"2022-07-30T01:10:27","slug":"club-de-gimnasia-florecitas-el-vigia-arraso-con-mas-de-80-medallas-en-colombia","status":"publish","type":"post","link":"https:\/\/alcaldiaalbertoadriani.com\/?p=370","title":{"rendered":"Club de Gimnasia Florecitas El Vig\u00eda arras\u00f3 con m\u00e1s de 80 medallas en Colombia"},"content":{"rendered":"\n<p>***En un ambiente de alegr\u00eda y emoci\u00f3n las 24 ni\u00f1as gimnastas participantes, fueron recibidas por el alcalde vig\u00edense Lisandro Segura en las instalaciones de la Casa del Ni\u00f1o Trabajador<\/p>\n\n\n\n<p>El Club de Gimnasia Florecitas El Vig\u00eda, particip\u00f3 en el 5to Internacional Gymnastics Cup 2022, realizado en Medell\u00edn Colombia, en el que conquistaron m\u00e1s de 80 medallas en diferentes categor\u00edas.<\/p>\n\n\n\n<p>La informaci\u00f3n la dio a conocer Silvia Parra, presidente del club deportivo, el cual hace vida activa en el municipio Alberto Adriani y qui\u00e9n se\u00f1al\u00f3 que 24 ni\u00f1as gimnastas, asistieron al campeonato que se desarroll\u00f3 en el vecino pa\u00eds del 22 al 24 de julio.<\/p>\n\n\n\n<!--more-->\n\n\n\n<p>\u201cFeliz y orgullosa por el logro de estas 24 ni\u00f1as gimnastas con m\u00e1s de 80 medallas, quienes subieron al p\u00f3dium como campeonas al raund, tanto por equipo como en diferentes categor\u00edas\u201d, expres\u00f3.<\/p>\n\n\n\n<p>Por tal motivo, el alcalde Lisandro Segura, en compa\u00f1\u00eda de Ricardo Romero, presidente del Instituto Municipal del Deporte y Recreaci\u00f3n (Imdraa), as\u00ed como Wilson Dur\u00e1n, presidente de la Liga de F\u00fatbol de Desarrollo Municipal, recibieron a las medallistas en horas de la tarde de este mi\u00e9rcoles 27 de julio en las instalaciones de la Casa del Ni\u00f1o Trabajador. Prensa Alcald\u00eda Alberto Adriani\/Edgar Mendoza CNP: 25.736\/Fotos: Yorman Parra.<\/p>\n\n\n\n<figure class=\"wp-block-gallery has-nested-images columns-default is-cropped wp-block-gallery-1 is-layout-flex wp-block-gallery-is-layout-flex\">\n<figure class=\"wp-block-image size-large\"><img loading=\"lazy\" decoding=\"async\" width=\"768\" height=\"1024\" data-id=\"371\" src=\"https:\/\/alcaldiaalbertoadriani.com\/wp-content\/uploads\/2022\/07\/photo_2022-07-28_11-07-40-768x1024.jpg\" alt=\"\" class=\"wp-image-371\" srcset=\"https:\/\/alcaldiaalbertoadriani.com\/wp-content\/uploads\/2022\/07\/photo_2022-07-28_11-07-40-768x1024.jpg 768w, https:\/\/alcaldiaalbertoadriani.com\/wp-content\/uploads\/2022\/07\/photo_2022-07-28_11-07-40-480x640.jpg 480w\" sizes=\"auto, (min-width: 0px) and (max-width: 480px) 480px, (min-width: 481px) 768px, 100vw\" \/><\/figure>\n\n\n\n<figure class=\"wp-block-image size-large\"><img loading=\"lazy\" decoding=\"async\" width=\"768\" height=\"1024\" data-id=\"376\" src=\"https:\/\/alcaldiaalbertoadriani.com\/wp-content\/uploads\/2022\/07\/photo_2022-07-28_11-08-48-768x1024.jpg\" alt=\"\" class=\"wp-image-376\" srcset=\"https:\/\/alcaldiaalbertoadriani.com\/wp-content\/uploads\/2022\/07\/photo_2022-07-28_11-08-48-768x1024.jpg 768w, https:\/\/alcaldiaalbertoadriani.com\/wp-content\/uploads\/2022\/07\/photo_2022-07-28_11-08-48-480x640.jpg 480w\" sizes=\"auto, (min-width: 0px) and (max-width: 480px) 480px, (min-width: 481px) 768px, 100vw\" \/><\/figure>\n\n\n\n<figure class=\"wp-block-image size-large\"><img loading=\"lazy\" decoding=\"async\" width=\"768\" height=\"1024\" data-id=\"374\" src=\"https:\/\/alcaldiaalbertoadriani.com\/wp-content\/uploads\/2022\/07\/photo_2022-07-28_11-08-53.jpg\" alt=\"\" class=\"wp-image-374\" srcset=\"https:\/\/alcaldiaalbertoadriani.com\/wp-content\/uploads\/2022\/07\/photo_2022-07-28_11-08-53.jpg 768w, https:\/\/alcaldiaalbertoadriani.com\/wp-content\/uploads\/2022\/07\/photo_2022-07-28_11-08-53-480x640.jpg 480w\" sizes=\"auto, (min-width: 0px) and (max-width: 480px) 480px, (min-width: 481px) 768px, 100vw\" \/><\/figure>\n\n\n\n<figure class=\"wp-block-image size-large\"><img loading=\"lazy\" decoding=\"async\" width=\"1024\" height=\"768\" data-id=\"375\" src=\"https:\/\/alcaldiaalbertoadriani.com\/wp-content\/uploads\/2022\/07\/photo_2022-07-28_11-09-05-1024x768.jpg\" alt=\"\" class=\"wp-image-375\" srcset=\"https:\/\/alcaldiaalbertoadriani.com\/wp-content\/uploads\/2022\/07\/photo_2022-07-28_11-09-05-1024x768.jpg 1024w, https:\/\/alcaldiaalbertoadriani.com\/wp-content\/uploads\/2022\/07\/photo_2022-07-28_11-09-05-980x735.jpg 980w, https:\/\/alcaldiaalbertoadriani.com\/wp-content\/uploads\/2022\/07\/photo_2022-07-28_11-09-05-480x360.jpg 480w\" sizes=\"auto, (min-width: 0px) and (max-width: 480px) 480px, (min-width: 481px) and (max-width: 980px) 980px, (min-width: 981px) 1024px, 100vw\" \/><\/figure>\n\n\n\n<figure class=\"wp-block-image size-large\"><img loading=\"lazy\" decoding=\"async\" width=\"768\" height=\"1024\" data-id=\"377\" src=\"https:\/\/alcaldiaalbertoadriani.com\/wp-content\/uploads\/2022\/07\/photo_2022-07-28_11-09-40-768x1024.jpg\" alt=\"\" class=\"wp-image-377\" srcset=\"https:\/\/alcaldiaalbertoadriani.com\/wp-content\/uploads\/2022\/07\/photo_2022-07-28_11-09-40-768x1024.jpg 768w, https:\/\/alcaldiaalbertoadriani.com\/wp-content\/uploads\/2022\/07\/photo_2022-07-28_11-09-40-480x640.jpg 480w\" sizes=\"auto, (min-width: 0px) and (max-width: 480px) 480px, (min-width: 481px) 768px, 100vw\" \/><\/figure>\n\n\n\n<figure class=\"wp-block-image size-large\"><img loading=\"lazy\" decoding=\"async\" width=\"768\" height=\"1024\" data-id=\"373\" src=\"https:\/\/alcaldiaalbertoadriani.com\/wp-content\/uploads\/2022\/07\/photo_2022-07-28_11-09-48-768x1024.jpg\" alt=\"\" class=\"wp-image-373\" srcset=\"https:\/\/alcaldiaalbertoadriani.com\/wp-content\/uploads\/2022\/07\/photo_2022-07-28_11-09-48-768x1024.jpg 768w, https:\/\/alcaldiaalbertoadriani.com\/wp-content\/uploads\/2022\/07\/photo_2022-07-28_11-09-48-480x640.jpg 480w\" sizes=\"auto, (min-width: 0px) and (max-width: 480px) 480px, (min-width: 481px) 768px, 100vw\" \/><\/figure>\n\n\n\n<figure class=\"wp-block-image size-large\"><img loading=\"lazy\" decoding=\"async\" width=\"768\" height=\"1024\" data-id=\"372\" src=\"https:\/\/alcaldiaalbertoadriani.com\/wp-content\/uploads\/2022\/07\/photo_2022-07-28_11-10-13-768x1024.jpg\" alt=\"\" class=\"wp-image-372\" srcset=\"https:\/\/alcaldiaalbertoadriani.com\/wp-content\/uploads\/2022\/07\/photo_2022-07-28_11-10-13-768x1024.jpg 768w, https:\/\/alcaldiaalbertoadriani.com\/wp-content\/uploads\/2022\/07\/photo_2022-07-28_11-10-13-480x640.jpg 480w\" sizes=\"auto, (min-width: 0px) and (max-width: 480px) 480px, (min-width: 481px) 768px, 100vw\" \/><\/figure>\n\n\n\n<figure class=\"wp-block-image size-large\"><img loading=\"lazy\" decoding=\"async\" width=\"1024\" height=\"576\" data-id=\"378\" src=\"https:\/\/alcaldiaalbertoadriani.com\/wp-content\/uploads\/2022\/07\/photo_2022-07-28_11-10-44-1024x576.jpg\" alt=\"\" class=\"wp-image-378\" srcset=\"https:\/\/alcaldiaalbertoadriani.com\/wp-content\/uploads\/2022\/07\/photo_2022-07-28_11-10-44-1024x576.jpg 1024w, https:\/\/alcaldiaalbertoadriani.com\/wp-content\/uploads\/2022\/07\/photo_2022-07-28_11-10-44-980x551.jpg 980w, https:\/\/alcaldiaalbertoadriani.com\/wp-content\/uploads\/2022\/07\/photo_2022-07-28_11-10-44-480x270.jpg 480w\" sizes=\"auto, (min-width: 0px) and (max-width: 480px) 480px, (min-width: 481px) and (max-width: 980px) 980px, (min-width: 981px) 1024px, 100vw\" \/><\/figure>\n<\/figure>\n","protected":false},"excerpt":{"rendered":"<p>***En un ambiente de alegr\u00eda y emoci\u00f3n las 24 ni\u00f1as gimnastas participantes, fueron recibidas por el alcalde vig\u00edense Lisandro Segura en las instalaciones de la Casa del Ni\u00f1o Trabajador El [&hellip;]<\/p>\n","protected":false},"author":2,"featured_media":380,"comment_status":"closed","ping_status":"closed","sticky":false,"template":"","format":"standard","meta":{"_et_pb_use_builder":"off","_et_pb_old_content":"","_et_gb_content_width":"","footnotes":""},"categories":[23,22,25,24],"tags":[31,11,12,15,30,29,28,33,26,27],"class_list":["post-370","post","type-post","status-publish","format-standard","has-post-thumbnail","hentry","category-casa-del-nino-trabajador","category-fundacion-ninos-color-de-mi-tierra","category-nuestro-municipio","category-recuperacion-de-espacios","tag-alcalde","tag-alcaldia","tag-alcaldiaalbertoadriani","tag-elvigia","tag-lisandrosegura","tag-municipioquenosmerecemos","tag-porelrenacer","tag-yudithparra","tag-fundacion","tag-ninoscolordemitierra"],"yoast_head":"<!-- This site is optimized with the Yoast SEO plugin v19.13 - https:\/\/yoast.com\/wordpress\/plugins\/seo\/ -->\n<title>Club de Gimnasia Florecitas El Vig\u00eda arras\u00f3 con m\u00e1s de 80 medallas en Colombia - Alcaldia Alberto Adriani<\/title>\n<meta name=\"robots\" content=\"index, follow, max-snippet:-1, max-image-preview:large, max-video-preview:-1\" \/>\n<link rel=\"canonical\" href=\"https:\/\/alcaldiaalbertoadriani.com\/?p=370\" \/>\n<meta property=\"og:locale\" content=\"es_ES\" \/>\n<meta property=\"og:type\" content=\"article\" \/>\n<meta property=\"og:title\" content=\"Club de Gimnasia Florecitas El Vig\u00eda arras\u00f3 con m\u00e1s de 80 medallas en Colombia - Alcaldia Alberto Adriani\" \/>\n<meta property=\"og:description\" content=\"***En un ambiente de alegr\u00eda y emoci\u00f3n las 24 ni\u00f1as gimnastas participantes, fueron recibidas por el alcalde vig\u00edense Lisandro Segura en las instalaciones de la Casa del Ni\u00f1o Trabajador El [&hellip;]\" \/>\n<meta property=\"og:url\" content=\"https:\/\/alcaldiaalbertoadriani.com\/?p=370\" \/>\n<meta property=\"og:site_name\" content=\"Alcaldia Alberto Adriani\" \/>\n<meta property=\"article:published_time\" content=\"2022-07-30T01:10:19+00:00\" \/>\n<meta property=\"article:modified_time\" content=\"2022-07-30T01:10:27+00:00\" \/>\n<meta property=\"og:image\" content=\"https:\/\/alcaldiaalbertoadriani.com\/wp-content\/uploads\/2022\/07\/photo_2022-07-28_11-10-01.jpg\" \/>\n\t<meta property=\"og:image:width\" content=\"1024\" \/>\n\t<meta property=\"og:image:height\" content=\"768\" \/>\n\t<meta property=\"og:image:type\" content=\"image\/jpeg\" \/>\n<meta name=\"author\" content=\"Prensa\" \/>\n<meta name=\"twitter:card\" content=\"summary_large_image\" \/>\n<meta name=\"twitter:label1\" content=\"Escrito por\" \/>\n\t<meta name=\"twitter:data1\" content=\"Prensa\" \/>\n\t<meta name=\"twitter:label2\" content=\"Tiempo de lectura\" \/>\n\t<meta name=\"twitter:data2\" content=\"1 minuto\" \/>\n<script type=\"application\/ld+json\" class=\"yoast-schema-graph\">{\"@context\":\"https:\/\/schema.org\",\"@graph\":[{\"@type\":\"WebPage\",\"@id\":\"https:\/\/alcaldiaalbertoadriani.com\/?p=370\",\"url\":\"https:\/\/alcaldiaalbertoadriani.com\/?p=370\",\"name\":\"Club de Gimnasia Florecitas El Vig\u00eda arras\u00f3 con m\u00e1s de 80 medallas en Colombia - Alcaldia Alberto Adriani\",\"isPartOf\":{\"@id\":\"https:\/\/alcaldiaalbertoadriani.com\/#website\"},\"datePublished\":\"2022-07-30T01:10:19+00:00\",\"dateModified\":\"2022-07-30T01:10:27+00:00\",\"author\":{\"@id\":\"https:\/\/alcaldiaalbertoadriani.com\/#\/schema\/person\/549b4483ff8999ac780deeea78795fc9\"},\"breadcrumb\":{\"@id\":\"https:\/\/alcaldiaalbertoadriani.com\/?p=370#breadcrumb\"},\"inLanguage\":\"es\",\"potentialAction\":[{\"@type\":\"ReadAction\",\"target\":[\"https:\/\/alcaldiaalbertoadriani.com\/?p=370\"]}]},{\"@type\":\"BreadcrumbList\",\"@id\":\"https:\/\/alcaldiaalbertoadriani.com\/?p=370#breadcrumb\",\"itemListElement\":[{\"@type\":\"ListItem\",\"position\":1,\"name\":\"Portada\",\"item\":\"https:\/\/alcaldiaalbertoadriani.com\/\"},{\"@type\":\"ListItem\",\"position\":2,\"name\":\"Club de Gimnasia Florecitas El Vig\u00eda arras\u00f3 con m\u00e1s de 80 medallas en Colombia\"}]},{\"@type\":\"WebSite\",\"@id\":\"https:\/\/alcaldiaalbertoadriani.com\/#website\",\"url\":\"https:\/\/alcaldiaalbertoadriani.com\/\",\"name\":\"Alcaldia Alberto Adriani\",\"description\":\"\",\"potentialAction\":[{\"@type\":\"SearchAction\",\"target\":{\"@type\":\"EntryPoint\",\"urlTemplate\":\"https:\/\/alcaldiaalbertoadriani.com\/?s={search_term_string}\"},\"query-input\":\"required name=search_term_string\"}],\"inLanguage\":\"es\"},{\"@type\":\"Person\",\"@id\":\"https:\/\/alcaldiaalbertoadriani.com\/#\/schema\/person\/549b4483ff8999ac780deeea78795fc9\",\"name\":\"Prensa\",\"image\":{\"@type\":\"ImageObject\",\"inLanguage\":\"es\",\"@id\":\"https:\/\/alcaldiaalbertoadriani.com\/#\/schema\/person\/image\/\",\"url\":\"https:\/\/secure.gravatar.com\/avatar\/ea1cb567ea992a29627f4eee1c2eb185ec16decec6342d508fdf18dedb56c9de?s=96&d=mm&r=g\",\"contentUrl\":\"https:\/\/secure.gravatar.com\/avatar\/ea1cb567ea992a29627f4eee1c2eb185ec16decec6342d508fdf18dedb56c9de?s=96&d=mm&r=g\",\"caption\":\"Prensa\"},\"url\":\"https:\/\/alcaldiaalbertoadriani.com\/?author=2\"}]}<\/script>\n<!-- \/ Yoast SEO plugin. -->","yoast_head_json":{"title":"Club de Gimnasia Florecitas El Vig\u00eda arras\u00f3 con m\u00e1s de 80 medallas en Colombia - Alcaldia Alberto Adriani","robots":{"index":"index","follow":"follow","max-snippet":"max-snippet:-1","max-image-preview":"max-image-preview:large","max-video-preview":"max-video-preview:-1"},"canonical":"https:\/\/alcaldiaalbertoadriani.com\/?p=370","og_locale":"es_ES","og_type":"article","og_title":"Club de Gimnasia Florecitas El Vig\u00eda arras\u00f3 con m\u00e1s de 80 medallas en Colombia - Alcaldia Alberto Adriani","og_description":"***En un ambiente de alegr\u00eda y emoci\u00f3n las 24 ni\u00f1as gimnastas participantes, fueron recibidas por el alcalde vig\u00edense Lisandro Segura en las instalaciones de la Casa del Ni\u00f1o Trabajador El [&hellip;]","og_url":"https:\/\/alcaldiaalbertoadriani.com\/?p=370","og_site_name":"Alcaldia Alberto Adriani","article_published_time":"2022-07-30T01:10:19+00:00","article_modified_time":"2022-07-30T01:10:27+00:00","og_image":[{"width":1024,"height":768,"url":"https:\/\/alcaldiaalbertoadriani.com\/wp-content\/uploads\/2022\/07\/photo_2022-07-28_11-10-01.jpg","type":"image\/jpeg"}],"author":"Prensa","twitter_card":"summary_large_image","twitter_misc":{"Escrito por":"Prensa","Tiempo de lectura":"1 minuto"},"schema":{"@context":"https:\/\/schema.org","@graph":[{"@type":"WebPage","@id":"https:\/\/alcaldiaalbertoadriani.com\/?p=370","url":"https:\/\/alcaldiaalbertoadriani.com\/?p=370","name":"Club de Gimnasia Florecitas El Vig\u00eda arras\u00f3 con m\u00e1s de 80 medallas en Colombia - Alcaldia Alberto Adriani","isPartOf":{"@id":"https:\/\/alcaldiaalbertoadriani.com\/#website"},"datePublished":"2022-07-30T01:10:19+00:00","dateModified":"2022-07-30T01:10:27+00:00","author":{"@id":"https:\/\/alcaldiaalbertoadriani.com\/#\/schema\/person\/549b4483ff8999ac780deeea78795fc9"},"breadcrumb":{"@id":"https:\/\/alcaldiaalbertoadriani.com\/?p=370#breadcrumb"},"inLanguage":"es","potentialAction":[{"@type":"ReadAction","target":["https:\/\/alcaldiaalbertoadriani.com\/?p=370"]}]},{"@type":"BreadcrumbList","@id":"https:\/\/alcaldiaalbertoadriani.com\/?p=370#breadcrumb","itemListElement":[{"@type":"ListItem","position":1,"name":"Portada","item":"https:\/\/alcaldiaalbertoadriani.com\/"},{"@type":"ListItem","position":2,"name":"Club de Gimnasia Florecitas El Vig\u00eda arras\u00f3 con m\u00e1s de 80 medallas en Colombia"}]},{"@type":"WebSite","@id":"https:\/\/alcaldiaalbertoadriani.com\/#website","url":"https:\/\/alcaldiaalbertoadriani.com\/","name":"Alcaldia Alberto Adriani","description":"","potentialAction":[{"@type":"SearchAction","target":{"@type":"EntryPoint","urlTemplate":"https:\/\/alcaldiaalbertoadriani.com\/?s={search_term_string}"},"query-input":"required name=search_term_string"}],"inLanguage":"es"},{"@type":"Person","@id":"https:\/\/alcaldiaalbertoadriani.com\/#\/schema\/person\/549b4483ff8999ac780deeea78795fc9","name":"Prensa","image":{"@type":"ImageObject","inLanguage":"es","@id":"https:\/\/alcaldiaalbertoadriani.com\/#\/schema\/person\/image\/","url":"https:\/\/secure.gravatar.com\/avatar\/ea1cb567ea992a29627f4eee1c2eb185ec16decec6342d508fdf18dedb56c9de?s=96&d=mm&r=g","contentUrl":"https:\/\/secure.gravatar.com\/avatar\/ea1cb567ea992a29627f4eee1c2eb185ec16decec6342d508fdf18dedb56c9de?s=96&d=mm&r=g","caption":"Prensa"},"url":"https:\/\/alcaldiaalbertoadriani.com\/?author=2"}]}},"_links":{"self":[{"href":"https:\/\/alcaldiaalbertoadriani.com\/index.php?rest_route=\/wp\/v2\/posts\/370","targetHints":{"allow":["GET"]}}],"collection":[{"href":"https:\/\/alcaldiaalbertoadriani.com\/index.php?rest_route=\/wp\/v2\/posts"}],"about":[{"href":"https:\/\/alcaldiaalbertoadriani.com\/index.php?rest_route=\/wp\/v2\/types\/post"}],"author":[{"embeddable":true,"href":"https:\/\/alcaldiaalbertoadriani.com\/index.php?rest_route=\/wp\/v2\/users\/2"}],"replies":[{"embeddable":true,"href":"https:\/\/alcaldiaalbertoadriani.com\/index.php?rest_route=%2Fwp%2Fv2%2Fcomments&post=370"}],"version-history":[{"count":1,"href":"https:\/\/alcaldiaalbertoadriani.com\/index.php?rest_route=\/wp\/v2\/posts\/370\/revisions"}],"predecessor-version":[{"id":379,"href":"https:\/\/alcaldiaalbertoadriani.com\/index.php?rest_route=\/wp\/v2\/posts\/370\/revisions\/379"}],"wp:featuredmedia":[{"embeddable":true,"href":"https:\/\/alcaldiaalbertoadriani.com\/index.php?rest_route=\/wp\/v2\/media\/380"}],"wp:attachment":[{"href":"https:\/\/alcaldiaalbertoadriani.com\/index.php?rest_route=%2Fwp%2Fv2%2Fmedia&parent=370"}],"wp:term":[{"taxonomy":"category","embeddable":true,"href":"https:\/\/alcaldiaalbertoadriani.com\/index.php?rest_route=%2Fwp%2Fv2%2Fcategories&post=370"},{"taxonomy":"post_tag","embeddable":true,"href":"https:\/\/alcaldiaalbertoadriani.com\/index.php?rest_route=%2Fwp%2Fv2%2Ftags&post=370"}],"curies":[{"name":"wp","href":"https:\/\/api.w.org\/{rel}","templated":true}]}}