{"id":3693,"date":"2023-09-11T18:14:17","date_gmt":"2023-09-11T18:14:17","guid":{"rendered":"https:\/\/alcaldiaalbertoadriani.com\/?p=3693"},"modified":"2023-09-11T18:14:21","modified_gmt":"2023-09-11T18:14:21","slug":"vacaciones-recreativas-y-deportivas","status":"publish","type":"post","link":"https:\/\/alcaldiaalbertoadriani.com\/?p=3693","title":{"rendered":"Imdraa avanza con el plan \u201cVacaciones Recreativas y Deportivas&#8221;"},"content":{"rendered":"<div class=\"wp-block-post-excerpt\"><p class=\"wp-block-post-excerpt__excerpt\">Es un programa Comunitario que se est\u00e1 llevando a las siete parroquias del municipio Alberto Adriani <\/p><\/div>\n\n\n<p>El <a href=\"https:\/\/alcaldiaalbertoadriani.com\/?p=3609\" target=\"_blank\" rel=\"noreferrer noopener\">Instituto Municipal del Deporte y Recreaci\u00f3n \u2013Imdraa-<\/a>, avanza con el <a href=\"https:\/\/alcaldiaalbertoadriani.com\/?p=3609\" target=\"_blank\" rel=\"noreferrer noopener\">plan \u201cVacaciones Recreativas y Deportivas\u201d<\/a>, en las distintas comunidades del <a href=\"https:\/\/www.instagram.com\/alcaldia_aa\/\" target=\"_blank\" rel=\"noreferrer noopener\">municipio Alberto Adriani<\/a>.\u00a0<\/p>\n\n\n\n<h2 class=\"wp-block-heading\">Vacaciones Recreativas y Deportivas<\/h2>\n\n\n\n<p>Por ello, Ricardo Romero, presidente del instituto, inform\u00f3 que en esta ocasi\u00f3n se realizaron varios encuentros deportivos y recreativos con los ni\u00f1os, j\u00f3venes y adolescentes de la comunidad de Mucujepe, capital de la parroquia H\u00e9ctor Amable Mora.<\/p>\n\n\n\n<p>Acot\u00f3 Romero que para el desarrollo de estas actividades, se cont\u00f3 con el apoyo de Kellys Contreras, concejal de la referida parroquia, quien hizo la donaci\u00f3n de confiter\u00eda y refrescos.&nbsp;<\/p>\n\n\n\n<figure class=\"wp-block-image size-large\"><img loading=\"lazy\" decoding=\"async\" width=\"1024\" height=\"768\" src=\"https:\/\/alcaldiaalbertoadriani.com\/wp-content\/uploads\/2023\/09\/photo_2023-09-08_21-47-51-2-1024x768.jpg\" alt=\"\" class=\"wp-image-3695\" srcset=\"https:\/\/alcaldiaalbertoadriani.com\/wp-content\/uploads\/2023\/09\/photo_2023-09-08_21-47-51-2-1024x768.jpg 1024w, https:\/\/alcaldiaalbertoadriani.com\/wp-content\/uploads\/2023\/09\/photo_2023-09-08_21-47-51-2-980x735.jpg 980w, https:\/\/alcaldiaalbertoadriani.com\/wp-content\/uploads\/2023\/09\/photo_2023-09-08_21-47-51-2-480x360.jpg 480w\" sizes=\"auto, (min-width: 0px) and (max-width: 480px) 480px, (min-width: 481px) and (max-width: 980px) 980px, (min-width: 981px) 1024px, 100vw\" \/><\/figure>\n\n\n\n<!--more-->\n\n\n\n<h2 class=\"wp-block-heading\">Ca\u00f1o Amarillo<\/h2>\n\n\n\n<p>Acot\u00f3 Ricardo Romero que la cancha deportiva del sector Ca\u00f1o Amarillo, ubicada en la misma parroquia, recibi\u00f3 una jornada de limpieza en sus \u00e1reas verdes por parte de las <a href=\"https:\/\/alcaldiaalbertoadriani.com\/?p=3392\">cuadrillas de la gerencia de los Servicios P\u00fablicos<\/a>.<\/p>\n\n\n\n<p>\u201cTambi\u00e9n realizamos varios juegos deportivos tales como kikinball y f\u00fatbol sala, con la intenci\u00f3n de compartir y pasar un d\u00eda ameno con los ni\u00f1os de esta comunidad\u201d.<\/p>\n\n\n\n<p>Record\u00f3 el funcionario que se trata de un plan comunitario, compuesto por 14 actividades, con dos jornadas por parroquia a la semana, durante todo el mes de septiembre.&nbsp;&nbsp;<\/p>\n\n\n\n<p>Para concluir, reiter\u00f3 Ricardo Romero que siguiendo pol\u00edticas p\u00fablicas del <a href=\"https:\/\/www.instagram.com\/lisandrosegura02\/\" target=\"_blank\" rel=\"noreferrer noopener\">alcalde Lisandro Segura<\/a>, \u201cestamos desplegados en las comunidades llevando diversi\u00f3n y mucho m\u00e1s en esta temporada vacacional 2023\u201d. <strong>Prensa <a href=\"https:\/\/www.instagram.com\/alcaldia_aa\/\" target=\"_blank\" rel=\"noreferrer noopener\">Alcald\u00eda Alberto Adriani<\/a>\/Edgar Mendoza CNP. 25.736\/Fotos: Imdraa.<\/strong><\/p>\n\n\n\n<figure class=\"wp-block-gallery has-nested-images columns-default is-cropped wp-block-gallery-1 is-layout-flex wp-block-gallery-is-layout-flex\">\n<figure class=\"wp-block-image size-large\"><img loading=\"lazy\" decoding=\"async\" width=\"1024\" height=\"734\" data-id=\"3701\" src=\"https:\/\/alcaldiaalbertoadriani.com\/wp-content\/uploads\/2023\/09\/photo_2023-09-08_21-47-50-1024x734.jpg\" alt=\"\" class=\"wp-image-3701\" srcset=\"https:\/\/alcaldiaalbertoadriani.com\/wp-content\/uploads\/2023\/09\/photo_2023-09-08_21-47-50-1024x734.jpg 1024w, https:\/\/alcaldiaalbertoadriani.com\/wp-content\/uploads\/2023\/09\/photo_2023-09-08_21-47-50-980x702.jpg 980w, https:\/\/alcaldiaalbertoadriani.com\/wp-content\/uploads\/2023\/09\/photo_2023-09-08_21-47-50-480x344.jpg 480w\" sizes=\"auto, (min-width: 0px) and (max-width: 480px) 480px, (min-width: 481px) and (max-width: 980px) 980px, (min-width: 981px) 1024px, 100vw\" \/><\/figure>\n\n\n\n<figure class=\"wp-block-image size-large\"><img loading=\"lazy\" decoding=\"async\" width=\"1024\" height=\"768\" data-id=\"3700\" src=\"https:\/\/alcaldiaalbertoadriani.com\/wp-content\/uploads\/2023\/09\/photo_2023-09-08_21-47-51-3-1024x768.jpg\" alt=\"\" class=\"wp-image-3700\" srcset=\"https:\/\/alcaldiaalbertoadriani.com\/wp-content\/uploads\/2023\/09\/photo_2023-09-08_21-47-51-3-1024x768.jpg 1024w, https:\/\/alcaldiaalbertoadriani.com\/wp-content\/uploads\/2023\/09\/photo_2023-09-08_21-47-51-3-980x735.jpg 980w, https:\/\/alcaldiaalbertoadriani.com\/wp-content\/uploads\/2023\/09\/photo_2023-09-08_21-47-51-3-480x360.jpg 480w\" sizes=\"auto, (min-width: 0px) and (max-width: 480px) 480px, (min-width: 481px) and (max-width: 980px) 980px, (min-width: 981px) 1024px, 100vw\" \/><\/figure>\n\n\n\n<figure class=\"wp-block-image size-large\"><img loading=\"lazy\" decoding=\"async\" width=\"1024\" height=\"768\" data-id=\"3696\" src=\"https:\/\/alcaldiaalbertoadriani.com\/wp-content\/uploads\/2023\/09\/photo_2023-09-08_21-47-51-1024x768.jpg\" alt=\"\" class=\"wp-image-3696\" srcset=\"https:\/\/alcaldiaalbertoadriani.com\/wp-content\/uploads\/2023\/09\/photo_2023-09-08_21-47-51-1024x768.jpg 1024w, https:\/\/alcaldiaalbertoadriani.com\/wp-content\/uploads\/2023\/09\/photo_2023-09-08_21-47-51-980x735.jpg 980w, https:\/\/alcaldiaalbertoadriani.com\/wp-content\/uploads\/2023\/09\/photo_2023-09-08_21-47-51-480x360.jpg 480w\" sizes=\"auto, (min-width: 0px) and (max-width: 480px) 480px, (min-width: 481px) and (max-width: 980px) 980px, (min-width: 981px) 1024px, 100vw\" \/><\/figure>\n\n\n\n<figure class=\"wp-block-image size-large\"><img loading=\"lazy\" decoding=\"async\" width=\"1024\" height=\"768\" data-id=\"3702\" src=\"https:\/\/alcaldiaalbertoadriani.com\/wp-content\/uploads\/2023\/09\/photo_2023-09-08_21-47-52-2-1024x768.jpg\" alt=\"\" class=\"wp-image-3702\" srcset=\"https:\/\/alcaldiaalbertoadriani.com\/wp-content\/uploads\/2023\/09\/photo_2023-09-08_21-47-52-2-1024x768.jpg 1024w, https:\/\/alcaldiaalbertoadriani.com\/wp-content\/uploads\/2023\/09\/photo_2023-09-08_21-47-52-2-980x735.jpg 980w, https:\/\/alcaldiaalbertoadriani.com\/wp-content\/uploads\/2023\/09\/photo_2023-09-08_21-47-52-2-480x360.jpg 480w\" sizes=\"auto, (min-width: 0px) and (max-width: 480px) 480px, (min-width: 481px) and (max-width: 980px) 980px, (min-width: 981px) 1024px, 100vw\" \/><\/figure>\n\n\n\n<figure class=\"wp-block-image size-large\"><img loading=\"lazy\" decoding=\"async\" width=\"1024\" height=\"768\" data-id=\"3698\" src=\"https:\/\/alcaldiaalbertoadriani.com\/wp-content\/uploads\/2023\/09\/photo_2023-09-08_21-47-53-2-1024x768.jpg\" alt=\"\" class=\"wp-image-3698\" srcset=\"https:\/\/alcaldiaalbertoadriani.com\/wp-content\/uploads\/2023\/09\/photo_2023-09-08_21-47-53-2-1024x768.jpg 1024w, https:\/\/alcaldiaalbertoadriani.com\/wp-content\/uploads\/2023\/09\/photo_2023-09-08_21-47-53-2-980x735.jpg 980w, https:\/\/alcaldiaalbertoadriani.com\/wp-content\/uploads\/2023\/09\/photo_2023-09-08_21-47-53-2-480x360.jpg 480w\" sizes=\"auto, (min-width: 0px) and (max-width: 480px) 480px, (min-width: 481px) and (max-width: 980px) 980px, (min-width: 981px) 1024px, 100vw\" \/><\/figure>\n\n\n\n<figure class=\"wp-block-image size-large\"><img loading=\"lazy\" decoding=\"async\" width=\"1024\" height=\"768\" data-id=\"3697\" src=\"https:\/\/alcaldiaalbertoadriani.com\/wp-content\/uploads\/2023\/09\/photo_2023-09-08_21-47-53-1024x768.jpg\" alt=\"\" class=\"wp-image-3697\" srcset=\"https:\/\/alcaldiaalbertoadriani.com\/wp-content\/uploads\/2023\/09\/photo_2023-09-08_21-47-53-1024x768.jpg 1024w, https:\/\/alcaldiaalbertoadriani.com\/wp-content\/uploads\/2023\/09\/photo_2023-09-08_21-47-53-980x735.jpg 980w, https:\/\/alcaldiaalbertoadriani.com\/wp-content\/uploads\/2023\/09\/photo_2023-09-08_21-47-53-480x360.jpg 480w\" sizes=\"auto, (min-width: 0px) and (max-width: 480px) 480px, (min-width: 481px) and (max-width: 980px) 980px, (min-width: 981px) 1024px, 100vw\" \/><\/figure>\n\n\n\n<figure class=\"wp-block-image size-large\"><img loading=\"lazy\" decoding=\"async\" width=\"1024\" height=\"802\" data-id=\"3703\" src=\"https:\/\/alcaldiaalbertoadriani.com\/wp-content\/uploads\/2023\/09\/photo_2023-09-08_21-47-54-2-1024x802.jpg\" alt=\"\" class=\"wp-image-3703\" srcset=\"https:\/\/alcaldiaalbertoadriani.com\/wp-content\/uploads\/2023\/09\/photo_2023-09-08_21-47-54-2-1024x802.jpg 1024w, https:\/\/alcaldiaalbertoadriani.com\/wp-content\/uploads\/2023\/09\/photo_2023-09-08_21-47-54-2-980x767.jpg 980w, https:\/\/alcaldiaalbertoadriani.com\/wp-content\/uploads\/2023\/09\/photo_2023-09-08_21-47-54-2-480x376.jpg 480w\" sizes=\"auto, (min-width: 0px) and (max-width: 480px) 480px, (min-width: 481px) and (max-width: 980px) 980px, (min-width: 981px) 1024px, 100vw\" \/><\/figure>\n\n\n\n<figure class=\"wp-block-image size-large\"><img loading=\"lazy\" decoding=\"async\" width=\"1024\" height=\"768\" data-id=\"3699\" src=\"https:\/\/alcaldiaalbertoadriani.com\/wp-content\/uploads\/2023\/09\/photo_2023-09-08_21-47-54-1024x768.jpg\" alt=\"\" class=\"wp-image-3699\" srcset=\"https:\/\/alcaldiaalbertoadriani.com\/wp-content\/uploads\/2023\/09\/photo_2023-09-08_21-47-54-1024x768.jpg 1024w, https:\/\/alcaldiaalbertoadriani.com\/wp-content\/uploads\/2023\/09\/photo_2023-09-08_21-47-54-980x735.jpg 980w, https:\/\/alcaldiaalbertoadriani.com\/wp-content\/uploads\/2023\/09\/photo_2023-09-08_21-47-54-480x360.jpg 480w\" sizes=\"auto, (min-width: 0px) and (max-width: 480px) 480px, (min-width: 481px) and (max-width: 980px) 980px, (min-width: 981px) 1024px, 100vw\" \/><\/figure>\n<\/figure>\n","protected":false},"excerpt":{"rendered":"<p><em><strong>Es un programa Comunitario que se est\u00e1 llevando a las siete parroquias del municipio Alberto Adriani<\/strong><\/em><\/p>\n","protected":false},"author":2,"featured_media":3694,"comment_status":"closed","ping_status":"closed","sticky":false,"template":"","format":"standard","meta":{"_et_pb_use_builder":"off","_et_pb_old_content":"","_et_gb_content_width":"","footnotes":""},"categories":[39,61,50,25],"tags":[31,11,12,15,30,29,28],"class_list":["post-3693","post","type-post","status-publish","format-standard","has-post-thumbnail","hentry","category-actividades-sociales","category-deportes","category-imdraa","category-nuestro-municipio","tag-alcalde","tag-alcaldia","tag-alcaldiaalbertoadriani","tag-elvigia","tag-lisandrosegura","tag-municipioquenosmerecemos","tag-porelrenacer"],"yoast_head":"<!-- This site is optimized with the Yoast SEO plugin v19.13 - https:\/\/yoast.com\/wordpress\/plugins\/seo\/ -->\n<title>Imdraa avanza con el plan \u201cVacaciones Recreativas y Deportivas&quot; - Alcaldia Alberto Adriani<\/title>\n<meta name=\"description\" content=\"Imdraa avanza con el plan \u201cVacaciones Recreativas y Deportivas\u201d, en las distintas comunidades del municipio Alberto Adriani.\u00a0\" \/>\n<meta name=\"robots\" content=\"index, follow, max-snippet:-1, max-image-preview:large, max-video-preview:-1\" \/>\n<link rel=\"canonical\" href=\"https:\/\/alcaldiaalbertoadriani.com\/?p=3693\" \/>\n<meta property=\"og:locale\" content=\"es_ES\" \/>\n<meta property=\"og:type\" content=\"article\" \/>\n<meta property=\"og:title\" content=\"Imdraa avanza con el plan \u201cVacaciones Recreativas y Deportivas&quot; - Alcaldia Alberto Adriani\" \/>\n<meta property=\"og:description\" content=\"Imdraa avanza con el plan \u201cVacaciones Recreativas y Deportivas\u201d, en las distintas comunidades del municipio Alberto Adriani.\u00a0\" \/>\n<meta property=\"og:url\" content=\"https:\/\/alcaldiaalbertoadriani.com\/?p=3693\" \/>\n<meta property=\"og:site_name\" content=\"Alcaldia Alberto Adriani\" \/>\n<meta property=\"article:published_time\" content=\"2023-09-11T18:14:17+00:00\" \/>\n<meta property=\"article:modified_time\" content=\"2023-09-11T18:14:21+00:00\" \/>\n<meta property=\"og:image\" content=\"https:\/\/alcaldiaalbertoadriani.com\/wp-content\/uploads\/2023\/09\/photo_2023-09-08_21-47-52.jpg\" \/>\n\t<meta property=\"og:image:width\" content=\"1280\" \/>\n\t<meta property=\"og:image:height\" content=\"742\" \/>\n\t<meta property=\"og:image:type\" content=\"image\/jpeg\" \/>\n<meta name=\"author\" content=\"Prensa\" \/>\n<meta name=\"twitter:card\" content=\"summary_large_image\" \/>\n<meta name=\"twitter:label1\" content=\"Escrito por\" \/>\n\t<meta name=\"twitter:data1\" content=\"Prensa\" \/>\n\t<meta name=\"twitter:label2\" content=\"Tiempo de lectura\" \/>\n\t<meta name=\"twitter:data2\" content=\"3 minutos\" \/>\n<script type=\"application\/ld+json\" class=\"yoast-schema-graph\">{\"@context\":\"https:\/\/schema.org\",\"@graph\":[{\"@type\":\"WebPage\",\"@id\":\"https:\/\/alcaldiaalbertoadriani.com\/?p=3693\",\"url\":\"https:\/\/alcaldiaalbertoadriani.com\/?p=3693\",\"name\":\"Imdraa avanza con el plan \u201cVacaciones Recreativas y Deportivas\\\" - Alcaldia Alberto Adriani\",\"isPartOf\":{\"@id\":\"https:\/\/alcaldiaalbertoadriani.com\/#website\"},\"datePublished\":\"2023-09-11T18:14:17+00:00\",\"dateModified\":\"2023-09-11T18:14:21+00:00\",\"author\":{\"@id\":\"https:\/\/alcaldiaalbertoadriani.com\/#\/schema\/person\/549b4483ff8999ac780deeea78795fc9\"},\"description\":\"Imdraa avanza con el plan \u201cVacaciones Recreativas y Deportivas\u201d, en las distintas comunidades del municipio Alberto Adriani.\u00a0\",\"breadcrumb\":{\"@id\":\"https:\/\/alcaldiaalbertoadriani.com\/?p=3693#breadcrumb\"},\"inLanguage\":\"es\",\"potentialAction\":[{\"@type\":\"ReadAction\",\"target\":[\"https:\/\/alcaldiaalbertoadriani.com\/?p=3693\"]}]},{\"@type\":\"BreadcrumbList\",\"@id\":\"https:\/\/alcaldiaalbertoadriani.com\/?p=3693#breadcrumb\",\"itemListElement\":[{\"@type\":\"ListItem\",\"position\":1,\"name\":\"Portada\",\"item\":\"https:\/\/alcaldiaalbertoadriani.com\/\"},{\"@type\":\"ListItem\",\"position\":2,\"name\":\"Imdraa avanza con el plan \u201cVacaciones Recreativas y Deportivas&#8221;\"}]},{\"@type\":\"WebSite\",\"@id\":\"https:\/\/alcaldiaalbertoadriani.com\/#website\",\"url\":\"https:\/\/alcaldiaalbertoadriani.com\/\",\"name\":\"Alcaldia Alberto Adriani\",\"description\":\"\",\"potentialAction\":[{\"@type\":\"SearchAction\",\"target\":{\"@type\":\"EntryPoint\",\"urlTemplate\":\"https:\/\/alcaldiaalbertoadriani.com\/?s={search_term_string}\"},\"query-input\":\"required name=search_term_string\"}],\"inLanguage\":\"es\"},{\"@type\":\"Person\",\"@id\":\"https:\/\/alcaldiaalbertoadriani.com\/#\/schema\/person\/549b4483ff8999ac780deeea78795fc9\",\"name\":\"Prensa\",\"image\":{\"@type\":\"ImageObject\",\"inLanguage\":\"es\",\"@id\":\"https:\/\/alcaldiaalbertoadriani.com\/#\/schema\/person\/image\/\",\"url\":\"https:\/\/secure.gravatar.com\/avatar\/ea1cb567ea992a29627f4eee1c2eb185ec16decec6342d508fdf18dedb56c9de?s=96&d=mm&r=g\",\"contentUrl\":\"https:\/\/secure.gravatar.com\/avatar\/ea1cb567ea992a29627f4eee1c2eb185ec16decec6342d508fdf18dedb56c9de?s=96&d=mm&r=g\",\"caption\":\"Prensa\"},\"url\":\"https:\/\/alcaldiaalbertoadriani.com\/?author=2\"}]}<\/script>\n<!-- \/ Yoast SEO plugin. -->","yoast_head_json":{"title":"Imdraa avanza con el plan \u201cVacaciones Recreativas y Deportivas\" - Alcaldia Alberto Adriani","description":"Imdraa avanza con el plan \u201cVacaciones Recreativas y Deportivas\u201d, en las distintas comunidades del municipio Alberto Adriani.\u00a0","robots":{"index":"index","follow":"follow","max-snippet":"max-snippet:-1","max-image-preview":"max-image-preview:large","max-video-preview":"max-video-preview:-1"},"canonical":"https:\/\/alcaldiaalbertoadriani.com\/?p=3693","og_locale":"es_ES","og_type":"article","og_title":"Imdraa avanza con el plan \u201cVacaciones Recreativas y Deportivas\" - Alcaldia Alberto Adriani","og_description":"Imdraa avanza con el plan \u201cVacaciones Recreativas y Deportivas\u201d, en las distintas comunidades del municipio Alberto Adriani.\u00a0","og_url":"https:\/\/alcaldiaalbertoadriani.com\/?p=3693","og_site_name":"Alcaldia Alberto Adriani","article_published_time":"2023-09-11T18:14:17+00:00","article_modified_time":"2023-09-11T18:14:21+00:00","og_image":[{"width":1280,"height":742,"url":"https:\/\/alcaldiaalbertoadriani.com\/wp-content\/uploads\/2023\/09\/photo_2023-09-08_21-47-52.jpg","type":"image\/jpeg"}],"author":"Prensa","twitter_card":"summary_large_image","twitter_misc":{"Escrito por":"Prensa","Tiempo de lectura":"3 minutos"},"schema":{"@context":"https:\/\/schema.org","@graph":[{"@type":"WebPage","@id":"https:\/\/alcaldiaalbertoadriani.com\/?p=3693","url":"https:\/\/alcaldiaalbertoadriani.com\/?p=3693","name":"Imdraa avanza con el plan \u201cVacaciones Recreativas y Deportivas\" - Alcaldia Alberto Adriani","isPartOf":{"@id":"https:\/\/alcaldiaalbertoadriani.com\/#website"},"datePublished":"2023-09-11T18:14:17+00:00","dateModified":"2023-09-11T18:14:21+00:00","author":{"@id":"https:\/\/alcaldiaalbertoadriani.com\/#\/schema\/person\/549b4483ff8999ac780deeea78795fc9"},"description":"Imdraa avanza con el plan \u201cVacaciones Recreativas y Deportivas\u201d, en las distintas comunidades del municipio Alberto Adriani.\u00a0","breadcrumb":{"@id":"https:\/\/alcaldiaalbertoadriani.com\/?p=3693#breadcrumb"},"inLanguage":"es","potentialAction":[{"@type":"ReadAction","target":["https:\/\/alcaldiaalbertoadriani.com\/?p=3693"]}]},{"@type":"BreadcrumbList","@id":"https:\/\/alcaldiaalbertoadriani.com\/?p=3693#breadcrumb","itemListElement":[{"@type":"ListItem","position":1,"name":"Portada","item":"https:\/\/alcaldiaalbertoadriani.com\/"},{"@type":"ListItem","position":2,"name":"Imdraa avanza con el plan \u201cVacaciones Recreativas y Deportivas&#8221;"}]},{"@type":"WebSite","@id":"https:\/\/alcaldiaalbertoadriani.com\/#website","url":"https:\/\/alcaldiaalbertoadriani.com\/","name":"Alcaldia Alberto Adriani","description":"","potentialAction":[{"@type":"SearchAction","target":{"@type":"EntryPoint","urlTemplate":"https:\/\/alcaldiaalbertoadriani.com\/?s={search_term_string}"},"query-input":"required name=search_term_string"}],"inLanguage":"es"},{"@type":"Person","@id":"https:\/\/alcaldiaalbertoadriani.com\/#\/schema\/person\/549b4483ff8999ac780deeea78795fc9","name":"Prensa","image":{"@type":"ImageObject","inLanguage":"es","@id":"https:\/\/alcaldiaalbertoadriani.com\/#\/schema\/person\/image\/","url":"https:\/\/secure.gravatar.com\/avatar\/ea1cb567ea992a29627f4eee1c2eb185ec16decec6342d508fdf18dedb56c9de?s=96&d=mm&r=g","contentUrl":"https:\/\/secure.gravatar.com\/avatar\/ea1cb567ea992a29627f4eee1c2eb185ec16decec6342d508fdf18dedb56c9de?s=96&d=mm&r=g","caption":"Prensa"},"url":"https:\/\/alcaldiaalbertoadriani.com\/?author=2"}]}},"_links":{"self":[{"href":"https:\/\/alcaldiaalbertoadriani.com\/index.php?rest_route=\/wp\/v2\/posts\/3693","targetHints":{"allow":["GET"]}}],"collection":[{"href":"https:\/\/alcaldiaalbertoadriani.com\/index.php?rest_route=\/wp\/v2\/posts"}],"about":[{"href":"https:\/\/alcaldiaalbertoadriani.com\/index.php?rest_route=\/wp\/v2\/types\/post"}],"author":[{"embeddable":true,"href":"https:\/\/alcaldiaalbertoadriani.com\/index.php?rest_route=\/wp\/v2\/users\/2"}],"replies":[{"embeddable":true,"href":"https:\/\/alcaldiaalbertoadriani.com\/index.php?rest_route=%2Fwp%2Fv2%2Fcomments&post=3693"}],"version-history":[{"count":1,"href":"https:\/\/alcaldiaalbertoadriani.com\/index.php?rest_route=\/wp\/v2\/posts\/3693\/revisions"}],"predecessor-version":[{"id":3704,"href":"https:\/\/alcaldiaalbertoadriani.com\/index.php?rest_route=\/wp\/v2\/posts\/3693\/revisions\/3704"}],"wp:featuredmedia":[{"embeddable":true,"href":"https:\/\/alcaldiaalbertoadriani.com\/index.php?rest_route=\/wp\/v2\/media\/3694"}],"wp:attachment":[{"href":"https:\/\/alcaldiaalbertoadriani.com\/index.php?rest_route=%2Fwp%2Fv2%2Fmedia&parent=3693"}],"wp:term":[{"taxonomy":"category","embeddable":true,"href":"https:\/\/alcaldiaalbertoadriani.com\/index.php?rest_route=%2Fwp%2Fv2%2Fcategories&post=3693"},{"taxonomy":"post_tag","embeddable":true,"href":"https:\/\/alcaldiaalbertoadriani.com\/index.php?rest_route=%2Fwp%2Fv2%2Ftags&post=3693"}],"curies":[{"name":"wp","href":"https:\/\/api.w.org\/{rel}","templated":true}]}}