{"id":3637,"date":"2023-09-01T15:56:08","date_gmt":"2023-09-01T15:56:08","guid":{"rendered":"https:\/\/alcaldiaalbertoadriani.com\/?p=3637"},"modified":"2023-09-01T15:56:14","modified_gmt":"2023-09-01T15:56:14","slug":"diagnostico-presupuesto-participativo-2","status":"publish","type":"post","link":"https:\/\/alcaldiaalbertoadriani.com\/?p=3637","title":{"rendered":"PRESENTARON ANTE EL CLPP INFORME DEL DIAGN\u00d3STICO DEL PRESUPUESTO PARTICIPATIVO"},"content":{"rendered":"<div class=\"wp-block-post-excerpt\"><p class=\"wp-block-post-excerpt__excerpt\">Casi 9 mil ciudadanos participaron en las asambleas <\/p><\/div>\n\n\n<p>En reuni\u00f3n ordinaria del <a href=\"https:\/\/alcaldiaalbertoadriani.com\/?p=2810\" target=\"_blank\" rel=\"noreferrer noopener\">Consejo Local de Planificaci\u00f3n P\u00fablica (Clpp) de Alberto Adriani<\/a>, realizada este jueves 31 de agosto, fue presentado ante la plenaria el informe sobre los resultados del diagn\u00f3stico del presupuesto participativo, asimismo, la consignaci\u00f3n de las solicitudes hechas por las comunidades a la sala t\u00e9cnica.<\/p>\n\n\n\n<p>La reuni\u00f3n se desarroll\u00f3 en el auditorio de la <a href=\"https:\/\/alcaldiaalbertoadriani.com\/?p=389\" target=\"_blank\" rel=\"noreferrer noopener\">Casa del Ni\u00f1o Trabajador \u201cDr. H\u00e9ctor Rodr\u00edguez Dugarte\u201d<\/a>.<\/p>\n\n\n\n<p>La informaci\u00f3n la dio a conocer el alcalde y presidente del \u00f3rgano planificador, Lisandro Segura, quien se\u00f1al\u00f3 que de acuerdo con la Ley Org\u00e1nica de los <a href=\"https:\/\/alcaldiaalbertoadriani.com\/?p=2538\" target=\"_blank\" rel=\"noreferrer noopener\">Consejos Locales de Planificaci\u00f3n P\u00fablica<\/a> y la Ley Org\u00e1nica del Poder P\u00fablico Municipal, se presenta a la plenaria el informe sobre los resultados del diagn\u00f3stico participativo emanado de las asambleas de ciudadanos, as\u00ed como la consignaci\u00f3n ante la sala t\u00e9cnica del Clpp de las solicitudes realizadas\u201d, apunt\u00f3.<\/p>\n\n\n\n<figure class=\"wp-block-image size-large\"><img loading=\"lazy\" decoding=\"async\" width=\"1024\" height=\"768\" src=\"https:\/\/alcaldiaalbertoadriani.com\/wp-content\/uploads\/2023\/09\/photo1693524268-1-1024x768.jpg\" alt=\"\" class=\"wp-image-3640\" srcset=\"https:\/\/alcaldiaalbertoadriani.com\/wp-content\/uploads\/2023\/09\/photo1693524268-1-1024x768.jpg 1024w, https:\/\/alcaldiaalbertoadriani.com\/wp-content\/uploads\/2023\/09\/photo1693524268-1-980x735.jpg 980w, https:\/\/alcaldiaalbertoadriani.com\/wp-content\/uploads\/2023\/09\/photo1693524268-1-480x360.jpg 480w\" sizes=\"auto, (min-width: 0px) and (max-width: 480px) 480px, (min-width: 481px) and (max-width: 980px) 980px, (min-width: 981px) 1024px, 100vw\" \/><\/figure>\n\n\n\n<!--more-->\n\n\n\n<h2 class=\"wp-block-heading\">Primera etapa del diagn\u00f3stico presupuesto participativo<\/h2>\n\n\n\n<p>Explic\u00f3 que, con la presentaci\u00f3n de los resultados, se culmina la primera etapa referida al diagn\u00f3stico del presupuesto participativo, \u201ccon un total de 200 asambleas de ciudadanos que nos permitieron llegar a 329 sectores o comunidades del <a href=\"https:\/\/www.facebook.com\/alcaldiaaa\" target=\"_blank\" rel=\"noreferrer noopener\">municipio Alberto Adriani<\/a> con una participaci\u00f3n de casi 9 mil ciudadanos que llenaron la encuesta&#8221;.<\/p>\n\n\n\n<p>Refiri\u00f3 que es una importante muestra que recoge la informaci\u00f3n en cuanto a las obras prioritarias de las comunidades.<\/p>\n\n\n\n<figure class=\"wp-block-image size-large\"><img loading=\"lazy\" decoding=\"async\" width=\"1024\" height=\"768\" src=\"https:\/\/alcaldiaalbertoadriani.com\/wp-content\/uploads\/2023\/09\/photo1693524279-1-1024x768.jpg\" alt=\"\" class=\"wp-image-3641\" srcset=\"https:\/\/alcaldiaalbertoadriani.com\/wp-content\/uploads\/2023\/09\/photo1693524279-1-1024x768.jpg 1024w, https:\/\/alcaldiaalbertoadriani.com\/wp-content\/uploads\/2023\/09\/photo1693524279-1-980x735.jpg 980w, https:\/\/alcaldiaalbertoadriani.com\/wp-content\/uploads\/2023\/09\/photo1693524279-1-480x360.jpg 480w\" sizes=\"auto, (min-width: 0px) and (max-width: 480px) 480px, (min-width: 481px) and (max-width: 980px) 980px, (min-width: 981px) 1024px, 100vw\" \/><\/figure>\n\n\n\n<h2 class=\"wp-block-heading\">Segunda etapa<\/h2>\n\n\n\n<p><br>Por otra parte, a\u00f1adi\u00f3 <a href=\"https:\/\/www.facebook.com\/LisandroRamirezSegura\" target=\"_blank\" rel=\"noreferrer noopener\">Lisandro Segura<\/a> que ahora viene la segunda etapa que es evaluar la factibilidad t\u00e9cnica y econ\u00f3mica por parte de la sala t\u00e9cnica del Clpp, conformada por profesionales de la ingenier\u00eda y la arquitectura.<\/p>\n\n\n\n<p>Respecto a ello, dijo que \u201cvan a elaborar las fichas de aproximadamente 630 planteamientos hechos en las comunidades con los vecinos, para finalmente de acuerdo a la factibilidad, escoger cu\u00e1les ser\u00e1n atendidos por parte del Gobierno municipal y as\u00ed proceder a la elaboraci\u00f3n de los proyectos a fin de que las obras sean incluidas en el presupuesto del a\u00f1o 2024\u201d, especific\u00f3.<\/p>\n\n\n\n<p>Finalmente, dijo Segura que esta etapa ser\u00e1 de mes y medio a partir de este momento, por lo que solicit\u00f3 a los consejeros ser respetuosos de lo manifestado por los ciudadanos en las asambleas. <strong>Prensa <a href=\"https:\/\/www.facebook.com\/alcaldiaaa\" target=\"_blank\" rel=\"noreferrer noopener\">Alcald\u00eda Alberto Adriani<\/a>\/ Claribel Zambrano CNP: 11.843\/ Fotos: Yorman Parra.<\/strong><\/p>\n\n\n\n<figure class=\"wp-block-gallery has-nested-images columns-default is-cropped wp-block-gallery-1 is-layout-flex wp-block-gallery-is-layout-flex\">\n<figure class=\"wp-block-image size-large\"><img loading=\"lazy\" decoding=\"async\" width=\"1024\" height=\"768\" data-id=\"3646\" src=\"https:\/\/alcaldiaalbertoadriani.com\/wp-content\/uploads\/2023\/09\/photo1693522034-1-1024x768.jpg\" alt=\"\" class=\"wp-image-3646\" srcset=\"https:\/\/alcaldiaalbertoadriani.com\/wp-content\/uploads\/2023\/09\/photo1693522034-1-1024x768.jpg 1024w, https:\/\/alcaldiaalbertoadriani.com\/wp-content\/uploads\/2023\/09\/photo1693522034-1-980x735.jpg 980w, https:\/\/alcaldiaalbertoadriani.com\/wp-content\/uploads\/2023\/09\/photo1693522034-1-480x360.jpg 480w\" sizes=\"auto, (min-width: 0px) and (max-width: 480px) 480px, (min-width: 481px) and (max-width: 980px) 980px, (min-width: 981px) 1024px, 100vw\" \/><\/figure>\n\n\n\n<figure class=\"wp-block-image size-large\"><img loading=\"lazy\" decoding=\"async\" width=\"1024\" height=\"768\" data-id=\"3642\" src=\"https:\/\/alcaldiaalbertoadriani.com\/wp-content\/uploads\/2023\/09\/photo1693522399-1024x768.jpg\" alt=\"\" class=\"wp-image-3642\" srcset=\"https:\/\/alcaldiaalbertoadriani.com\/wp-content\/uploads\/2023\/09\/photo1693522399-1024x768.jpg 1024w, https:\/\/alcaldiaalbertoadriani.com\/wp-content\/uploads\/2023\/09\/photo1693522399-980x735.jpg 980w, https:\/\/alcaldiaalbertoadriani.com\/wp-content\/uploads\/2023\/09\/photo1693522399-480x360.jpg 480w\" sizes=\"auto, (min-width: 0px) and (max-width: 480px) 480px, (min-width: 481px) and (max-width: 980px) 980px, (min-width: 981px) 1024px, 100vw\" \/><\/figure>\n\n\n\n<figure class=\"wp-block-image size-large\"><img loading=\"lazy\" decoding=\"async\" width=\"1024\" height=\"768\" data-id=\"3643\" src=\"https:\/\/alcaldiaalbertoadriani.com\/wp-content\/uploads\/2023\/09\/photo1693524256-2-1024x768.jpg\" alt=\"\" class=\"wp-image-3643\" srcset=\"https:\/\/alcaldiaalbertoadriani.com\/wp-content\/uploads\/2023\/09\/photo1693524256-2-1024x768.jpg 1024w, https:\/\/alcaldiaalbertoadriani.com\/wp-content\/uploads\/2023\/09\/photo1693524256-2-980x735.jpg 980w, https:\/\/alcaldiaalbertoadriani.com\/wp-content\/uploads\/2023\/09\/photo1693524256-2-480x360.jpg 480w\" sizes=\"auto, (min-width: 0px) and (max-width: 480px) 480px, (min-width: 481px) and (max-width: 980px) 980px, (min-width: 981px) 1024px, 100vw\" \/><\/figure>\n\n\n\n<figure class=\"wp-block-image size-large\"><img loading=\"lazy\" decoding=\"async\" width=\"1024\" height=\"768\" data-id=\"3644\" src=\"https:\/\/alcaldiaalbertoadriani.com\/wp-content\/uploads\/2023\/09\/photo1693524274-2-1024x768.jpg\" alt=\"\" class=\"wp-image-3644\" srcset=\"https:\/\/alcaldiaalbertoadriani.com\/wp-content\/uploads\/2023\/09\/photo1693524274-2-1024x768.jpg 1024w, https:\/\/alcaldiaalbertoadriani.com\/wp-content\/uploads\/2023\/09\/photo1693524274-2-980x735.jpg 980w, https:\/\/alcaldiaalbertoadriani.com\/wp-content\/uploads\/2023\/09\/photo1693524274-2-480x360.jpg 480w\" sizes=\"auto, (min-width: 0px) and (max-width: 480px) 480px, (min-width: 481px) and (max-width: 980px) 980px, (min-width: 981px) 1024px, 100vw\" \/><\/figure>\n\n\n\n<figure class=\"wp-block-image size-large\"><img loading=\"lazy\" decoding=\"async\" width=\"1024\" height=\"768\" data-id=\"3645\" src=\"https:\/\/alcaldiaalbertoadriani.com\/wp-content\/uploads\/2023\/09\/photo1693524274-1024x768.jpg\" alt=\"\" class=\"wp-image-3645\" srcset=\"https:\/\/alcaldiaalbertoadriani.com\/wp-content\/uploads\/2023\/09\/photo1693524274-1024x768.jpg 1024w, https:\/\/alcaldiaalbertoadriani.com\/wp-content\/uploads\/2023\/09\/photo1693524274-980x735.jpg 980w, https:\/\/alcaldiaalbertoadriani.com\/wp-content\/uploads\/2023\/09\/photo1693524274-480x360.jpg 480w\" sizes=\"auto, (min-width: 0px) and (max-width: 480px) 480px, (min-width: 481px) and (max-width: 980px) 980px, (min-width: 981px) 1024px, 100vw\" \/><\/figure>\n<\/figure>\n","protected":false},"excerpt":{"rendered":"<p><em><strong>Casi 9 mil ciudadanos participaron en las asambleas<\/strong><\/em><\/p>\n","protected":false},"author":2,"featured_media":3639,"comment_status":"closed","ping_status":"closed","sticky":false,"template":"","format":"standard","meta":{"_et_pb_use_builder":"off","_et_pb_old_content":"","_et_gb_content_width":"","footnotes":""},"categories":[341,56,175,25],"tags":[31,11,12,15,30,29,28,491],"class_list":["post-3637","post","type-post","status-publish","format-standard","has-post-thumbnail","hentry","category-alcaldia-alberto-adriani","category-clpp","category-gestion-municipal","category-nuestro-municipio","tag-alcalde","tag-alcaldia","tag-alcaldiaalbertoadriani","tag-elvigia","tag-lisandrosegura","tag-municipioquenosmerecemos","tag-porelrenacer","tag-diagnostico-presupuesto-participativo-2"],"yoast_head":"<!-- This site is optimized with the Yoast SEO plugin v19.13 - https:\/\/yoast.com\/wordpress\/plugins\/seo\/ -->\n<title>PRESENTARON ANTE EL CLPP INFORME DEL DIAGN\u00d3STICO DEL PRESUPUESTO PARTICIPATIVO - Alcaldia Alberto Adriani<\/title>\n<meta name=\"description\" content=\"En reuni\u00f3n ordinaria del Clpp. fue presentado ante la plenaria el informe sobre los resultados del diagn\u00f3stico del presupuesto participativo.\" \/>\n<meta name=\"robots\" content=\"index, follow, max-snippet:-1, max-image-preview:large, max-video-preview:-1\" \/>\n<link rel=\"canonical\" href=\"https:\/\/alcaldiaalbertoadriani.com\/?p=3637\" \/>\n<meta property=\"og:locale\" content=\"es_ES\" \/>\n<meta property=\"og:type\" content=\"article\" \/>\n<meta property=\"og:title\" content=\"PRESENTARON ANTE EL CLPP INFORME DEL DIAGN\u00d3STICO DEL PRESUPUESTO PARTICIPATIVO - Alcaldia Alberto Adriani\" \/>\n<meta property=\"og:description\" content=\"En reuni\u00f3n ordinaria del Clpp. fue presentado ante la plenaria el informe sobre los resultados del diagn\u00f3stico del presupuesto participativo.\" \/>\n<meta property=\"og:url\" content=\"https:\/\/alcaldiaalbertoadriani.com\/?p=3637\" \/>\n<meta property=\"og:site_name\" content=\"Alcaldia Alberto Adriani\" \/>\n<meta property=\"article:published_time\" content=\"2023-09-01T15:56:08+00:00\" \/>\n<meta property=\"article:modified_time\" content=\"2023-09-01T15:56:14+00:00\" \/>\n<meta property=\"og:image\" content=\"https:\/\/alcaldiaalbertoadriani.com\/wp-content\/uploads\/2023\/09\/photo1693524279.jpg\" \/>\n\t<meta property=\"og:image:width\" content=\"1280\" \/>\n\t<meta property=\"og:image:height\" content=\"960\" \/>\n\t<meta property=\"og:image:type\" content=\"image\/jpeg\" \/>\n<meta name=\"author\" content=\"Prensa\" \/>\n<meta name=\"twitter:card\" content=\"summary_large_image\" \/>\n<meta name=\"twitter:label1\" content=\"Escrito por\" \/>\n\t<meta name=\"twitter:data1\" content=\"Prensa\" \/>\n\t<meta name=\"twitter:label2\" content=\"Tiempo de lectura\" \/>\n\t<meta name=\"twitter:data2\" content=\"4 minutos\" \/>\n<script type=\"application\/ld+json\" class=\"yoast-schema-graph\">{\"@context\":\"https:\/\/schema.org\",\"@graph\":[{\"@type\":\"WebPage\",\"@id\":\"https:\/\/alcaldiaalbertoadriani.com\/?p=3637\",\"url\":\"https:\/\/alcaldiaalbertoadriani.com\/?p=3637\",\"name\":\"PRESENTARON ANTE EL CLPP INFORME DEL DIAGN\u00d3STICO DEL PRESUPUESTO PARTICIPATIVO - Alcaldia Alberto Adriani\",\"isPartOf\":{\"@id\":\"https:\/\/alcaldiaalbertoadriani.com\/#website\"},\"datePublished\":\"2023-09-01T15:56:08+00:00\",\"dateModified\":\"2023-09-01T15:56:14+00:00\",\"author\":{\"@id\":\"https:\/\/alcaldiaalbertoadriani.com\/#\/schema\/person\/549b4483ff8999ac780deeea78795fc9\"},\"description\":\"En reuni\u00f3n ordinaria del Clpp. fue presentado ante la plenaria el informe sobre los resultados del diagn\u00f3stico del presupuesto participativo.\",\"breadcrumb\":{\"@id\":\"https:\/\/alcaldiaalbertoadriani.com\/?p=3637#breadcrumb\"},\"inLanguage\":\"es\",\"potentialAction\":[{\"@type\":\"ReadAction\",\"target\":[\"https:\/\/alcaldiaalbertoadriani.com\/?p=3637\"]}]},{\"@type\":\"BreadcrumbList\",\"@id\":\"https:\/\/alcaldiaalbertoadriani.com\/?p=3637#breadcrumb\",\"itemListElement\":[{\"@type\":\"ListItem\",\"position\":1,\"name\":\"Portada\",\"item\":\"https:\/\/alcaldiaalbertoadriani.com\/\"},{\"@type\":\"ListItem\",\"position\":2,\"name\":\"PRESENTARON ANTE EL CLPP INFORME DEL DIAGN\u00d3STICO DEL PRESUPUESTO PARTICIPATIVO\"}]},{\"@type\":\"WebSite\",\"@id\":\"https:\/\/alcaldiaalbertoadriani.com\/#website\",\"url\":\"https:\/\/alcaldiaalbertoadriani.com\/\",\"name\":\"Alcaldia Alberto Adriani\",\"description\":\"\",\"potentialAction\":[{\"@type\":\"SearchAction\",\"target\":{\"@type\":\"EntryPoint\",\"urlTemplate\":\"https:\/\/alcaldiaalbertoadriani.com\/?s={search_term_string}\"},\"query-input\":\"required name=search_term_string\"}],\"inLanguage\":\"es\"},{\"@type\":\"Person\",\"@id\":\"https:\/\/alcaldiaalbertoadriani.com\/#\/schema\/person\/549b4483ff8999ac780deeea78795fc9\",\"name\":\"Prensa\",\"image\":{\"@type\":\"ImageObject\",\"inLanguage\":\"es\",\"@id\":\"https:\/\/alcaldiaalbertoadriani.com\/#\/schema\/person\/image\/\",\"url\":\"https:\/\/secure.gravatar.com\/avatar\/ea1cb567ea992a29627f4eee1c2eb185ec16decec6342d508fdf18dedb56c9de?s=96&d=mm&r=g\",\"contentUrl\":\"https:\/\/secure.gravatar.com\/avatar\/ea1cb567ea992a29627f4eee1c2eb185ec16decec6342d508fdf18dedb56c9de?s=96&d=mm&r=g\",\"caption\":\"Prensa\"},\"url\":\"https:\/\/alcaldiaalbertoadriani.com\/?author=2\"}]}<\/script>\n<!-- \/ Yoast SEO plugin. -->","yoast_head_json":{"title":"PRESENTARON ANTE EL CLPP INFORME DEL DIAGN\u00d3STICO DEL PRESUPUESTO PARTICIPATIVO - Alcaldia Alberto Adriani","description":"En reuni\u00f3n ordinaria del Clpp. fue presentado ante la plenaria el informe sobre los resultados del diagn\u00f3stico del presupuesto participativo.","robots":{"index":"index","follow":"follow","max-snippet":"max-snippet:-1","max-image-preview":"max-image-preview:large","max-video-preview":"max-video-preview:-1"},"canonical":"https:\/\/alcaldiaalbertoadriani.com\/?p=3637","og_locale":"es_ES","og_type":"article","og_title":"PRESENTARON ANTE EL CLPP INFORME DEL DIAGN\u00d3STICO DEL PRESUPUESTO PARTICIPATIVO - Alcaldia Alberto Adriani","og_description":"En reuni\u00f3n ordinaria del Clpp. fue presentado ante la plenaria el informe sobre los resultados del diagn\u00f3stico del presupuesto participativo.","og_url":"https:\/\/alcaldiaalbertoadriani.com\/?p=3637","og_site_name":"Alcaldia Alberto Adriani","article_published_time":"2023-09-01T15:56:08+00:00","article_modified_time":"2023-09-01T15:56:14+00:00","og_image":[{"width":1280,"height":960,"url":"https:\/\/alcaldiaalbertoadriani.com\/wp-content\/uploads\/2023\/09\/photo1693524279.jpg","type":"image\/jpeg"}],"author":"Prensa","twitter_card":"summary_large_image","twitter_misc":{"Escrito por":"Prensa","Tiempo de lectura":"4 minutos"},"schema":{"@context":"https:\/\/schema.org","@graph":[{"@type":"WebPage","@id":"https:\/\/alcaldiaalbertoadriani.com\/?p=3637","url":"https:\/\/alcaldiaalbertoadriani.com\/?p=3637","name":"PRESENTARON ANTE EL CLPP INFORME DEL DIAGN\u00d3STICO DEL PRESUPUESTO PARTICIPATIVO - Alcaldia Alberto Adriani","isPartOf":{"@id":"https:\/\/alcaldiaalbertoadriani.com\/#website"},"datePublished":"2023-09-01T15:56:08+00:00","dateModified":"2023-09-01T15:56:14+00:00","author":{"@id":"https:\/\/alcaldiaalbertoadriani.com\/#\/schema\/person\/549b4483ff8999ac780deeea78795fc9"},"description":"En reuni\u00f3n ordinaria del Clpp. fue presentado ante la plenaria el informe sobre los resultados del diagn\u00f3stico del presupuesto participativo.","breadcrumb":{"@id":"https:\/\/alcaldiaalbertoadriani.com\/?p=3637#breadcrumb"},"inLanguage":"es","potentialAction":[{"@type":"ReadAction","target":["https:\/\/alcaldiaalbertoadriani.com\/?p=3637"]}]},{"@type":"BreadcrumbList","@id":"https:\/\/alcaldiaalbertoadriani.com\/?p=3637#breadcrumb","itemListElement":[{"@type":"ListItem","position":1,"name":"Portada","item":"https:\/\/alcaldiaalbertoadriani.com\/"},{"@type":"ListItem","position":2,"name":"PRESENTARON ANTE EL CLPP INFORME DEL DIAGN\u00d3STICO DEL PRESUPUESTO PARTICIPATIVO"}]},{"@type":"WebSite","@id":"https:\/\/alcaldiaalbertoadriani.com\/#website","url":"https:\/\/alcaldiaalbertoadriani.com\/","name":"Alcaldia Alberto Adriani","description":"","potentialAction":[{"@type":"SearchAction","target":{"@type":"EntryPoint","urlTemplate":"https:\/\/alcaldiaalbertoadriani.com\/?s={search_term_string}"},"query-input":"required name=search_term_string"}],"inLanguage":"es"},{"@type":"Person","@id":"https:\/\/alcaldiaalbertoadriani.com\/#\/schema\/person\/549b4483ff8999ac780deeea78795fc9","name":"Prensa","image":{"@type":"ImageObject","inLanguage":"es","@id":"https:\/\/alcaldiaalbertoadriani.com\/#\/schema\/person\/image\/","url":"https:\/\/secure.gravatar.com\/avatar\/ea1cb567ea992a29627f4eee1c2eb185ec16decec6342d508fdf18dedb56c9de?s=96&d=mm&r=g","contentUrl":"https:\/\/secure.gravatar.com\/avatar\/ea1cb567ea992a29627f4eee1c2eb185ec16decec6342d508fdf18dedb56c9de?s=96&d=mm&r=g","caption":"Prensa"},"url":"https:\/\/alcaldiaalbertoadriani.com\/?author=2"}]}},"_links":{"self":[{"href":"https:\/\/alcaldiaalbertoadriani.com\/index.php?rest_route=\/wp\/v2\/posts\/3637","targetHints":{"allow":["GET"]}}],"collection":[{"href":"https:\/\/alcaldiaalbertoadriani.com\/index.php?rest_route=\/wp\/v2\/posts"}],"about":[{"href":"https:\/\/alcaldiaalbertoadriani.com\/index.php?rest_route=\/wp\/v2\/types\/post"}],"author":[{"embeddable":true,"href":"https:\/\/alcaldiaalbertoadriani.com\/index.php?rest_route=\/wp\/v2\/users\/2"}],"replies":[{"embeddable":true,"href":"https:\/\/alcaldiaalbertoadriani.com\/index.php?rest_route=%2Fwp%2Fv2%2Fcomments&post=3637"}],"version-history":[{"count":2,"href":"https:\/\/alcaldiaalbertoadriani.com\/index.php?rest_route=\/wp\/v2\/posts\/3637\/revisions"}],"predecessor-version":[{"id":3647,"href":"https:\/\/alcaldiaalbertoadriani.com\/index.php?rest_route=\/wp\/v2\/posts\/3637\/revisions\/3647"}],"wp:featuredmedia":[{"embeddable":true,"href":"https:\/\/alcaldiaalbertoadriani.com\/index.php?rest_route=\/wp\/v2\/media\/3639"}],"wp:attachment":[{"href":"https:\/\/alcaldiaalbertoadriani.com\/index.php?rest_route=%2Fwp%2Fv2%2Fmedia&parent=3637"}],"wp:term":[{"taxonomy":"category","embeddable":true,"href":"https:\/\/alcaldiaalbertoadriani.com\/index.php?rest_route=%2Fwp%2Fv2%2Fcategories&post=3637"},{"taxonomy":"post_tag","embeddable":true,"href":"https:\/\/alcaldiaalbertoadriani.com\/index.php?rest_route=%2Fwp%2Fv2%2Ftags&post=3637"}],"curies":[{"name":"wp","href":"https:\/\/api.w.org\/{rel}","templated":true}]}}