{"id":3483,"date":"2023-08-19T18:53:31","date_gmt":"2023-08-19T18:53:31","guid":{"rendered":"https:\/\/alcaldiaalbertoadriani.com\/?p=3483"},"modified":"2023-08-19T18:53:31","modified_gmt":"2023-08-19T18:53:31","slug":"idemaa-programa-extension-agricola","status":"publish","type":"post","link":"https:\/\/alcaldiaalbertoadriani.com\/?p=3483","title":{"rendered":"Idemaa consolida programa de Extensi\u00f3n Agr\u00edcola en Alberto Adriani"},"content":{"rendered":"<div class=\"wp-block-post-excerpt\"><p class=\"wp-block-post-excerpt__excerpt\">Uno de los objetivos es ense\u00f1ar a los productores a c\u00f3mo recuperar sus cultivos de manera agroecol\u00f3gica y trabajar con la regeneraci\u00f3n del recurso suelo <\/p><\/div>\n\n\n<p>El <a href=\"https:\/\/alcaldiaalbertoadriani.com\/?p=2773\" target=\"_blank\" rel=\"noreferrer noopener\">Instituto para el Desarrollo Econ\u00f3mico y Social<\/a> del <a href=\"https:\/\/twitter.com\/alcaldiaaa\" target=\"_blank\" rel=\"noreferrer noopener\">municipio Alberto Adriani<\/a> (Idemaa) viene desarrollando un Programa de Extensi\u00f3n Agr\u00edcola desde el mes de febrero con el fin de brindar capacitaci\u00f3n, orientaci\u00f3n, as\u00ed como asistencia t\u00e9cnica a peque\u00f1os y medianos productores de la parroquia R\u00f3mulo Betancourt para fortalecer ese importante sector primario.<\/p>\n\n\n\n<h2 class=\"wp-block-heading\">Programa Extensi\u00f3n Agr\u00edcola del Idemaa<\/h2>\n\n\n\n<p>La informaci\u00f3n la dio a conocer Evertt Rodelo, presidente del instituto, quien se\u00f1al\u00f3 que el programa de extensi\u00f3n forma parte de las pol\u00edticas dirigidas por el <a href=\"https:\/\/twitter.com\/lisandrosegura\" target=\"_blank\" rel=\"noreferrer noopener\">alcalde Lisandro Segura<\/a> y en esta oportunidad est\u00e1 en la fase de consolidaci\u00f3n.<\/p>\n\n\n\n<p>Refiri\u00f3 que ya se han realizado una serie de visitas de instrucci\u00f3n formativa, especialmente en la comunidad rural del kil\u00f3metro 49, donde se han atendido peque\u00f1os y medianos productores, en funci\u00f3n de fortalecer este sector, basti\u00f3n de la econom\u00eda local\u201d, detall\u00f3.<\/p>\n\n\n\n<figure class=\"wp-block-image size-large\"><img loading=\"lazy\" decoding=\"async\" width=\"1024\" height=\"461\" src=\"https:\/\/alcaldiaalbertoadriani.com\/wp-content\/uploads\/2023\/08\/WhatsApp-Image-2023-08-15-at-4.28.50-PM-2-1024x461.jpg\" alt=\"\" class=\"wp-image-3485\" srcset=\"https:\/\/alcaldiaalbertoadriani.com\/wp-content\/uploads\/2023\/08\/WhatsApp-Image-2023-08-15-at-4.28.50-PM-2-1024x461.jpg 1024w, https:\/\/alcaldiaalbertoadriani.com\/wp-content\/uploads\/2023\/08\/WhatsApp-Image-2023-08-15-at-4.28.50-PM-2-980x441.jpg 980w, https:\/\/alcaldiaalbertoadriani.com\/wp-content\/uploads\/2023\/08\/WhatsApp-Image-2023-08-15-at-4.28.50-PM-2-480x216.jpg 480w\" sizes=\"auto, (min-width: 0px) and (max-width: 480px) 480px, (min-width: 481px) and (max-width: 980px) 980px, (min-width: 981px) 1024px, 100vw\" \/><\/figure>\n\n\n\n<h2 class=\"wp-block-heading\">Equipo t\u00e9cnico<\/h2>\n\n\n\n<p>En este sentido, dijo Rodelo que se conform\u00f3 minuciosamente un equipo t\u00e9cnico con grandes capacidades y actitudes para asumir el reto de brindar una asistencia direccionada, a objeto de atender las necesidades por las cuales est\u00e1 padeciendo el sector primario.<\/p>\n\n\n\n<p>\u201cLuego de la fase de seguimiento a esa primera etapa del plan, iremos avanzando en la visita hacia sectores agr\u00edcolas de otras parroquias de la geograf\u00eda adrianista, para llevar la formaci\u00f3n en cuanto a manejo de cultivos y brindar asistencia t\u00e9cnica\u201d, puntualiz\u00f3 Rodelo.<\/p>\n\n\n\n<figure class=\"wp-block-image size-large\"><img loading=\"lazy\" decoding=\"async\" width=\"1024\" height=\"461\" src=\"https:\/\/alcaldiaalbertoadriani.com\/wp-content\/uploads\/2023\/08\/WhatsApp-Image-2023-08-15-at-4.28.50-PM-6-1024x461.jpg\" alt=\"\" class=\"wp-image-3486\" srcset=\"https:\/\/alcaldiaalbertoadriani.com\/wp-content\/uploads\/2023\/08\/WhatsApp-Image-2023-08-15-at-4.28.50-PM-6-1024x461.jpg 1024w, https:\/\/alcaldiaalbertoadriani.com\/wp-content\/uploads\/2023\/08\/WhatsApp-Image-2023-08-15-at-4.28.50-PM-6-980x441.jpg 980w, https:\/\/alcaldiaalbertoadriani.com\/wp-content\/uploads\/2023\/08\/WhatsApp-Image-2023-08-15-at-4.28.50-PM-6-480x216.jpg 480w\" sizes=\"auto, (min-width: 0px) and (max-width: 480px) 480px, (min-width: 481px) and (max-width: 980px) 980px, (min-width: 981px) 1024px, 100vw\" \/><\/figure>\n\n\n\n<h2 class=\"wp-block-heading\">Herramientas t\u00e9cnicas y m\u00e9todos para el manejo de cultivos<\/h2>\n\n\n\n<p>Alcira Montero, ge\u00f3grafo y miembro directivo del Idemaa, explic\u00f3 las diversas actividades desarrolladas en la comunidad del km 49 que incluye la \u201corientaci\u00f3n a los productores en el \u00e1rea de pl\u00e1tanos, cacao, frutales, as\u00ed como problem\u00e1ticas presentadas en relaci\u00f3n a la alta incidencia de plagas y enfermedades\u201d.<\/p>\n\n\n\n<p>Expres\u00f3 que los peque\u00f1os y medianos productores poseen un escaso conocimiento t\u00e9cnico en cuanto al manejo de cultivos, por tanto, \u201ces imperioso brindarle herramientas t\u00e9cnicas y m\u00e9todos de trabajo alternativos, m\u00e1s a\u00fan, por el alto costo de los insumos agro sint\u00e9ticos, tradicionalmente usados y que incide en el costo de producci\u00f3n.<\/p>\n\n\n\n<p>Al respecto, acot\u00f3 que han ense\u00f1ado a los productores a c\u00f3mo recuperar sus cultivos de manera agroecol\u00f3gica, trabajar en primer lugar con la regeneraci\u00f3n del recurso suelo como lombricultora y preparaci\u00f3n de compost para abono org\u00e1nico.<\/p>\n\n\n\n<p>Asimismo, les ense\u00f1amos a hacer controles de plagas a plantas de guan\u00e1bano y cacao, tambi\u00e9n la t\u00e9cnica de la poda, especialmente del cacao\u201d, indic\u00f3.<\/p>\n\n\n\n<p>Tambi\u00e9n como en la zona predomina la mus\u00e1cea, es decir, el pl\u00e1tano, se dio instrucci\u00f3n en cuanto al manejo y tipo de siembra escalonada, generando buenos resultados y satisfacci\u00f3n entre los productores por la labor realizada por parte del Idemaa, finaliz\u00f3 la funcionaria. <strong>Prensa <a href=\"https:\/\/twitter.com\/alcaldiaaa\" target=\"_blank\" rel=\"noreferrer noopener\">Alcald\u00eda Alberto Adriani<\/a> Claribel Zambrano CNP 11.843 Fotos Idemaa.<\/strong><\/p>\n\n\n\n<figure class=\"wp-block-gallery has-nested-images columns-default is-cropped wp-block-gallery-1 is-layout-flex wp-block-gallery-is-layout-flex\">\n<figure class=\"wp-block-image size-large\"><img loading=\"lazy\" decoding=\"async\" width=\"1024\" height=\"461\" data-id=\"3487\" src=\"https:\/\/alcaldiaalbertoadriani.com\/wp-content\/uploads\/2023\/08\/WhatsApp-Image-2023-08-15-at-4.28.50-PM-3-1024x461.jpg\" alt=\"\" class=\"wp-image-3487\" srcset=\"https:\/\/alcaldiaalbertoadriani.com\/wp-content\/uploads\/2023\/08\/WhatsApp-Image-2023-08-15-at-4.28.50-PM-3-1024x461.jpg 1024w, https:\/\/alcaldiaalbertoadriani.com\/wp-content\/uploads\/2023\/08\/WhatsApp-Image-2023-08-15-at-4.28.50-PM-3-980x441.jpg 980w, https:\/\/alcaldiaalbertoadriani.com\/wp-content\/uploads\/2023\/08\/WhatsApp-Image-2023-08-15-at-4.28.50-PM-3-480x216.jpg 480w\" sizes=\"auto, (min-width: 0px) and (max-width: 480px) 480px, (min-width: 481px) and (max-width: 980px) 980px, (min-width: 981px) 1024px, 100vw\" \/><\/figure>\n\n\n\n<figure class=\"wp-block-image size-large\"><img loading=\"lazy\" decoding=\"async\" width=\"461\" height=\"1024\" data-id=\"3488\" src=\"https:\/\/alcaldiaalbertoadriani.com\/wp-content\/uploads\/2023\/08\/WhatsApp-Image-2023-08-15-at-4.28.50-PM-4-461x1024.jpg\" alt=\"\" class=\"wp-image-3488\" srcset=\"https:\/\/alcaldiaalbertoadriani.com\/wp-content\/uploads\/2023\/08\/WhatsApp-Image-2023-08-15-at-4.28.50-PM-4-461x1024.jpg 461w, https:\/\/alcaldiaalbertoadriani.com\/wp-content\/uploads\/2023\/08\/WhatsApp-Image-2023-08-15-at-4.28.50-PM-4-135x300.jpg 135w, https:\/\/alcaldiaalbertoadriani.com\/wp-content\/uploads\/2023\/08\/WhatsApp-Image-2023-08-15-at-4.28.50-PM-4.jpg 468w\" sizes=\"auto, (max-width: 461px) 100vw, 461px\" \/><\/figure>\n\n\n\n<figure class=\"wp-block-image size-large\"><img loading=\"lazy\" decoding=\"async\" width=\"1024\" height=\"1024\" data-id=\"3490\" src=\"https:\/\/alcaldiaalbertoadriani.com\/wp-content\/uploads\/2023\/08\/WhatsApp-Image-2023-08-15-at-4.28.50-PM-5-1024x1024.jpg\" alt=\"\" class=\"wp-image-3490\" srcset=\"https:\/\/alcaldiaalbertoadriani.com\/wp-content\/uploads\/2023\/08\/WhatsApp-Image-2023-08-15-at-4.28.50-PM-5-1024x1024.jpg 1024w, https:\/\/alcaldiaalbertoadriani.com\/wp-content\/uploads\/2023\/08\/WhatsApp-Image-2023-08-15-at-4.28.50-PM-5-980x980.jpg 980w, https:\/\/alcaldiaalbertoadriani.com\/wp-content\/uploads\/2023\/08\/WhatsApp-Image-2023-08-15-at-4.28.50-PM-5-480x480.jpg 480w\" sizes=\"auto, (min-width: 0px) and (max-width: 480px) 480px, (min-width: 481px) and (max-width: 980px) 980px, (min-width: 981px) 1024px, 100vw\" \/><\/figure>\n\n\n\n<figure class=\"wp-block-image size-large\"><img loading=\"lazy\" decoding=\"async\" width=\"1024\" height=\"1024\" data-id=\"3491\" src=\"https:\/\/alcaldiaalbertoadriani.com\/wp-content\/uploads\/2023\/08\/WhatsApp-Image-2023-08-15-at-4.28.51-PM-2-1024x1024.jpg\" alt=\"\" class=\"wp-image-3491\" srcset=\"https:\/\/alcaldiaalbertoadriani.com\/wp-content\/uploads\/2023\/08\/WhatsApp-Image-2023-08-15-at-4.28.51-PM-2-1024x1024.jpg 1024w, https:\/\/alcaldiaalbertoadriani.com\/wp-content\/uploads\/2023\/08\/WhatsApp-Image-2023-08-15-at-4.28.51-PM-2-980x980.jpg 980w, https:\/\/alcaldiaalbertoadriani.com\/wp-content\/uploads\/2023\/08\/WhatsApp-Image-2023-08-15-at-4.28.51-PM-2-480x480.jpg 480w\" sizes=\"auto, (min-width: 0px) and (max-width: 480px) 480px, (min-width: 481px) and (max-width: 980px) 980px, (min-width: 981px) 1024px, 100vw\" \/><\/figure>\n\n\n\n<figure class=\"wp-block-image size-large\"><img loading=\"lazy\" decoding=\"async\" width=\"1024\" height=\"768\" data-id=\"3489\" src=\"https:\/\/alcaldiaalbertoadriani.com\/wp-content\/uploads\/2023\/08\/WhatsApp-Image-2023-08-15-at-4.28.51-PM-4-1024x768.jpg\" alt=\"\" class=\"wp-image-3489\" srcset=\"https:\/\/alcaldiaalbertoadriani.com\/wp-content\/uploads\/2023\/08\/WhatsApp-Image-2023-08-15-at-4.28.51-PM-4-1024x768.jpg 1024w, https:\/\/alcaldiaalbertoadriani.com\/wp-content\/uploads\/2023\/08\/WhatsApp-Image-2023-08-15-at-4.28.51-PM-4-980x735.jpg 980w, https:\/\/alcaldiaalbertoadriani.com\/wp-content\/uploads\/2023\/08\/WhatsApp-Image-2023-08-15-at-4.28.51-PM-4-480x360.jpg 480w\" sizes=\"auto, (min-width: 0px) and (max-width: 480px) 480px, (min-width: 481px) and (max-width: 980px) 980px, (min-width: 981px) 1024px, 100vw\" \/><\/figure>\n<\/figure>\n","protected":false},"excerpt":{"rendered":"<p><em><strong>Uno de los objetivos es ense\u00f1ar a los productores a c\u00f3mo recuperar sus cultivos de manera agroecol\u00f3gica y trabajar con la regeneraci\u00f3n del recurso suelo<\/strong><\/em><\/p>\n","protected":false},"author":2,"featured_media":3484,"comment_status":"open","ping_status":"closed","sticky":false,"template":"","format":"standard","meta":{"_et_pb_use_builder":"off","_et_pb_old_content":"","_et_gb_content_width":"","footnotes":""},"categories":[341,21,357,25],"tags":[31,11,12,15,30,29,28,477],"class_list":["post-3483","post","type-post","status-publish","format-standard","has-post-thumbnail","hentry","category-alcaldia-alberto-adriani","category-charla","category-idemaa","category-nuestro-municipio","tag-alcalde","tag-alcaldia","tag-alcaldiaalbertoadriani","tag-elvigia","tag-lisandrosegura","tag-municipioquenosmerecemos","tag-porelrenacer","tag-idemaa-programa-extension-agricola"],"yoast_head":"<!-- This site is optimized with the Yoast SEO plugin v19.13 - https:\/\/yoast.com\/wordpress\/plugins\/seo\/ -->\n<title>Idemaa consolida programa de Extensi\u00f3n Agr\u00edcola en Alberto Adriani - Alcaldia Alberto Adriani<\/title>\n<meta name=\"robots\" content=\"index, follow, max-snippet:-1, max-image-preview:large, max-video-preview:-1\" \/>\n<link rel=\"canonical\" href=\"https:\/\/alcaldiaalbertoadriani.com\/?p=3483\" \/>\n<meta property=\"og:locale\" content=\"es_ES\" \/>\n<meta property=\"og:type\" content=\"article\" \/>\n<meta property=\"og:title\" content=\"Idemaa consolida programa de Extensi\u00f3n Agr\u00edcola en Alberto Adriani - Alcaldia Alberto Adriani\" \/>\n<meta property=\"og:description\" content=\"Uno de los objetivos es ense\u00f1ar a los productores a c\u00f3mo recuperar sus cultivos de manera agroecol\u00f3gica y trabajar con la regeneraci\u00f3n del recurso suelo\" \/>\n<meta property=\"og:url\" content=\"https:\/\/alcaldiaalbertoadriani.com\/?p=3483\" \/>\n<meta property=\"og:site_name\" content=\"Alcaldia Alberto Adriani\" \/>\n<meta property=\"article:published_time\" content=\"2023-08-19T18:53:31+00:00\" \/>\n<meta property=\"og:image\" content=\"https:\/\/alcaldiaalbertoadriani.com\/wp-content\/uploads\/2023\/08\/WhatsApp-Image-2023-08-15-at-4.28.50-PM-2-1024x461.jpg\" \/>\n<meta name=\"author\" content=\"Prensa\" \/>\n<meta name=\"twitter:card\" content=\"summary_large_image\" \/>\n<meta name=\"twitter:label1\" content=\"Escrito por\" \/>\n\t<meta name=\"twitter:data1\" content=\"Prensa\" \/>\n\t<meta name=\"twitter:label2\" content=\"Tiempo de lectura\" \/>\n\t<meta name=\"twitter:data2\" content=\"2 minutos\" \/>\n<script type=\"application\/ld+json\" class=\"yoast-schema-graph\">{\"@context\":\"https:\/\/schema.org\",\"@graph\":[{\"@type\":\"WebPage\",\"@id\":\"https:\/\/alcaldiaalbertoadriani.com\/?p=3483\",\"url\":\"https:\/\/alcaldiaalbertoadriani.com\/?p=3483\",\"name\":\"Idemaa consolida programa de Extensi\u00f3n Agr\u00edcola en Alberto Adriani - Alcaldia Alberto Adriani\",\"isPartOf\":{\"@id\":\"https:\/\/alcaldiaalbertoadriani.com\/#website\"},\"datePublished\":\"2023-08-19T18:53:31+00:00\",\"dateModified\":\"2023-08-19T18:53:31+00:00\",\"author\":{\"@id\":\"https:\/\/alcaldiaalbertoadriani.com\/#\/schema\/person\/549b4483ff8999ac780deeea78795fc9\"},\"breadcrumb\":{\"@id\":\"https:\/\/alcaldiaalbertoadriani.com\/?p=3483#breadcrumb\"},\"inLanguage\":\"es\",\"potentialAction\":[{\"@type\":\"ReadAction\",\"target\":[\"https:\/\/alcaldiaalbertoadriani.com\/?p=3483\"]}]},{\"@type\":\"BreadcrumbList\",\"@id\":\"https:\/\/alcaldiaalbertoadriani.com\/?p=3483#breadcrumb\",\"itemListElement\":[{\"@type\":\"ListItem\",\"position\":1,\"name\":\"Portada\",\"item\":\"https:\/\/alcaldiaalbertoadriani.com\/\"},{\"@type\":\"ListItem\",\"position\":2,\"name\":\"Idemaa consolida programa de Extensi\u00f3n Agr\u00edcola en Alberto Adriani\"}]},{\"@type\":\"WebSite\",\"@id\":\"https:\/\/alcaldiaalbertoadriani.com\/#website\",\"url\":\"https:\/\/alcaldiaalbertoadriani.com\/\",\"name\":\"Alcaldia Alberto Adriani\",\"description\":\"\",\"potentialAction\":[{\"@type\":\"SearchAction\",\"target\":{\"@type\":\"EntryPoint\",\"urlTemplate\":\"https:\/\/alcaldiaalbertoadriani.com\/?s={search_term_string}\"},\"query-input\":\"required name=search_term_string\"}],\"inLanguage\":\"es\"},{\"@type\":\"Person\",\"@id\":\"https:\/\/alcaldiaalbertoadriani.com\/#\/schema\/person\/549b4483ff8999ac780deeea78795fc9\",\"name\":\"Prensa\",\"image\":{\"@type\":\"ImageObject\",\"inLanguage\":\"es\",\"@id\":\"https:\/\/alcaldiaalbertoadriani.com\/#\/schema\/person\/image\/\",\"url\":\"https:\/\/secure.gravatar.com\/avatar\/ea1cb567ea992a29627f4eee1c2eb185ec16decec6342d508fdf18dedb56c9de?s=96&d=mm&r=g\",\"contentUrl\":\"https:\/\/secure.gravatar.com\/avatar\/ea1cb567ea992a29627f4eee1c2eb185ec16decec6342d508fdf18dedb56c9de?s=96&d=mm&r=g\",\"caption\":\"Prensa\"},\"url\":\"https:\/\/alcaldiaalbertoadriani.com\/?author=2\"}]}<\/script>\n<!-- \/ Yoast SEO plugin. -->","yoast_head_json":{"title":"Idemaa consolida programa de Extensi\u00f3n Agr\u00edcola en Alberto Adriani - Alcaldia Alberto Adriani","robots":{"index":"index","follow":"follow","max-snippet":"max-snippet:-1","max-image-preview":"max-image-preview:large","max-video-preview":"max-video-preview:-1"},"canonical":"https:\/\/alcaldiaalbertoadriani.com\/?p=3483","og_locale":"es_ES","og_type":"article","og_title":"Idemaa consolida programa de Extensi\u00f3n Agr\u00edcola en Alberto Adriani - Alcaldia Alberto Adriani","og_description":"Uno de los objetivos es ense\u00f1ar a los productores a c\u00f3mo recuperar sus cultivos de manera agroecol\u00f3gica y trabajar con la regeneraci\u00f3n del recurso suelo","og_url":"https:\/\/alcaldiaalbertoadriani.com\/?p=3483","og_site_name":"Alcaldia Alberto Adriani","article_published_time":"2023-08-19T18:53:31+00:00","og_image":[{"url":"https:\/\/alcaldiaalbertoadriani.com\/wp-content\/uploads\/2023\/08\/WhatsApp-Image-2023-08-15-at-4.28.50-PM-2-1024x461.jpg"}],"author":"Prensa","twitter_card":"summary_large_image","twitter_misc":{"Escrito por":"Prensa","Tiempo de lectura":"2 minutos"},"schema":{"@context":"https:\/\/schema.org","@graph":[{"@type":"WebPage","@id":"https:\/\/alcaldiaalbertoadriani.com\/?p=3483","url":"https:\/\/alcaldiaalbertoadriani.com\/?p=3483","name":"Idemaa consolida programa de Extensi\u00f3n Agr\u00edcola en Alberto Adriani - Alcaldia Alberto Adriani","isPartOf":{"@id":"https:\/\/alcaldiaalbertoadriani.com\/#website"},"datePublished":"2023-08-19T18:53:31+00:00","dateModified":"2023-08-19T18:53:31+00:00","author":{"@id":"https:\/\/alcaldiaalbertoadriani.com\/#\/schema\/person\/549b4483ff8999ac780deeea78795fc9"},"breadcrumb":{"@id":"https:\/\/alcaldiaalbertoadriani.com\/?p=3483#breadcrumb"},"inLanguage":"es","potentialAction":[{"@type":"ReadAction","target":["https:\/\/alcaldiaalbertoadriani.com\/?p=3483"]}]},{"@type":"BreadcrumbList","@id":"https:\/\/alcaldiaalbertoadriani.com\/?p=3483#breadcrumb","itemListElement":[{"@type":"ListItem","position":1,"name":"Portada","item":"https:\/\/alcaldiaalbertoadriani.com\/"},{"@type":"ListItem","position":2,"name":"Idemaa consolida programa de Extensi\u00f3n Agr\u00edcola en Alberto Adriani"}]},{"@type":"WebSite","@id":"https:\/\/alcaldiaalbertoadriani.com\/#website","url":"https:\/\/alcaldiaalbertoadriani.com\/","name":"Alcaldia Alberto Adriani","description":"","potentialAction":[{"@type":"SearchAction","target":{"@type":"EntryPoint","urlTemplate":"https:\/\/alcaldiaalbertoadriani.com\/?s={search_term_string}"},"query-input":"required name=search_term_string"}],"inLanguage":"es"},{"@type":"Person","@id":"https:\/\/alcaldiaalbertoadriani.com\/#\/schema\/person\/549b4483ff8999ac780deeea78795fc9","name":"Prensa","image":{"@type":"ImageObject","inLanguage":"es","@id":"https:\/\/alcaldiaalbertoadriani.com\/#\/schema\/person\/image\/","url":"https:\/\/secure.gravatar.com\/avatar\/ea1cb567ea992a29627f4eee1c2eb185ec16decec6342d508fdf18dedb56c9de?s=96&d=mm&r=g","contentUrl":"https:\/\/secure.gravatar.com\/avatar\/ea1cb567ea992a29627f4eee1c2eb185ec16decec6342d508fdf18dedb56c9de?s=96&d=mm&r=g","caption":"Prensa"},"url":"https:\/\/alcaldiaalbertoadriani.com\/?author=2"}]}},"_links":{"self":[{"href":"https:\/\/alcaldiaalbertoadriani.com\/index.php?rest_route=\/wp\/v2\/posts\/3483","targetHints":{"allow":["GET"]}}],"collection":[{"href":"https:\/\/alcaldiaalbertoadriani.com\/index.php?rest_route=\/wp\/v2\/posts"}],"about":[{"href":"https:\/\/alcaldiaalbertoadriani.com\/index.php?rest_route=\/wp\/v2\/types\/post"}],"author":[{"embeddable":true,"href":"https:\/\/alcaldiaalbertoadriani.com\/index.php?rest_route=\/wp\/v2\/users\/2"}],"replies":[{"embeddable":true,"href":"https:\/\/alcaldiaalbertoadriani.com\/index.php?rest_route=%2Fwp%2Fv2%2Fcomments&post=3483"}],"version-history":[{"count":1,"href":"https:\/\/alcaldiaalbertoadriani.com\/index.php?rest_route=\/wp\/v2\/posts\/3483\/revisions"}],"predecessor-version":[{"id":3492,"href":"https:\/\/alcaldiaalbertoadriani.com\/index.php?rest_route=\/wp\/v2\/posts\/3483\/revisions\/3492"}],"wp:featuredmedia":[{"embeddable":true,"href":"https:\/\/alcaldiaalbertoadriani.com\/index.php?rest_route=\/wp\/v2\/media\/3484"}],"wp:attachment":[{"href":"https:\/\/alcaldiaalbertoadriani.com\/index.php?rest_route=%2Fwp%2Fv2%2Fmedia&parent=3483"}],"wp:term":[{"taxonomy":"category","embeddable":true,"href":"https:\/\/alcaldiaalbertoadriani.com\/index.php?rest_route=%2Fwp%2Fv2%2Fcategories&post=3483"},{"taxonomy":"post_tag","embeddable":true,"href":"https:\/\/alcaldiaalbertoadriani.com\/index.php?rest_route=%2Fwp%2Fv2%2Ftags&post=3483"}],"curies":[{"name":"wp","href":"https:\/\/api.w.org\/{rel}","templated":true}]}}