{"id":3392,"date":"2023-08-09T22:25:10","date_gmt":"2023-08-09T22:25:10","guid":{"rendered":"https:\/\/alcaldiaalbertoadriani.com\/?p=3392"},"modified":"2023-08-09T22:25:15","modified_gmt":"2023-08-09T22:25:15","slug":"cuadrillas-recuperan-cano-bubuqui","status":"publish","type":"post","link":"https:\/\/alcaldiaalbertoadriani.com\/?p=3392","title":{"rendered":"Cuadrillas de la alcald\u00eda vig\u00edense recuperan el ca\u00f1o Bubuqu\u00ed"},"content":{"rendered":"<div class=\"wp-block-post-excerpt\"><p class=\"wp-block-post-excerpt__excerpt\">En los trabajos participan cuadrillas de la Gerencia de los Servicios P\u00fablicos Municipales, Plan Renacer de mi Vig\u00eda Querido, Gerencia de Ingenier\u00eda y la Unidad de Gesti\u00f3n de Riesgo Municipal <\/p><\/div>\n\n\n<p>Cuadrillas de la alcald\u00eda del <a href=\"https:\/\/www.instagram.com\/alcaldia_aa\/\" target=\"_blank\" rel=\"noreferrer noopener\">municipio Alberto Adriani<\/a>, recuperan este mi\u00e9rcoles 9 de agosto trabajos de limpieza y mantenimiento del ca\u00f1o Bubuqu\u00ed, ubicado en el casco central de la ciudad.<\/p>\n\n\n\n<h2 class=\"wp-block-heading\">Cuadrillas del Plan Renacer recuperan ca\u00f1o Bubuqu\u00ed<\/h2>\n\n\n\n<p>As\u00ed lo inform\u00f3 Dar\u00edo Belandria, <a href=\"https:\/\/alcaldiaalbertoadriani.com\/?p=3350\">gerente de los Servicios P\u00fablicos Municipales<\/a>, al se\u00f1alar que por orientaciones del <a href=\"https:\/\/www.instagram.com\/lisandrosegura02\/\" target=\"_blank\" rel=\"noreferrer noopener\">alcalde Lisandro Segura<\/a>, se abocaron a una exhaustiva jornada de mantenimiento al mencionado afluente que se encontraba en el olvido.<\/p>\n\n\n\n<figure class=\"wp-block-image size-large\"><img loading=\"lazy\" decoding=\"async\" width=\"1024\" height=\"768\" src=\"https:\/\/alcaldiaalbertoadriani.com\/wp-content\/uploads\/2023\/08\/photo_2023-08-09_17-58-35-2-1024x768.jpg\" alt=\"\" class=\"wp-image-3393\" srcset=\"https:\/\/alcaldiaalbertoadriani.com\/wp-content\/uploads\/2023\/08\/photo_2023-08-09_17-58-35-2-1024x768.jpg 1024w, https:\/\/alcaldiaalbertoadriani.com\/wp-content\/uploads\/2023\/08\/photo_2023-08-09_17-58-35-2-980x735.jpg 980w, https:\/\/alcaldiaalbertoadriani.com\/wp-content\/uploads\/2023\/08\/photo_2023-08-09_17-58-35-2-480x360.jpg 480w\" sizes=\"auto, (min-width: 0px) and (max-width: 480px) 480px, (min-width: 481px) and (max-width: 980px) 980px, (min-width: 981px) 1024px, 100vw\" \/><\/figure>\n\n\n\n<!--more-->\n\n\n\n<h2 class=\"wp-block-heading\">De manera conjunta<\/h2>\n\n\n\n<p>Explic\u00f3 Dar\u00edo Belandria que estos trabajos se ejecutan de manera conjunta entre las cuadrillas de la <a href=\"https:\/\/alcaldiaalbertoadriani.com\/?p=3363\">Gerencia de los Servicios P\u00fablicos Municipales<\/a>, <a href=\"https:\/\/alcaldiaalbertoadriani.com\/?p=3163\" target=\"_blank\" rel=\"noreferrer noopener\">Plan Renacer de mi Vig\u00eda Querido<\/a>, <a href=\"https:\/\/alcaldiaalbertoadriani.com\/?p=2456\" target=\"_blank\" rel=\"noreferrer noopener\">Gerencia de Ingenier\u00eda y Planeamiento Urbano Local \u2013Gipul-<\/a>, as\u00ed como los funcionarios de la <a href=\"https:\/\/alcaldiaalbertoadriani.com\/?p=1802\" target=\"_blank\" rel=\"noreferrer noopener\">Unidad de Gesti\u00f3n de Riesgo y Administraci\u00f3n de Desastres -Ugradmaa-<\/a>.<\/p>\n\n\n\n<p>Dijo el funcionario que, \u201cpara nadie es un secreto que este ca\u00f1o no hab\u00eda sido atendido durante bastante tiempo y aunado a eso, la mala praxis de las personas e inconscientes que se dan a la tarea de arrojar todos los d\u00edas desechos s\u00f3lidos en el mismo, perjudican a la ciudadan\u00eda que hace vida en los sectores adyacentes\u201d, acentu\u00f3.<\/p>\n\n\n\n<p>Acot\u00f3 el funcionario que esta semana se mantendr\u00e1n desplegados a lo largo y ancho del ca\u00f1o Bubuqu\u00ed, con el objetivo de recuperarlo mediante esta jornada especial de trabajo. <strong>Prensa <a href=\"https:\/\/www.instagram.com\/alcaldia_aa\/\" target=\"_blank\" rel=\"noreferrer noopener\">Alcald\u00eda Alberto Adriani<\/a>\/Edgar Mendoza CNP. 25.736\/Fotos: Catalina Contreras y Yorman Parra.<\/strong><\/p>\n\n\n\n<figure class=\"wp-block-gallery has-nested-images columns-default is-cropped wp-block-gallery-1 is-layout-flex wp-block-gallery-is-layout-flex\">\n<figure class=\"wp-block-image size-large\"><img loading=\"lazy\" decoding=\"async\" width=\"1024\" height=\"768\" data-id=\"3396\" src=\"https:\/\/alcaldiaalbertoadriani.com\/wp-content\/uploads\/2023\/08\/photo_2023-08-09_17-58-36-1024x768.jpg\" alt=\"\" class=\"wp-image-3396\" srcset=\"https:\/\/alcaldiaalbertoadriani.com\/wp-content\/uploads\/2023\/08\/photo_2023-08-09_17-58-36-1024x768.jpg 1024w, https:\/\/alcaldiaalbertoadriani.com\/wp-content\/uploads\/2023\/08\/photo_2023-08-09_17-58-36-980x735.jpg 980w, https:\/\/alcaldiaalbertoadriani.com\/wp-content\/uploads\/2023\/08\/photo_2023-08-09_17-58-36-480x360.jpg 480w\" sizes=\"auto, (min-width: 0px) and (max-width: 480px) 480px, (min-width: 481px) and (max-width: 980px) 980px, (min-width: 981px) 1024px, 100vw\" \/><\/figure>\n\n\n\n<figure class=\"wp-block-image size-large\"><img loading=\"lazy\" decoding=\"async\" width=\"1024\" height=\"768\" data-id=\"3398\" src=\"https:\/\/alcaldiaalbertoadriani.com\/wp-content\/uploads\/2023\/08\/photo_2023-08-09_17-58-57-2-1024x768.jpg\" alt=\"\" class=\"wp-image-3398\" srcset=\"https:\/\/alcaldiaalbertoadriani.com\/wp-content\/uploads\/2023\/08\/photo_2023-08-09_17-58-57-2-1024x768.jpg 1024w, https:\/\/alcaldiaalbertoadriani.com\/wp-content\/uploads\/2023\/08\/photo_2023-08-09_17-58-57-2-980x735.jpg 980w, https:\/\/alcaldiaalbertoadriani.com\/wp-content\/uploads\/2023\/08\/photo_2023-08-09_17-58-57-2-480x360.jpg 480w\" sizes=\"auto, (min-width: 0px) and (max-width: 480px) 480px, (min-width: 481px) and (max-width: 980px) 980px, (min-width: 981px) 1024px, 100vw\" \/><\/figure>\n\n\n\n<figure class=\"wp-block-image size-large\"><img loading=\"lazy\" decoding=\"async\" width=\"1024\" height=\"768\" data-id=\"3397\" src=\"https:\/\/alcaldiaalbertoadriani.com\/wp-content\/uploads\/2023\/08\/photo_2023-08-09_17-58-57-1024x768.jpg\" alt=\"\" class=\"wp-image-3397\" srcset=\"https:\/\/alcaldiaalbertoadriani.com\/wp-content\/uploads\/2023\/08\/photo_2023-08-09_17-58-57-1024x768.jpg 1024w, https:\/\/alcaldiaalbertoadriani.com\/wp-content\/uploads\/2023\/08\/photo_2023-08-09_17-58-57-980x735.jpg 980w, https:\/\/alcaldiaalbertoadriani.com\/wp-content\/uploads\/2023\/08\/photo_2023-08-09_17-58-57-480x360.jpg 480w\" sizes=\"auto, (min-width: 0px) and (max-width: 480px) 480px, (min-width: 481px) and (max-width: 980px) 980px, (min-width: 981px) 1024px, 100vw\" \/><\/figure>\n\n\n\n<figure class=\"wp-block-image size-large\"><img loading=\"lazy\" decoding=\"async\" width=\"1024\" height=\"768\" data-id=\"3395\" src=\"https:\/\/alcaldiaalbertoadriani.com\/wp-content\/uploads\/2023\/08\/photo_2023-08-09_17-58-58-1024x768.jpg\" alt=\"\" class=\"wp-image-3395\" srcset=\"https:\/\/alcaldiaalbertoadriani.com\/wp-content\/uploads\/2023\/08\/photo_2023-08-09_17-58-58-1024x768.jpg 1024w, https:\/\/alcaldiaalbertoadriani.com\/wp-content\/uploads\/2023\/08\/photo_2023-08-09_17-58-58-980x735.jpg 980w, https:\/\/alcaldiaalbertoadriani.com\/wp-content\/uploads\/2023\/08\/photo_2023-08-09_17-58-58-480x360.jpg 480w\" sizes=\"auto, (min-width: 0px) and (max-width: 480px) 480px, (min-width: 481px) and (max-width: 980px) 980px, (min-width: 981px) 1024px, 100vw\" \/><\/figure>\n<\/figure>\n","protected":false},"excerpt":{"rendered":"<p><em><strong>En los trabajos participan cuadrillas de la Gerencia de los Servicios P\u00fablicos Municipales, Plan Renacer de mi Vig\u00eda Querido, Gerencia de Ingenier\u00eda y la Unidad de Gesti\u00f3n de Riesgo Municipal<\/strong><\/em><\/p>\n","protected":false},"author":2,"featured_media":3394,"comment_status":"closed","ping_status":"closed","sticky":false,"template":"","format":"standard","meta":{"_et_pb_use_builder":"off","_et_pb_old_content":"","_et_gb_content_width":"","footnotes":""},"categories":[341,25,24,189],"tags":[31,11,12,15,30,29,28,464],"class_list":["post-3392","post","type-post","status-publish","format-standard","has-post-thumbnail","hentry","category-alcaldia-alberto-adriani","category-nuestro-municipio","category-recuperacion-de-espacios","category-renacer-de-mi-vigia-querido","tag-alcalde","tag-alcaldia","tag-alcaldiaalbertoadriani","tag-elvigia","tag-lisandrosegura","tag-municipioquenosmerecemos","tag-porelrenacer","tag-cuadrillas-recuperan-cano-bubuqui"],"yoast_head":"<!-- This site is optimized with the Yoast SEO plugin v19.13 - https:\/\/yoast.com\/wordpress\/plugins\/seo\/ -->\n<title>Cuadrillas de la alcald\u00eda vig\u00edense recuperan el ca\u00f1o Bubuqu\u00ed - Alcaldia Alberto Adriani<\/title>\n<meta name=\"description\" content=\"Cuadrillas de la alcald\u00eda del municipio Alberto Adriani recuperan el ca\u00f1o Bubuqu\u00ed, ubicado en el casco central de la ciudad.\" \/>\n<meta name=\"robots\" content=\"index, follow, max-snippet:-1, max-image-preview:large, max-video-preview:-1\" \/>\n<link rel=\"canonical\" href=\"https:\/\/alcaldiaalbertoadriani.com\/?p=3392\" \/>\n<meta property=\"og:locale\" content=\"es_ES\" \/>\n<meta property=\"og:type\" content=\"article\" \/>\n<meta property=\"og:title\" content=\"Cuadrillas de la alcald\u00eda vig\u00edense recuperan el ca\u00f1o Bubuqu\u00ed - Alcaldia Alberto Adriani\" \/>\n<meta property=\"og:description\" content=\"Cuadrillas de la alcald\u00eda del municipio Alberto Adriani recuperan el ca\u00f1o Bubuqu\u00ed, ubicado en el casco central de la ciudad.\" \/>\n<meta property=\"og:url\" content=\"https:\/\/alcaldiaalbertoadriani.com\/?p=3392\" \/>\n<meta property=\"og:site_name\" content=\"Alcaldia Alberto Adriani\" \/>\n<meta property=\"article:published_time\" content=\"2023-08-09T22:25:10+00:00\" \/>\n<meta property=\"article:modified_time\" content=\"2023-08-09T22:25:15+00:00\" \/>\n<meta property=\"og:image\" content=\"https:\/\/alcaldiaalbertoadriani.com\/wp-content\/uploads\/2023\/08\/photo_2023-08-09_17-58-35.jpg\" \/>\n\t<meta property=\"og:image:width\" content=\"1280\" \/>\n\t<meta property=\"og:image:height\" content=\"960\" \/>\n\t<meta property=\"og:image:type\" content=\"image\/jpeg\" \/>\n<meta name=\"author\" content=\"Prensa\" \/>\n<meta name=\"twitter:card\" content=\"summary_large_image\" \/>\n<meta name=\"twitter:label1\" content=\"Escrito por\" \/>\n\t<meta name=\"twitter:data1\" content=\"Prensa\" \/>\n\t<meta name=\"twitter:label2\" content=\"Tiempo de lectura\" \/>\n\t<meta name=\"twitter:data2\" content=\"3 minutos\" \/>\n<script type=\"application\/ld+json\" class=\"yoast-schema-graph\">{\"@context\":\"https:\/\/schema.org\",\"@graph\":[{\"@type\":\"WebPage\",\"@id\":\"https:\/\/alcaldiaalbertoadriani.com\/?p=3392\",\"url\":\"https:\/\/alcaldiaalbertoadriani.com\/?p=3392\",\"name\":\"Cuadrillas de la alcald\u00eda vig\u00edense recuperan el ca\u00f1o Bubuqu\u00ed - Alcaldia Alberto Adriani\",\"isPartOf\":{\"@id\":\"https:\/\/alcaldiaalbertoadriani.com\/#website\"},\"datePublished\":\"2023-08-09T22:25:10+00:00\",\"dateModified\":\"2023-08-09T22:25:15+00:00\",\"author\":{\"@id\":\"https:\/\/alcaldiaalbertoadriani.com\/#\/schema\/person\/549b4483ff8999ac780deeea78795fc9\"},\"description\":\"Cuadrillas de la alcald\u00eda del municipio Alberto Adriani recuperan el ca\u00f1o Bubuqu\u00ed, ubicado en el casco central de la ciudad.\",\"breadcrumb\":{\"@id\":\"https:\/\/alcaldiaalbertoadriani.com\/?p=3392#breadcrumb\"},\"inLanguage\":\"es\",\"potentialAction\":[{\"@type\":\"ReadAction\",\"target\":[\"https:\/\/alcaldiaalbertoadriani.com\/?p=3392\"]}]},{\"@type\":\"BreadcrumbList\",\"@id\":\"https:\/\/alcaldiaalbertoadriani.com\/?p=3392#breadcrumb\",\"itemListElement\":[{\"@type\":\"ListItem\",\"position\":1,\"name\":\"Portada\",\"item\":\"https:\/\/alcaldiaalbertoadriani.com\/\"},{\"@type\":\"ListItem\",\"position\":2,\"name\":\"Cuadrillas de la alcald\u00eda vig\u00edense recuperan el ca\u00f1o Bubuqu\u00ed\"}]},{\"@type\":\"WebSite\",\"@id\":\"https:\/\/alcaldiaalbertoadriani.com\/#website\",\"url\":\"https:\/\/alcaldiaalbertoadriani.com\/\",\"name\":\"Alcaldia Alberto Adriani\",\"description\":\"\",\"potentialAction\":[{\"@type\":\"SearchAction\",\"target\":{\"@type\":\"EntryPoint\",\"urlTemplate\":\"https:\/\/alcaldiaalbertoadriani.com\/?s={search_term_string}\"},\"query-input\":\"required name=search_term_string\"}],\"inLanguage\":\"es\"},{\"@type\":\"Person\",\"@id\":\"https:\/\/alcaldiaalbertoadriani.com\/#\/schema\/person\/549b4483ff8999ac780deeea78795fc9\",\"name\":\"Prensa\",\"image\":{\"@type\":\"ImageObject\",\"inLanguage\":\"es\",\"@id\":\"https:\/\/alcaldiaalbertoadriani.com\/#\/schema\/person\/image\/\",\"url\":\"https:\/\/secure.gravatar.com\/avatar\/ea1cb567ea992a29627f4eee1c2eb185ec16decec6342d508fdf18dedb56c9de?s=96&d=mm&r=g\",\"contentUrl\":\"https:\/\/secure.gravatar.com\/avatar\/ea1cb567ea992a29627f4eee1c2eb185ec16decec6342d508fdf18dedb56c9de?s=96&d=mm&r=g\",\"caption\":\"Prensa\"},\"url\":\"https:\/\/alcaldiaalbertoadriani.com\/?author=2\"}]}<\/script>\n<!-- \/ Yoast SEO plugin. -->","yoast_head_json":{"title":"Cuadrillas de la alcald\u00eda vig\u00edense recuperan el ca\u00f1o Bubuqu\u00ed - Alcaldia Alberto Adriani","description":"Cuadrillas de la alcald\u00eda del municipio Alberto Adriani recuperan el ca\u00f1o Bubuqu\u00ed, ubicado en el casco central de la ciudad.","robots":{"index":"index","follow":"follow","max-snippet":"max-snippet:-1","max-image-preview":"max-image-preview:large","max-video-preview":"max-video-preview:-1"},"canonical":"https:\/\/alcaldiaalbertoadriani.com\/?p=3392","og_locale":"es_ES","og_type":"article","og_title":"Cuadrillas de la alcald\u00eda vig\u00edense recuperan el ca\u00f1o Bubuqu\u00ed - Alcaldia Alberto Adriani","og_description":"Cuadrillas de la alcald\u00eda del municipio Alberto Adriani recuperan el ca\u00f1o Bubuqu\u00ed, ubicado en el casco central de la ciudad.","og_url":"https:\/\/alcaldiaalbertoadriani.com\/?p=3392","og_site_name":"Alcaldia Alberto Adriani","article_published_time":"2023-08-09T22:25:10+00:00","article_modified_time":"2023-08-09T22:25:15+00:00","og_image":[{"width":1280,"height":960,"url":"https:\/\/alcaldiaalbertoadriani.com\/wp-content\/uploads\/2023\/08\/photo_2023-08-09_17-58-35.jpg","type":"image\/jpeg"}],"author":"Prensa","twitter_card":"summary_large_image","twitter_misc":{"Escrito por":"Prensa","Tiempo de lectura":"3 minutos"},"schema":{"@context":"https:\/\/schema.org","@graph":[{"@type":"WebPage","@id":"https:\/\/alcaldiaalbertoadriani.com\/?p=3392","url":"https:\/\/alcaldiaalbertoadriani.com\/?p=3392","name":"Cuadrillas de la alcald\u00eda vig\u00edense recuperan el ca\u00f1o Bubuqu\u00ed - Alcaldia Alberto Adriani","isPartOf":{"@id":"https:\/\/alcaldiaalbertoadriani.com\/#website"},"datePublished":"2023-08-09T22:25:10+00:00","dateModified":"2023-08-09T22:25:15+00:00","author":{"@id":"https:\/\/alcaldiaalbertoadriani.com\/#\/schema\/person\/549b4483ff8999ac780deeea78795fc9"},"description":"Cuadrillas de la alcald\u00eda del municipio Alberto Adriani recuperan el ca\u00f1o Bubuqu\u00ed, ubicado en el casco central de la ciudad.","breadcrumb":{"@id":"https:\/\/alcaldiaalbertoadriani.com\/?p=3392#breadcrumb"},"inLanguage":"es","potentialAction":[{"@type":"ReadAction","target":["https:\/\/alcaldiaalbertoadriani.com\/?p=3392"]}]},{"@type":"BreadcrumbList","@id":"https:\/\/alcaldiaalbertoadriani.com\/?p=3392#breadcrumb","itemListElement":[{"@type":"ListItem","position":1,"name":"Portada","item":"https:\/\/alcaldiaalbertoadriani.com\/"},{"@type":"ListItem","position":2,"name":"Cuadrillas de la alcald\u00eda vig\u00edense recuperan el ca\u00f1o Bubuqu\u00ed"}]},{"@type":"WebSite","@id":"https:\/\/alcaldiaalbertoadriani.com\/#website","url":"https:\/\/alcaldiaalbertoadriani.com\/","name":"Alcaldia Alberto Adriani","description":"","potentialAction":[{"@type":"SearchAction","target":{"@type":"EntryPoint","urlTemplate":"https:\/\/alcaldiaalbertoadriani.com\/?s={search_term_string}"},"query-input":"required name=search_term_string"}],"inLanguage":"es"},{"@type":"Person","@id":"https:\/\/alcaldiaalbertoadriani.com\/#\/schema\/person\/549b4483ff8999ac780deeea78795fc9","name":"Prensa","image":{"@type":"ImageObject","inLanguage":"es","@id":"https:\/\/alcaldiaalbertoadriani.com\/#\/schema\/person\/image\/","url":"https:\/\/secure.gravatar.com\/avatar\/ea1cb567ea992a29627f4eee1c2eb185ec16decec6342d508fdf18dedb56c9de?s=96&d=mm&r=g","contentUrl":"https:\/\/secure.gravatar.com\/avatar\/ea1cb567ea992a29627f4eee1c2eb185ec16decec6342d508fdf18dedb56c9de?s=96&d=mm&r=g","caption":"Prensa"},"url":"https:\/\/alcaldiaalbertoadriani.com\/?author=2"}]}},"_links":{"self":[{"href":"https:\/\/alcaldiaalbertoadriani.com\/index.php?rest_route=\/wp\/v2\/posts\/3392","targetHints":{"allow":["GET"]}}],"collection":[{"href":"https:\/\/alcaldiaalbertoadriani.com\/index.php?rest_route=\/wp\/v2\/posts"}],"about":[{"href":"https:\/\/alcaldiaalbertoadriani.com\/index.php?rest_route=\/wp\/v2\/types\/post"}],"author":[{"embeddable":true,"href":"https:\/\/alcaldiaalbertoadriani.com\/index.php?rest_route=\/wp\/v2\/users\/2"}],"replies":[{"embeddable":true,"href":"https:\/\/alcaldiaalbertoadriani.com\/index.php?rest_route=%2Fwp%2Fv2%2Fcomments&post=3392"}],"version-history":[{"count":1,"href":"https:\/\/alcaldiaalbertoadriani.com\/index.php?rest_route=\/wp\/v2\/posts\/3392\/revisions"}],"predecessor-version":[{"id":3399,"href":"https:\/\/alcaldiaalbertoadriani.com\/index.php?rest_route=\/wp\/v2\/posts\/3392\/revisions\/3399"}],"wp:featuredmedia":[{"embeddable":true,"href":"https:\/\/alcaldiaalbertoadriani.com\/index.php?rest_route=\/wp\/v2\/media\/3394"}],"wp:attachment":[{"href":"https:\/\/alcaldiaalbertoadriani.com\/index.php?rest_route=%2Fwp%2Fv2%2Fmedia&parent=3392"}],"wp:term":[{"taxonomy":"category","embeddable":true,"href":"https:\/\/alcaldiaalbertoadriani.com\/index.php?rest_route=%2Fwp%2Fv2%2Fcategories&post=3392"},{"taxonomy":"post_tag","embeddable":true,"href":"https:\/\/alcaldiaalbertoadriani.com\/index.php?rest_route=%2Fwp%2Fv2%2Ftags&post=3392"}],"curies":[{"name":"wp","href":"https:\/\/api.w.org\/{rel}","templated":true}]}}